{"id":124349,"date":"2023-08-16T12:35:56","date_gmt":"2023-08-16T18:35:56","guid":{"rendered":"https:\/\/kuali.com.mx\/web\/?p=124349"},"modified":"2023-08-16T12:35:57","modified_gmt":"2023-08-16T18:35:57","slug":"inician-clases-41-mil-estudiantes-del-cecyteg","status":"publish","type":"post","link":"https:\/\/kuali.com.mx\/web\/2023\/08\/16\/inician-clases-41-mil-estudiantes-del-cecyteg\/","title":{"rendered":"INICIAN CLASES 41 MIL ESTUDIANTES DEL CECyTEG"},"content":{"rendered":"\n<p><strong>Kuali\/Le\u00f3n, Gto.-<\/strong>&nbsp;Oficialmente Inici\u00f3 el Nuevo Ciclo Escolar 2023 - 2024, para 41 mil alumnas y alumnos del Colegio de Estudios Cient\u00edficos y Tecnol\u00f3gicos del Estado de Guanajuato (CECyTE Guanajuato), de los cuales cerca de 17 mil fueron estudiantes de nuevo ingreso en los 56 Planteles educativos, ubicados en 40 municipios del Estado.<\/p>\n\n\n\n<p>Durante el Acto C\u00edvico del Inicio del Ciclo Escolar, realizado en las instalaciones del Plantel Guanajuato, la Directora General del Colegio, Esther Ang\u00e9lica Medina Rivero, dio la bienvenida a las y los j\u00f3venes a una nueva etapa de su vida, en la que comenzar\u00e1n a transformar su proyecto de vida.<\/p>\n\n\n\n<p>\u201cEl d\u00eda de hoy estamos arrancando un nuevo Ciclo Escolar que es para ti, con espacios educativos, que casi 41 mil 500 estudiantes puedan hacer realidad sus sue\u00f1os en 40 municipios del estado; entonces ustedes son testigos de ese arranque\u201d, mencion\u00f3.<\/p>\n\n\n\n<figure class=\"wp-block-image size-large\"><img loading=\"lazy\" decoding=\"async\" width=\"1024\" height=\"646\" src=\"https:\/\/kuali.com.mx\/web\/wp-content\/uploads\/2023\/08\/cecyteg-2-1024x646.jpg\" alt=\"\" class=\"wp-image-124352\" srcset=\"https:\/\/kuali.com.mx\/web\/wp-content\/uploads\/2023\/08\/cecyteg-2-1024x646.jpg 1024w, https:\/\/kuali.com.mx\/web\/wp-content\/uploads\/2023\/08\/cecyteg-2-300x189.jpg 300w, https:\/\/kuali.com.mx\/web\/wp-content\/uploads\/2023\/08\/cecyteg-2-768x484.jpg 768w, https:\/\/kuali.com.mx\/web\/wp-content\/uploads\/2023\/08\/cecyteg-2-184x116.jpg 184w, https:\/\/kuali.com.mx\/web\/wp-content\/uploads\/2023\/08\/cecyteg-2.jpg 1189w\" sizes=\"auto, (max-width: 1024px) 100vw, 1024px\" \/><\/figure>\n\n\n\n<p>Explic\u00f3 a las y los j\u00f3venes que la oportunidad de estudiar es lo m\u00e1s valioso que pueden tener en su juventud, porque es la herramienta de vida que les dar\u00e1 conocimiento y sabidur\u00eda para tomar decisiones para su desarrollo personal y profesional.<\/p>\n\n\n\n<p>Las y los j\u00f3venes tendr\u00e1s la oportunidad de estudiar su Bachillerato General, pero tambi\u00e9n una carrera t\u00e9cnica que atiende diversos sectores productivos en Guanajuato, con enfoque cient\u00edfico, tecnol\u00f3gico, humanista y con la visi\u00f3n de Gobierno del Estado hacia la Mentefactura e Industria 4.0.<\/p>\n\n\n\n<p>Tambi\u00e9n a trav\u00e9s del Programa de Innovaci\u00f3n y Movilidad (PIM) Contigo S\u00ed, las y los alumnos contar\u00e1n con diversos espacios para crear e impulsar proyectos, como lo es el 1.er Laboratorio de Experiencias en Electromovilidad; tambi\u00e9n pueden viajar al extranjero, al realizar acciones de liderazgo en favor de su comunidad educativa y sociedad en general.<\/p>\n\n\n\n<p>Cabe destacar que este nuevo ciclo escolar, se realiz\u00f3 la entrega de 17 mil manuales de \u201cCaminemos Juntos, Escuela para Madres, Padres y Tutores de Familia\u201d, para fortalecer la comunicaci\u00f3n con el Colegio, en favor del seguimiento educativo de sus hijas e hijos durante su periodo formativo.<\/p>\n\n\n\n<p>El documento brindar\u00e1 a las madres, padres y tutores, informaci\u00f3n sobre los programas y servicios educativos en beneficio de sus hijas e hijos, como lo son:\u201cYo puedo, Guanajuato Puede\u201d, en colaboraci\u00f3n con la Secretar\u00eda de Desarrollo Social y Humano.<\/p>\n\n\n\n<p>\u201cTaller de Crianza Positiva\u201d, de la mano con el Sistema para el Desarrollo Integral de la Familia del Estado de Guanajuato (DIF Estatal GTO).<\/p>\n\n\n\n<p>\u201cPlanet Youth\u201d, con la Secretar\u00eda de Salud de Guanajuato, para prevenci\u00f3n de riesgos en las y los j\u00f3venes, entre otros programas.<\/p>\n\n\n\n<p>Adem\u00e1s, el pr\u00f3ximo 19 de agosto se llevar\u00e1 a cabo la Carrera Atl\u00e9tica \u201cCorre X GTO 2023, CECyTEG\u201d, para integrar las actividades deportivas y recreativas entre la comunidad educativa y sociedad guanajuatense, adem\u00e1s de conmemorar los 200 a\u00f1os de Guanajuato, como una entidad libre y soberana.<\/p>\n","protected":false},"excerpt":{"rendered":"Kuali\/Le\u00f3n, Gto.-&nbsp;Oficialmente Inici\u00f3 el Nuevo Ciclo Escolar 2023 - 2024, para 41 mil alumnas y alumnos del Colegio de Estudios Cient\u00edficos y Tecnol\u00f3gicos del Estado de Guanajuato (CECyTE Guanajuato), de los cuales cerca de 17 mil fueron estudiantes de nuevo ingreso en los 56 Planteles educativos, ubicados en 40 municipios del Estado. Durante el Acto [&hellip;]","protected":false},"author":2,"featured_media":124351,"comment_status":"open","ping_status":"open","sticky":false,"template":"","format":"standard","meta":{"_seopress_robots_primary_cat":"none","_seopress_titles_title":"","_seopress_titles_desc":"","_seopress_robots_index":"","_monsterinsights_skip_tracking":false,"_monsterinsights_sitenote_active":false,"_monsterinsights_sitenote_note":"","_monsterinsights_sitenote_category":0,"footnotes":""},"categories":[4],"tags":[],"class_list":["post-124349","post","type-post","status-publish","format-standard","has-post-thumbnail","hentry","category-educacion"],"yoast_head":"<!-- This site is optimized with the Yoast SEO plugin v27.4 - https:\/\/yoast.com\/product\/yoast-seo-wordpress\/ -->\n<title>INICIAN CLASES 41 MIL ESTUDIANTES DEL CECyTEG - Kuali<\/title>\n<meta name=\"robots\" content=\"index, follow, max-snippet:-1, max-image-preview:large, max-video-preview:-1\" \/>\n<link rel=\"canonical\" href=\"https:\/\/kuali.com.mx\/web\/2023\/08\/16\/inician-clases-41-mil-estudiantes-del-cecyteg\/\" \/>\n<meta property=\"og:locale\" content=\"es_MX\" \/>\n<meta property=\"og:type\" content=\"article\" \/>\n<meta property=\"og:title\" content=\"INICIAN CLASES 41 MIL ESTUDIANTES DEL CECyTEG - Kuali\" \/>\n<meta property=\"og:description\" content=\"Kuali\/Le\u00f3n, Gto.-&nbsp;Oficialmente Inici\u00f3 el Nuevo Ciclo Escolar 2023 - 2024, para 41 mil alumnas y alumnos del Colegio de Estudios Cient\u00edficos y Tecnol\u00f3gicos del Estado de Guanajuato (CECyTE Guanajuato), de los cuales cerca de 17 mil fueron estudiantes de nuevo ingreso en los 56 Planteles educativos, ubicados en 40 municipios del Estado. Durante el Acto [&hellip;]\" \/>\n<meta property=\"og:url\" content=\"https:\/\/kuali.com.mx\/web\/2023\/08\/16\/inician-clases-41-mil-estudiantes-del-cecyteg\/\" \/>\n<meta property=\"og:site_name\" content=\"Kuali\" \/>\n<meta property=\"article:publisher\" content=\"https:\/\/kuali.com.mx\/web\/wp-content\/uploads\/2018\/04\/cropped-kuali_logo-1-1.png\" \/>\n<meta property=\"article:published_time\" content=\"2023-08-16T18:35:56+00:00\" \/>\n<meta property=\"article:modified_time\" content=\"2023-08-16T18:35:57+00:00\" \/>\n<meta property=\"og:image\" content=\"https:\/\/kuali.com.mx\/web\/wp-content\/uploads\/2023\/08\/cecyteg-1.jpg\" \/>\n\t<meta property=\"og:image:width\" content=\"1688\" \/>\n\t<meta property=\"og:image:height\" content=\"750\" \/>\n\t<meta property=\"og:image:type\" content=\"image\/jpeg\" \/>\n<meta name=\"author\" content=\"Kuali Staff\" \/>\n<meta name=\"twitter:card\" content=\"summary_large_image\" \/>\n<meta name=\"twitter:creator\" content=\"@kuali_noticias\" \/>\n<meta name=\"twitter:site\" content=\"@kuali_noticias\" \/>\n<meta name=\"twitter:label1\" content=\"Escrito por\" \/>\n\t<meta name=\"twitter:data1\" content=\"Kuali Staff\" \/>\n\t<meta name=\"twitter:label2\" content=\"Tiempo de lectura\" \/>\n\t<meta name=\"twitter:data2\" content=\"2 minutos\" \/>\n<script type=\"application\/ld+json\" class=\"yoast-schema-graph\">{\"@context\":\"https:\\\/\\\/schema.org\",\"@graph\":[{\"@type\":\"Article\",\"@id\":\"https:\\\/\\\/kuali.com.mx\\\/web\\\/2023\\\/08\\\/16\\\/inician-clases-41-mil-estudiantes-del-cecyteg\\\/#article\",\"isPartOf\":{\"@id\":\"https:\\\/\\\/kuali.com.mx\\\/web\\\/2023\\\/08\\\/16\\\/inician-clases-41-mil-estudiantes-del-cecyteg\\\/\"},\"author\":{\"name\":\"Kuali Staff\",\"@id\":\"https:\\\/\\\/kuali.com.mx\\\/web\\\/#\\\/schema\\\/person\\\/6f89ffa8ecba9dae50662357923c5289\"},\"headline\":\"INICIAN CLASES 41 MIL ESTUDIANTES DEL CECyTEG\",\"datePublished\":\"2023-08-16T18:35:56+00:00\",\"dateModified\":\"2023-08-16T18:35:57+00:00\",\"mainEntityOfPage\":{\"@id\":\"https:\\\/\\\/kuali.com.mx\\\/web\\\/2023\\\/08\\\/16\\\/inician-clases-41-mil-estudiantes-del-cecyteg\\\/\"},\"wordCount\":493,\"commentCount\":0,\"image\":{\"@id\":\"https:\\\/\\\/kuali.com.mx\\\/web\\\/2023\\\/08\\\/16\\\/inician-clases-41-mil-estudiantes-del-cecyteg\\\/#primaryimage\"},\"thumbnailUrl\":\"https:\\\/\\\/kuali.com.mx\\\/web\\\/wp-content\\\/uploads\\\/2023\\\/08\\\/cecyteg-1.jpg\",\"articleSection\":[\"Educaci\u00f3n\"],\"inLanguage\":\"es\",\"potentialAction\":[{\"@type\":\"CommentAction\",\"name\":\"Comment\",\"target\":[\"https:\\\/\\\/kuali.com.mx\\\/web\\\/2023\\\/08\\\/16\\\/inician-clases-41-mil-estudiantes-del-cecyteg\\\/#respond\"]}]},{\"@type\":\"WebPage\",\"@id\":\"https:\\\/\\\/kuali.com.mx\\\/web\\\/2023\\\/08\\\/16\\\/inician-clases-41-mil-estudiantes-del-cecyteg\\\/\",\"url\":\"https:\\\/\\\/kuali.com.mx\\\/web\\\/2023\\\/08\\\/16\\\/inician-clases-41-mil-estudiantes-del-cecyteg\\\/\",\"name\":\"INICIAN CLASES 41 MIL ESTUDIANTES DEL CECyTEG - Kuali\",\"isPartOf\":{\"@id\":\"https:\\\/\\\/kuali.com.mx\\\/web\\\/#website\"},\"primaryImageOfPage\":{\"@id\":\"https:\\\/\\\/kuali.com.mx\\\/web\\\/2023\\\/08\\\/16\\\/inician-clases-41-mil-estudiantes-del-cecyteg\\\/#primaryimage\"},\"image\":{\"@id\":\"https:\\\/\\\/kuali.com.mx\\\/web\\\/2023\\\/08\\\/16\\\/inician-clases-41-mil-estudiantes-del-cecyteg\\\/#primaryimage\"},\"thumbnailUrl\":\"https:\\\/\\\/kuali.com.mx\\\/web\\\/wp-content\\\/uploads\\\/2023\\\/08\\\/cecyteg-1.jpg\",\"datePublished\":\"2023-08-16T18:35:56+00:00\",\"dateModified\":\"2023-08-16T18:35:57+00:00\",\"author\":{\"@id\":\"https:\\\/\\\/kuali.com.mx\\\/web\\\/#\\\/schema\\\/person\\\/6f89ffa8ecba9dae50662357923c5289\"},\"breadcrumb\":{\"@id\":\"https:\\\/\\\/kuali.com.mx\\\/web\\\/2023\\\/08\\\/16\\\/inician-clases-41-mil-estudiantes-del-cecyteg\\\/#breadcrumb\"},\"inLanguage\":\"es\",\"potentialAction\":[{\"@type\":\"ReadAction\",\"target\":[\"https:\\\/\\\/kuali.com.mx\\\/web\\\/2023\\\/08\\\/16\\\/inician-clases-41-mil-estudiantes-del-cecyteg\\\/\"]}]},{\"@type\":\"ImageObject\",\"inLanguage\":\"es\",\"@id\":\"https:\\\/\\\/kuali.com.mx\\\/web\\\/2023\\\/08\\\/16\\\/inician-clases-41-mil-estudiantes-del-cecyteg\\\/#primaryimage\",\"url\":\"https:\\\/\\\/kuali.com.mx\\\/web\\\/wp-content\\\/uploads\\\/2023\\\/08\\\/cecyteg-1.jpg\",\"contentUrl\":\"https:\\\/\\\/kuali.com.mx\\\/web\\\/wp-content\\\/uploads\\\/2023\\\/08\\\/cecyteg-1.jpg\",\"width\":1688,\"height\":750},{\"@type\":\"BreadcrumbList\",\"@id\":\"https:\\\/\\\/kuali.com.mx\\\/web\\\/2023\\\/08\\\/16\\\/inician-clases-41-mil-estudiantes-del-cecyteg\\\/#breadcrumb\",\"itemListElement\":[{\"@type\":\"ListItem\",\"position\":1,\"name\":\"Inicio\",\"item\":\"https:\\\/\\\/kuali.com.mx\\\/web\\\/\"},{\"@type\":\"ListItem\",\"position\":2,\"name\":\"INICIAN CLASES 41 MIL ESTUDIANTES DEL CECyTEG\"}]},{\"@type\":\"WebSite\",\"@id\":\"https:\\\/\\\/kuali.com.mx\\\/web\\\/#website\",\"url\":\"https:\\\/\\\/kuali.com.mx\\\/web\\\/\",\"name\":\"Kuali\",\"description\":\"\",\"potentialAction\":[{\"@type\":\"SearchAction\",\"target\":{\"@type\":\"EntryPoint\",\"urlTemplate\":\"https:\\\/\\\/kuali.com.mx\\\/web\\\/?s={search_term_string}\"},\"query-input\":{\"@type\":\"PropertyValueSpecification\",\"valueRequired\":true,\"valueName\":\"search_term_string\"}}],\"inLanguage\":\"es\"},{\"@type\":\"Person\",\"@id\":\"https:\\\/\\\/kuali.com.mx\\\/web\\\/#\\\/schema\\\/person\\\/6f89ffa8ecba9dae50662357923c5289\",\"name\":\"Kuali Staff\",\"image\":{\"@type\":\"ImageObject\",\"inLanguage\":\"es\",\"@id\":\"https:\\\/\\\/secure.gravatar.com\\\/avatar\\\/f917ad82e5ab71227a733c78b6e60715476f69ee6be59feee4eb5d9920c89e0f?s=96&d=mm&r=g\",\"url\":\"https:\\\/\\\/secure.gravatar.com\\\/avatar\\\/f917ad82e5ab71227a733c78b6e60715476f69ee6be59feee4eb5d9920c89e0f?s=96&d=mm&r=g\",\"contentUrl\":\"https:\\\/\\\/secure.gravatar.com\\\/avatar\\\/f917ad82e5ab71227a733c78b6e60715476f69ee6be59feee4eb5d9920c89e0f?s=96&d=mm&r=g\",\"caption\":\"Kuali Staff\"},\"url\":\"https:\\\/\\\/kuali.com.mx\\\/web\\\/author\\\/lagarto\\\/\"}]}<\/script>\n<!-- \/ Yoast SEO plugin. -->","yoast_head_json":{"title":"INICIAN CLASES 41 MIL ESTUDIANTES DEL CECyTEG - Kuali","robots":{"index":"index","follow":"follow","max-snippet":"max-snippet:-1","max-image-preview":"max-image-preview:large","max-video-preview":"max-video-preview:-1"},"canonical":"https:\/\/kuali.com.mx\/web\/2023\/08\/16\/inician-clases-41-mil-estudiantes-del-cecyteg\/","og_locale":"es_MX","og_type":"article","og_title":"INICIAN CLASES 41 MIL ESTUDIANTES DEL CECyTEG - Kuali","og_description":"Kuali\/Le\u00f3n, Gto.-&nbsp;Oficialmente Inici\u00f3 el Nuevo Ciclo Escolar 2023 - 2024, para 41 mil alumnas y alumnos del Colegio de Estudios Cient\u00edficos y Tecnol\u00f3gicos del Estado de Guanajuato (CECyTE Guanajuato), de los cuales cerca de 17 mil fueron estudiantes de nuevo ingreso en los 56 Planteles educativos, ubicados en 40 municipios del Estado. Durante el Acto [&hellip;]","og_url":"https:\/\/kuali.com.mx\/web\/2023\/08\/16\/inician-clases-41-mil-estudiantes-del-cecyteg\/","og_site_name":"Kuali","article_publisher":"https:\/\/kuali.com.mx\/web\/wp-content\/uploads\/2018\/04\/cropped-kuali_logo-1-1.png","article_published_time":"2023-08-16T18:35:56+00:00","article_modified_time":"2023-08-16T18:35:57+00:00","og_image":[{"width":1688,"height":750,"url":"https:\/\/kuali.com.mx\/web\/wp-content\/uploads\/2023\/08\/cecyteg-1.jpg","type":"image\/jpeg"}],"author":"Kuali Staff","twitter_card":"summary_large_image","twitter_creator":"@kuali_noticias","twitter_site":"@kuali_noticias","twitter_misc":{"Escrito por":"Kuali Staff","Tiempo de lectura":"2 minutos"},"schema":{"@context":"https:\/\/schema.org","@graph":[{"@type":"Article","@id":"https:\/\/kuali.com.mx\/web\/2023\/08\/16\/inician-clases-41-mil-estudiantes-del-cecyteg\/#article","isPartOf":{"@id":"https:\/\/kuali.com.mx\/web\/2023\/08\/16\/inician-clases-41-mil-estudiantes-del-cecyteg\/"},"author":{"name":"Kuali Staff","@id":"https:\/\/kuali.com.mx\/web\/#\/schema\/person\/6f89ffa8ecba9dae50662357923c5289"},"headline":"INICIAN CLASES 41 MIL ESTUDIANTES DEL CECyTEG","datePublished":"2023-08-16T18:35:56+00:00","dateModified":"2023-08-16T18:35:57+00:00","mainEntityOfPage":{"@id":"https:\/\/kuali.com.mx\/web\/2023\/08\/16\/inician-clases-41-mil-estudiantes-del-cecyteg\/"},"wordCount":493,"commentCount":0,"image":{"@id":"https:\/\/kuali.com.mx\/web\/2023\/08\/16\/inician-clases-41-mil-estudiantes-del-cecyteg\/#primaryimage"},"thumbnailUrl":"https:\/\/kuali.com.mx\/web\/wp-content\/uploads\/2023\/08\/cecyteg-1.jpg","articleSection":["Educaci\u00f3n"],"inLanguage":"es","potentialAction":[{"@type":"CommentAction","name":"Comment","target":["https:\/\/kuali.com.mx\/web\/2023\/08\/16\/inician-clases-41-mil-estudiantes-del-cecyteg\/#respond"]}]},{"@type":"WebPage","@id":"https:\/\/kuali.com.mx\/web\/2023\/08\/16\/inician-clases-41-mil-estudiantes-del-cecyteg\/","url":"https:\/\/kuali.com.mx\/web\/2023\/08\/16\/inician-clases-41-mil-estudiantes-del-cecyteg\/","name":"INICIAN CLASES 41 MIL ESTUDIANTES DEL CECyTEG - Kuali","isPartOf":{"@id":"https:\/\/kuali.com.mx\/web\/#website"},"primaryImageOfPage":{"@id":"https:\/\/kuali.com.mx\/web\/2023\/08\/16\/inician-clases-41-mil-estudiantes-del-cecyteg\/#primaryimage"},"image":{"@id":"https:\/\/kuali.com.mx\/web\/2023\/08\/16\/inician-clases-41-mil-estudiantes-del-cecyteg\/#primaryimage"},"thumbnailUrl":"https:\/\/kuali.com.mx\/web\/wp-content\/uploads\/2023\/08\/cecyteg-1.jpg","datePublished":"2023-08-16T18:35:56+00:00","dateModified":"2023-08-16T18:35:57+00:00","author":{"@id":"https:\/\/kuali.com.mx\/web\/#\/schema\/person\/6f89ffa8ecba9dae50662357923c5289"},"breadcrumb":{"@id":"https:\/\/kuali.com.mx\/web\/2023\/08\/16\/inician-clases-41-mil-estudiantes-del-cecyteg\/#breadcrumb"},"inLanguage":"es","potentialAction":[{"@type":"ReadAction","target":["https:\/\/kuali.com.mx\/web\/2023\/08\/16\/inician-clases-41-mil-estudiantes-del-cecyteg\/"]}]},{"@type":"ImageObject","inLanguage":"es","@id":"https:\/\/kuali.com.mx\/web\/2023\/08\/16\/inician-clases-41-mil-estudiantes-del-cecyteg\/#primaryimage","url":"https:\/\/kuali.com.mx\/web\/wp-content\/uploads\/2023\/08\/cecyteg-1.jpg","contentUrl":"https:\/\/kuali.com.mx\/web\/wp-content\/uploads\/2023\/08\/cecyteg-1.jpg","width":1688,"height":750},{"@type":"BreadcrumbList","@id":"https:\/\/kuali.com.mx\/web\/2023\/08\/16\/inician-clases-41-mil-estudiantes-del-cecyteg\/#breadcrumb","itemListElement":[{"@type":"ListItem","position":1,"name":"Inicio","item":"https:\/\/kuali.com.mx\/web\/"},{"@type":"ListItem","position":2,"name":"INICIAN CLASES 41 MIL ESTUDIANTES DEL CECyTEG"}]},{"@type":"WebSite","@id":"https:\/\/kuali.com.mx\/web\/#website","url":"https:\/\/kuali.com.mx\/web\/","name":"Kuali","description":"","potentialAction":[{"@type":"SearchAction","target":{"@type":"EntryPoint","urlTemplate":"https:\/\/kuali.com.mx\/web\/?s={search_term_string}"},"query-input":{"@type":"PropertyValueSpecification","valueRequired":true,"valueName":"search_term_string"}}],"inLanguage":"es"},{"@type":"Person","@id":"https:\/\/kuali.com.mx\/web\/#\/schema\/person\/6f89ffa8ecba9dae50662357923c5289","name":"Kuali Staff","image":{"@type":"ImageObject","inLanguage":"es","@id":"https:\/\/secure.gravatar.com\/avatar\/f917ad82e5ab71227a733c78b6e60715476f69ee6be59feee4eb5d9920c89e0f?s=96&d=mm&r=g","url":"https:\/\/secure.gravatar.com\/avatar\/f917ad82e5ab71227a733c78b6e60715476f69ee6be59feee4eb5d9920c89e0f?s=96&d=mm&r=g","contentUrl":"https:\/\/secure.gravatar.com\/avatar\/f917ad82e5ab71227a733c78b6e60715476f69ee6be59feee4eb5d9920c89e0f?s=96&d=mm&r=g","caption":"Kuali Staff"},"url":"https:\/\/kuali.com.mx\/web\/author\/lagarto\/"}]}},"_links":{"self":[{"href":"https:\/\/kuali.com.mx\/web\/wp-json\/wp\/v2\/posts\/124349","targetHints":{"allow":["GET"]}}],"collection":[{"href":"https:\/\/kuali.com.mx\/web\/wp-json\/wp\/v2\/posts"}],"about":[{"href":"https:\/\/kuali.com.mx\/web\/wp-json\/wp\/v2\/types\/post"}],"author":[{"embeddable":true,"href":"https:\/\/kuali.com.mx\/web\/wp-json\/wp\/v2\/users\/2"}],"replies":[{"embeddable":true,"href":"https:\/\/kuali.com.mx\/web\/wp-json\/wp\/v2\/comments?post=124349"}],"version-history":[{"count":1,"href":"https:\/\/kuali.com.mx\/web\/wp-json\/wp\/v2\/posts\/124349\/revisions"}],"predecessor-version":[{"id":124353,"href":"https:\/\/kuali.com.mx\/web\/wp-json\/wp\/v2\/posts\/124349\/revisions\/124353"}],"wp:featuredmedia":[{"embeddable":true,"href":"https:\/\/kuali.com.mx\/web\/wp-json\/wp\/v2\/media\/124351"}],"wp:attachment":[{"href":"https:\/\/kuali.com.mx\/web\/wp-json\/wp\/v2\/media?parent=124349"}],"wp:term":[{"taxonomy":"category","embeddable":true,"href":"https:\/\/kuali.com.mx\/web\/wp-json\/wp\/v2\/categories?post=124349"},{"taxonomy":"post_tag","embeddable":true,"href":"https:\/\/kuali.com.mx\/web\/wp-json\/wp\/v2\/tags?post=124349"}],"curies":[{"name":"wp","href":"https:\/\/api.w.org\/{rel}","templated":true}]}}