{"id":124243,"date":"2023-08-14T13:34:57","date_gmt":"2023-08-14T19:34:57","guid":{"rendered":"https:\/\/kuali.com.mx\/web\/?p=124243"},"modified":"2023-08-14T23:08:59","modified_gmt":"2023-08-15T05:08:59","slug":"galardonan-a-destacados-jovenes-irapuatenses","status":"publish","type":"post","link":"https:\/\/kuali.com.mx\/web\/2023\/08\/14\/galardonan-a-destacados-jovenes-irapuatenses\/","title":{"rendered":"GALARDONAN A DESTACADOS J\u00d3VENES IRAPUATENSES"},"content":{"rendered":"\n<p><strong><em>Kuali\/Irapuato, Gto<\/em>.-\u00a0<\/strong>Para\u00a0\u00a0impulsar y reconocer el talento de las y los j\u00f3venes irapuatenses, quienes con su trabajo abonan a la construcci\u00f3n de entornos de paz, el Gobierno Local hizo entrega del Premio Municipal de la Juventud 2023 a trayectorias destacadas.<\/p>\n\n\n\n<p>Lorena Alfaro Garc\u00eda, presidenta de Irapuato, se\u00f1al\u00f3 que este reconocimiento se realiza tambi\u00e9n para inspirar a otros j\u00f3venes, que sepan que hay oportunidades y que existen caminos para llegar a sus metas.&nbsp;<\/p>\n\n\n\n<p>\u201cEs una de las m\u00e1ximas distinciones que otorga el Gobierno Municipal, con el objetivo de visibilizar el poder transformador de las y los j\u00f3venes, as\u00ed como sus grandes contribuciones para que Irapuato destaque y se mantenga como un municipio en desarrollo y en crecimiento, como un municipio pujante\u201d, se\u00f1al\u00f3.<\/p>\n\n\n\n<figure class=\"wp-block-image size-large\"><img loading=\"lazy\" decoding=\"async\" width=\"1024\" height=\"542\" src=\"https:\/\/kuali.com.mx\/web\/wp-content\/uploads\/2023\/08\/jovenes-2-1024x542.jpg\" alt=\"\" class=\"wp-image-124246\" srcset=\"https:\/\/kuali.com.mx\/web\/wp-content\/uploads\/2023\/08\/jovenes-2-1024x542.jpg 1024w, https:\/\/kuali.com.mx\/web\/wp-content\/uploads\/2023\/08\/jovenes-2-300x159.jpg 300w, https:\/\/kuali.com.mx\/web\/wp-content\/uploads\/2023\/08\/jovenes-2-768x406.jpg 768w, https:\/\/kuali.com.mx\/web\/wp-content\/uploads\/2023\/08\/jovenes-2-219x116.jpg 219w, https:\/\/kuali.com.mx\/web\/wp-content\/uploads\/2023\/08\/jovenes-2.jpg 1418w\" sizes=\"auto, (max-width: 1024px) 100vw, 1024px\" \/><\/figure>\n\n\n\n<p>Juan Antonio Reus Monta\u00f1o, director de Idea Gto, record\u00f3 que el compromiso con Irapuato es total y explic\u00f3 que se han aperturado Gimnasios de Innovaci\u00f3n y Emprendimiento e Incubadoras Acreditadas en la ciudad,&nbsp;lo que refleja el excelente trabajo de la Administraci\u00f3n Municipal.&nbsp;<\/p>\n\n\n\n<p>\u201cAnunciarle a la Alcaldesa que por este distintivo, por esta actividad y por este empuje tan padre que le est\u00e1n poniendo es que el Encuentro Estatal de Nodos de Mentefactura se viene tambi\u00e9n para Irapuato, estamos nosotros muy contentos de estar celebrando esta iniciativa con ustedes\u201d, apunt\u00f3.&nbsp;<\/p>\n\n\n\n<p>Las y los ganadores del distintivo tambi\u00e9n fueron premiados con 10 mil pesos cada uno, para seguir apoyando sus proyectos. En la categor\u00eda Expresiones Art\u00edsticas y Artes Populares, la ganadora fue Ximena Cuen Mac\u00edas; en Ingenio Emprendedor, Paola Franco Medel; en Compromiso Social, \u00c1ngela Ram\u00edrez Garnica; en Ciencia y Tecnolog\u00eda, Daniella Hern\u00e1ndez P\u00e9rez; en Logro Ambiental, Mario Alberto Mej\u00eda P\u00e9rez y, finalmente, la Menci\u00f3n Honor\u00edfica fue para Tom\u00e1s Antonio Aguilar \u00c1vila.&nbsp;<\/p>\n","protected":false},"excerpt":{"rendered":"Kuali\/Irapuato, Gto.-\u00a0Para\u00a0\u00a0impulsar y reconocer el talento de las y los j\u00f3venes irapuatenses, quienes con su trabajo abonan a la construcci\u00f3n de entornos de paz, el Gobierno Local hizo entrega del Premio Municipal de la Juventud 2023 a trayectorias destacadas. Lorena Alfaro Garc\u00eda, presidenta de Irapuato, se\u00f1al\u00f3 que este reconocimiento se realiza tambi\u00e9n para inspirar a [&hellip;]","protected":false},"author":2,"featured_media":124245,"comment_status":"open","ping_status":"open","sticky":false,"template":"","format":"standard","meta":{"_seopress_robots_primary_cat":"none","_seopress_titles_title":"","_seopress_titles_desc":"","_seopress_robots_index":"","_monsterinsights_skip_tracking":false,"_monsterinsights_sitenote_active":false,"_monsterinsights_sitenote_note":"","_monsterinsights_sitenote_category":0,"footnotes":""},"categories":[3],"tags":[],"class_list":["post-124243","post","type-post","status-publish","format-standard","has-post-thumbnail","hentry","category-politica"],"yoast_head":"<!-- This site is optimized with the Yoast SEO plugin v27.4 - https:\/\/yoast.com\/product\/yoast-seo-wordpress\/ -->\n<title>GALARDONAN A DESTACADOS J\u00d3VENES IRAPUATENSES - Kuali<\/title>\n<meta name=\"robots\" content=\"index, follow, max-snippet:-1, max-image-preview:large, max-video-preview:-1\" \/>\n<link rel=\"canonical\" href=\"https:\/\/kuali.com.mx\/web\/2023\/08\/14\/galardonan-a-destacados-jovenes-irapuatenses\/\" \/>\n<meta property=\"og:locale\" content=\"es_MX\" \/>\n<meta property=\"og:type\" content=\"article\" \/>\n<meta property=\"og:title\" content=\"GALARDONAN A DESTACADOS J\u00d3VENES IRAPUATENSES - Kuali\" \/>\n<meta property=\"og:description\" content=\"Kuali\/Irapuato, Gto.-\u00a0Para\u00a0\u00a0impulsar y reconocer el talento de las y los j\u00f3venes irapuatenses, quienes con su trabajo abonan a la construcci\u00f3n de entornos de paz, el Gobierno Local hizo entrega del Premio Municipal de la Juventud 2023 a trayectorias destacadas. Lorena Alfaro Garc\u00eda, presidenta de Irapuato, se\u00f1al\u00f3 que este reconocimiento se realiza tambi\u00e9n para inspirar a [&hellip;]\" \/>\n<meta property=\"og:url\" content=\"https:\/\/kuali.com.mx\/web\/2023\/08\/14\/galardonan-a-destacados-jovenes-irapuatenses\/\" \/>\n<meta property=\"og:site_name\" content=\"Kuali\" \/>\n<meta property=\"article:publisher\" content=\"https:\/\/kuali.com.mx\/web\/wp-content\/uploads\/2018\/04\/cropped-kuali_logo-1-1.png\" \/>\n<meta property=\"article:published_time\" content=\"2023-08-14T19:34:57+00:00\" \/>\n<meta property=\"article:modified_time\" content=\"2023-08-15T05:08:59+00:00\" \/>\n<meta property=\"og:image\" content=\"https:\/\/kuali.com.mx\/web\/wp-content\/uploads\/2023\/08\/jovenes-1.jpg\" \/>\n\t<meta property=\"og:image:width\" content=\"1696\" \/>\n\t<meta property=\"og:image:height\" content=\"750\" \/>\n\t<meta property=\"og:image:type\" content=\"image\/jpeg\" \/>\n<meta name=\"author\" content=\"Kuali Staff\" \/>\n<meta name=\"twitter:card\" content=\"summary_large_image\" \/>\n<meta name=\"twitter:creator\" content=\"@kuali_noticias\" \/>\n<meta name=\"twitter:site\" content=\"@kuali_noticias\" \/>\n<meta name=\"twitter:label1\" content=\"Escrito por\" \/>\n\t<meta name=\"twitter:data1\" content=\"Kuali Staff\" \/>\n\t<meta name=\"twitter:label2\" content=\"Tiempo de lectura\" \/>\n\t<meta name=\"twitter:data2\" content=\"2 minutos\" \/>\n<script type=\"application\/ld+json\" class=\"yoast-schema-graph\">{\"@context\":\"https:\\\/\\\/schema.org\",\"@graph\":[{\"@type\":\"Article\",\"@id\":\"https:\\\/\\\/kuali.com.mx\\\/web\\\/2023\\\/08\\\/14\\\/galardonan-a-destacados-jovenes-irapuatenses\\\/#article\",\"isPartOf\":{\"@id\":\"https:\\\/\\\/kuali.com.mx\\\/web\\\/2023\\\/08\\\/14\\\/galardonan-a-destacados-jovenes-irapuatenses\\\/\"},\"author\":{\"name\":\"Kuali Staff\",\"@id\":\"https:\\\/\\\/kuali.com.mx\\\/web\\\/#\\\/schema\\\/person\\\/6f89ffa8ecba9dae50662357923c5289\"},\"headline\":\"GALARDONAN A DESTACADOS J\u00d3VENES IRAPUATENSES\",\"datePublished\":\"2023-08-14T19:34:57+00:00\",\"dateModified\":\"2023-08-15T05:08:59+00:00\",\"mainEntityOfPage\":{\"@id\":\"https:\\\/\\\/kuali.com.mx\\\/web\\\/2023\\\/08\\\/14\\\/galardonan-a-destacados-jovenes-irapuatenses\\\/\"},\"wordCount\":321,\"commentCount\":0,\"image\":{\"@id\":\"https:\\\/\\\/kuali.com.mx\\\/web\\\/2023\\\/08\\\/14\\\/galardonan-a-destacados-jovenes-irapuatenses\\\/#primaryimage\"},\"thumbnailUrl\":\"https:\\\/\\\/kuali.com.mx\\\/web\\\/wp-content\\\/uploads\\\/2023\\\/08\\\/jovenes-1.jpg\",\"articleSection\":[\"Pol\u00edtica\"],\"inLanguage\":\"es\",\"potentialAction\":[{\"@type\":\"CommentAction\",\"name\":\"Comment\",\"target\":[\"https:\\\/\\\/kuali.com.mx\\\/web\\\/2023\\\/08\\\/14\\\/galardonan-a-destacados-jovenes-irapuatenses\\\/#respond\"]}]},{\"@type\":\"WebPage\",\"@id\":\"https:\\\/\\\/kuali.com.mx\\\/web\\\/2023\\\/08\\\/14\\\/galardonan-a-destacados-jovenes-irapuatenses\\\/\",\"url\":\"https:\\\/\\\/kuali.com.mx\\\/web\\\/2023\\\/08\\\/14\\\/galardonan-a-destacados-jovenes-irapuatenses\\\/\",\"name\":\"GALARDONAN A DESTACADOS J\u00d3VENES IRAPUATENSES - Kuali\",\"isPartOf\":{\"@id\":\"https:\\\/\\\/kuali.com.mx\\\/web\\\/#website\"},\"primaryImageOfPage\":{\"@id\":\"https:\\\/\\\/kuali.com.mx\\\/web\\\/2023\\\/08\\\/14\\\/galardonan-a-destacados-jovenes-irapuatenses\\\/#primaryimage\"},\"image\":{\"@id\":\"https:\\\/\\\/kuali.com.mx\\\/web\\\/2023\\\/08\\\/14\\\/galardonan-a-destacados-jovenes-irapuatenses\\\/#primaryimage\"},\"thumbnailUrl\":\"https:\\\/\\\/kuali.com.mx\\\/web\\\/wp-content\\\/uploads\\\/2023\\\/08\\\/jovenes-1.jpg\",\"datePublished\":\"2023-08-14T19:34:57+00:00\",\"dateModified\":\"2023-08-15T05:08:59+00:00\",\"author\":{\"@id\":\"https:\\\/\\\/kuali.com.mx\\\/web\\\/#\\\/schema\\\/person\\\/6f89ffa8ecba9dae50662357923c5289\"},\"breadcrumb\":{\"@id\":\"https:\\\/\\\/kuali.com.mx\\\/web\\\/2023\\\/08\\\/14\\\/galardonan-a-destacados-jovenes-irapuatenses\\\/#breadcrumb\"},\"inLanguage\":\"es\",\"potentialAction\":[{\"@type\":\"ReadAction\",\"target\":[\"https:\\\/\\\/kuali.com.mx\\\/web\\\/2023\\\/08\\\/14\\\/galardonan-a-destacados-jovenes-irapuatenses\\\/\"]}]},{\"@type\":\"ImageObject\",\"inLanguage\":\"es\",\"@id\":\"https:\\\/\\\/kuali.com.mx\\\/web\\\/2023\\\/08\\\/14\\\/galardonan-a-destacados-jovenes-irapuatenses\\\/#primaryimage\",\"url\":\"https:\\\/\\\/kuali.com.mx\\\/web\\\/wp-content\\\/uploads\\\/2023\\\/08\\\/jovenes-1.jpg\",\"contentUrl\":\"https:\\\/\\\/kuali.com.mx\\\/web\\\/wp-content\\\/uploads\\\/2023\\\/08\\\/jovenes-1.jpg\",\"width\":1696,\"height\":750},{\"@type\":\"BreadcrumbList\",\"@id\":\"https:\\\/\\\/kuali.com.mx\\\/web\\\/2023\\\/08\\\/14\\\/galardonan-a-destacados-jovenes-irapuatenses\\\/#breadcrumb\",\"itemListElement\":[{\"@type\":\"ListItem\",\"position\":1,\"name\":\"Inicio\",\"item\":\"https:\\\/\\\/kuali.com.mx\\\/web\\\/\"},{\"@type\":\"ListItem\",\"position\":2,\"name\":\"GALARDONAN A DESTACADOS J\u00d3VENES IRAPUATENSES\"}]},{\"@type\":\"WebSite\",\"@id\":\"https:\\\/\\\/kuali.com.mx\\\/web\\\/#website\",\"url\":\"https:\\\/\\\/kuali.com.mx\\\/web\\\/\",\"name\":\"Kuali\",\"description\":\"\",\"potentialAction\":[{\"@type\":\"SearchAction\",\"target\":{\"@type\":\"EntryPoint\",\"urlTemplate\":\"https:\\\/\\\/kuali.com.mx\\\/web\\\/?s={search_term_string}\"},\"query-input\":{\"@type\":\"PropertyValueSpecification\",\"valueRequired\":true,\"valueName\":\"search_term_string\"}}],\"inLanguage\":\"es\"},{\"@type\":\"Person\",\"@id\":\"https:\\\/\\\/kuali.com.mx\\\/web\\\/#\\\/schema\\\/person\\\/6f89ffa8ecba9dae50662357923c5289\",\"name\":\"Kuali Staff\",\"image\":{\"@type\":\"ImageObject\",\"inLanguage\":\"es\",\"@id\":\"https:\\\/\\\/secure.gravatar.com\\\/avatar\\\/f917ad82e5ab71227a733c78b6e60715476f69ee6be59feee4eb5d9920c89e0f?s=96&d=mm&r=g\",\"url\":\"https:\\\/\\\/secure.gravatar.com\\\/avatar\\\/f917ad82e5ab71227a733c78b6e60715476f69ee6be59feee4eb5d9920c89e0f?s=96&d=mm&r=g\",\"contentUrl\":\"https:\\\/\\\/secure.gravatar.com\\\/avatar\\\/f917ad82e5ab71227a733c78b6e60715476f69ee6be59feee4eb5d9920c89e0f?s=96&d=mm&r=g\",\"caption\":\"Kuali Staff\"},\"url\":\"https:\\\/\\\/kuali.com.mx\\\/web\\\/author\\\/lagarto\\\/\"}]}<\/script>\n<!-- \/ Yoast SEO plugin. -->","yoast_head_json":{"title":"GALARDONAN A DESTACADOS J\u00d3VENES IRAPUATENSES - Kuali","robots":{"index":"index","follow":"follow","max-snippet":"max-snippet:-1","max-image-preview":"max-image-preview:large","max-video-preview":"max-video-preview:-1"},"canonical":"https:\/\/kuali.com.mx\/web\/2023\/08\/14\/galardonan-a-destacados-jovenes-irapuatenses\/","og_locale":"es_MX","og_type":"article","og_title":"GALARDONAN A DESTACADOS J\u00d3VENES IRAPUATENSES - Kuali","og_description":"Kuali\/Irapuato, Gto.-\u00a0Para\u00a0\u00a0impulsar y reconocer el talento de las y los j\u00f3venes irapuatenses, quienes con su trabajo abonan a la construcci\u00f3n de entornos de paz, el Gobierno Local hizo entrega del Premio Municipal de la Juventud 2023 a trayectorias destacadas. Lorena Alfaro Garc\u00eda, presidenta de Irapuato, se\u00f1al\u00f3 que este reconocimiento se realiza tambi\u00e9n para inspirar a [&hellip;]","og_url":"https:\/\/kuali.com.mx\/web\/2023\/08\/14\/galardonan-a-destacados-jovenes-irapuatenses\/","og_site_name":"Kuali","article_publisher":"https:\/\/kuali.com.mx\/web\/wp-content\/uploads\/2018\/04\/cropped-kuali_logo-1-1.png","article_published_time":"2023-08-14T19:34:57+00:00","article_modified_time":"2023-08-15T05:08:59+00:00","og_image":[{"width":1696,"height":750,"url":"https:\/\/kuali.com.mx\/web\/wp-content\/uploads\/2023\/08\/jovenes-1.jpg","type":"image\/jpeg"}],"author":"Kuali Staff","twitter_card":"summary_large_image","twitter_creator":"@kuali_noticias","twitter_site":"@kuali_noticias","twitter_misc":{"Escrito por":"Kuali Staff","Tiempo de lectura":"2 minutos"},"schema":{"@context":"https:\/\/schema.org","@graph":[{"@type":"Article","@id":"https:\/\/kuali.com.mx\/web\/2023\/08\/14\/galardonan-a-destacados-jovenes-irapuatenses\/#article","isPartOf":{"@id":"https:\/\/kuali.com.mx\/web\/2023\/08\/14\/galardonan-a-destacados-jovenes-irapuatenses\/"},"author":{"name":"Kuali Staff","@id":"https:\/\/kuali.com.mx\/web\/#\/schema\/person\/6f89ffa8ecba9dae50662357923c5289"},"headline":"GALARDONAN A DESTACADOS J\u00d3VENES IRAPUATENSES","datePublished":"2023-08-14T19:34:57+00:00","dateModified":"2023-08-15T05:08:59+00:00","mainEntityOfPage":{"@id":"https:\/\/kuali.com.mx\/web\/2023\/08\/14\/galardonan-a-destacados-jovenes-irapuatenses\/"},"wordCount":321,"commentCount":0,"image":{"@id":"https:\/\/kuali.com.mx\/web\/2023\/08\/14\/galardonan-a-destacados-jovenes-irapuatenses\/#primaryimage"},"thumbnailUrl":"https:\/\/kuali.com.mx\/web\/wp-content\/uploads\/2023\/08\/jovenes-1.jpg","articleSection":["Pol\u00edtica"],"inLanguage":"es","potentialAction":[{"@type":"CommentAction","name":"Comment","target":["https:\/\/kuali.com.mx\/web\/2023\/08\/14\/galardonan-a-destacados-jovenes-irapuatenses\/#respond"]}]},{"@type":"WebPage","@id":"https:\/\/kuali.com.mx\/web\/2023\/08\/14\/galardonan-a-destacados-jovenes-irapuatenses\/","url":"https:\/\/kuali.com.mx\/web\/2023\/08\/14\/galardonan-a-destacados-jovenes-irapuatenses\/","name":"GALARDONAN A DESTACADOS J\u00d3VENES IRAPUATENSES - Kuali","isPartOf":{"@id":"https:\/\/kuali.com.mx\/web\/#website"},"primaryImageOfPage":{"@id":"https:\/\/kuali.com.mx\/web\/2023\/08\/14\/galardonan-a-destacados-jovenes-irapuatenses\/#primaryimage"},"image":{"@id":"https:\/\/kuali.com.mx\/web\/2023\/08\/14\/galardonan-a-destacados-jovenes-irapuatenses\/#primaryimage"},"thumbnailUrl":"https:\/\/kuali.com.mx\/web\/wp-content\/uploads\/2023\/08\/jovenes-1.jpg","datePublished":"2023-08-14T19:34:57+00:00","dateModified":"2023-08-15T05:08:59+00:00","author":{"@id":"https:\/\/kuali.com.mx\/web\/#\/schema\/person\/6f89ffa8ecba9dae50662357923c5289"},"breadcrumb":{"@id":"https:\/\/kuali.com.mx\/web\/2023\/08\/14\/galardonan-a-destacados-jovenes-irapuatenses\/#breadcrumb"},"inLanguage":"es","potentialAction":[{"@type":"ReadAction","target":["https:\/\/kuali.com.mx\/web\/2023\/08\/14\/galardonan-a-destacados-jovenes-irapuatenses\/"]}]},{"@type":"ImageObject","inLanguage":"es","@id":"https:\/\/kuali.com.mx\/web\/2023\/08\/14\/galardonan-a-destacados-jovenes-irapuatenses\/#primaryimage","url":"https:\/\/kuali.com.mx\/web\/wp-content\/uploads\/2023\/08\/jovenes-1.jpg","contentUrl":"https:\/\/kuali.com.mx\/web\/wp-content\/uploads\/2023\/08\/jovenes-1.jpg","width":1696,"height":750},{"@type":"BreadcrumbList","@id":"https:\/\/kuali.com.mx\/web\/2023\/08\/14\/galardonan-a-destacados-jovenes-irapuatenses\/#breadcrumb","itemListElement":[{"@type":"ListItem","position":1,"name":"Inicio","item":"https:\/\/kuali.com.mx\/web\/"},{"@type":"ListItem","position":2,"name":"GALARDONAN A DESTACADOS J\u00d3VENES IRAPUATENSES"}]},{"@type":"WebSite","@id":"https:\/\/kuali.com.mx\/web\/#website","url":"https:\/\/kuali.com.mx\/web\/","name":"Kuali","description":"","potentialAction":[{"@type":"SearchAction","target":{"@type":"EntryPoint","urlTemplate":"https:\/\/kuali.com.mx\/web\/?s={search_term_string}"},"query-input":{"@type":"PropertyValueSpecification","valueRequired":true,"valueName":"search_term_string"}}],"inLanguage":"es"},{"@type":"Person","@id":"https:\/\/kuali.com.mx\/web\/#\/schema\/person\/6f89ffa8ecba9dae50662357923c5289","name":"Kuali Staff","image":{"@type":"ImageObject","inLanguage":"es","@id":"https:\/\/secure.gravatar.com\/avatar\/f917ad82e5ab71227a733c78b6e60715476f69ee6be59feee4eb5d9920c89e0f?s=96&d=mm&r=g","url":"https:\/\/secure.gravatar.com\/avatar\/f917ad82e5ab71227a733c78b6e60715476f69ee6be59feee4eb5d9920c89e0f?s=96&d=mm&r=g","contentUrl":"https:\/\/secure.gravatar.com\/avatar\/f917ad82e5ab71227a733c78b6e60715476f69ee6be59feee4eb5d9920c89e0f?s=96&d=mm&r=g","caption":"Kuali Staff"},"url":"https:\/\/kuali.com.mx\/web\/author\/lagarto\/"}]}},"_links":{"self":[{"href":"https:\/\/kuali.com.mx\/web\/wp-json\/wp\/v2\/posts\/124243","targetHints":{"allow":["GET"]}}],"collection":[{"href":"https:\/\/kuali.com.mx\/web\/wp-json\/wp\/v2\/posts"}],"about":[{"href":"https:\/\/kuali.com.mx\/web\/wp-json\/wp\/v2\/types\/post"}],"author":[{"embeddable":true,"href":"https:\/\/kuali.com.mx\/web\/wp-json\/wp\/v2\/users\/2"}],"replies":[{"embeddable":true,"href":"https:\/\/kuali.com.mx\/web\/wp-json\/wp\/v2\/comments?post=124243"}],"version-history":[{"count":2,"href":"https:\/\/kuali.com.mx\/web\/wp-json\/wp\/v2\/posts\/124243\/revisions"}],"predecessor-version":[{"id":124257,"href":"https:\/\/kuali.com.mx\/web\/wp-json\/wp\/v2\/posts\/124243\/revisions\/124257"}],"wp:featuredmedia":[{"embeddable":true,"href":"https:\/\/kuali.com.mx\/web\/wp-json\/wp\/v2\/media\/124245"}],"wp:attachment":[{"href":"https:\/\/kuali.com.mx\/web\/wp-json\/wp\/v2\/media?parent=124243"}],"wp:term":[{"taxonomy":"category","embeddable":true,"href":"https:\/\/kuali.com.mx\/web\/wp-json\/wp\/v2\/categories?post=124243"},{"taxonomy":"post_tag","embeddable":true,"href":"https:\/\/kuali.com.mx\/web\/wp-json\/wp\/v2\/tags?post=124243"}],"curies":[{"name":"wp","href":"https:\/\/api.w.org\/{rel}","templated":true}]}}