{"id":124216,"date":"2023-08-14T14:49:25","date_gmt":"2023-08-14T20:49:25","guid":{"rendered":"https:\/\/kuali.com.mx\/web\/?p=124216"},"modified":"2023-08-14T14:49:28","modified_gmt":"2023-08-14T20:49:28","slug":"analizan-pri-y-prd-posible-alianza-con-el-pan-en-guanajuato","status":"publish","type":"post","link":"https:\/\/kuali.com.mx\/web\/2023\/08\/14\/analizan-pri-y-prd-posible-alianza-con-el-pan-en-guanajuato\/","title":{"rendered":"ANALIZAN PRI Y PRD POSIBLE ALIANZA CON EL PAN EN GUANAJUATO"},"content":{"rendered":"\n<p><strong><em>Carlos Garc\u00eda\/Le\u00f3n, Gto.-<\/em><\/strong> Los partidos Revolucionario Institucional (PRI) y de la Revoluci\u00f3n Democr\u00e1tica (PRD) no descartaron una alianza con el Partido Acci\u00f3n Nacional (PAN) para competir contra Morena por la gubernatura de Guanajuato.<\/p>\n\n\n\n<p>Incluso, la fracci\u00f3n del PRI en el Congreso estatal presentar\u00e1 una iniciativa para crear la figura de gobierno de coalici\u00f3n, anunci\u00f3 el diputado pri\u00edsta, Alejandro Arias \u00c1vila e integrante de Comit\u00e9 Organizador Guanajuato del Frente Amplio por M\u00e9xico.<\/p>\n\n\n\n<p>En el siguiente periodo ordinario de sesiones ser\u00e1 presentada la iniciativa \u201cpara que podamos tener ya esa figura en Guanajuato, en espera de lo que venga m\u00e1s adelante\u201d, adelant\u00f3 el legislador.<\/p>\n\n\n\n<p>El tambi\u00e9n ex secretario General del PRI estatal mencion\u00f3 que la diputada, Yulma Aguilar Rocha; el alcalde de San Luis de la Paz, Luis Gerardo S\u00e1nchez; y el presidente de San Miguel de Allende, Mauricio Trejo.&nbsp;&nbsp; El ex diputado local del PRD, Isidoro Basald\u00faa Lugo, ha manifestado que quiere ser candidato a gobernador.<\/p>\n\n\n\n<p>Mientras tanto, el l\u00edder nacional del PAN, Marko Cort\u00e9s Mendoza, ya ha conformado que en Guanajuato ser\u00e1 mujer la candidata y la posici\u00f3n es buscada por la alcaldesa de Le\u00f3n, Alejandra Guti\u00e9rrez Campos; por la secretaria de Desarrollo Social, Libia Garc\u00eda Mu\u00f1oz Ledo; y por la senadora, Alejandra Reynoso.<\/p>\n\n\n\n<p>\u00bfEl PRI se sumar\u00e1 a la candidata del PAN para competir contra Morena\u201d, se cuestion\u00f3 a Alejandro Arias?<\/p>\n\n\n\n<p>-Habr\u00e1 que salir bien de este ejercicio -del proceso para elegir al abanderado del Frente Amplio por M\u00e9xico-, es algo que se est\u00e1 trabajando bien, habr\u00e1 que ver los saldos que tengamos, las determinaciones que a nivel nacional se tomen.<\/p>\n\n\n\n<p>\u201cEvidentemente ha habido acercamientos, no tengo porque negarlo, con la dirigencia estatal del PAN, en ese sentido -de una alianza-, hoy no hay nada definido\u201d, revel\u00f3 el priista.<\/p>\n\n\n\n<p>El representante del PRD del Comit\u00e9 Organizador Guanajuato del Frente Amplio por M\u00e9xico, Arturo Bravo Guadarrama, manifest\u00f3 que el sol azteca esperar\u00e1 los tiempos electorales en Guanajuato para definir una posible alianza con el PAN.<\/p>\n\n\n\n<p>\u201cTerminando esta actividad nacional, inmediatamente vamos a entrar a la etapa estatal, yo conf\u00edo que en este proyecto que se est\u00e1 ciudadanizando vamos a tener \u00e9xito\u201d, manifest\u00f3 al momento de reconocer que tambi\u00e9n han tenido acercamientos con el PAN de Guanajuato.<\/p>\n\n\n\n<p>El Coordinador de la Comit\u00e9 Organizadora Guanajuato, Luis Miguel Rionda, anunci\u00f3 que hasta el momento hay 81 mil guanajuatenses registrados para participar en la consulta que se realizar\u00e1 el tres se septiembre. En Guanajuato ser\u00e1n instaladas mesas de consulta en los 46 municipios.<\/p>\n\n\n\n<p>El Comit\u00e9 solicitar\u00e1 a las autoridades que desplieguen un operativo de vigilancia para garantizar que el proceso se desarrolle con seguridad.<\/p>\n\n\n\n<p>\u201cNuestro estado est\u00e1 pasando por un momento dif\u00edcil, tenemos que garantizar la seguridad en este proceso, todas las autoridades estar\u00e1n muy comprometidas para garantizar la paz social\u201d, se\u00f1al\u00f3.<\/p>\n","protected":false},"excerpt":{"rendered":"Carlos Garc\u00eda\/Le\u00f3n, Gto.- Los partidos Revolucionario Institucional (PRI) y de la Revoluci\u00f3n Democr\u00e1tica (PRD) no descartaron una alianza con el Partido Acci\u00f3n Nacional (PAN) para competir contra Morena por la gubernatura de Guanajuato. Incluso, la fracci\u00f3n del PRI en el Congreso estatal presentar\u00e1 una iniciativa para crear la figura de gobierno de coalici\u00f3n, anunci\u00f3 el [&hellip;]","protected":false},"author":2,"featured_media":124219,"comment_status":"open","ping_status":"open","sticky":false,"template":"","format":"standard","meta":{"_seopress_robots_primary_cat":"none","_seopress_titles_title":"","_seopress_titles_desc":"","_seopress_robots_index":"","_monsterinsights_skip_tracking":false,"_monsterinsights_sitenote_active":false,"_monsterinsights_sitenote_note":"","_monsterinsights_sitenote_category":0,"footnotes":""},"categories":[3,69],"tags":[],"class_list":["post-124216","post","type-post","status-publish","format-standard","has-post-thumbnail","hentry","category-politica","category-slider"],"yoast_head":"<!-- This site is optimized with the Yoast SEO plugin v27.4 - https:\/\/yoast.com\/product\/yoast-seo-wordpress\/ -->\n<title>ANALIZAN PRI Y PRD POSIBLE ALIANZA CON EL PAN EN GUANAJUATO - Kuali<\/title>\n<meta name=\"robots\" content=\"index, follow, max-snippet:-1, max-image-preview:large, max-video-preview:-1\" \/>\n<link rel=\"canonical\" href=\"https:\/\/kuali.com.mx\/web\/2023\/08\/14\/analizan-pri-y-prd-posible-alianza-con-el-pan-en-guanajuato\/\" \/>\n<meta property=\"og:locale\" content=\"es_MX\" \/>\n<meta property=\"og:type\" content=\"article\" \/>\n<meta property=\"og:title\" content=\"ANALIZAN PRI Y PRD POSIBLE ALIANZA CON EL PAN EN GUANAJUATO - Kuali\" \/>\n<meta property=\"og:description\" content=\"Carlos Garc\u00eda\/Le\u00f3n, Gto.- Los partidos Revolucionario Institucional (PRI) y de la Revoluci\u00f3n Democr\u00e1tica (PRD) no descartaron una alianza con el Partido Acci\u00f3n Nacional (PAN) para competir contra Morena por la gubernatura de Guanajuato. Incluso, la fracci\u00f3n del PRI en el Congreso estatal presentar\u00e1 una iniciativa para crear la figura de gobierno de coalici\u00f3n, anunci\u00f3 el [&hellip;]\" \/>\n<meta property=\"og:url\" content=\"https:\/\/kuali.com.mx\/web\/2023\/08\/14\/analizan-pri-y-prd-posible-alianza-con-el-pan-en-guanajuato\/\" \/>\n<meta property=\"og:site_name\" content=\"Kuali\" \/>\n<meta property=\"article:publisher\" content=\"https:\/\/kuali.com.mx\/web\/wp-content\/uploads\/2018\/04\/cropped-kuali_logo-1-1.png\" \/>\n<meta property=\"article:published_time\" content=\"2023-08-14T20:49:25+00:00\" \/>\n<meta property=\"article:modified_time\" content=\"2023-08-14T20:49:28+00:00\" \/>\n<meta property=\"og:image\" content=\"https:\/\/kuali.com.mx\/web\/wp-content\/uploads\/2023\/08\/Comite-Gto-Frente-Amplio-Mexico.jpg\" \/>\n\t<meta property=\"og:image:width\" content=\"1706\" \/>\n\t<meta property=\"og:image:height\" content=\"750\" \/>\n\t<meta property=\"og:image:type\" content=\"image\/jpeg\" \/>\n<meta name=\"author\" content=\"Kuali Staff\" \/>\n<meta name=\"twitter:card\" content=\"summary_large_image\" \/>\n<meta name=\"twitter:creator\" content=\"@kuali_noticias\" \/>\n<meta name=\"twitter:site\" content=\"@kuali_noticias\" \/>\n<meta name=\"twitter:label1\" content=\"Escrito por\" \/>\n\t<meta name=\"twitter:data1\" content=\"Kuali Staff\" \/>\n\t<meta name=\"twitter:label2\" content=\"Tiempo de lectura\" \/>\n\t<meta name=\"twitter:data2\" content=\"2 minutos\" \/>\n<script type=\"application\/ld+json\" class=\"yoast-schema-graph\">{\"@context\":\"https:\\\/\\\/schema.org\",\"@graph\":[{\"@type\":\"Article\",\"@id\":\"https:\\\/\\\/kuali.com.mx\\\/web\\\/2023\\\/08\\\/14\\\/analizan-pri-y-prd-posible-alianza-con-el-pan-en-guanajuato\\\/#article\",\"isPartOf\":{\"@id\":\"https:\\\/\\\/kuali.com.mx\\\/web\\\/2023\\\/08\\\/14\\\/analizan-pri-y-prd-posible-alianza-con-el-pan-en-guanajuato\\\/\"},\"author\":{\"name\":\"Kuali Staff\",\"@id\":\"https:\\\/\\\/kuali.com.mx\\\/web\\\/#\\\/schema\\\/person\\\/6f89ffa8ecba9dae50662357923c5289\"},\"headline\":\"ANALIZAN PRI Y PRD POSIBLE ALIANZA CON EL PAN EN GUANAJUATO\",\"datePublished\":\"2023-08-14T20:49:25+00:00\",\"dateModified\":\"2023-08-14T20:49:28+00:00\",\"mainEntityOfPage\":{\"@id\":\"https:\\\/\\\/kuali.com.mx\\\/web\\\/2023\\\/08\\\/14\\\/analizan-pri-y-prd-posible-alianza-con-el-pan-en-guanajuato\\\/\"},\"wordCount\":499,\"commentCount\":0,\"image\":{\"@id\":\"https:\\\/\\\/kuali.com.mx\\\/web\\\/2023\\\/08\\\/14\\\/analizan-pri-y-prd-posible-alianza-con-el-pan-en-guanajuato\\\/#primaryimage\"},\"thumbnailUrl\":\"https:\\\/\\\/kuali.com.mx\\\/web\\\/wp-content\\\/uploads\\\/2023\\\/08\\\/Comite-Gto-Frente-Amplio-Mexico.jpg\",\"articleSection\":[\"Pol\u00edtica\",\"slider\"],\"inLanguage\":\"es\",\"potentialAction\":[{\"@type\":\"CommentAction\",\"name\":\"Comment\",\"target\":[\"https:\\\/\\\/kuali.com.mx\\\/web\\\/2023\\\/08\\\/14\\\/analizan-pri-y-prd-posible-alianza-con-el-pan-en-guanajuato\\\/#respond\"]}]},{\"@type\":\"WebPage\",\"@id\":\"https:\\\/\\\/kuali.com.mx\\\/web\\\/2023\\\/08\\\/14\\\/analizan-pri-y-prd-posible-alianza-con-el-pan-en-guanajuato\\\/\",\"url\":\"https:\\\/\\\/kuali.com.mx\\\/web\\\/2023\\\/08\\\/14\\\/analizan-pri-y-prd-posible-alianza-con-el-pan-en-guanajuato\\\/\",\"name\":\"ANALIZAN PRI Y PRD POSIBLE ALIANZA CON EL PAN EN GUANAJUATO - Kuali\",\"isPartOf\":{\"@id\":\"https:\\\/\\\/kuali.com.mx\\\/web\\\/#website\"},\"primaryImageOfPage\":{\"@id\":\"https:\\\/\\\/kuali.com.mx\\\/web\\\/2023\\\/08\\\/14\\\/analizan-pri-y-prd-posible-alianza-con-el-pan-en-guanajuato\\\/#primaryimage\"},\"image\":{\"@id\":\"https:\\\/\\\/kuali.com.mx\\\/web\\\/2023\\\/08\\\/14\\\/analizan-pri-y-prd-posible-alianza-con-el-pan-en-guanajuato\\\/#primaryimage\"},\"thumbnailUrl\":\"https:\\\/\\\/kuali.com.mx\\\/web\\\/wp-content\\\/uploads\\\/2023\\\/08\\\/Comite-Gto-Frente-Amplio-Mexico.jpg\",\"datePublished\":\"2023-08-14T20:49:25+00:00\",\"dateModified\":\"2023-08-14T20:49:28+00:00\",\"author\":{\"@id\":\"https:\\\/\\\/kuali.com.mx\\\/web\\\/#\\\/schema\\\/person\\\/6f89ffa8ecba9dae50662357923c5289\"},\"breadcrumb\":{\"@id\":\"https:\\\/\\\/kuali.com.mx\\\/web\\\/2023\\\/08\\\/14\\\/analizan-pri-y-prd-posible-alianza-con-el-pan-en-guanajuato\\\/#breadcrumb\"},\"inLanguage\":\"es\",\"potentialAction\":[{\"@type\":\"ReadAction\",\"target\":[\"https:\\\/\\\/kuali.com.mx\\\/web\\\/2023\\\/08\\\/14\\\/analizan-pri-y-prd-posible-alianza-con-el-pan-en-guanajuato\\\/\"]}]},{\"@type\":\"ImageObject\",\"inLanguage\":\"es\",\"@id\":\"https:\\\/\\\/kuali.com.mx\\\/web\\\/2023\\\/08\\\/14\\\/analizan-pri-y-prd-posible-alianza-con-el-pan-en-guanajuato\\\/#primaryimage\",\"url\":\"https:\\\/\\\/kuali.com.mx\\\/web\\\/wp-content\\\/uploads\\\/2023\\\/08\\\/Comite-Gto-Frente-Amplio-Mexico.jpg\",\"contentUrl\":\"https:\\\/\\\/kuali.com.mx\\\/web\\\/wp-content\\\/uploads\\\/2023\\\/08\\\/Comite-Gto-Frente-Amplio-Mexico.jpg\",\"width\":1706,\"height\":750},{\"@type\":\"BreadcrumbList\",\"@id\":\"https:\\\/\\\/kuali.com.mx\\\/web\\\/2023\\\/08\\\/14\\\/analizan-pri-y-prd-posible-alianza-con-el-pan-en-guanajuato\\\/#breadcrumb\",\"itemListElement\":[{\"@type\":\"ListItem\",\"position\":1,\"name\":\"Inicio\",\"item\":\"https:\\\/\\\/kuali.com.mx\\\/web\\\/\"},{\"@type\":\"ListItem\",\"position\":2,\"name\":\"ANALIZAN PRI Y PRD POSIBLE ALIANZA CON EL PAN EN GUANAJUATO\"}]},{\"@type\":\"WebSite\",\"@id\":\"https:\\\/\\\/kuali.com.mx\\\/web\\\/#website\",\"url\":\"https:\\\/\\\/kuali.com.mx\\\/web\\\/\",\"name\":\"Kuali\",\"description\":\"\",\"potentialAction\":[{\"@type\":\"SearchAction\",\"target\":{\"@type\":\"EntryPoint\",\"urlTemplate\":\"https:\\\/\\\/kuali.com.mx\\\/web\\\/?s={search_term_string}\"},\"query-input\":{\"@type\":\"PropertyValueSpecification\",\"valueRequired\":true,\"valueName\":\"search_term_string\"}}],\"inLanguage\":\"es\"},{\"@type\":\"Person\",\"@id\":\"https:\\\/\\\/kuali.com.mx\\\/web\\\/#\\\/schema\\\/person\\\/6f89ffa8ecba9dae50662357923c5289\",\"name\":\"Kuali Staff\",\"image\":{\"@type\":\"ImageObject\",\"inLanguage\":\"es\",\"@id\":\"https:\\\/\\\/secure.gravatar.com\\\/avatar\\\/f917ad82e5ab71227a733c78b6e60715476f69ee6be59feee4eb5d9920c89e0f?s=96&d=mm&r=g\",\"url\":\"https:\\\/\\\/secure.gravatar.com\\\/avatar\\\/f917ad82e5ab71227a733c78b6e60715476f69ee6be59feee4eb5d9920c89e0f?s=96&d=mm&r=g\",\"contentUrl\":\"https:\\\/\\\/secure.gravatar.com\\\/avatar\\\/f917ad82e5ab71227a733c78b6e60715476f69ee6be59feee4eb5d9920c89e0f?s=96&d=mm&r=g\",\"caption\":\"Kuali Staff\"},\"url\":\"https:\\\/\\\/kuali.com.mx\\\/web\\\/author\\\/lagarto\\\/\"}]}<\/script>\n<!-- \/ Yoast SEO plugin. -->","yoast_head_json":{"title":"ANALIZAN PRI Y PRD POSIBLE ALIANZA CON EL PAN EN GUANAJUATO - Kuali","robots":{"index":"index","follow":"follow","max-snippet":"max-snippet:-1","max-image-preview":"max-image-preview:large","max-video-preview":"max-video-preview:-1"},"canonical":"https:\/\/kuali.com.mx\/web\/2023\/08\/14\/analizan-pri-y-prd-posible-alianza-con-el-pan-en-guanajuato\/","og_locale":"es_MX","og_type":"article","og_title":"ANALIZAN PRI Y PRD POSIBLE ALIANZA CON EL PAN EN GUANAJUATO - Kuali","og_description":"Carlos Garc\u00eda\/Le\u00f3n, Gto.- Los partidos Revolucionario Institucional (PRI) y de la Revoluci\u00f3n Democr\u00e1tica (PRD) no descartaron una alianza con el Partido Acci\u00f3n Nacional (PAN) para competir contra Morena por la gubernatura de Guanajuato. Incluso, la fracci\u00f3n del PRI en el Congreso estatal presentar\u00e1 una iniciativa para crear la figura de gobierno de coalici\u00f3n, anunci\u00f3 el [&hellip;]","og_url":"https:\/\/kuali.com.mx\/web\/2023\/08\/14\/analizan-pri-y-prd-posible-alianza-con-el-pan-en-guanajuato\/","og_site_name":"Kuali","article_publisher":"https:\/\/kuali.com.mx\/web\/wp-content\/uploads\/2018\/04\/cropped-kuali_logo-1-1.png","article_published_time":"2023-08-14T20:49:25+00:00","article_modified_time":"2023-08-14T20:49:28+00:00","og_image":[{"width":1706,"height":750,"url":"https:\/\/kuali.com.mx\/web\/wp-content\/uploads\/2023\/08\/Comite-Gto-Frente-Amplio-Mexico.jpg","type":"image\/jpeg"}],"author":"Kuali Staff","twitter_card":"summary_large_image","twitter_creator":"@kuali_noticias","twitter_site":"@kuali_noticias","twitter_misc":{"Escrito por":"Kuali Staff","Tiempo de lectura":"2 minutos"},"schema":{"@context":"https:\/\/schema.org","@graph":[{"@type":"Article","@id":"https:\/\/kuali.com.mx\/web\/2023\/08\/14\/analizan-pri-y-prd-posible-alianza-con-el-pan-en-guanajuato\/#article","isPartOf":{"@id":"https:\/\/kuali.com.mx\/web\/2023\/08\/14\/analizan-pri-y-prd-posible-alianza-con-el-pan-en-guanajuato\/"},"author":{"name":"Kuali Staff","@id":"https:\/\/kuali.com.mx\/web\/#\/schema\/person\/6f89ffa8ecba9dae50662357923c5289"},"headline":"ANALIZAN PRI Y PRD POSIBLE ALIANZA CON EL PAN EN GUANAJUATO","datePublished":"2023-08-14T20:49:25+00:00","dateModified":"2023-08-14T20:49:28+00:00","mainEntityOfPage":{"@id":"https:\/\/kuali.com.mx\/web\/2023\/08\/14\/analizan-pri-y-prd-posible-alianza-con-el-pan-en-guanajuato\/"},"wordCount":499,"commentCount":0,"image":{"@id":"https:\/\/kuali.com.mx\/web\/2023\/08\/14\/analizan-pri-y-prd-posible-alianza-con-el-pan-en-guanajuato\/#primaryimage"},"thumbnailUrl":"https:\/\/kuali.com.mx\/web\/wp-content\/uploads\/2023\/08\/Comite-Gto-Frente-Amplio-Mexico.jpg","articleSection":["Pol\u00edtica","slider"],"inLanguage":"es","potentialAction":[{"@type":"CommentAction","name":"Comment","target":["https:\/\/kuali.com.mx\/web\/2023\/08\/14\/analizan-pri-y-prd-posible-alianza-con-el-pan-en-guanajuato\/#respond"]}]},{"@type":"WebPage","@id":"https:\/\/kuali.com.mx\/web\/2023\/08\/14\/analizan-pri-y-prd-posible-alianza-con-el-pan-en-guanajuato\/","url":"https:\/\/kuali.com.mx\/web\/2023\/08\/14\/analizan-pri-y-prd-posible-alianza-con-el-pan-en-guanajuato\/","name":"ANALIZAN PRI Y PRD POSIBLE ALIANZA CON EL PAN EN GUANAJUATO - Kuali","isPartOf":{"@id":"https:\/\/kuali.com.mx\/web\/#website"},"primaryImageOfPage":{"@id":"https:\/\/kuali.com.mx\/web\/2023\/08\/14\/analizan-pri-y-prd-posible-alianza-con-el-pan-en-guanajuato\/#primaryimage"},"image":{"@id":"https:\/\/kuali.com.mx\/web\/2023\/08\/14\/analizan-pri-y-prd-posible-alianza-con-el-pan-en-guanajuato\/#primaryimage"},"thumbnailUrl":"https:\/\/kuali.com.mx\/web\/wp-content\/uploads\/2023\/08\/Comite-Gto-Frente-Amplio-Mexico.jpg","datePublished":"2023-08-14T20:49:25+00:00","dateModified":"2023-08-14T20:49:28+00:00","author":{"@id":"https:\/\/kuali.com.mx\/web\/#\/schema\/person\/6f89ffa8ecba9dae50662357923c5289"},"breadcrumb":{"@id":"https:\/\/kuali.com.mx\/web\/2023\/08\/14\/analizan-pri-y-prd-posible-alianza-con-el-pan-en-guanajuato\/#breadcrumb"},"inLanguage":"es","potentialAction":[{"@type":"ReadAction","target":["https:\/\/kuali.com.mx\/web\/2023\/08\/14\/analizan-pri-y-prd-posible-alianza-con-el-pan-en-guanajuato\/"]}]},{"@type":"ImageObject","inLanguage":"es","@id":"https:\/\/kuali.com.mx\/web\/2023\/08\/14\/analizan-pri-y-prd-posible-alianza-con-el-pan-en-guanajuato\/#primaryimage","url":"https:\/\/kuali.com.mx\/web\/wp-content\/uploads\/2023\/08\/Comite-Gto-Frente-Amplio-Mexico.jpg","contentUrl":"https:\/\/kuali.com.mx\/web\/wp-content\/uploads\/2023\/08\/Comite-Gto-Frente-Amplio-Mexico.jpg","width":1706,"height":750},{"@type":"BreadcrumbList","@id":"https:\/\/kuali.com.mx\/web\/2023\/08\/14\/analizan-pri-y-prd-posible-alianza-con-el-pan-en-guanajuato\/#breadcrumb","itemListElement":[{"@type":"ListItem","position":1,"name":"Inicio","item":"https:\/\/kuali.com.mx\/web\/"},{"@type":"ListItem","position":2,"name":"ANALIZAN PRI Y PRD POSIBLE ALIANZA CON EL PAN EN GUANAJUATO"}]},{"@type":"WebSite","@id":"https:\/\/kuali.com.mx\/web\/#website","url":"https:\/\/kuali.com.mx\/web\/","name":"Kuali","description":"","potentialAction":[{"@type":"SearchAction","target":{"@type":"EntryPoint","urlTemplate":"https:\/\/kuali.com.mx\/web\/?s={search_term_string}"},"query-input":{"@type":"PropertyValueSpecification","valueRequired":true,"valueName":"search_term_string"}}],"inLanguage":"es"},{"@type":"Person","@id":"https:\/\/kuali.com.mx\/web\/#\/schema\/person\/6f89ffa8ecba9dae50662357923c5289","name":"Kuali Staff","image":{"@type":"ImageObject","inLanguage":"es","@id":"https:\/\/secure.gravatar.com\/avatar\/f917ad82e5ab71227a733c78b6e60715476f69ee6be59feee4eb5d9920c89e0f?s=96&d=mm&r=g","url":"https:\/\/secure.gravatar.com\/avatar\/f917ad82e5ab71227a733c78b6e60715476f69ee6be59feee4eb5d9920c89e0f?s=96&d=mm&r=g","contentUrl":"https:\/\/secure.gravatar.com\/avatar\/f917ad82e5ab71227a733c78b6e60715476f69ee6be59feee4eb5d9920c89e0f?s=96&d=mm&r=g","caption":"Kuali Staff"},"url":"https:\/\/kuali.com.mx\/web\/author\/lagarto\/"}]}},"_links":{"self":[{"href":"https:\/\/kuali.com.mx\/web\/wp-json\/wp\/v2\/posts\/124216","targetHints":{"allow":["GET"]}}],"collection":[{"href":"https:\/\/kuali.com.mx\/web\/wp-json\/wp\/v2\/posts"}],"about":[{"href":"https:\/\/kuali.com.mx\/web\/wp-json\/wp\/v2\/types\/post"}],"author":[{"embeddable":true,"href":"https:\/\/kuali.com.mx\/web\/wp-json\/wp\/v2\/users\/2"}],"replies":[{"embeddable":true,"href":"https:\/\/kuali.com.mx\/web\/wp-json\/wp\/v2\/comments?post=124216"}],"version-history":[{"count":1,"href":"https:\/\/kuali.com.mx\/web\/wp-json\/wp\/v2\/posts\/124216\/revisions"}],"predecessor-version":[{"id":124220,"href":"https:\/\/kuali.com.mx\/web\/wp-json\/wp\/v2\/posts\/124216\/revisions\/124220"}],"wp:featuredmedia":[{"embeddable":true,"href":"https:\/\/kuali.com.mx\/web\/wp-json\/wp\/v2\/media\/124219"}],"wp:attachment":[{"href":"https:\/\/kuali.com.mx\/web\/wp-json\/wp\/v2\/media?parent=124216"}],"wp:term":[{"taxonomy":"category","embeddable":true,"href":"https:\/\/kuali.com.mx\/web\/wp-json\/wp\/v2\/categories?post=124216"},{"taxonomy":"post_tag","embeddable":true,"href":"https:\/\/kuali.com.mx\/web\/wp-json\/wp\/v2\/tags?post=124216"}],"curies":[{"name":"wp","href":"https:\/\/api.w.org\/{rel}","templated":true}]}}