{"id":124099,"date":"2023-08-11T17:02:00","date_gmt":"2023-08-11T23:02:00","guid":{"rendered":"https:\/\/kuali.com.mx\/web\/?p=124099"},"modified":"2023-08-11T21:05:23","modified_gmt":"2023-08-12T03:05:23","slug":"presentan-proyectos-candidatos-a-la-rectoria-de-la-ug","status":"publish","type":"post","link":"https:\/\/kuali.com.mx\/web\/2023\/08\/11\/presentan-proyectos-candidatos-a-la-rectoria-de-la-ug\/","title":{"rendered":"PRESENTAN PROYECTOS CANDIDATOS A LA RECTORIA DE LA UG"},"content":{"rendered":"\n<p><strong><em>Kuali\/Guanajuato, Gto.-<\/em><\/strong>Con la exposici\u00f3n de propuestas y respuestas a las principales inquietudes de la comunidad universitaria, concluyeron los foros de presentaci\u00f3n de proyectos de desarrollo de las personas candidatas a la Rector\u00eda General de la Universidad de Guanajuato (UG) para el periodo 2023-2027.\u00a0\u00a0<\/p>\n\n\n\n<p>Los foros se realizaron del 7 al 10 de agosto en sedes universitarias ubicadas en Irapuato, Celaya, Le\u00f3n, y finalizaron en Guanajuato capital, a la par, fueron transmitidos en vivos por las redes sociales institucionales.&nbsp;&nbsp;&nbsp;<\/p>\n\n\n\n<p>En estos espacios las personas candidatas: doctora Teresita de Jes\u00fas Rend\u00f3n Huerta Barrera, doctor Carlos Hidalgo Valadez,&nbsp;doctora Claudia Susana G\u00f3mez L\u00f3pez,&nbsp;doctor Armando Gallegos Mu\u00f1oz y el doctor Ricardo Valdez Gonz\u00e1lez, tuvieron la oportunidad de dar a conocer principalmente ante la comunidad universitaria sus aspiraciones y capacidades para dirigir la M\u00e1xima Casa de Estudios del estado.&nbsp;&nbsp;&nbsp;<\/p>\n\n\n\n<p>Entre los puntos destacados por las y los candidatos durante sus presentaciones, destacan temas como el presupuesto, apoyos y proyectos que beneficien a la comunidad estudiantil, mejoras a las condiciones laborales del personal; internacionalizaci\u00f3n y estrategias para fortalecer la calidad acad\u00e9mica, vinculaci\u00f3n y fortalecimiento a programas orientados a garantizar el respeto a los derechos humanos.&nbsp;&nbsp;<\/p>\n\n\n\n<p>Las preguntas que, por falta de tiempo, no pudieron ser respondidas durante el foro, se enviar\u00e1n a cada persona candidata a trav\u00e9s de la Comisi\u00f3n Especial para que se brinde respuesta, posteriormente ser\u00e1n publicadas en el sitio<br><a href=\"https:\/\/www.ugto.mx\/procesodesignacion2023\" target=\"_blank\" rel=\"noreferrer noopener\">https:\/\/www.ugto.mx\/procesodesignacion2023<\/a><\/p>\n\n\n\n<figure id=\"LPContainer721537\" class=\"wp-block-table\"><table class=\"table table-hover\"><tbody><tr><td><a target=\"_blank\" href=\"https:\/\/www.ugto.mx\/procesodesignacion2023\" rel=\"noreferrer noopener\">Inicio<\/a>Proceso de designaci\u00f3n de la persona titular de la Rector\u00eda general de la Universidad de Guanajuato para el periodo 2023 - 2027www.ugto.mx<\/td><\/tr><\/tbody><\/table><\/figure>\n\n\n\n<p>.&nbsp;&nbsp;<\/p>\n\n\n\n<p>Asimismo, de acuerdo con la convocatoria para el proceso de designaci\u00f3n de la persona Titular de la Rector\u00eda General de la Universidad de Guanajuato para el periodo 2023-2027, este 10 de agosto concluy\u00f3 el plazo para que la comunidad universitaria emitiera su opini\u00f3n sobre el perfil, trayectoria de las personas candidatas, su proyecto para el desarrollo de la Universidad, su conocimiento de la realidad institucional y su capacidad para conducir a la Instituci\u00f3n.&nbsp;&nbsp;<\/p>\n\n\n\n<p>La Comisi\u00f3n Especial tomar\u00e1 en cuenta las opiniones de la comunidad universitaria, recabadas del 28 de julio al 10 de agosto de 2023. Dichas opiniones servir\u00e1n para que la Comisi\u00f3n Especial las pondere para el informe que presente al pleno del Consejo General Universitario, en una sesi\u00f3n extraordinaria que se realizar\u00e1 el 29 de agosto de 2023.&nbsp;&nbsp;<\/p>\n\n\n\n<p>En dicha sesi\u00f3n, adem\u00e1s, las personas candidatas presentar\u00e1n sus respectivos proyectos de desarrollo, y el Pleno resolver\u00e1 sobre la o las candidaturas que propondr\u00e1 a la Junta Directiva.&nbsp;&nbsp;<\/p>\n","protected":false},"excerpt":{"rendered":"Kuali\/Guanajuato, Gto.-Con la exposici\u00f3n de propuestas y respuestas a las principales inquietudes de la comunidad universitaria, concluyeron los foros de presentaci\u00f3n de proyectos de desarrollo de las personas candidatas a la Rector\u00eda General de la Universidad de Guanajuato (UG) para el periodo 2023-2027.\u00a0\u00a0 Los foros se realizaron del 7 al 10 de agosto en sedes [&hellip;]","protected":false},"author":2,"featured_media":124102,"comment_status":"open","ping_status":"open","sticky":false,"template":"","format":"standard","meta":{"_seopress_robots_primary_cat":"none","_seopress_titles_title":"","_seopress_titles_desc":"","_seopress_robots_index":"","_monsterinsights_skip_tracking":false,"_monsterinsights_sitenote_active":false,"_monsterinsights_sitenote_note":"","_monsterinsights_sitenote_category":0,"footnotes":""},"categories":[4,69],"tags":[],"class_list":["post-124099","post","type-post","status-publish","format-standard","has-post-thumbnail","hentry","category-educacion","category-slider"],"yoast_head":"<!-- This site is optimized with the Yoast SEO plugin v27.4 - https:\/\/yoast.com\/product\/yoast-seo-wordpress\/ -->\n<title>PRESENTAN PROYECTOS CANDIDATOS A LA RECTORIA DE LA UG - Kuali<\/title>\n<meta name=\"robots\" content=\"index, follow, max-snippet:-1, max-image-preview:large, max-video-preview:-1\" \/>\n<link rel=\"canonical\" href=\"https:\/\/kuali.com.mx\/web\/2023\/08\/11\/presentan-proyectos-candidatos-a-la-rectoria-de-la-ug\/\" \/>\n<meta property=\"og:locale\" content=\"es_MX\" \/>\n<meta property=\"og:type\" content=\"article\" \/>\n<meta property=\"og:title\" content=\"PRESENTAN PROYECTOS CANDIDATOS A LA RECTORIA DE LA UG - Kuali\" \/>\n<meta property=\"og:description\" content=\"Kuali\/Guanajuato, Gto.-Con la exposici\u00f3n de propuestas y respuestas a las principales inquietudes de la comunidad universitaria, concluyeron los foros de presentaci\u00f3n de proyectos de desarrollo de las personas candidatas a la Rector\u00eda General de la Universidad de Guanajuato (UG) para el periodo 2023-2027.\u00a0\u00a0 Los foros se realizaron del 7 al 10 de agosto en sedes [&hellip;]\" \/>\n<meta property=\"og:url\" content=\"https:\/\/kuali.com.mx\/web\/2023\/08\/11\/presentan-proyectos-candidatos-a-la-rectoria-de-la-ug\/\" \/>\n<meta property=\"og:site_name\" content=\"Kuali\" \/>\n<meta property=\"article:publisher\" content=\"https:\/\/kuali.com.mx\/web\/wp-content\/uploads\/2018\/04\/cropped-kuali_logo-1-1.png\" \/>\n<meta property=\"article:published_time\" content=\"2023-08-11T23:02:00+00:00\" \/>\n<meta property=\"article:modified_time\" content=\"2023-08-12T03:05:23+00:00\" \/>\n<meta property=\"og:image\" content=\"https:\/\/kuali.com.mx\/web\/wp-content\/uploads\/2023\/08\/Foros-de-presentacion-de-proyectos-de-las-personas-candidatas-a-la-Rectoria-General-Guanajuato.jpeg\" \/>\n\t<meta property=\"og:image:width\" content=\"1708\" \/>\n\t<meta property=\"og:image:height\" content=\"750\" \/>\n\t<meta property=\"og:image:type\" content=\"image\/jpeg\" \/>\n<meta name=\"author\" content=\"Kuali Staff\" \/>\n<meta name=\"twitter:card\" content=\"summary_large_image\" \/>\n<meta name=\"twitter:creator\" content=\"@kuali_noticias\" \/>\n<meta name=\"twitter:site\" content=\"@kuali_noticias\" \/>\n<meta name=\"twitter:label1\" content=\"Escrito por\" \/>\n\t<meta name=\"twitter:data1\" content=\"Kuali Staff\" \/>\n\t<meta name=\"twitter:label2\" content=\"Tiempo de lectura\" \/>\n\t<meta name=\"twitter:data2\" content=\"2 minutos\" \/>\n<script type=\"application\/ld+json\" class=\"yoast-schema-graph\">{\"@context\":\"https:\\\/\\\/schema.org\",\"@graph\":[{\"@type\":\"Article\",\"@id\":\"https:\\\/\\\/kuali.com.mx\\\/web\\\/2023\\\/08\\\/11\\\/presentan-proyectos-candidatos-a-la-rectoria-de-la-ug\\\/#article\",\"isPartOf\":{\"@id\":\"https:\\\/\\\/kuali.com.mx\\\/web\\\/2023\\\/08\\\/11\\\/presentan-proyectos-candidatos-a-la-rectoria-de-la-ug\\\/\"},\"author\":{\"name\":\"Kuali Staff\",\"@id\":\"https:\\\/\\\/kuali.com.mx\\\/web\\\/#\\\/schema\\\/person\\\/6f89ffa8ecba9dae50662357923c5289\"},\"headline\":\"PRESENTAN PROYECTOS CANDIDATOS A LA RECTORIA DE LA UG\",\"datePublished\":\"2023-08-11T23:02:00+00:00\",\"dateModified\":\"2023-08-12T03:05:23+00:00\",\"mainEntityOfPage\":{\"@id\":\"https:\\\/\\\/kuali.com.mx\\\/web\\\/2023\\\/08\\\/11\\\/presentan-proyectos-candidatos-a-la-rectoria-de-la-ug\\\/\"},\"wordCount\":466,\"commentCount\":0,\"image\":{\"@id\":\"https:\\\/\\\/kuali.com.mx\\\/web\\\/2023\\\/08\\\/11\\\/presentan-proyectos-candidatos-a-la-rectoria-de-la-ug\\\/#primaryimage\"},\"thumbnailUrl\":\"https:\\\/\\\/kuali.com.mx\\\/web\\\/wp-content\\\/uploads\\\/2023\\\/08\\\/Foros-de-presentacion-de-proyectos-de-las-personas-candidatas-a-la-Rectoria-General-Guanajuato.jpeg\",\"articleSection\":[\"Educaci\u00f3n\",\"slider\"],\"inLanguage\":\"es\",\"potentialAction\":[{\"@type\":\"CommentAction\",\"name\":\"Comment\",\"target\":[\"https:\\\/\\\/kuali.com.mx\\\/web\\\/2023\\\/08\\\/11\\\/presentan-proyectos-candidatos-a-la-rectoria-de-la-ug\\\/#respond\"]}]},{\"@type\":\"WebPage\",\"@id\":\"https:\\\/\\\/kuali.com.mx\\\/web\\\/2023\\\/08\\\/11\\\/presentan-proyectos-candidatos-a-la-rectoria-de-la-ug\\\/\",\"url\":\"https:\\\/\\\/kuali.com.mx\\\/web\\\/2023\\\/08\\\/11\\\/presentan-proyectos-candidatos-a-la-rectoria-de-la-ug\\\/\",\"name\":\"PRESENTAN PROYECTOS CANDIDATOS A LA RECTORIA DE LA UG - Kuali\",\"isPartOf\":{\"@id\":\"https:\\\/\\\/kuali.com.mx\\\/web\\\/#website\"},\"primaryImageOfPage\":{\"@id\":\"https:\\\/\\\/kuali.com.mx\\\/web\\\/2023\\\/08\\\/11\\\/presentan-proyectos-candidatos-a-la-rectoria-de-la-ug\\\/#primaryimage\"},\"image\":{\"@id\":\"https:\\\/\\\/kuali.com.mx\\\/web\\\/2023\\\/08\\\/11\\\/presentan-proyectos-candidatos-a-la-rectoria-de-la-ug\\\/#primaryimage\"},\"thumbnailUrl\":\"https:\\\/\\\/kuali.com.mx\\\/web\\\/wp-content\\\/uploads\\\/2023\\\/08\\\/Foros-de-presentacion-de-proyectos-de-las-personas-candidatas-a-la-Rectoria-General-Guanajuato.jpeg\",\"datePublished\":\"2023-08-11T23:02:00+00:00\",\"dateModified\":\"2023-08-12T03:05:23+00:00\",\"author\":{\"@id\":\"https:\\\/\\\/kuali.com.mx\\\/web\\\/#\\\/schema\\\/person\\\/6f89ffa8ecba9dae50662357923c5289\"},\"breadcrumb\":{\"@id\":\"https:\\\/\\\/kuali.com.mx\\\/web\\\/2023\\\/08\\\/11\\\/presentan-proyectos-candidatos-a-la-rectoria-de-la-ug\\\/#breadcrumb\"},\"inLanguage\":\"es\",\"potentialAction\":[{\"@type\":\"ReadAction\",\"target\":[\"https:\\\/\\\/kuali.com.mx\\\/web\\\/2023\\\/08\\\/11\\\/presentan-proyectos-candidatos-a-la-rectoria-de-la-ug\\\/\"]}]},{\"@type\":\"ImageObject\",\"inLanguage\":\"es\",\"@id\":\"https:\\\/\\\/kuali.com.mx\\\/web\\\/2023\\\/08\\\/11\\\/presentan-proyectos-candidatos-a-la-rectoria-de-la-ug\\\/#primaryimage\",\"url\":\"https:\\\/\\\/kuali.com.mx\\\/web\\\/wp-content\\\/uploads\\\/2023\\\/08\\\/Foros-de-presentacion-de-proyectos-de-las-personas-candidatas-a-la-Rectoria-General-Guanajuato.jpeg\",\"contentUrl\":\"https:\\\/\\\/kuali.com.mx\\\/web\\\/wp-content\\\/uploads\\\/2023\\\/08\\\/Foros-de-presentacion-de-proyectos-de-las-personas-candidatas-a-la-Rectoria-General-Guanajuato.jpeg\",\"width\":1708,\"height\":750},{\"@type\":\"BreadcrumbList\",\"@id\":\"https:\\\/\\\/kuali.com.mx\\\/web\\\/2023\\\/08\\\/11\\\/presentan-proyectos-candidatos-a-la-rectoria-de-la-ug\\\/#breadcrumb\",\"itemListElement\":[{\"@type\":\"ListItem\",\"position\":1,\"name\":\"Inicio\",\"item\":\"https:\\\/\\\/kuali.com.mx\\\/web\\\/\"},{\"@type\":\"ListItem\",\"position\":2,\"name\":\"PRESENTAN PROYECTOS CANDIDATOS A LA RECTORIA DE LA UG\"}]},{\"@type\":\"WebSite\",\"@id\":\"https:\\\/\\\/kuali.com.mx\\\/web\\\/#website\",\"url\":\"https:\\\/\\\/kuali.com.mx\\\/web\\\/\",\"name\":\"Kuali\",\"description\":\"\",\"potentialAction\":[{\"@type\":\"SearchAction\",\"target\":{\"@type\":\"EntryPoint\",\"urlTemplate\":\"https:\\\/\\\/kuali.com.mx\\\/web\\\/?s={search_term_string}\"},\"query-input\":{\"@type\":\"PropertyValueSpecification\",\"valueRequired\":true,\"valueName\":\"search_term_string\"}}],\"inLanguage\":\"es\"},{\"@type\":\"Person\",\"@id\":\"https:\\\/\\\/kuali.com.mx\\\/web\\\/#\\\/schema\\\/person\\\/6f89ffa8ecba9dae50662357923c5289\",\"name\":\"Kuali Staff\",\"image\":{\"@type\":\"ImageObject\",\"inLanguage\":\"es\",\"@id\":\"https:\\\/\\\/secure.gravatar.com\\\/avatar\\\/f917ad82e5ab71227a733c78b6e60715476f69ee6be59feee4eb5d9920c89e0f?s=96&d=mm&r=g\",\"url\":\"https:\\\/\\\/secure.gravatar.com\\\/avatar\\\/f917ad82e5ab71227a733c78b6e60715476f69ee6be59feee4eb5d9920c89e0f?s=96&d=mm&r=g\",\"contentUrl\":\"https:\\\/\\\/secure.gravatar.com\\\/avatar\\\/f917ad82e5ab71227a733c78b6e60715476f69ee6be59feee4eb5d9920c89e0f?s=96&d=mm&r=g\",\"caption\":\"Kuali Staff\"},\"url\":\"https:\\\/\\\/kuali.com.mx\\\/web\\\/author\\\/lagarto\\\/\"}]}<\/script>\n<!-- \/ Yoast SEO plugin. -->","yoast_head_json":{"title":"PRESENTAN PROYECTOS CANDIDATOS A LA RECTORIA DE LA UG - Kuali","robots":{"index":"index","follow":"follow","max-snippet":"max-snippet:-1","max-image-preview":"max-image-preview:large","max-video-preview":"max-video-preview:-1"},"canonical":"https:\/\/kuali.com.mx\/web\/2023\/08\/11\/presentan-proyectos-candidatos-a-la-rectoria-de-la-ug\/","og_locale":"es_MX","og_type":"article","og_title":"PRESENTAN PROYECTOS CANDIDATOS A LA RECTORIA DE LA UG - Kuali","og_description":"Kuali\/Guanajuato, Gto.-Con la exposici\u00f3n de propuestas y respuestas a las principales inquietudes de la comunidad universitaria, concluyeron los foros de presentaci\u00f3n de proyectos de desarrollo de las personas candidatas a la Rector\u00eda General de la Universidad de Guanajuato (UG) para el periodo 2023-2027.\u00a0\u00a0 Los foros se realizaron del 7 al 10 de agosto en sedes [&hellip;]","og_url":"https:\/\/kuali.com.mx\/web\/2023\/08\/11\/presentan-proyectos-candidatos-a-la-rectoria-de-la-ug\/","og_site_name":"Kuali","article_publisher":"https:\/\/kuali.com.mx\/web\/wp-content\/uploads\/2018\/04\/cropped-kuali_logo-1-1.png","article_published_time":"2023-08-11T23:02:00+00:00","article_modified_time":"2023-08-12T03:05:23+00:00","og_image":[{"width":1708,"height":750,"url":"https:\/\/kuali.com.mx\/web\/wp-content\/uploads\/2023\/08\/Foros-de-presentacion-de-proyectos-de-las-personas-candidatas-a-la-Rectoria-General-Guanajuato.jpeg","type":"image\/jpeg"}],"author":"Kuali Staff","twitter_card":"summary_large_image","twitter_creator":"@kuali_noticias","twitter_site":"@kuali_noticias","twitter_misc":{"Escrito por":"Kuali Staff","Tiempo de lectura":"2 minutos"},"schema":{"@context":"https:\/\/schema.org","@graph":[{"@type":"Article","@id":"https:\/\/kuali.com.mx\/web\/2023\/08\/11\/presentan-proyectos-candidatos-a-la-rectoria-de-la-ug\/#article","isPartOf":{"@id":"https:\/\/kuali.com.mx\/web\/2023\/08\/11\/presentan-proyectos-candidatos-a-la-rectoria-de-la-ug\/"},"author":{"name":"Kuali Staff","@id":"https:\/\/kuali.com.mx\/web\/#\/schema\/person\/6f89ffa8ecba9dae50662357923c5289"},"headline":"PRESENTAN PROYECTOS CANDIDATOS A LA RECTORIA DE LA UG","datePublished":"2023-08-11T23:02:00+00:00","dateModified":"2023-08-12T03:05:23+00:00","mainEntityOfPage":{"@id":"https:\/\/kuali.com.mx\/web\/2023\/08\/11\/presentan-proyectos-candidatos-a-la-rectoria-de-la-ug\/"},"wordCount":466,"commentCount":0,"image":{"@id":"https:\/\/kuali.com.mx\/web\/2023\/08\/11\/presentan-proyectos-candidatos-a-la-rectoria-de-la-ug\/#primaryimage"},"thumbnailUrl":"https:\/\/kuali.com.mx\/web\/wp-content\/uploads\/2023\/08\/Foros-de-presentacion-de-proyectos-de-las-personas-candidatas-a-la-Rectoria-General-Guanajuato.jpeg","articleSection":["Educaci\u00f3n","slider"],"inLanguage":"es","potentialAction":[{"@type":"CommentAction","name":"Comment","target":["https:\/\/kuali.com.mx\/web\/2023\/08\/11\/presentan-proyectos-candidatos-a-la-rectoria-de-la-ug\/#respond"]}]},{"@type":"WebPage","@id":"https:\/\/kuali.com.mx\/web\/2023\/08\/11\/presentan-proyectos-candidatos-a-la-rectoria-de-la-ug\/","url":"https:\/\/kuali.com.mx\/web\/2023\/08\/11\/presentan-proyectos-candidatos-a-la-rectoria-de-la-ug\/","name":"PRESENTAN PROYECTOS CANDIDATOS A LA RECTORIA DE LA UG - Kuali","isPartOf":{"@id":"https:\/\/kuali.com.mx\/web\/#website"},"primaryImageOfPage":{"@id":"https:\/\/kuali.com.mx\/web\/2023\/08\/11\/presentan-proyectos-candidatos-a-la-rectoria-de-la-ug\/#primaryimage"},"image":{"@id":"https:\/\/kuali.com.mx\/web\/2023\/08\/11\/presentan-proyectos-candidatos-a-la-rectoria-de-la-ug\/#primaryimage"},"thumbnailUrl":"https:\/\/kuali.com.mx\/web\/wp-content\/uploads\/2023\/08\/Foros-de-presentacion-de-proyectos-de-las-personas-candidatas-a-la-Rectoria-General-Guanajuato.jpeg","datePublished":"2023-08-11T23:02:00+00:00","dateModified":"2023-08-12T03:05:23+00:00","author":{"@id":"https:\/\/kuali.com.mx\/web\/#\/schema\/person\/6f89ffa8ecba9dae50662357923c5289"},"breadcrumb":{"@id":"https:\/\/kuali.com.mx\/web\/2023\/08\/11\/presentan-proyectos-candidatos-a-la-rectoria-de-la-ug\/#breadcrumb"},"inLanguage":"es","potentialAction":[{"@type":"ReadAction","target":["https:\/\/kuali.com.mx\/web\/2023\/08\/11\/presentan-proyectos-candidatos-a-la-rectoria-de-la-ug\/"]}]},{"@type":"ImageObject","inLanguage":"es","@id":"https:\/\/kuali.com.mx\/web\/2023\/08\/11\/presentan-proyectos-candidatos-a-la-rectoria-de-la-ug\/#primaryimage","url":"https:\/\/kuali.com.mx\/web\/wp-content\/uploads\/2023\/08\/Foros-de-presentacion-de-proyectos-de-las-personas-candidatas-a-la-Rectoria-General-Guanajuato.jpeg","contentUrl":"https:\/\/kuali.com.mx\/web\/wp-content\/uploads\/2023\/08\/Foros-de-presentacion-de-proyectos-de-las-personas-candidatas-a-la-Rectoria-General-Guanajuato.jpeg","width":1708,"height":750},{"@type":"BreadcrumbList","@id":"https:\/\/kuali.com.mx\/web\/2023\/08\/11\/presentan-proyectos-candidatos-a-la-rectoria-de-la-ug\/#breadcrumb","itemListElement":[{"@type":"ListItem","position":1,"name":"Inicio","item":"https:\/\/kuali.com.mx\/web\/"},{"@type":"ListItem","position":2,"name":"PRESENTAN PROYECTOS CANDIDATOS A LA RECTORIA DE LA UG"}]},{"@type":"WebSite","@id":"https:\/\/kuali.com.mx\/web\/#website","url":"https:\/\/kuali.com.mx\/web\/","name":"Kuali","description":"","potentialAction":[{"@type":"SearchAction","target":{"@type":"EntryPoint","urlTemplate":"https:\/\/kuali.com.mx\/web\/?s={search_term_string}"},"query-input":{"@type":"PropertyValueSpecification","valueRequired":true,"valueName":"search_term_string"}}],"inLanguage":"es"},{"@type":"Person","@id":"https:\/\/kuali.com.mx\/web\/#\/schema\/person\/6f89ffa8ecba9dae50662357923c5289","name":"Kuali Staff","image":{"@type":"ImageObject","inLanguage":"es","@id":"https:\/\/secure.gravatar.com\/avatar\/f917ad82e5ab71227a733c78b6e60715476f69ee6be59feee4eb5d9920c89e0f?s=96&d=mm&r=g","url":"https:\/\/secure.gravatar.com\/avatar\/f917ad82e5ab71227a733c78b6e60715476f69ee6be59feee4eb5d9920c89e0f?s=96&d=mm&r=g","contentUrl":"https:\/\/secure.gravatar.com\/avatar\/f917ad82e5ab71227a733c78b6e60715476f69ee6be59feee4eb5d9920c89e0f?s=96&d=mm&r=g","caption":"Kuali Staff"},"url":"https:\/\/kuali.com.mx\/web\/author\/lagarto\/"}]}},"_links":{"self":[{"href":"https:\/\/kuali.com.mx\/web\/wp-json\/wp\/v2\/posts\/124099","targetHints":{"allow":["GET"]}}],"collection":[{"href":"https:\/\/kuali.com.mx\/web\/wp-json\/wp\/v2\/posts"}],"about":[{"href":"https:\/\/kuali.com.mx\/web\/wp-json\/wp\/v2\/types\/post"}],"author":[{"embeddable":true,"href":"https:\/\/kuali.com.mx\/web\/wp-json\/wp\/v2\/users\/2"}],"replies":[{"embeddable":true,"href":"https:\/\/kuali.com.mx\/web\/wp-json\/wp\/v2\/comments?post=124099"}],"version-history":[{"count":1,"href":"https:\/\/kuali.com.mx\/web\/wp-json\/wp\/v2\/posts\/124099\/revisions"}],"predecessor-version":[{"id":124103,"href":"https:\/\/kuali.com.mx\/web\/wp-json\/wp\/v2\/posts\/124099\/revisions\/124103"}],"wp:featuredmedia":[{"embeddable":true,"href":"https:\/\/kuali.com.mx\/web\/wp-json\/wp\/v2\/media\/124102"}],"wp:attachment":[{"href":"https:\/\/kuali.com.mx\/web\/wp-json\/wp\/v2\/media?parent=124099"}],"wp:term":[{"taxonomy":"category","embeddable":true,"href":"https:\/\/kuali.com.mx\/web\/wp-json\/wp\/v2\/categories?post=124099"},{"taxonomy":"post_tag","embeddable":true,"href":"https:\/\/kuali.com.mx\/web\/wp-json\/wp\/v2\/tags?post=124099"}],"curies":[{"name":"wp","href":"https:\/\/api.w.org\/{rel}","templated":true}]}}