{"id":123848,"date":"2023-08-07T13:04:05","date_gmt":"2023-08-07T19:04:05","guid":{"rendered":"https:\/\/kuali.com.mx\/web\/?p=123848"},"modified":"2023-08-08T17:49:53","modified_gmt":"2023-08-08T23:49:53","slug":"esperan-mil-jovenes-a-primera-cumbre-de-la-juventud-en-silao","status":"publish","type":"post","link":"https:\/\/kuali.com.mx\/web\/2023\/08\/07\/esperan-mil-jovenes-a-primera-cumbre-de-la-juventud-en-silao\/","title":{"rendered":"ESPERAN MIL J\u00d3VENES A PRIMERA CUMBRE DE LA JUVENTUD EN SILAO"},"content":{"rendered":"\n<p><strong>Alicia Arias\/Silao de la Victoria, Gto.- <\/strong>El Gobierno Municipal de Silao planea reunir a mil j\u00f3venes en la Primera Cumbre de la Juventud que se realiza en el estado de Guanajuato para celebrar el D\u00eda de la Juventud que se conmemora cada 12 de agosto.<\/p>\n\n\n\n<p>El objetivo de la cumbre es impulsar el potencial de las juventudes guanajuatenses en \u00e1mbitos acad\u00e9micos, deportivos y culturales.<\/p>\n\n\n\n<iframe loading=\"lazy\" src=\"https:\/\/www.facebook.com\/plugins\/video.php?height=308&href=https%3A%2F%2Fwww.facebook.com%2FKualiNoticias%2Fvideos%2F823804622659074%2F&show_text=false&width=560&t=0\" width=\"560\" height=\"308\" style=\"border:none;overflow:hidden\" scrolling=\"no\" frameborder=\"0\" allowfullscreen=\"true\" allow=\"autoplay; clipboard-write; encrypted-media; picture-in-picture; web-share\" allowFullScreen=\"true\"><\/iframe>\n\n\n\n<p>Al dar a conocer este lunes en conferencia de prensa los pormenores de la cumbre, el presidente municipal de Silao, Carlos Garc\u00eda Villase\u00f1or, destac\u00f3 la importancia de integrar a las juventudes en los aspectos sobresalientes del municipio, como son las oportunidades laborales y espacios dignos para la participaci\u00f3n social y econ\u00f3mica.<\/p>\n\n\n\n<p>La cumbre responde al programa de su gobierno \u201cTriple H\u00e9lice\u201d, que concentra el trabajo para la regeneraci\u00f3n del tejido social, posicionando a la juventud como agente importante para el cambio positivo.<\/p>\n\n\n\n<p>Dijo que es necesario que los puestos sobresalientes en las empresas y las instancias gubernamentales puedan ser ocupados por gente joven ya que representa la oportunidad para la innovaci\u00f3n.<\/p>\n\n\n\n<p>Crist\u00f3bal Aguilar Romero, titular del Instituto Municipal de la Juventud Silaoense, habl\u00f3 del programa que se desarrollar\u00e1 durante la cumbre, incluyendo temas y actividades de rescate cultural, de &nbsp;la importancia del apoyo a j\u00f3venes l\u00edderes, de la prevenci\u00f3n de adicciones y del uso de la mente factura.<\/p>\n\n\n\n<p>Adem\u00e1s, habr\u00e1 conciertos, presentaciones culturales, actividades deportivas y ponencias centradas en el emprendimiento y el Networking, as\u00ed como talleres encabezados por empresas l\u00edderes como Nestl\u00e9, Ashimori, THK y Continental.<\/p>\n\n\n\n<p>Se contar\u00e1 con un pabell\u00f3n con 25 emprendedores, habr\u00e1 na carrera ciclista, concierto con Djs y un grupo de m\u00fasica norte\u00f1a; as\u00ed como venta de la mejor gastronom\u00eda estatal.<\/p>\n\n\n<div class=\"wp-block-image\">\n<figure class=\"aligncenter size-large\"><img loading=\"lazy\" decoding=\"async\" width=\"650\" height=\"1024\" src=\"https:\/\/kuali.com.mx\/web\/wp-content\/uploads\/2023\/08\/Convocatoria-concurso-de-rap_Silao-650x1024.gif\" alt=\"\" class=\"wp-image-123851\" srcset=\"https:\/\/kuali.com.mx\/web\/wp-content\/uploads\/2023\/08\/Convocatoria-concurso-de-rap_Silao-650x1024.gif 650w, https:\/\/kuali.com.mx\/web\/wp-content\/uploads\/2023\/08\/Convocatoria-concurso-de-rap_Silao-190x300.gif 190w, https:\/\/kuali.com.mx\/web\/wp-content\/uploads\/2023\/08\/Convocatoria-concurso-de-rap_Silao-768x1211.gif 768w, https:\/\/kuali.com.mx\/web\/wp-content\/uploads\/2023\/08\/Convocatoria-concurso-de-rap_Silao-74x116.gif 74w\" sizes=\"auto, (max-width: 650px) 100vw, 650px\" \/><\/figure>\n<\/div>\n\n\n<p>Por el momento, ya se tienen 400 j\u00f3venes inscritos y la participaci\u00f3n est\u00e1 abierta a todas las juventudes del estado de Guanajuato.<\/p>\n\n\n\n<p>El evento tendr\u00e1 lugar en el Parque La Alameda de 07:00 de la ma\u00f1ana a 10:30 de la noche. Todas las actividades ser\u00e1n gratuitas y el registro se puede realizar a trav\u00e9s de las redes sociales del gobierno municipal de Silao.<\/p>\n","protected":false},"excerpt":{"rendered":"Alicia Arias\/Silao de la Victoria, Gto.- El Gobierno Municipal de Silao planea reunir a mil j\u00f3venes en la Primera Cumbre de la Juventud que se realiza en el estado de Guanajuato para celebrar el D\u00eda de la Juventud que se conmemora cada 12 de agosto. El objetivo de la cumbre es impulsar el potencial de [&hellip;]","protected":false},"author":2,"featured_media":123852,"comment_status":"open","ping_status":"open","sticky":false,"template":"","format":"standard","meta":{"_seopress_robots_primary_cat":"none","_seopress_titles_title":"","_seopress_titles_desc":"","_seopress_robots_index":"","_monsterinsights_skip_tracking":false,"_monsterinsights_sitenote_active":false,"_monsterinsights_sitenote_note":"","_monsterinsights_sitenote_category":0,"footnotes":""},"categories":[14],"tags":[2330,2699,1086,318,12],"class_list":["post-123848","post","type-post","status-publish","format-standard","has-post-thumbnail","hentry","category-derechos","tag-celebraciones","tag-cumbres","tag-deporte","tag-juventud","tag-silao"],"yoast_head":"<!-- This site is optimized with the Yoast SEO plugin v27.4 - https:\/\/yoast.com\/product\/yoast-seo-wordpress\/ -->\n<title>ESPERAN MIL J\u00d3VENES A PRIMERA CUMBRE DE LA JUVENTUD EN SILAO - Kuali<\/title>\n<meta name=\"robots\" content=\"index, follow, max-snippet:-1, max-image-preview:large, max-video-preview:-1\" \/>\n<link rel=\"canonical\" href=\"https:\/\/kuali.com.mx\/web\/2023\/08\/07\/esperan-mil-jovenes-a-primera-cumbre-de-la-juventud-en-silao\/\" \/>\n<meta property=\"og:locale\" content=\"es_MX\" \/>\n<meta property=\"og:type\" content=\"article\" \/>\n<meta property=\"og:title\" content=\"ESPERAN MIL J\u00d3VENES A PRIMERA CUMBRE DE LA JUVENTUD EN SILAO - Kuali\" \/>\n<meta property=\"og:description\" content=\"Alicia Arias\/Silao de la Victoria, Gto.- El Gobierno Municipal de Silao planea reunir a mil j\u00f3venes en la Primera Cumbre de la Juventud que se realiza en el estado de Guanajuato para celebrar el D\u00eda de la Juventud que se conmemora cada 12 de agosto. El objetivo de la cumbre es impulsar el potencial de [&hellip;]\" \/>\n<meta property=\"og:url\" content=\"https:\/\/kuali.com.mx\/web\/2023\/08\/07\/esperan-mil-jovenes-a-primera-cumbre-de-la-juventud-en-silao\/\" \/>\n<meta property=\"og:site_name\" content=\"Kuali\" \/>\n<meta property=\"article:publisher\" content=\"https:\/\/kuali.com.mx\/web\/wp-content\/uploads\/2018\/04\/cropped-kuali_logo-1-1.png\" \/>\n<meta property=\"article:published_time\" content=\"2023-08-07T19:04:05+00:00\" \/>\n<meta property=\"article:modified_time\" content=\"2023-08-08T23:49:53+00:00\" \/>\n<meta property=\"og:image\" content=\"https:\/\/kuali.com.mx\/web\/wp-content\/uploads\/2023\/08\/Previo-Cumbre-de-jovenes-Silao.gif\" \/>\n\t<meta property=\"og:image:width\" content=\"1813\" \/>\n\t<meta property=\"og:image:height\" content=\"750\" \/>\n\t<meta property=\"og:image:type\" content=\"image\/gif\" \/>\n<meta name=\"author\" content=\"Kuali Staff\" \/>\n<meta name=\"twitter:card\" content=\"summary_large_image\" \/>\n<meta name=\"twitter:creator\" content=\"@kuali_noticias\" \/>\n<meta name=\"twitter:site\" content=\"@kuali_noticias\" \/>\n<meta name=\"twitter:label1\" content=\"Escrito por\" \/>\n\t<meta name=\"twitter:data1\" content=\"Kuali Staff\" \/>\n\t<meta name=\"twitter:label2\" content=\"Tiempo de lectura\" \/>\n\t<meta name=\"twitter:data2\" content=\"2 minutos\" \/>\n<script type=\"application\/ld+json\" class=\"yoast-schema-graph\">{\"@context\":\"https:\\\/\\\/schema.org\",\"@graph\":[{\"@type\":\"Article\",\"@id\":\"https:\\\/\\\/kuali.com.mx\\\/web\\\/2023\\\/08\\\/07\\\/esperan-mil-jovenes-a-primera-cumbre-de-la-juventud-en-silao\\\/#article\",\"isPartOf\":{\"@id\":\"https:\\\/\\\/kuali.com.mx\\\/web\\\/2023\\\/08\\\/07\\\/esperan-mil-jovenes-a-primera-cumbre-de-la-juventud-en-silao\\\/\"},\"author\":{\"name\":\"Kuali Staff\",\"@id\":\"https:\\\/\\\/kuali.com.mx\\\/web\\\/#\\\/schema\\\/person\\\/6f89ffa8ecba9dae50662357923c5289\"},\"headline\":\"ESPERAN MIL J\u00d3VENES A PRIMERA CUMBRE DE LA JUVENTUD EN SILAO\",\"datePublished\":\"2023-08-07T19:04:05+00:00\",\"dateModified\":\"2023-08-08T23:49:53+00:00\",\"mainEntityOfPage\":{\"@id\":\"https:\\\/\\\/kuali.com.mx\\\/web\\\/2023\\\/08\\\/07\\\/esperan-mil-jovenes-a-primera-cumbre-de-la-juventud-en-silao\\\/\"},\"wordCount\":378,\"commentCount\":0,\"image\":{\"@id\":\"https:\\\/\\\/kuali.com.mx\\\/web\\\/2023\\\/08\\\/07\\\/esperan-mil-jovenes-a-primera-cumbre-de-la-juventud-en-silao\\\/#primaryimage\"},\"thumbnailUrl\":\"https:\\\/\\\/kuali.com.mx\\\/web\\\/wp-content\\\/uploads\\\/2023\\\/08\\\/Previo-Cumbre-de-jovenes-Silao.gif\",\"keywords\":[\"Celebraciones\",\"Cumbres\",\"Deporte\",\"Juventud\",\"Silao\"],\"articleSection\":[\"Derechos Humanos\"],\"inLanguage\":\"es\",\"potentialAction\":[{\"@type\":\"CommentAction\",\"name\":\"Comment\",\"target\":[\"https:\\\/\\\/kuali.com.mx\\\/web\\\/2023\\\/08\\\/07\\\/esperan-mil-jovenes-a-primera-cumbre-de-la-juventud-en-silao\\\/#respond\"]}]},{\"@type\":\"WebPage\",\"@id\":\"https:\\\/\\\/kuali.com.mx\\\/web\\\/2023\\\/08\\\/07\\\/esperan-mil-jovenes-a-primera-cumbre-de-la-juventud-en-silao\\\/\",\"url\":\"https:\\\/\\\/kuali.com.mx\\\/web\\\/2023\\\/08\\\/07\\\/esperan-mil-jovenes-a-primera-cumbre-de-la-juventud-en-silao\\\/\",\"name\":\"ESPERAN MIL J\u00d3VENES A PRIMERA CUMBRE DE LA JUVENTUD EN SILAO - Kuali\",\"isPartOf\":{\"@id\":\"https:\\\/\\\/kuali.com.mx\\\/web\\\/#website\"},\"primaryImageOfPage\":{\"@id\":\"https:\\\/\\\/kuali.com.mx\\\/web\\\/2023\\\/08\\\/07\\\/esperan-mil-jovenes-a-primera-cumbre-de-la-juventud-en-silao\\\/#primaryimage\"},\"image\":{\"@id\":\"https:\\\/\\\/kuali.com.mx\\\/web\\\/2023\\\/08\\\/07\\\/esperan-mil-jovenes-a-primera-cumbre-de-la-juventud-en-silao\\\/#primaryimage\"},\"thumbnailUrl\":\"https:\\\/\\\/kuali.com.mx\\\/web\\\/wp-content\\\/uploads\\\/2023\\\/08\\\/Previo-Cumbre-de-jovenes-Silao.gif\",\"datePublished\":\"2023-08-07T19:04:05+00:00\",\"dateModified\":\"2023-08-08T23:49:53+00:00\",\"author\":{\"@id\":\"https:\\\/\\\/kuali.com.mx\\\/web\\\/#\\\/schema\\\/person\\\/6f89ffa8ecba9dae50662357923c5289\"},\"breadcrumb\":{\"@id\":\"https:\\\/\\\/kuali.com.mx\\\/web\\\/2023\\\/08\\\/07\\\/esperan-mil-jovenes-a-primera-cumbre-de-la-juventud-en-silao\\\/#breadcrumb\"},\"inLanguage\":\"es\",\"potentialAction\":[{\"@type\":\"ReadAction\",\"target\":[\"https:\\\/\\\/kuali.com.mx\\\/web\\\/2023\\\/08\\\/07\\\/esperan-mil-jovenes-a-primera-cumbre-de-la-juventud-en-silao\\\/\"]}]},{\"@type\":\"ImageObject\",\"inLanguage\":\"es\",\"@id\":\"https:\\\/\\\/kuali.com.mx\\\/web\\\/2023\\\/08\\\/07\\\/esperan-mil-jovenes-a-primera-cumbre-de-la-juventud-en-silao\\\/#primaryimage\",\"url\":\"https:\\\/\\\/kuali.com.mx\\\/web\\\/wp-content\\\/uploads\\\/2023\\\/08\\\/Previo-Cumbre-de-jovenes-Silao.gif\",\"contentUrl\":\"https:\\\/\\\/kuali.com.mx\\\/web\\\/wp-content\\\/uploads\\\/2023\\\/08\\\/Previo-Cumbre-de-jovenes-Silao.gif\",\"width\":1813,\"height\":750},{\"@type\":\"BreadcrumbList\",\"@id\":\"https:\\\/\\\/kuali.com.mx\\\/web\\\/2023\\\/08\\\/07\\\/esperan-mil-jovenes-a-primera-cumbre-de-la-juventud-en-silao\\\/#breadcrumb\",\"itemListElement\":[{\"@type\":\"ListItem\",\"position\":1,\"name\":\"Inicio\",\"item\":\"https:\\\/\\\/kuali.com.mx\\\/web\\\/\"},{\"@type\":\"ListItem\",\"position\":2,\"name\":\"ESPERAN MIL J\u00d3VENES A PRIMERA CUMBRE DE LA JUVENTUD EN SILAO\"}]},{\"@type\":\"WebSite\",\"@id\":\"https:\\\/\\\/kuali.com.mx\\\/web\\\/#website\",\"url\":\"https:\\\/\\\/kuali.com.mx\\\/web\\\/\",\"name\":\"Kuali\",\"description\":\"\",\"potentialAction\":[{\"@type\":\"SearchAction\",\"target\":{\"@type\":\"EntryPoint\",\"urlTemplate\":\"https:\\\/\\\/kuali.com.mx\\\/web\\\/?s={search_term_string}\"},\"query-input\":{\"@type\":\"PropertyValueSpecification\",\"valueRequired\":true,\"valueName\":\"search_term_string\"}}],\"inLanguage\":\"es\"},{\"@type\":\"Person\",\"@id\":\"https:\\\/\\\/kuali.com.mx\\\/web\\\/#\\\/schema\\\/person\\\/6f89ffa8ecba9dae50662357923c5289\",\"name\":\"Kuali Staff\",\"image\":{\"@type\":\"ImageObject\",\"inLanguage\":\"es\",\"@id\":\"https:\\\/\\\/secure.gravatar.com\\\/avatar\\\/f917ad82e5ab71227a733c78b6e60715476f69ee6be59feee4eb5d9920c89e0f?s=96&d=mm&r=g\",\"url\":\"https:\\\/\\\/secure.gravatar.com\\\/avatar\\\/f917ad82e5ab71227a733c78b6e60715476f69ee6be59feee4eb5d9920c89e0f?s=96&d=mm&r=g\",\"contentUrl\":\"https:\\\/\\\/secure.gravatar.com\\\/avatar\\\/f917ad82e5ab71227a733c78b6e60715476f69ee6be59feee4eb5d9920c89e0f?s=96&d=mm&r=g\",\"caption\":\"Kuali Staff\"},\"url\":\"https:\\\/\\\/kuali.com.mx\\\/web\\\/author\\\/lagarto\\\/\"}]}<\/script>\n<!-- \/ Yoast SEO plugin. -->","yoast_head_json":{"title":"ESPERAN MIL J\u00d3VENES A PRIMERA CUMBRE DE LA JUVENTUD EN SILAO - Kuali","robots":{"index":"index","follow":"follow","max-snippet":"max-snippet:-1","max-image-preview":"max-image-preview:large","max-video-preview":"max-video-preview:-1"},"canonical":"https:\/\/kuali.com.mx\/web\/2023\/08\/07\/esperan-mil-jovenes-a-primera-cumbre-de-la-juventud-en-silao\/","og_locale":"es_MX","og_type":"article","og_title":"ESPERAN MIL J\u00d3VENES A PRIMERA CUMBRE DE LA JUVENTUD EN SILAO - Kuali","og_description":"Alicia Arias\/Silao de la Victoria, Gto.- El Gobierno Municipal de Silao planea reunir a mil j\u00f3venes en la Primera Cumbre de la Juventud que se realiza en el estado de Guanajuato para celebrar el D\u00eda de la Juventud que se conmemora cada 12 de agosto. El objetivo de la cumbre es impulsar el potencial de [&hellip;]","og_url":"https:\/\/kuali.com.mx\/web\/2023\/08\/07\/esperan-mil-jovenes-a-primera-cumbre-de-la-juventud-en-silao\/","og_site_name":"Kuali","article_publisher":"https:\/\/kuali.com.mx\/web\/wp-content\/uploads\/2018\/04\/cropped-kuali_logo-1-1.png","article_published_time":"2023-08-07T19:04:05+00:00","article_modified_time":"2023-08-08T23:49:53+00:00","og_image":[{"width":1813,"height":750,"url":"https:\/\/kuali.com.mx\/web\/wp-content\/uploads\/2023\/08\/Previo-Cumbre-de-jovenes-Silao.gif","type":"image\/gif"}],"author":"Kuali Staff","twitter_card":"summary_large_image","twitter_creator":"@kuali_noticias","twitter_site":"@kuali_noticias","twitter_misc":{"Escrito por":"Kuali Staff","Tiempo de lectura":"2 minutos"},"schema":{"@context":"https:\/\/schema.org","@graph":[{"@type":"Article","@id":"https:\/\/kuali.com.mx\/web\/2023\/08\/07\/esperan-mil-jovenes-a-primera-cumbre-de-la-juventud-en-silao\/#article","isPartOf":{"@id":"https:\/\/kuali.com.mx\/web\/2023\/08\/07\/esperan-mil-jovenes-a-primera-cumbre-de-la-juventud-en-silao\/"},"author":{"name":"Kuali Staff","@id":"https:\/\/kuali.com.mx\/web\/#\/schema\/person\/6f89ffa8ecba9dae50662357923c5289"},"headline":"ESPERAN MIL J\u00d3VENES A PRIMERA CUMBRE DE LA JUVENTUD EN SILAO","datePublished":"2023-08-07T19:04:05+00:00","dateModified":"2023-08-08T23:49:53+00:00","mainEntityOfPage":{"@id":"https:\/\/kuali.com.mx\/web\/2023\/08\/07\/esperan-mil-jovenes-a-primera-cumbre-de-la-juventud-en-silao\/"},"wordCount":378,"commentCount":0,"image":{"@id":"https:\/\/kuali.com.mx\/web\/2023\/08\/07\/esperan-mil-jovenes-a-primera-cumbre-de-la-juventud-en-silao\/#primaryimage"},"thumbnailUrl":"https:\/\/kuali.com.mx\/web\/wp-content\/uploads\/2023\/08\/Previo-Cumbre-de-jovenes-Silao.gif","keywords":["Celebraciones","Cumbres","Deporte","Juventud","Silao"],"articleSection":["Derechos Humanos"],"inLanguage":"es","potentialAction":[{"@type":"CommentAction","name":"Comment","target":["https:\/\/kuali.com.mx\/web\/2023\/08\/07\/esperan-mil-jovenes-a-primera-cumbre-de-la-juventud-en-silao\/#respond"]}]},{"@type":"WebPage","@id":"https:\/\/kuali.com.mx\/web\/2023\/08\/07\/esperan-mil-jovenes-a-primera-cumbre-de-la-juventud-en-silao\/","url":"https:\/\/kuali.com.mx\/web\/2023\/08\/07\/esperan-mil-jovenes-a-primera-cumbre-de-la-juventud-en-silao\/","name":"ESPERAN MIL J\u00d3VENES A PRIMERA CUMBRE DE LA JUVENTUD EN SILAO - Kuali","isPartOf":{"@id":"https:\/\/kuali.com.mx\/web\/#website"},"primaryImageOfPage":{"@id":"https:\/\/kuali.com.mx\/web\/2023\/08\/07\/esperan-mil-jovenes-a-primera-cumbre-de-la-juventud-en-silao\/#primaryimage"},"image":{"@id":"https:\/\/kuali.com.mx\/web\/2023\/08\/07\/esperan-mil-jovenes-a-primera-cumbre-de-la-juventud-en-silao\/#primaryimage"},"thumbnailUrl":"https:\/\/kuali.com.mx\/web\/wp-content\/uploads\/2023\/08\/Previo-Cumbre-de-jovenes-Silao.gif","datePublished":"2023-08-07T19:04:05+00:00","dateModified":"2023-08-08T23:49:53+00:00","author":{"@id":"https:\/\/kuali.com.mx\/web\/#\/schema\/person\/6f89ffa8ecba9dae50662357923c5289"},"breadcrumb":{"@id":"https:\/\/kuali.com.mx\/web\/2023\/08\/07\/esperan-mil-jovenes-a-primera-cumbre-de-la-juventud-en-silao\/#breadcrumb"},"inLanguage":"es","potentialAction":[{"@type":"ReadAction","target":["https:\/\/kuali.com.mx\/web\/2023\/08\/07\/esperan-mil-jovenes-a-primera-cumbre-de-la-juventud-en-silao\/"]}]},{"@type":"ImageObject","inLanguage":"es","@id":"https:\/\/kuali.com.mx\/web\/2023\/08\/07\/esperan-mil-jovenes-a-primera-cumbre-de-la-juventud-en-silao\/#primaryimage","url":"https:\/\/kuali.com.mx\/web\/wp-content\/uploads\/2023\/08\/Previo-Cumbre-de-jovenes-Silao.gif","contentUrl":"https:\/\/kuali.com.mx\/web\/wp-content\/uploads\/2023\/08\/Previo-Cumbre-de-jovenes-Silao.gif","width":1813,"height":750},{"@type":"BreadcrumbList","@id":"https:\/\/kuali.com.mx\/web\/2023\/08\/07\/esperan-mil-jovenes-a-primera-cumbre-de-la-juventud-en-silao\/#breadcrumb","itemListElement":[{"@type":"ListItem","position":1,"name":"Inicio","item":"https:\/\/kuali.com.mx\/web\/"},{"@type":"ListItem","position":2,"name":"ESPERAN MIL J\u00d3VENES A PRIMERA CUMBRE DE LA JUVENTUD EN SILAO"}]},{"@type":"WebSite","@id":"https:\/\/kuali.com.mx\/web\/#website","url":"https:\/\/kuali.com.mx\/web\/","name":"Kuali","description":"","potentialAction":[{"@type":"SearchAction","target":{"@type":"EntryPoint","urlTemplate":"https:\/\/kuali.com.mx\/web\/?s={search_term_string}"},"query-input":{"@type":"PropertyValueSpecification","valueRequired":true,"valueName":"search_term_string"}}],"inLanguage":"es"},{"@type":"Person","@id":"https:\/\/kuali.com.mx\/web\/#\/schema\/person\/6f89ffa8ecba9dae50662357923c5289","name":"Kuali Staff","image":{"@type":"ImageObject","inLanguage":"es","@id":"https:\/\/secure.gravatar.com\/avatar\/f917ad82e5ab71227a733c78b6e60715476f69ee6be59feee4eb5d9920c89e0f?s=96&d=mm&r=g","url":"https:\/\/secure.gravatar.com\/avatar\/f917ad82e5ab71227a733c78b6e60715476f69ee6be59feee4eb5d9920c89e0f?s=96&d=mm&r=g","contentUrl":"https:\/\/secure.gravatar.com\/avatar\/f917ad82e5ab71227a733c78b6e60715476f69ee6be59feee4eb5d9920c89e0f?s=96&d=mm&r=g","caption":"Kuali Staff"},"url":"https:\/\/kuali.com.mx\/web\/author\/lagarto\/"}]}},"_links":{"self":[{"href":"https:\/\/kuali.com.mx\/web\/wp-json\/wp\/v2\/posts\/123848","targetHints":{"allow":["GET"]}}],"collection":[{"href":"https:\/\/kuali.com.mx\/web\/wp-json\/wp\/v2\/posts"}],"about":[{"href":"https:\/\/kuali.com.mx\/web\/wp-json\/wp\/v2\/types\/post"}],"author":[{"embeddable":true,"href":"https:\/\/kuali.com.mx\/web\/wp-json\/wp\/v2\/users\/2"}],"replies":[{"embeddable":true,"href":"https:\/\/kuali.com.mx\/web\/wp-json\/wp\/v2\/comments?post=123848"}],"version-history":[{"count":2,"href":"https:\/\/kuali.com.mx\/web\/wp-json\/wp\/v2\/posts\/123848\/revisions"}],"predecessor-version":[{"id":123855,"href":"https:\/\/kuali.com.mx\/web\/wp-json\/wp\/v2\/posts\/123848\/revisions\/123855"}],"wp:featuredmedia":[{"embeddable":true,"href":"https:\/\/kuali.com.mx\/web\/wp-json\/wp\/v2\/media\/123852"}],"wp:attachment":[{"href":"https:\/\/kuali.com.mx\/web\/wp-json\/wp\/v2\/media?parent=123848"}],"wp:term":[{"taxonomy":"category","embeddable":true,"href":"https:\/\/kuali.com.mx\/web\/wp-json\/wp\/v2\/categories?post=123848"},{"taxonomy":"post_tag","embeddable":true,"href":"https:\/\/kuali.com.mx\/web\/wp-json\/wp\/v2\/tags?post=123848"}],"curies":[{"name":"wp","href":"https:\/\/api.w.org\/{rel}","templated":true}]}}