{"id":123838,"date":"2023-08-07T13:03:51","date_gmt":"2023-08-07T19:03:51","guid":{"rendered":"https:\/\/kuali.com.mx\/web\/?p=123838"},"modified":"2023-08-08T08:30:24","modified_gmt":"2023-08-08T14:30:24","slug":"en-agosto-habra-tres-funciones-de-noches-de-concierto","status":"publish","type":"post","link":"https:\/\/kuali.com.mx\/web\/2023\/08\/07\/en-agosto-habra-tres-funciones-de-noches-de-concierto\/","title":{"rendered":"EN AGOSTO HABR\u00c1 TRES FUNCIONES DE \u201cNOCHES DE CONCIERTO\u201d"},"content":{"rendered":"\n<p><strong>Kuali\/Le\u00f3n, Gto.- \u00a0<\/strong>Los m\u00fasicos David y Gabriel P\u00e9rez, la Orquesta de Guitarras de la Escuela de M\u00fasica de Le\u00f3n (EML); Carolina Torres, Edna Isabel Valles y Jacobo Cerda participar\u00e1n en la temporada de agosto del programa Noches de Concierto en la Casa Luis Long.<\/p>\n\n\n\n<p>Todos los conciertos son gratuitos y tienen la finalidad de difundir la labor de m\u00fasicos de la regi\u00f3n y acercar diversidad de propuestas al p\u00fablico leon\u00e9s.<\/p>\n\n\n\n<p>En este mes el p\u00fablico podr\u00e1 disfrutar de interpretaciones de piano, viol\u00edn, guitarra y canto oper\u00edstico.<\/p>\n\n\n\n<p>El mi\u00e9rcoles nueve de agosto arranca la programaci\u00f3n del mes con la participaci\u00f3n de los hermanos David P\u00e9rez y Gabriel P\u00e9rez, quienes ofrecer\u00e1n un concierto de viol\u00edn y piano con m\u00fasica de Beethoven y Tchaikovsky.<\/p>\n\n\n\n<p>Gabriel comenz\u00f3 a practicar el piano a los cinco a\u00f1os con maestros como Humberto P\u00e9rez Urquieta, Jonathan Gonz\u00e1lez Garc\u00eda, Alexander Pashkov y Jos\u00e9 Manuel Sandoval; actualmente tiene 18 a\u00f1os y cursa la licenciatura en M\u00fasica en la EML. Obtuvo el segundo lugar en el concurso de piano \u2018David Guti\u00e9rrez Ledesma\u2019 de la UG y ha realizado varias presentaciones a trav\u00e9s de la Academia Renacimiento.<\/p>\n\n\n\n<p>Por su parte, David inici\u00f3 su camino musical a los tres a\u00f1os. Ha tomado clases con los maestros Sebastian Kwapizs y Simitri Kiselev; a sus 21 a\u00f1os estudia la licenciatura en M\u00fasica en la Universidad de Guanajuato (UG) y participa como extra en varios programas de la Orquesta Sinf\u00f3nica de la UG (OSUG).<\/p>\n\n\n\n<p>Continuando con esta serie de presentaciones, la Orquesta de Guitarras de la Escuela de M\u00fasica de Le\u00f3n compartir\u00e1 un programa de m\u00fasica mexicana popular y acad\u00e9mica, integrado por composiciones originales y arreglos de estudiantes de la propia EML.<\/p>\n\n\n\n<p>La agrupaci\u00f3n es uno de los ejemplos y acciones que la escuela de m\u00fasica realiza con el objetivo de que sus estudiantes mantengan una cercan\u00eda con el p\u00fablico y el escenario. Actualmente se nutre, en su mayor\u00eda, de alumnos del nivel medio superior terminal, quedando conformada por Diego Alberto Pimentel L\u00f3pez, Jos\u00e9 de Jes\u00fas Becerra Garc\u00eda, Andr\u00e9s Misael L\u00f3pez Aldaco, Karen Alejandra Gonz\u00e1lez Hermosillo, Sergio Cabrera P\u00e9rez, Wilber Ramos S\u00e1nchez, Abraham Emmanuel Rico Viurquez e Isaac Neftal\u00ed Dur\u00e1n Luna, dirigidos por el maestro Daniel Alberto Guerra Gonz\u00e1lez.<\/p>\n\n\n\n<p>Finalmente, una velada con arias y ensambles cerrar\u00e1 las Noches de Concierto de agosto, una presentaci\u00f3n a cargo de las sopranos Carolina Torres y Edna Isabel Valles, y del pianista Jacobo Cerda, con interpretaciones de Puccini, Verdi, Mozart, Floyd, Herbert, Bellini y Delibes.<\/p>\n\n\n\n<p>Edna Isabel Valles es egresada de la Licenciatura en M\u00fasica y de la Maestr\u00eda en Nueva Gesti\u00f3n Cultural en Patrimonio y Arte; ha participado en producciones como Carmen, La Boh\u00e8me, Tosca, La Traviata, Carmina Burana, entre muchas otras, as\u00ed como en el Festival Internacional Cervantino; beneficiaria del PECDA, forma parte del Coro del Teatro del Bicentenario con participaci\u00f3n en diversos montajes y conciertos.<\/p>\n\n\n\n<p>Carolina Torres inici\u00f3 sus estudios en la Escuela de M\u00fasica de Le\u00f3n y, posteriormente, en la Universidad de Guanajuato. Se ha presentado en diversos espacios nacionales e internacionales en producciones como Madama Butterfly, La Traviata, La Cenerentola, Don Giovanni, La boda de las Farolas y El coleccionista de nubes, por mencionar algunas. Ha participado en el Festival de \u00d3pera de Oaxaca; Festival del Desierto de San Luis Potos\u00ed; Festival Internacional de las Artes de Lerdo, Durango; Festival del Violonchelo en Le\u00f3n y Festival Internacional Cervantino.<\/p>\n\n\n\n<p>Jacobo Cerda es licenciado en M\u00fasica en el \u00e1rea de Composici\u00f3n por la Universidad de Guanajuato. Colaborador constante como pianista, docente de teor\u00eda, coordinador y en la direcci\u00f3n de orquestas comunitarias del Sistema Baj\u00edo. Pianista invitado por la OSUG, participante del Festival Internacional Cervantino y del Simposio Internacional de Cornistas en la Universidad de lthaca, Nueva York. Ha realizado diversas grabaciones y composiciones, participante del programa Creadores Esc\u00e9nicos B por Fonca\/Conaculta y acreedor a la beca J\u00f3venes Creadores.<\/p>\n\n\n\n<p>Todas las presentaciones son de entrada libre para las y los asistentes, y se llevar\u00e1n a cabo en las instalaciones de la Escuela de M\u00fasica de Le\u00f3n (Pedro Moreno 208, Centro Hist\u00f3rico) en punto de las 20:00 horas.<\/p>\n\n\n\n<p><strong>Programa de Noches de Concierto para agosto<\/strong><\/p>\n\n\n\n<p>-Beethoven y Tchaikovsky<\/p>\n\n\n\n<p>David P\u00e9rez (viol\u00edn) y Gabriel P\u00e9rez (piano)<\/p>\n\n\n\n<p>Mi\u00e9rcoles 09 de agosto<\/p>\n\n\n\n<p>20:00 horas<\/p>\n\n\n\n<p>Escuela de M\u00fasica de Le\u00f3n<\/p>\n\n\n\n<p>-Orquesta de Guitarras de la Escuela de M\u00fasica de Le\u00f3n<\/p>\n\n\n\n<p>Director: Daniel Guerra<\/p>\n\n\n\n<p>Mi\u00e9rcoles 23 de agosto<\/p>\n\n\n\n<p>20:00 horas<\/p>\n\n\n\n<p>Escuela de M\u00fasica de Le\u00f3n<\/p>\n\n\n\n<p>-Velada de \u00f3pera: arias y ensambles<\/p>\n\n\n\n<p>Carolina Torres y Edna Isabel Valles (sopranos), Jacobo Cerda (pianista)<\/p>\n\n\n\n<p>Mi\u00e9rcoles 30 de agosto<\/p>\n\n\n\n<p>20:00 horas<\/p>\n\n\n\n<p>Escuela de M\u00fasica de Le\u00f3n<\/p>\n","protected":false},"excerpt":{"rendered":"Kuali\/Le\u00f3n, Gto.- \u00a0Los m\u00fasicos David y Gabriel P\u00e9rez, la Orquesta de Guitarras de la Escuela de M\u00fasica de Le\u00f3n (EML); Carolina Torres, Edna Isabel Valles y Jacobo Cerda participar\u00e1n en la temporada de agosto del programa Noches de Concierto en la Casa Luis Long. Todos los conciertos son gratuitos y tienen la finalidad de difundir [&hellip;]","protected":false},"author":2,"featured_media":123841,"comment_status":"open","ping_status":"open","sticky":false,"template":"","format":"standard","meta":{"_seopress_robots_primary_cat":"none","_seopress_titles_title":"","_seopress_titles_desc":"","_seopress_robots_index":"","_monsterinsights_skip_tracking":false,"_monsterinsights_sitenote_active":false,"_monsterinsights_sitenote_note":"","_monsterinsights_sitenote_category":0,"footnotes":""},"categories":[8],"tags":[127,581,2697,10,95],"class_list":["post-123838","post","type-post","status-publish","format-standard","has-post-thumbnail","hentry","category-espectaculos","tag-arte-y-cultura","tag-conciertos","tag-escuelas-de-musica","tag-leon","tag-musica"],"yoast_head":"<!-- This site is optimized with the Yoast SEO plugin v27.4 - https:\/\/yoast.com\/product\/yoast-seo-wordpress\/ -->\n<title>EN AGOSTO HABR\u00c1 TRES FUNCIONES DE \u201cNOCHES DE CONCIERTO\u201d - Kuali<\/title>\n<meta name=\"robots\" content=\"index, follow, max-snippet:-1, max-image-preview:large, max-video-preview:-1\" \/>\n<link rel=\"canonical\" href=\"https:\/\/kuali.com.mx\/web\/2023\/08\/07\/en-agosto-habra-tres-funciones-de-noches-de-concierto\/\" \/>\n<meta property=\"og:locale\" content=\"es_MX\" \/>\n<meta property=\"og:type\" content=\"article\" \/>\n<meta property=\"og:title\" content=\"EN AGOSTO HABR\u00c1 TRES FUNCIONES DE \u201cNOCHES DE CONCIERTO\u201d - Kuali\" \/>\n<meta property=\"og:description\" content=\"Kuali\/Le\u00f3n, Gto.- \u00a0Los m\u00fasicos David y Gabriel P\u00e9rez, la Orquesta de Guitarras de la Escuela de M\u00fasica de Le\u00f3n (EML); Carolina Torres, Edna Isabel Valles y Jacobo Cerda participar\u00e1n en la temporada de agosto del programa Noches de Concierto en la Casa Luis Long. Todos los conciertos son gratuitos y tienen la finalidad de difundir [&hellip;]\" \/>\n<meta property=\"og:url\" content=\"https:\/\/kuali.com.mx\/web\/2023\/08\/07\/en-agosto-habra-tres-funciones-de-noches-de-concierto\/\" \/>\n<meta property=\"og:site_name\" content=\"Kuali\" \/>\n<meta property=\"article:publisher\" content=\"https:\/\/kuali.com.mx\/web\/wp-content\/uploads\/2018\/04\/cropped-kuali_logo-1-1.png\" \/>\n<meta property=\"article:published_time\" content=\"2023-08-07T19:03:51+00:00\" \/>\n<meta property=\"article:modified_time\" content=\"2023-08-08T14:30:24+00:00\" \/>\n<meta property=\"og:image\" content=\"https:\/\/kuali.com.mx\/web\/wp-content\/uploads\/2023\/08\/Edna-Isabel-Valles-y-Carolina-Torres_cantantes-opera.gif\" \/>\n\t<meta property=\"og:image:width\" content=\"1700\" \/>\n\t<meta property=\"og:image:height\" content=\"750\" \/>\n\t<meta property=\"og:image:type\" content=\"image\/gif\" \/>\n<meta name=\"author\" content=\"Kuali Staff\" \/>\n<meta name=\"twitter:card\" content=\"summary_large_image\" \/>\n<meta name=\"twitter:creator\" content=\"@kuali_noticias\" \/>\n<meta name=\"twitter:site\" content=\"@kuali_noticias\" \/>\n<meta name=\"twitter:label1\" content=\"Escrito por\" \/>\n\t<meta name=\"twitter:data1\" content=\"Kuali Staff\" \/>\n\t<meta name=\"twitter:label2\" content=\"Tiempo de lectura\" \/>\n\t<meta name=\"twitter:data2\" content=\"4 minutos\" \/>\n<script type=\"application\/ld+json\" class=\"yoast-schema-graph\">{\"@context\":\"https:\\\/\\\/schema.org\",\"@graph\":[{\"@type\":\"Article\",\"@id\":\"https:\\\/\\\/kuali.com.mx\\\/web\\\/2023\\\/08\\\/07\\\/en-agosto-habra-tres-funciones-de-noches-de-concierto\\\/#article\",\"isPartOf\":{\"@id\":\"https:\\\/\\\/kuali.com.mx\\\/web\\\/2023\\\/08\\\/07\\\/en-agosto-habra-tres-funciones-de-noches-de-concierto\\\/\"},\"author\":{\"name\":\"Kuali Staff\",\"@id\":\"https:\\\/\\\/kuali.com.mx\\\/web\\\/#\\\/schema\\\/person\\\/6f89ffa8ecba9dae50662357923c5289\"},\"headline\":\"EN AGOSTO HABR\u00c1 TRES FUNCIONES DE \u201cNOCHES DE CONCIERTO\u201d\",\"datePublished\":\"2023-08-07T19:03:51+00:00\",\"dateModified\":\"2023-08-08T14:30:24+00:00\",\"mainEntityOfPage\":{\"@id\":\"https:\\\/\\\/kuali.com.mx\\\/web\\\/2023\\\/08\\\/07\\\/en-agosto-habra-tres-funciones-de-noches-de-concierto\\\/\"},\"wordCount\":837,\"commentCount\":0,\"image\":{\"@id\":\"https:\\\/\\\/kuali.com.mx\\\/web\\\/2023\\\/08\\\/07\\\/en-agosto-habra-tres-funciones-de-noches-de-concierto\\\/#primaryimage\"},\"thumbnailUrl\":\"https:\\\/\\\/kuali.com.mx\\\/web\\\/wp-content\\\/uploads\\\/2023\\\/08\\\/Edna-Isabel-Valles-y-Carolina-Torres_cantantes-opera.gif\",\"keywords\":[\"Arte y cultura\",\"Conciertos\",\"Escuelas de m\u00fasica\",\"Le\u00f3n\",\"M\u00daSICA\"],\"articleSection\":[\"Cultura\"],\"inLanguage\":\"es\",\"potentialAction\":[{\"@type\":\"CommentAction\",\"name\":\"Comment\",\"target\":[\"https:\\\/\\\/kuali.com.mx\\\/web\\\/2023\\\/08\\\/07\\\/en-agosto-habra-tres-funciones-de-noches-de-concierto\\\/#respond\"]}]},{\"@type\":\"WebPage\",\"@id\":\"https:\\\/\\\/kuali.com.mx\\\/web\\\/2023\\\/08\\\/07\\\/en-agosto-habra-tres-funciones-de-noches-de-concierto\\\/\",\"url\":\"https:\\\/\\\/kuali.com.mx\\\/web\\\/2023\\\/08\\\/07\\\/en-agosto-habra-tres-funciones-de-noches-de-concierto\\\/\",\"name\":\"EN AGOSTO HABR\u00c1 TRES FUNCIONES DE \u201cNOCHES DE CONCIERTO\u201d - Kuali\",\"isPartOf\":{\"@id\":\"https:\\\/\\\/kuali.com.mx\\\/web\\\/#website\"},\"primaryImageOfPage\":{\"@id\":\"https:\\\/\\\/kuali.com.mx\\\/web\\\/2023\\\/08\\\/07\\\/en-agosto-habra-tres-funciones-de-noches-de-concierto\\\/#primaryimage\"},\"image\":{\"@id\":\"https:\\\/\\\/kuali.com.mx\\\/web\\\/2023\\\/08\\\/07\\\/en-agosto-habra-tres-funciones-de-noches-de-concierto\\\/#primaryimage\"},\"thumbnailUrl\":\"https:\\\/\\\/kuali.com.mx\\\/web\\\/wp-content\\\/uploads\\\/2023\\\/08\\\/Edna-Isabel-Valles-y-Carolina-Torres_cantantes-opera.gif\",\"datePublished\":\"2023-08-07T19:03:51+00:00\",\"dateModified\":\"2023-08-08T14:30:24+00:00\",\"author\":{\"@id\":\"https:\\\/\\\/kuali.com.mx\\\/web\\\/#\\\/schema\\\/person\\\/6f89ffa8ecba9dae50662357923c5289\"},\"breadcrumb\":{\"@id\":\"https:\\\/\\\/kuali.com.mx\\\/web\\\/2023\\\/08\\\/07\\\/en-agosto-habra-tres-funciones-de-noches-de-concierto\\\/#breadcrumb\"},\"inLanguage\":\"es\",\"potentialAction\":[{\"@type\":\"ReadAction\",\"target\":[\"https:\\\/\\\/kuali.com.mx\\\/web\\\/2023\\\/08\\\/07\\\/en-agosto-habra-tres-funciones-de-noches-de-concierto\\\/\"]}]},{\"@type\":\"ImageObject\",\"inLanguage\":\"es\",\"@id\":\"https:\\\/\\\/kuali.com.mx\\\/web\\\/2023\\\/08\\\/07\\\/en-agosto-habra-tres-funciones-de-noches-de-concierto\\\/#primaryimage\",\"url\":\"https:\\\/\\\/kuali.com.mx\\\/web\\\/wp-content\\\/uploads\\\/2023\\\/08\\\/Edna-Isabel-Valles-y-Carolina-Torres_cantantes-opera.gif\",\"contentUrl\":\"https:\\\/\\\/kuali.com.mx\\\/web\\\/wp-content\\\/uploads\\\/2023\\\/08\\\/Edna-Isabel-Valles-y-Carolina-Torres_cantantes-opera.gif\",\"width\":1700,\"height\":750},{\"@type\":\"BreadcrumbList\",\"@id\":\"https:\\\/\\\/kuali.com.mx\\\/web\\\/2023\\\/08\\\/07\\\/en-agosto-habra-tres-funciones-de-noches-de-concierto\\\/#breadcrumb\",\"itemListElement\":[{\"@type\":\"ListItem\",\"position\":1,\"name\":\"Inicio\",\"item\":\"https:\\\/\\\/kuali.com.mx\\\/web\\\/\"},{\"@type\":\"ListItem\",\"position\":2,\"name\":\"EN AGOSTO HABR\u00c1 TRES FUNCIONES DE \u201cNOCHES DE CONCIERTO\u201d\"}]},{\"@type\":\"WebSite\",\"@id\":\"https:\\\/\\\/kuali.com.mx\\\/web\\\/#website\",\"url\":\"https:\\\/\\\/kuali.com.mx\\\/web\\\/\",\"name\":\"Kuali\",\"description\":\"\",\"potentialAction\":[{\"@type\":\"SearchAction\",\"target\":{\"@type\":\"EntryPoint\",\"urlTemplate\":\"https:\\\/\\\/kuali.com.mx\\\/web\\\/?s={search_term_string}\"},\"query-input\":{\"@type\":\"PropertyValueSpecification\",\"valueRequired\":true,\"valueName\":\"search_term_string\"}}],\"inLanguage\":\"es\"},{\"@type\":\"Person\",\"@id\":\"https:\\\/\\\/kuali.com.mx\\\/web\\\/#\\\/schema\\\/person\\\/6f89ffa8ecba9dae50662357923c5289\",\"name\":\"Kuali Staff\",\"image\":{\"@type\":\"ImageObject\",\"inLanguage\":\"es\",\"@id\":\"https:\\\/\\\/secure.gravatar.com\\\/avatar\\\/f917ad82e5ab71227a733c78b6e60715476f69ee6be59feee4eb5d9920c89e0f?s=96&d=mm&r=g\",\"url\":\"https:\\\/\\\/secure.gravatar.com\\\/avatar\\\/f917ad82e5ab71227a733c78b6e60715476f69ee6be59feee4eb5d9920c89e0f?s=96&d=mm&r=g\",\"contentUrl\":\"https:\\\/\\\/secure.gravatar.com\\\/avatar\\\/f917ad82e5ab71227a733c78b6e60715476f69ee6be59feee4eb5d9920c89e0f?s=96&d=mm&r=g\",\"caption\":\"Kuali Staff\"},\"url\":\"https:\\\/\\\/kuali.com.mx\\\/web\\\/author\\\/lagarto\\\/\"}]}<\/script>\n<!-- \/ Yoast SEO plugin. -->","yoast_head_json":{"title":"EN AGOSTO HABR\u00c1 TRES FUNCIONES DE \u201cNOCHES DE CONCIERTO\u201d - Kuali","robots":{"index":"index","follow":"follow","max-snippet":"max-snippet:-1","max-image-preview":"max-image-preview:large","max-video-preview":"max-video-preview:-1"},"canonical":"https:\/\/kuali.com.mx\/web\/2023\/08\/07\/en-agosto-habra-tres-funciones-de-noches-de-concierto\/","og_locale":"es_MX","og_type":"article","og_title":"EN AGOSTO HABR\u00c1 TRES FUNCIONES DE \u201cNOCHES DE CONCIERTO\u201d - Kuali","og_description":"Kuali\/Le\u00f3n, Gto.- \u00a0Los m\u00fasicos David y Gabriel P\u00e9rez, la Orquesta de Guitarras de la Escuela de M\u00fasica de Le\u00f3n (EML); Carolina Torres, Edna Isabel Valles y Jacobo Cerda participar\u00e1n en la temporada de agosto del programa Noches de Concierto en la Casa Luis Long. Todos los conciertos son gratuitos y tienen la finalidad de difundir [&hellip;]","og_url":"https:\/\/kuali.com.mx\/web\/2023\/08\/07\/en-agosto-habra-tres-funciones-de-noches-de-concierto\/","og_site_name":"Kuali","article_publisher":"https:\/\/kuali.com.mx\/web\/wp-content\/uploads\/2018\/04\/cropped-kuali_logo-1-1.png","article_published_time":"2023-08-07T19:03:51+00:00","article_modified_time":"2023-08-08T14:30:24+00:00","og_image":[{"width":1700,"height":750,"url":"https:\/\/kuali.com.mx\/web\/wp-content\/uploads\/2023\/08\/Edna-Isabel-Valles-y-Carolina-Torres_cantantes-opera.gif","type":"image\/gif"}],"author":"Kuali Staff","twitter_card":"summary_large_image","twitter_creator":"@kuali_noticias","twitter_site":"@kuali_noticias","twitter_misc":{"Escrito por":"Kuali Staff","Tiempo de lectura":"4 minutos"},"schema":{"@context":"https:\/\/schema.org","@graph":[{"@type":"Article","@id":"https:\/\/kuali.com.mx\/web\/2023\/08\/07\/en-agosto-habra-tres-funciones-de-noches-de-concierto\/#article","isPartOf":{"@id":"https:\/\/kuali.com.mx\/web\/2023\/08\/07\/en-agosto-habra-tres-funciones-de-noches-de-concierto\/"},"author":{"name":"Kuali Staff","@id":"https:\/\/kuali.com.mx\/web\/#\/schema\/person\/6f89ffa8ecba9dae50662357923c5289"},"headline":"EN AGOSTO HABR\u00c1 TRES FUNCIONES DE \u201cNOCHES DE CONCIERTO\u201d","datePublished":"2023-08-07T19:03:51+00:00","dateModified":"2023-08-08T14:30:24+00:00","mainEntityOfPage":{"@id":"https:\/\/kuali.com.mx\/web\/2023\/08\/07\/en-agosto-habra-tres-funciones-de-noches-de-concierto\/"},"wordCount":837,"commentCount":0,"image":{"@id":"https:\/\/kuali.com.mx\/web\/2023\/08\/07\/en-agosto-habra-tres-funciones-de-noches-de-concierto\/#primaryimage"},"thumbnailUrl":"https:\/\/kuali.com.mx\/web\/wp-content\/uploads\/2023\/08\/Edna-Isabel-Valles-y-Carolina-Torres_cantantes-opera.gif","keywords":["Arte y cultura","Conciertos","Escuelas de m\u00fasica","Le\u00f3n","M\u00daSICA"],"articleSection":["Cultura"],"inLanguage":"es","potentialAction":[{"@type":"CommentAction","name":"Comment","target":["https:\/\/kuali.com.mx\/web\/2023\/08\/07\/en-agosto-habra-tres-funciones-de-noches-de-concierto\/#respond"]}]},{"@type":"WebPage","@id":"https:\/\/kuali.com.mx\/web\/2023\/08\/07\/en-agosto-habra-tres-funciones-de-noches-de-concierto\/","url":"https:\/\/kuali.com.mx\/web\/2023\/08\/07\/en-agosto-habra-tres-funciones-de-noches-de-concierto\/","name":"EN AGOSTO HABR\u00c1 TRES FUNCIONES DE \u201cNOCHES DE CONCIERTO\u201d - Kuali","isPartOf":{"@id":"https:\/\/kuali.com.mx\/web\/#website"},"primaryImageOfPage":{"@id":"https:\/\/kuali.com.mx\/web\/2023\/08\/07\/en-agosto-habra-tres-funciones-de-noches-de-concierto\/#primaryimage"},"image":{"@id":"https:\/\/kuali.com.mx\/web\/2023\/08\/07\/en-agosto-habra-tres-funciones-de-noches-de-concierto\/#primaryimage"},"thumbnailUrl":"https:\/\/kuali.com.mx\/web\/wp-content\/uploads\/2023\/08\/Edna-Isabel-Valles-y-Carolina-Torres_cantantes-opera.gif","datePublished":"2023-08-07T19:03:51+00:00","dateModified":"2023-08-08T14:30:24+00:00","author":{"@id":"https:\/\/kuali.com.mx\/web\/#\/schema\/person\/6f89ffa8ecba9dae50662357923c5289"},"breadcrumb":{"@id":"https:\/\/kuali.com.mx\/web\/2023\/08\/07\/en-agosto-habra-tres-funciones-de-noches-de-concierto\/#breadcrumb"},"inLanguage":"es","potentialAction":[{"@type":"ReadAction","target":["https:\/\/kuali.com.mx\/web\/2023\/08\/07\/en-agosto-habra-tres-funciones-de-noches-de-concierto\/"]}]},{"@type":"ImageObject","inLanguage":"es","@id":"https:\/\/kuali.com.mx\/web\/2023\/08\/07\/en-agosto-habra-tres-funciones-de-noches-de-concierto\/#primaryimage","url":"https:\/\/kuali.com.mx\/web\/wp-content\/uploads\/2023\/08\/Edna-Isabel-Valles-y-Carolina-Torres_cantantes-opera.gif","contentUrl":"https:\/\/kuali.com.mx\/web\/wp-content\/uploads\/2023\/08\/Edna-Isabel-Valles-y-Carolina-Torres_cantantes-opera.gif","width":1700,"height":750},{"@type":"BreadcrumbList","@id":"https:\/\/kuali.com.mx\/web\/2023\/08\/07\/en-agosto-habra-tres-funciones-de-noches-de-concierto\/#breadcrumb","itemListElement":[{"@type":"ListItem","position":1,"name":"Inicio","item":"https:\/\/kuali.com.mx\/web\/"},{"@type":"ListItem","position":2,"name":"EN AGOSTO HABR\u00c1 TRES FUNCIONES DE \u201cNOCHES DE CONCIERTO\u201d"}]},{"@type":"WebSite","@id":"https:\/\/kuali.com.mx\/web\/#website","url":"https:\/\/kuali.com.mx\/web\/","name":"Kuali","description":"","potentialAction":[{"@type":"SearchAction","target":{"@type":"EntryPoint","urlTemplate":"https:\/\/kuali.com.mx\/web\/?s={search_term_string}"},"query-input":{"@type":"PropertyValueSpecification","valueRequired":true,"valueName":"search_term_string"}}],"inLanguage":"es"},{"@type":"Person","@id":"https:\/\/kuali.com.mx\/web\/#\/schema\/person\/6f89ffa8ecba9dae50662357923c5289","name":"Kuali Staff","image":{"@type":"ImageObject","inLanguage":"es","@id":"https:\/\/secure.gravatar.com\/avatar\/f917ad82e5ab71227a733c78b6e60715476f69ee6be59feee4eb5d9920c89e0f?s=96&d=mm&r=g","url":"https:\/\/secure.gravatar.com\/avatar\/f917ad82e5ab71227a733c78b6e60715476f69ee6be59feee4eb5d9920c89e0f?s=96&d=mm&r=g","contentUrl":"https:\/\/secure.gravatar.com\/avatar\/f917ad82e5ab71227a733c78b6e60715476f69ee6be59feee4eb5d9920c89e0f?s=96&d=mm&r=g","caption":"Kuali Staff"},"url":"https:\/\/kuali.com.mx\/web\/author\/lagarto\/"}]}},"_links":{"self":[{"href":"https:\/\/kuali.com.mx\/web\/wp-json\/wp\/v2\/posts\/123838","targetHints":{"allow":["GET"]}}],"collection":[{"href":"https:\/\/kuali.com.mx\/web\/wp-json\/wp\/v2\/posts"}],"about":[{"href":"https:\/\/kuali.com.mx\/web\/wp-json\/wp\/v2\/types\/post"}],"author":[{"embeddable":true,"href":"https:\/\/kuali.com.mx\/web\/wp-json\/wp\/v2\/users\/2"}],"replies":[{"embeddable":true,"href":"https:\/\/kuali.com.mx\/web\/wp-json\/wp\/v2\/comments?post=123838"}],"version-history":[{"count":1,"href":"https:\/\/kuali.com.mx\/web\/wp-json\/wp\/v2\/posts\/123838\/revisions"}],"predecessor-version":[{"id":123842,"href":"https:\/\/kuali.com.mx\/web\/wp-json\/wp\/v2\/posts\/123838\/revisions\/123842"}],"wp:featuredmedia":[{"embeddable":true,"href":"https:\/\/kuali.com.mx\/web\/wp-json\/wp\/v2\/media\/123841"}],"wp:attachment":[{"href":"https:\/\/kuali.com.mx\/web\/wp-json\/wp\/v2\/media?parent=123838"}],"wp:term":[{"taxonomy":"category","embeddable":true,"href":"https:\/\/kuali.com.mx\/web\/wp-json\/wp\/v2\/categories?post=123838"},{"taxonomy":"post_tag","embeddable":true,"href":"https:\/\/kuali.com.mx\/web\/wp-json\/wp\/v2\/tags?post=123838"}],"curies":[{"name":"wp","href":"https:\/\/api.w.org\/{rel}","templated":true}]}}