{"id":123804,"date":"2023-08-07T13:06:23","date_gmt":"2023-08-07T19:06:23","guid":{"rendered":"https:\/\/kuali.com.mx\/web\/?p=123804"},"modified":"2023-08-07T19:11:08","modified_gmt":"2023-08-08T01:11:08","slug":"arranca-programa-mas-escena-en-leon","status":"publish","type":"post","link":"https:\/\/kuali.com.mx\/web\/2023\/08\/07\/arranca-programa-mas-escena-en-leon\/","title":{"rendered":"ARRANCA PROGRAMA M\u00c1S ESCENA EN LE\u00d3N"},"content":{"rendered":"\n<p><strong>Kuali\/Le\u00f3n, Gto.- <\/strong>Este jueves 10 de agosto arranca la temporada 2023 del Programa M\u00e1s Escena con funciones de \u00a0m\u00fasica, teatro y multidisciplina.<\/p>\n\n\n\n<p>Los proyectos Jazzeando las Rondas, Prisa, La Tormenta y Caudales ofrecer\u00e1n funciones gratuitas y se presentan en los meses de agosto y diciembre.<\/p>\n\n\n\n<p>Con M\u00e1s Escena el Instituto Cultural de Le\u00f3n (ICL) busca estimular la producci\u00f3n de artistas de la localidad en distintos formatos y adaptables a foros, promover la creaci\u00f3n de temporadas y participaci\u00f3n de montajes en programaciones de festivales o ferias del instituto y acercar p\u00fablicos diversos a las artes esc\u00e9nicas en Le\u00f3n, a trav\u00e9s de una oferta de servicios culturales.<\/p>\n\n\n\n<p>Jazzeando las Rondas es el primer que se presentar\u00e1 y consiste en&nbsp; un espect\u00e1culo musical a cargo de Tripas de Gato, agrupaci\u00f3n guanajuatense de jazz y m\u00fasica popular integrada por Natalia Valadez (cantante), Antolino Ayala (saxof\u00f3n), C\u00e9sar Gonz\u00e1lez (guitarra el\u00e9ctrica y direcci\u00f3n), David Estrada (bajo) y Ricardo P\u00e9rez (bater\u00eda).<\/p>\n\n\n\n<p>El programa a presentar est\u00e1 dirigido especialmente a ni\u00f1as y ni\u00f1os, y es integrado por canciones infantiles latinoamericanas de dominio p\u00fablico como Arroz con leche, La cucaracha, La rueda de San Miguel y Naranja dulce, lim\u00f3n partido, que cuentan con arreglos originales que incorporan ritmos y recursos jazz\u00edsticos con lo que se busca rescatar tradiciones, en este caso las rondas infantiles.<\/p>\n\n\n\n<p>En septiembre llega nuevamente al Teatro Mar\u00eda Grever el montaje Prisa, creado por L\u00edquido Colectivo y seleccionado en la categor\u00eda de Montaje existente, mismo que form\u00f3 parte de Producci\u00f3n de Unipersonales del ICL y del Festival de Mon\u00f3logos \u2013 Teatro A Una Sola Voz 2022, y pr\u00f3ximamente de la Muestra Nacional de Teatro y el Festival Internacional Cervantino.<\/p>\n\n\n\n<p>Dicho unipersonal es un espect\u00e1culo de teatro danza basado en los cuentos de Octavio Paz. \u00bfQu\u00e9 hacemos mientras esperamos? \u00bfQu\u00e9 nos provoca la prisa en nuestras vidas? \u00bfHasta d\u00f3nde nos puede arrastrar la imaginaci\u00f3n sobre hechos que nunca suceder\u00e1n? \u00bfY si el encuentro que esperamos no es sino con nosotros mismos? Donde lo real se fusiona con lo on\u00edrico, no es f\u00e1cil distinguir entre la realidad y el sue\u00f1o. \u00c9l ir\u00e1 desde la alegr\u00eda incontenible, pasando por la euforia y la impaciencia hasta la autodestrucci\u00f3n.<\/p>\n\n\n\n<p>Para cerrar esta temporada 2023, durante los \u00faltimos meses del a\u00f1o se estar\u00e1n presentando La Tormenta, propuesta musical a cargo de Level Producciones, y Caudales, multidisciplina, a cargo de Un colectivo, Colectivo Red Alebrije y D\u00e9jame Plantado; ambos proyectos pertenecientes a la categor\u00eda de Nueva producci\u00f3n de la convocatoria de M\u00e1s Escena.<\/p>\n\n\n\n<p><strong>Pr\u00f3ximas funciones<\/strong><\/p>\n\n\n\n<p>Jazzeando las Rondas<\/p>\n\n\n\n<p>Tripas de Gato<\/p>\n\n\n\n<p>Jueves 10 de agosto<\/p>\n\n\n\n<p>17:45 horas<\/p>\n\n\n\n<p>Entrada libre<\/p>\n\n\n\n<p>Escenario del Festival Vive Le\u00f3n Verano 2023 (afuera del Palenque)<\/p>\n\n\n\n<p>Prisa<\/p>\n\n\n\n<p>L\u00edquido Colectivo<\/p>\n\n\n\n<p>01 y 08 de septiembre<\/p>\n\n\n\n<p>19:00 horas<\/p>\n\n\n\n<p>Sin costo con boleto<\/p>\n\n\n\n<p>Teatro Mar\u00eda Grever<\/p>\n","protected":false},"excerpt":{"rendered":"Kuali\/Le\u00f3n, Gto.- Este jueves 10 de agosto arranca la temporada 2023 del Programa M\u00e1s Escena con funciones de \u00a0m\u00fasica, teatro y multidisciplina. Los proyectos Jazzeando las Rondas, Prisa, La Tormenta y Caudales ofrecer\u00e1n funciones gratuitas y se presentan en los meses de agosto y diciembre. Con M\u00e1s Escena el Instituto Cultural de Le\u00f3n (ICL) busca [&hellip;]","protected":false},"author":2,"featured_media":123807,"comment_status":"open","ping_status":"open","sticky":false,"template":"","format":"standard","meta":{"_seopress_robots_primary_cat":"none","_seopress_titles_title":"","_seopress_titles_desc":"","_seopress_robots_index":"","_monsterinsights_skip_tracking":false,"_monsterinsights_sitenote_active":false,"_monsterinsights_sitenote_note":"","_monsterinsights_sitenote_category":0,"footnotes":""},"categories":[1],"tags":[127,10,1916,2158,95,126],"class_list":["post-123804","post","type-post","status-publish","format-standard","has-post-thumbnail","hentry","category-actualidad","tag-arte-y-cultura","tag-leon","tag-mas-escena","tag-multidisciplina","tag-musica","tag-teatro"],"yoast_head":"<!-- This site is optimized with the Yoast SEO plugin v27.4 - https:\/\/yoast.com\/product\/yoast-seo-wordpress\/ -->\n<title>ARRANCA PROGRAMA M\u00c1S ESCENA EN LE\u00d3N - Kuali<\/title>\n<meta name=\"robots\" content=\"index, follow, max-snippet:-1, max-image-preview:large, max-video-preview:-1\" \/>\n<link rel=\"canonical\" href=\"https:\/\/kuali.com.mx\/web\/2023\/08\/07\/arranca-programa-mas-escena-en-leon\/\" \/>\n<meta property=\"og:locale\" content=\"es_MX\" \/>\n<meta property=\"og:type\" content=\"article\" \/>\n<meta property=\"og:title\" content=\"ARRANCA PROGRAMA M\u00c1S ESCENA EN LE\u00d3N - Kuali\" \/>\n<meta property=\"og:description\" content=\"Kuali\/Le\u00f3n, Gto.- Este jueves 10 de agosto arranca la temporada 2023 del Programa M\u00e1s Escena con funciones de \u00a0m\u00fasica, teatro y multidisciplina. Los proyectos Jazzeando las Rondas, Prisa, La Tormenta y Caudales ofrecer\u00e1n funciones gratuitas y se presentan en los meses de agosto y diciembre. Con M\u00e1s Escena el Instituto Cultural de Le\u00f3n (ICL) busca [&hellip;]\" \/>\n<meta property=\"og:url\" content=\"https:\/\/kuali.com.mx\/web\/2023\/08\/07\/arranca-programa-mas-escena-en-leon\/\" \/>\n<meta property=\"og:site_name\" content=\"Kuali\" \/>\n<meta property=\"article:publisher\" content=\"https:\/\/kuali.com.mx\/web\/wp-content\/uploads\/2018\/04\/cropped-kuali_logo-1-1.png\" \/>\n<meta property=\"article:published_time\" content=\"2023-08-07T19:06:23+00:00\" \/>\n<meta property=\"article:modified_time\" content=\"2023-08-08T01:11:08+00:00\" \/>\n<meta property=\"og:image\" content=\"https:\/\/kuali.com.mx\/web\/wp-content\/uploads\/2023\/08\/Mas-Escena.gif\" \/>\n\t<meta property=\"og:image:width\" content=\"1900\" \/>\n\t<meta property=\"og:image:height\" content=\"750\" \/>\n\t<meta property=\"og:image:type\" content=\"image\/gif\" \/>\n<meta name=\"author\" content=\"Kuali Staff\" \/>\n<meta name=\"twitter:card\" content=\"summary_large_image\" \/>\n<meta name=\"twitter:creator\" content=\"@kuali_noticias\" \/>\n<meta name=\"twitter:site\" content=\"@kuali_noticias\" \/>\n<meta name=\"twitter:label1\" content=\"Escrito por\" \/>\n\t<meta name=\"twitter:data1\" content=\"Kuali Staff\" \/>\n\t<meta name=\"twitter:label2\" content=\"Tiempo de lectura\" \/>\n\t<meta name=\"twitter:data2\" content=\"2 minutos\" \/>\n<script type=\"application\/ld+json\" class=\"yoast-schema-graph\">{\"@context\":\"https:\\\/\\\/schema.org\",\"@graph\":[{\"@type\":\"Article\",\"@id\":\"https:\\\/\\\/kuali.com.mx\\\/web\\\/2023\\\/08\\\/07\\\/arranca-programa-mas-escena-en-leon\\\/#article\",\"isPartOf\":{\"@id\":\"https:\\\/\\\/kuali.com.mx\\\/web\\\/2023\\\/08\\\/07\\\/arranca-programa-mas-escena-en-leon\\\/\"},\"author\":{\"name\":\"Kuali Staff\",\"@id\":\"https:\\\/\\\/kuali.com.mx\\\/web\\\/#\\\/schema\\\/person\\\/6f89ffa8ecba9dae50662357923c5289\"},\"headline\":\"ARRANCA PROGRAMA M\u00c1S ESCENA EN LE\u00d3N\",\"datePublished\":\"2023-08-07T19:06:23+00:00\",\"dateModified\":\"2023-08-08T01:11:08+00:00\",\"mainEntityOfPage\":{\"@id\":\"https:\\\/\\\/kuali.com.mx\\\/web\\\/2023\\\/08\\\/07\\\/arranca-programa-mas-escena-en-leon\\\/\"},\"wordCount\":506,\"commentCount\":0,\"image\":{\"@id\":\"https:\\\/\\\/kuali.com.mx\\\/web\\\/2023\\\/08\\\/07\\\/arranca-programa-mas-escena-en-leon\\\/#primaryimage\"},\"thumbnailUrl\":\"https:\\\/\\\/kuali.com.mx\\\/web\\\/wp-content\\\/uploads\\\/2023\\\/08\\\/Mas-Escena.gif\",\"keywords\":[\"Arte y cultura\",\"Le\u00f3n\",\"Mas Escena\",\"Multidisciplina\",\"M\u00daSICA\",\"Teatro\"],\"articleSection\":[\"Versatil\"],\"inLanguage\":\"es\",\"potentialAction\":[{\"@type\":\"CommentAction\",\"name\":\"Comment\",\"target\":[\"https:\\\/\\\/kuali.com.mx\\\/web\\\/2023\\\/08\\\/07\\\/arranca-programa-mas-escena-en-leon\\\/#respond\"]}]},{\"@type\":\"WebPage\",\"@id\":\"https:\\\/\\\/kuali.com.mx\\\/web\\\/2023\\\/08\\\/07\\\/arranca-programa-mas-escena-en-leon\\\/\",\"url\":\"https:\\\/\\\/kuali.com.mx\\\/web\\\/2023\\\/08\\\/07\\\/arranca-programa-mas-escena-en-leon\\\/\",\"name\":\"ARRANCA PROGRAMA M\u00c1S ESCENA EN LE\u00d3N - Kuali\",\"isPartOf\":{\"@id\":\"https:\\\/\\\/kuali.com.mx\\\/web\\\/#website\"},\"primaryImageOfPage\":{\"@id\":\"https:\\\/\\\/kuali.com.mx\\\/web\\\/2023\\\/08\\\/07\\\/arranca-programa-mas-escena-en-leon\\\/#primaryimage\"},\"image\":{\"@id\":\"https:\\\/\\\/kuali.com.mx\\\/web\\\/2023\\\/08\\\/07\\\/arranca-programa-mas-escena-en-leon\\\/#primaryimage\"},\"thumbnailUrl\":\"https:\\\/\\\/kuali.com.mx\\\/web\\\/wp-content\\\/uploads\\\/2023\\\/08\\\/Mas-Escena.gif\",\"datePublished\":\"2023-08-07T19:06:23+00:00\",\"dateModified\":\"2023-08-08T01:11:08+00:00\",\"author\":{\"@id\":\"https:\\\/\\\/kuali.com.mx\\\/web\\\/#\\\/schema\\\/person\\\/6f89ffa8ecba9dae50662357923c5289\"},\"breadcrumb\":{\"@id\":\"https:\\\/\\\/kuali.com.mx\\\/web\\\/2023\\\/08\\\/07\\\/arranca-programa-mas-escena-en-leon\\\/#breadcrumb\"},\"inLanguage\":\"es\",\"potentialAction\":[{\"@type\":\"ReadAction\",\"target\":[\"https:\\\/\\\/kuali.com.mx\\\/web\\\/2023\\\/08\\\/07\\\/arranca-programa-mas-escena-en-leon\\\/\"]}]},{\"@type\":\"ImageObject\",\"inLanguage\":\"es\",\"@id\":\"https:\\\/\\\/kuali.com.mx\\\/web\\\/2023\\\/08\\\/07\\\/arranca-programa-mas-escena-en-leon\\\/#primaryimage\",\"url\":\"https:\\\/\\\/kuali.com.mx\\\/web\\\/wp-content\\\/uploads\\\/2023\\\/08\\\/Mas-Escena.gif\",\"contentUrl\":\"https:\\\/\\\/kuali.com.mx\\\/web\\\/wp-content\\\/uploads\\\/2023\\\/08\\\/Mas-Escena.gif\",\"width\":1900,\"height\":750},{\"@type\":\"BreadcrumbList\",\"@id\":\"https:\\\/\\\/kuali.com.mx\\\/web\\\/2023\\\/08\\\/07\\\/arranca-programa-mas-escena-en-leon\\\/#breadcrumb\",\"itemListElement\":[{\"@type\":\"ListItem\",\"position\":1,\"name\":\"Inicio\",\"item\":\"https:\\\/\\\/kuali.com.mx\\\/web\\\/\"},{\"@type\":\"ListItem\",\"position\":2,\"name\":\"ARRANCA PROGRAMA M\u00c1S ESCENA EN LE\u00d3N\"}]},{\"@type\":\"WebSite\",\"@id\":\"https:\\\/\\\/kuali.com.mx\\\/web\\\/#website\",\"url\":\"https:\\\/\\\/kuali.com.mx\\\/web\\\/\",\"name\":\"Kuali\",\"description\":\"\",\"potentialAction\":[{\"@type\":\"SearchAction\",\"target\":{\"@type\":\"EntryPoint\",\"urlTemplate\":\"https:\\\/\\\/kuali.com.mx\\\/web\\\/?s={search_term_string}\"},\"query-input\":{\"@type\":\"PropertyValueSpecification\",\"valueRequired\":true,\"valueName\":\"search_term_string\"}}],\"inLanguage\":\"es\"},{\"@type\":\"Person\",\"@id\":\"https:\\\/\\\/kuali.com.mx\\\/web\\\/#\\\/schema\\\/person\\\/6f89ffa8ecba9dae50662357923c5289\",\"name\":\"Kuali Staff\",\"image\":{\"@type\":\"ImageObject\",\"inLanguage\":\"es\",\"@id\":\"https:\\\/\\\/secure.gravatar.com\\\/avatar\\\/f917ad82e5ab71227a733c78b6e60715476f69ee6be59feee4eb5d9920c89e0f?s=96&d=mm&r=g\",\"url\":\"https:\\\/\\\/secure.gravatar.com\\\/avatar\\\/f917ad82e5ab71227a733c78b6e60715476f69ee6be59feee4eb5d9920c89e0f?s=96&d=mm&r=g\",\"contentUrl\":\"https:\\\/\\\/secure.gravatar.com\\\/avatar\\\/f917ad82e5ab71227a733c78b6e60715476f69ee6be59feee4eb5d9920c89e0f?s=96&d=mm&r=g\",\"caption\":\"Kuali Staff\"},\"url\":\"https:\\\/\\\/kuali.com.mx\\\/web\\\/author\\\/lagarto\\\/\"}]}<\/script>\n<!-- \/ Yoast SEO plugin. -->","yoast_head_json":{"title":"ARRANCA PROGRAMA M\u00c1S ESCENA EN LE\u00d3N - Kuali","robots":{"index":"index","follow":"follow","max-snippet":"max-snippet:-1","max-image-preview":"max-image-preview:large","max-video-preview":"max-video-preview:-1"},"canonical":"https:\/\/kuali.com.mx\/web\/2023\/08\/07\/arranca-programa-mas-escena-en-leon\/","og_locale":"es_MX","og_type":"article","og_title":"ARRANCA PROGRAMA M\u00c1S ESCENA EN LE\u00d3N - Kuali","og_description":"Kuali\/Le\u00f3n, Gto.- Este jueves 10 de agosto arranca la temporada 2023 del Programa M\u00e1s Escena con funciones de \u00a0m\u00fasica, teatro y multidisciplina. Los proyectos Jazzeando las Rondas, Prisa, La Tormenta y Caudales ofrecer\u00e1n funciones gratuitas y se presentan en los meses de agosto y diciembre. Con M\u00e1s Escena el Instituto Cultural de Le\u00f3n (ICL) busca [&hellip;]","og_url":"https:\/\/kuali.com.mx\/web\/2023\/08\/07\/arranca-programa-mas-escena-en-leon\/","og_site_name":"Kuali","article_publisher":"https:\/\/kuali.com.mx\/web\/wp-content\/uploads\/2018\/04\/cropped-kuali_logo-1-1.png","article_published_time":"2023-08-07T19:06:23+00:00","article_modified_time":"2023-08-08T01:11:08+00:00","og_image":[{"width":1900,"height":750,"url":"https:\/\/kuali.com.mx\/web\/wp-content\/uploads\/2023\/08\/Mas-Escena.gif","type":"image\/gif"}],"author":"Kuali Staff","twitter_card":"summary_large_image","twitter_creator":"@kuali_noticias","twitter_site":"@kuali_noticias","twitter_misc":{"Escrito por":"Kuali Staff","Tiempo de lectura":"2 minutos"},"schema":{"@context":"https:\/\/schema.org","@graph":[{"@type":"Article","@id":"https:\/\/kuali.com.mx\/web\/2023\/08\/07\/arranca-programa-mas-escena-en-leon\/#article","isPartOf":{"@id":"https:\/\/kuali.com.mx\/web\/2023\/08\/07\/arranca-programa-mas-escena-en-leon\/"},"author":{"name":"Kuali Staff","@id":"https:\/\/kuali.com.mx\/web\/#\/schema\/person\/6f89ffa8ecba9dae50662357923c5289"},"headline":"ARRANCA PROGRAMA M\u00c1S ESCENA EN LE\u00d3N","datePublished":"2023-08-07T19:06:23+00:00","dateModified":"2023-08-08T01:11:08+00:00","mainEntityOfPage":{"@id":"https:\/\/kuali.com.mx\/web\/2023\/08\/07\/arranca-programa-mas-escena-en-leon\/"},"wordCount":506,"commentCount":0,"image":{"@id":"https:\/\/kuali.com.mx\/web\/2023\/08\/07\/arranca-programa-mas-escena-en-leon\/#primaryimage"},"thumbnailUrl":"https:\/\/kuali.com.mx\/web\/wp-content\/uploads\/2023\/08\/Mas-Escena.gif","keywords":["Arte y cultura","Le\u00f3n","Mas Escena","Multidisciplina","M\u00daSICA","Teatro"],"articleSection":["Versatil"],"inLanguage":"es","potentialAction":[{"@type":"CommentAction","name":"Comment","target":["https:\/\/kuali.com.mx\/web\/2023\/08\/07\/arranca-programa-mas-escena-en-leon\/#respond"]}]},{"@type":"WebPage","@id":"https:\/\/kuali.com.mx\/web\/2023\/08\/07\/arranca-programa-mas-escena-en-leon\/","url":"https:\/\/kuali.com.mx\/web\/2023\/08\/07\/arranca-programa-mas-escena-en-leon\/","name":"ARRANCA PROGRAMA M\u00c1S ESCENA EN LE\u00d3N - Kuali","isPartOf":{"@id":"https:\/\/kuali.com.mx\/web\/#website"},"primaryImageOfPage":{"@id":"https:\/\/kuali.com.mx\/web\/2023\/08\/07\/arranca-programa-mas-escena-en-leon\/#primaryimage"},"image":{"@id":"https:\/\/kuali.com.mx\/web\/2023\/08\/07\/arranca-programa-mas-escena-en-leon\/#primaryimage"},"thumbnailUrl":"https:\/\/kuali.com.mx\/web\/wp-content\/uploads\/2023\/08\/Mas-Escena.gif","datePublished":"2023-08-07T19:06:23+00:00","dateModified":"2023-08-08T01:11:08+00:00","author":{"@id":"https:\/\/kuali.com.mx\/web\/#\/schema\/person\/6f89ffa8ecba9dae50662357923c5289"},"breadcrumb":{"@id":"https:\/\/kuali.com.mx\/web\/2023\/08\/07\/arranca-programa-mas-escena-en-leon\/#breadcrumb"},"inLanguage":"es","potentialAction":[{"@type":"ReadAction","target":["https:\/\/kuali.com.mx\/web\/2023\/08\/07\/arranca-programa-mas-escena-en-leon\/"]}]},{"@type":"ImageObject","inLanguage":"es","@id":"https:\/\/kuali.com.mx\/web\/2023\/08\/07\/arranca-programa-mas-escena-en-leon\/#primaryimage","url":"https:\/\/kuali.com.mx\/web\/wp-content\/uploads\/2023\/08\/Mas-Escena.gif","contentUrl":"https:\/\/kuali.com.mx\/web\/wp-content\/uploads\/2023\/08\/Mas-Escena.gif","width":1900,"height":750},{"@type":"BreadcrumbList","@id":"https:\/\/kuali.com.mx\/web\/2023\/08\/07\/arranca-programa-mas-escena-en-leon\/#breadcrumb","itemListElement":[{"@type":"ListItem","position":1,"name":"Inicio","item":"https:\/\/kuali.com.mx\/web\/"},{"@type":"ListItem","position":2,"name":"ARRANCA PROGRAMA M\u00c1S ESCENA EN LE\u00d3N"}]},{"@type":"WebSite","@id":"https:\/\/kuali.com.mx\/web\/#website","url":"https:\/\/kuali.com.mx\/web\/","name":"Kuali","description":"","potentialAction":[{"@type":"SearchAction","target":{"@type":"EntryPoint","urlTemplate":"https:\/\/kuali.com.mx\/web\/?s={search_term_string}"},"query-input":{"@type":"PropertyValueSpecification","valueRequired":true,"valueName":"search_term_string"}}],"inLanguage":"es"},{"@type":"Person","@id":"https:\/\/kuali.com.mx\/web\/#\/schema\/person\/6f89ffa8ecba9dae50662357923c5289","name":"Kuali Staff","image":{"@type":"ImageObject","inLanguage":"es","@id":"https:\/\/secure.gravatar.com\/avatar\/f917ad82e5ab71227a733c78b6e60715476f69ee6be59feee4eb5d9920c89e0f?s=96&d=mm&r=g","url":"https:\/\/secure.gravatar.com\/avatar\/f917ad82e5ab71227a733c78b6e60715476f69ee6be59feee4eb5d9920c89e0f?s=96&d=mm&r=g","contentUrl":"https:\/\/secure.gravatar.com\/avatar\/f917ad82e5ab71227a733c78b6e60715476f69ee6be59feee4eb5d9920c89e0f?s=96&d=mm&r=g","caption":"Kuali Staff"},"url":"https:\/\/kuali.com.mx\/web\/author\/lagarto\/"}]}},"_links":{"self":[{"href":"https:\/\/kuali.com.mx\/web\/wp-json\/wp\/v2\/posts\/123804","targetHints":{"allow":["GET"]}}],"collection":[{"href":"https:\/\/kuali.com.mx\/web\/wp-json\/wp\/v2\/posts"}],"about":[{"href":"https:\/\/kuali.com.mx\/web\/wp-json\/wp\/v2\/types\/post"}],"author":[{"embeddable":true,"href":"https:\/\/kuali.com.mx\/web\/wp-json\/wp\/v2\/users\/2"}],"replies":[{"embeddable":true,"href":"https:\/\/kuali.com.mx\/web\/wp-json\/wp\/v2\/comments?post=123804"}],"version-history":[{"count":1,"href":"https:\/\/kuali.com.mx\/web\/wp-json\/wp\/v2\/posts\/123804\/revisions"}],"predecessor-version":[{"id":123808,"href":"https:\/\/kuali.com.mx\/web\/wp-json\/wp\/v2\/posts\/123804\/revisions\/123808"}],"wp:featuredmedia":[{"embeddable":true,"href":"https:\/\/kuali.com.mx\/web\/wp-json\/wp\/v2\/media\/123807"}],"wp:attachment":[{"href":"https:\/\/kuali.com.mx\/web\/wp-json\/wp\/v2\/media?parent=123804"}],"wp:term":[{"taxonomy":"category","embeddable":true,"href":"https:\/\/kuali.com.mx\/web\/wp-json\/wp\/v2\/categories?post=123804"},{"taxonomy":"post_tag","embeddable":true,"href":"https:\/\/kuali.com.mx\/web\/wp-json\/wp\/v2\/tags?post=123804"}],"curies":[{"name":"wp","href":"https:\/\/api.w.org\/{rel}","templated":true}]}}