{"id":123569,"date":"2023-08-02T12:00:51","date_gmt":"2023-08-02T18:00:51","guid":{"rendered":"https:\/\/kuali.com.mx\/web\/?p=123569"},"modified":"2023-08-03T08:28:40","modified_gmt":"2023-08-03T14:28:40","slug":"inauguran-lactario-en-el-parque-irekua","status":"publish","type":"post","link":"https:\/\/kuali.com.mx\/web\/2023\/08\/02\/inauguran-lactario-en-el-parque-irekua\/","title":{"rendered":"INAUGURAN LACTARIO EN EL PARQUE IREKUA\u00a0"},"content":{"rendered":"\n<p><strong><em>Kuali\/Irapuato, Gto.<\/em>-\u00a0<\/strong>Un nuevo lactario fue inaugurado por autoridades municipales y estatales, encabezadas por la presidenta municipal, Lorena Alfaro Garc\u00eda, en el Parque Irekua.\u00a0<\/p>\n\n\n\n<p>En este espacio, todas las madres que deseen amamantar a sus bebes o solo guardar su leche, podr\u00e1n ingresar de manera gratuita al Lactario.<\/p>\n\n\n\n<p>Valeria Alfaro Garc\u00eda, presidenta del Sistema DIF Irapuato, destac\u00f3 la importancia de contar con este lugar, que est\u00e1 adecuado para recibir a las madres y sus beb\u00e9s, as\u00ed como para promover la pr\u00e1ctica de la lactancia materna y que puedan brindar estos nutrientes a sus hijas e hijos.\u00a0<\/p>\n\n\n\n<figure class=\"wp-block-image size-large\"><img loading=\"lazy\" decoding=\"async\" width=\"1024\" height=\"526\" src=\"https:\/\/kuali.com.mx\/web\/wp-content\/uploads\/2023\/08\/LACTARIO-1-1024x526.jpg\" alt=\"\" class=\"wp-image-123572\" srcset=\"https:\/\/kuali.com.mx\/web\/wp-content\/uploads\/2023\/08\/LACTARIO-1-1024x526.jpg 1024w, https:\/\/kuali.com.mx\/web\/wp-content\/uploads\/2023\/08\/LACTARIO-1-300x154.jpg 300w, https:\/\/kuali.com.mx\/web\/wp-content\/uploads\/2023\/08\/LACTARIO-1-768x395.jpg 768w, https:\/\/kuali.com.mx\/web\/wp-content\/uploads\/2023\/08\/LACTARIO-1-226x116.jpg 226w, https:\/\/kuali.com.mx\/web\/wp-content\/uploads\/2023\/08\/LACTARIO-1.jpg 1460w\" sizes=\"auto, (max-width: 1024px) 100vw, 1024px\" \/><\/figure>\n\n\n\n<p>\u201cEsta sala de lactancia es estrat\u00e9gica, porque como bien lo coment\u00e1bamos se encuentra en el centro de una zona importante de hospitales, a los que acuden de manera regular madres en periodo de lactancia y que, ahora, podr\u00e1n encontrar un espacio c\u00f3modo, un espacio adecuado para amamantar o bien resguardar su valiosa y nutritiva leche\u201d, comparti\u00f3.&nbsp;<\/p>\n\n\n\n<p>Juan Enrique S\u00e1nchez, director del Hospital General, destac\u00f3 la importancia de las actividades que realiza el Gobierno de Irapuato durante la Semana Mundial de la Lactancia Materna, que comprenden, entre otras, la inauguraci\u00f3n de este Lactario.&nbsp;<\/p>\n\n\n\n<p>\u201cLos lactarios son muy necesarios, son muy necesarios y por eso aplaudo este apoyo que nos da el Municipio de Irapuato que nunca se queda atr\u00e1s y que siempre est\u00e1 de la mano de la Secretar\u00eda de Salud, que nos ayuda a buscar espacios y que mejor espacio que este Parque Irekua\u201d, mencion\u00f3.&nbsp;<\/p>\n\n\n\n<p>Las actividades de la Semana Mundial de Lactancia Materna comprenden la difusi\u00f3n de la importancia de esta pr\u00e1ctica y su normalizaci\u00f3n, para que las mujeres puedan amamantar a sus beb\u00e9s en espacios p\u00fablicos y acondicionados para ello.<\/p>\n","protected":false},"excerpt":{"rendered":"Kuali\/Irapuato, Gto.-\u00a0Un nuevo lactario fue inaugurado por autoridades municipales y estatales, encabezadas por la presidenta municipal, Lorena Alfaro Garc\u00eda, en el Parque Irekua.\u00a0 En este espacio, todas las madres que deseen amamantar a sus bebes o solo guardar su leche, podr\u00e1n ingresar de manera gratuita al Lactario. Valeria Alfaro Garc\u00eda, presidenta del Sistema DIF Irapuato, [&hellip;]","protected":false},"author":2,"featured_media":123571,"comment_status":"open","ping_status":"open","sticky":false,"template":"","format":"standard","meta":{"_seopress_robots_primary_cat":"none","_seopress_titles_title":"","_seopress_titles_desc":"","_seopress_robots_index":"","_monsterinsights_skip_tracking":false,"_monsterinsights_sitenote_active":false,"_monsterinsights_sitenote_note":"","_monsterinsights_sitenote_category":0,"footnotes":""},"categories":[3],"tags":[],"class_list":["post-123569","post","type-post","status-publish","format-standard","has-post-thumbnail","hentry","category-politica"],"yoast_head":"<!-- This site is optimized with the Yoast SEO plugin v27.4 - https:\/\/yoast.com\/product\/yoast-seo-wordpress\/ -->\n<title>INAUGURAN LACTARIO EN EL PARQUE IREKUA\u00a0 - Kuali<\/title>\n<meta name=\"robots\" content=\"index, follow, max-snippet:-1, max-image-preview:large, max-video-preview:-1\" \/>\n<link rel=\"canonical\" href=\"https:\/\/kuali.com.mx\/web\/2023\/08\/02\/inauguran-lactario-en-el-parque-irekua\/\" \/>\n<meta property=\"og:locale\" content=\"es_MX\" \/>\n<meta property=\"og:type\" content=\"article\" \/>\n<meta property=\"og:title\" content=\"INAUGURAN LACTARIO EN EL PARQUE IREKUA\u00a0 - Kuali\" \/>\n<meta property=\"og:description\" content=\"Kuali\/Irapuato, Gto.-\u00a0Un nuevo lactario fue inaugurado por autoridades municipales y estatales, encabezadas por la presidenta municipal, Lorena Alfaro Garc\u00eda, en el Parque Irekua.\u00a0 En este espacio, todas las madres que deseen amamantar a sus bebes o solo guardar su leche, podr\u00e1n ingresar de manera gratuita al Lactario. Valeria Alfaro Garc\u00eda, presidenta del Sistema DIF Irapuato, [&hellip;]\" \/>\n<meta property=\"og:url\" content=\"https:\/\/kuali.com.mx\/web\/2023\/08\/02\/inauguran-lactario-en-el-parque-irekua\/\" \/>\n<meta property=\"og:site_name\" content=\"Kuali\" \/>\n<meta property=\"article:publisher\" content=\"https:\/\/kuali.com.mx\/web\/wp-content\/uploads\/2018\/04\/cropped-kuali_logo-1-1.png\" \/>\n<meta property=\"article:published_time\" content=\"2023-08-02T18:00:51+00:00\" \/>\n<meta property=\"article:modified_time\" content=\"2023-08-03T14:28:40+00:00\" \/>\n<meta property=\"og:image\" content=\"https:\/\/kuali.com.mx\/web\/wp-content\/uploads\/2023\/08\/LACTARIO-A.jpg\" \/>\n\t<meta property=\"og:image:width\" content=\"1333\" \/>\n\t<meta property=\"og:image:height\" content=\"750\" \/>\n\t<meta property=\"og:image:type\" content=\"image\/jpeg\" \/>\n<meta name=\"author\" content=\"Kuali Staff\" \/>\n<meta name=\"twitter:card\" content=\"summary_large_image\" \/>\n<meta name=\"twitter:creator\" content=\"@kuali_noticias\" \/>\n<meta name=\"twitter:site\" content=\"@kuali_noticias\" \/>\n<meta name=\"twitter:label1\" content=\"Escrito por\" \/>\n\t<meta name=\"twitter:data1\" content=\"Kuali Staff\" \/>\n\t<meta name=\"twitter:label2\" content=\"Tiempo de lectura\" \/>\n\t<meta name=\"twitter:data2\" content=\"2 minutos\" \/>\n<script type=\"application\/ld+json\" class=\"yoast-schema-graph\">{\"@context\":\"https:\\\/\\\/schema.org\",\"@graph\":[{\"@type\":\"Article\",\"@id\":\"https:\\\/\\\/kuali.com.mx\\\/web\\\/2023\\\/08\\\/02\\\/inauguran-lactario-en-el-parque-irekua\\\/#article\",\"isPartOf\":{\"@id\":\"https:\\\/\\\/kuali.com.mx\\\/web\\\/2023\\\/08\\\/02\\\/inauguran-lactario-en-el-parque-irekua\\\/\"},\"author\":{\"name\":\"Kuali Staff\",\"@id\":\"https:\\\/\\\/kuali.com.mx\\\/web\\\/#\\\/schema\\\/person\\\/6f89ffa8ecba9dae50662357923c5289\"},\"headline\":\"INAUGURAN LACTARIO EN EL PARQUE IREKUA\u00a0\",\"datePublished\":\"2023-08-02T18:00:51+00:00\",\"dateModified\":\"2023-08-03T14:28:40+00:00\",\"mainEntityOfPage\":{\"@id\":\"https:\\\/\\\/kuali.com.mx\\\/web\\\/2023\\\/08\\\/02\\\/inauguran-lactario-en-el-parque-irekua\\\/\"},\"wordCount\":307,\"commentCount\":0,\"image\":{\"@id\":\"https:\\\/\\\/kuali.com.mx\\\/web\\\/2023\\\/08\\\/02\\\/inauguran-lactario-en-el-parque-irekua\\\/#primaryimage\"},\"thumbnailUrl\":\"https:\\\/\\\/kuali.com.mx\\\/web\\\/wp-content\\\/uploads\\\/2023\\\/08\\\/LACTARIO-A.jpg\",\"articleSection\":[\"Pol\u00edtica\"],\"inLanguage\":\"es\",\"potentialAction\":[{\"@type\":\"CommentAction\",\"name\":\"Comment\",\"target\":[\"https:\\\/\\\/kuali.com.mx\\\/web\\\/2023\\\/08\\\/02\\\/inauguran-lactario-en-el-parque-irekua\\\/#respond\"]}]},{\"@type\":\"WebPage\",\"@id\":\"https:\\\/\\\/kuali.com.mx\\\/web\\\/2023\\\/08\\\/02\\\/inauguran-lactario-en-el-parque-irekua\\\/\",\"url\":\"https:\\\/\\\/kuali.com.mx\\\/web\\\/2023\\\/08\\\/02\\\/inauguran-lactario-en-el-parque-irekua\\\/\",\"name\":\"INAUGURAN LACTARIO EN EL PARQUE IREKUA\u00a0 - Kuali\",\"isPartOf\":{\"@id\":\"https:\\\/\\\/kuali.com.mx\\\/web\\\/#website\"},\"primaryImageOfPage\":{\"@id\":\"https:\\\/\\\/kuali.com.mx\\\/web\\\/2023\\\/08\\\/02\\\/inauguran-lactario-en-el-parque-irekua\\\/#primaryimage\"},\"image\":{\"@id\":\"https:\\\/\\\/kuali.com.mx\\\/web\\\/2023\\\/08\\\/02\\\/inauguran-lactario-en-el-parque-irekua\\\/#primaryimage\"},\"thumbnailUrl\":\"https:\\\/\\\/kuali.com.mx\\\/web\\\/wp-content\\\/uploads\\\/2023\\\/08\\\/LACTARIO-A.jpg\",\"datePublished\":\"2023-08-02T18:00:51+00:00\",\"dateModified\":\"2023-08-03T14:28:40+00:00\",\"author\":{\"@id\":\"https:\\\/\\\/kuali.com.mx\\\/web\\\/#\\\/schema\\\/person\\\/6f89ffa8ecba9dae50662357923c5289\"},\"breadcrumb\":{\"@id\":\"https:\\\/\\\/kuali.com.mx\\\/web\\\/2023\\\/08\\\/02\\\/inauguran-lactario-en-el-parque-irekua\\\/#breadcrumb\"},\"inLanguage\":\"es\",\"potentialAction\":[{\"@type\":\"ReadAction\",\"target\":[\"https:\\\/\\\/kuali.com.mx\\\/web\\\/2023\\\/08\\\/02\\\/inauguran-lactario-en-el-parque-irekua\\\/\"]}]},{\"@type\":\"ImageObject\",\"inLanguage\":\"es\",\"@id\":\"https:\\\/\\\/kuali.com.mx\\\/web\\\/2023\\\/08\\\/02\\\/inauguran-lactario-en-el-parque-irekua\\\/#primaryimage\",\"url\":\"https:\\\/\\\/kuali.com.mx\\\/web\\\/wp-content\\\/uploads\\\/2023\\\/08\\\/LACTARIO-A.jpg\",\"contentUrl\":\"https:\\\/\\\/kuali.com.mx\\\/web\\\/wp-content\\\/uploads\\\/2023\\\/08\\\/LACTARIO-A.jpg\",\"width\":1333,\"height\":750},{\"@type\":\"BreadcrumbList\",\"@id\":\"https:\\\/\\\/kuali.com.mx\\\/web\\\/2023\\\/08\\\/02\\\/inauguran-lactario-en-el-parque-irekua\\\/#breadcrumb\",\"itemListElement\":[{\"@type\":\"ListItem\",\"position\":1,\"name\":\"Inicio\",\"item\":\"https:\\\/\\\/kuali.com.mx\\\/web\\\/\"},{\"@type\":\"ListItem\",\"position\":2,\"name\":\"INAUGURAN LACTARIO EN EL PARQUE IREKUA\u00a0\"}]},{\"@type\":\"WebSite\",\"@id\":\"https:\\\/\\\/kuali.com.mx\\\/web\\\/#website\",\"url\":\"https:\\\/\\\/kuali.com.mx\\\/web\\\/\",\"name\":\"Kuali\",\"description\":\"\",\"potentialAction\":[{\"@type\":\"SearchAction\",\"target\":{\"@type\":\"EntryPoint\",\"urlTemplate\":\"https:\\\/\\\/kuali.com.mx\\\/web\\\/?s={search_term_string}\"},\"query-input\":{\"@type\":\"PropertyValueSpecification\",\"valueRequired\":true,\"valueName\":\"search_term_string\"}}],\"inLanguage\":\"es\"},{\"@type\":\"Person\",\"@id\":\"https:\\\/\\\/kuali.com.mx\\\/web\\\/#\\\/schema\\\/person\\\/6f89ffa8ecba9dae50662357923c5289\",\"name\":\"Kuali Staff\",\"image\":{\"@type\":\"ImageObject\",\"inLanguage\":\"es\",\"@id\":\"https:\\\/\\\/secure.gravatar.com\\\/avatar\\\/f917ad82e5ab71227a733c78b6e60715476f69ee6be59feee4eb5d9920c89e0f?s=96&d=mm&r=g\",\"url\":\"https:\\\/\\\/secure.gravatar.com\\\/avatar\\\/f917ad82e5ab71227a733c78b6e60715476f69ee6be59feee4eb5d9920c89e0f?s=96&d=mm&r=g\",\"contentUrl\":\"https:\\\/\\\/secure.gravatar.com\\\/avatar\\\/f917ad82e5ab71227a733c78b6e60715476f69ee6be59feee4eb5d9920c89e0f?s=96&d=mm&r=g\",\"caption\":\"Kuali Staff\"},\"url\":\"https:\\\/\\\/kuali.com.mx\\\/web\\\/author\\\/lagarto\\\/\"}]}<\/script>\n<!-- \/ Yoast SEO plugin. -->","yoast_head_json":{"title":"INAUGURAN LACTARIO EN EL PARQUE IREKUA\u00a0 - Kuali","robots":{"index":"index","follow":"follow","max-snippet":"max-snippet:-1","max-image-preview":"max-image-preview:large","max-video-preview":"max-video-preview:-1"},"canonical":"https:\/\/kuali.com.mx\/web\/2023\/08\/02\/inauguran-lactario-en-el-parque-irekua\/","og_locale":"es_MX","og_type":"article","og_title":"INAUGURAN LACTARIO EN EL PARQUE IREKUA\u00a0 - Kuali","og_description":"Kuali\/Irapuato, Gto.-\u00a0Un nuevo lactario fue inaugurado por autoridades municipales y estatales, encabezadas por la presidenta municipal, Lorena Alfaro Garc\u00eda, en el Parque Irekua.\u00a0 En este espacio, todas las madres que deseen amamantar a sus bebes o solo guardar su leche, podr\u00e1n ingresar de manera gratuita al Lactario. Valeria Alfaro Garc\u00eda, presidenta del Sistema DIF Irapuato, [&hellip;]","og_url":"https:\/\/kuali.com.mx\/web\/2023\/08\/02\/inauguran-lactario-en-el-parque-irekua\/","og_site_name":"Kuali","article_publisher":"https:\/\/kuali.com.mx\/web\/wp-content\/uploads\/2018\/04\/cropped-kuali_logo-1-1.png","article_published_time":"2023-08-02T18:00:51+00:00","article_modified_time":"2023-08-03T14:28:40+00:00","og_image":[{"width":1333,"height":750,"url":"https:\/\/kuali.com.mx\/web\/wp-content\/uploads\/2023\/08\/LACTARIO-A.jpg","type":"image\/jpeg"}],"author":"Kuali Staff","twitter_card":"summary_large_image","twitter_creator":"@kuali_noticias","twitter_site":"@kuali_noticias","twitter_misc":{"Escrito por":"Kuali Staff","Tiempo de lectura":"2 minutos"},"schema":{"@context":"https:\/\/schema.org","@graph":[{"@type":"Article","@id":"https:\/\/kuali.com.mx\/web\/2023\/08\/02\/inauguran-lactario-en-el-parque-irekua\/#article","isPartOf":{"@id":"https:\/\/kuali.com.mx\/web\/2023\/08\/02\/inauguran-lactario-en-el-parque-irekua\/"},"author":{"name":"Kuali Staff","@id":"https:\/\/kuali.com.mx\/web\/#\/schema\/person\/6f89ffa8ecba9dae50662357923c5289"},"headline":"INAUGURAN LACTARIO EN EL PARQUE IREKUA\u00a0","datePublished":"2023-08-02T18:00:51+00:00","dateModified":"2023-08-03T14:28:40+00:00","mainEntityOfPage":{"@id":"https:\/\/kuali.com.mx\/web\/2023\/08\/02\/inauguran-lactario-en-el-parque-irekua\/"},"wordCount":307,"commentCount":0,"image":{"@id":"https:\/\/kuali.com.mx\/web\/2023\/08\/02\/inauguran-lactario-en-el-parque-irekua\/#primaryimage"},"thumbnailUrl":"https:\/\/kuali.com.mx\/web\/wp-content\/uploads\/2023\/08\/LACTARIO-A.jpg","articleSection":["Pol\u00edtica"],"inLanguage":"es","potentialAction":[{"@type":"CommentAction","name":"Comment","target":["https:\/\/kuali.com.mx\/web\/2023\/08\/02\/inauguran-lactario-en-el-parque-irekua\/#respond"]}]},{"@type":"WebPage","@id":"https:\/\/kuali.com.mx\/web\/2023\/08\/02\/inauguran-lactario-en-el-parque-irekua\/","url":"https:\/\/kuali.com.mx\/web\/2023\/08\/02\/inauguran-lactario-en-el-parque-irekua\/","name":"INAUGURAN LACTARIO EN EL PARQUE IREKUA\u00a0 - Kuali","isPartOf":{"@id":"https:\/\/kuali.com.mx\/web\/#website"},"primaryImageOfPage":{"@id":"https:\/\/kuali.com.mx\/web\/2023\/08\/02\/inauguran-lactario-en-el-parque-irekua\/#primaryimage"},"image":{"@id":"https:\/\/kuali.com.mx\/web\/2023\/08\/02\/inauguran-lactario-en-el-parque-irekua\/#primaryimage"},"thumbnailUrl":"https:\/\/kuali.com.mx\/web\/wp-content\/uploads\/2023\/08\/LACTARIO-A.jpg","datePublished":"2023-08-02T18:00:51+00:00","dateModified":"2023-08-03T14:28:40+00:00","author":{"@id":"https:\/\/kuali.com.mx\/web\/#\/schema\/person\/6f89ffa8ecba9dae50662357923c5289"},"breadcrumb":{"@id":"https:\/\/kuali.com.mx\/web\/2023\/08\/02\/inauguran-lactario-en-el-parque-irekua\/#breadcrumb"},"inLanguage":"es","potentialAction":[{"@type":"ReadAction","target":["https:\/\/kuali.com.mx\/web\/2023\/08\/02\/inauguran-lactario-en-el-parque-irekua\/"]}]},{"@type":"ImageObject","inLanguage":"es","@id":"https:\/\/kuali.com.mx\/web\/2023\/08\/02\/inauguran-lactario-en-el-parque-irekua\/#primaryimage","url":"https:\/\/kuali.com.mx\/web\/wp-content\/uploads\/2023\/08\/LACTARIO-A.jpg","contentUrl":"https:\/\/kuali.com.mx\/web\/wp-content\/uploads\/2023\/08\/LACTARIO-A.jpg","width":1333,"height":750},{"@type":"BreadcrumbList","@id":"https:\/\/kuali.com.mx\/web\/2023\/08\/02\/inauguran-lactario-en-el-parque-irekua\/#breadcrumb","itemListElement":[{"@type":"ListItem","position":1,"name":"Inicio","item":"https:\/\/kuali.com.mx\/web\/"},{"@type":"ListItem","position":2,"name":"INAUGURAN LACTARIO EN EL PARQUE IREKUA\u00a0"}]},{"@type":"WebSite","@id":"https:\/\/kuali.com.mx\/web\/#website","url":"https:\/\/kuali.com.mx\/web\/","name":"Kuali","description":"","potentialAction":[{"@type":"SearchAction","target":{"@type":"EntryPoint","urlTemplate":"https:\/\/kuali.com.mx\/web\/?s={search_term_string}"},"query-input":{"@type":"PropertyValueSpecification","valueRequired":true,"valueName":"search_term_string"}}],"inLanguage":"es"},{"@type":"Person","@id":"https:\/\/kuali.com.mx\/web\/#\/schema\/person\/6f89ffa8ecba9dae50662357923c5289","name":"Kuali Staff","image":{"@type":"ImageObject","inLanguage":"es","@id":"https:\/\/secure.gravatar.com\/avatar\/f917ad82e5ab71227a733c78b6e60715476f69ee6be59feee4eb5d9920c89e0f?s=96&d=mm&r=g","url":"https:\/\/secure.gravatar.com\/avatar\/f917ad82e5ab71227a733c78b6e60715476f69ee6be59feee4eb5d9920c89e0f?s=96&d=mm&r=g","contentUrl":"https:\/\/secure.gravatar.com\/avatar\/f917ad82e5ab71227a733c78b6e60715476f69ee6be59feee4eb5d9920c89e0f?s=96&d=mm&r=g","caption":"Kuali Staff"},"url":"https:\/\/kuali.com.mx\/web\/author\/lagarto\/"}]}},"_links":{"self":[{"href":"https:\/\/kuali.com.mx\/web\/wp-json\/wp\/v2\/posts\/123569","targetHints":{"allow":["GET"]}}],"collection":[{"href":"https:\/\/kuali.com.mx\/web\/wp-json\/wp\/v2\/posts"}],"about":[{"href":"https:\/\/kuali.com.mx\/web\/wp-json\/wp\/v2\/types\/post"}],"author":[{"embeddable":true,"href":"https:\/\/kuali.com.mx\/web\/wp-json\/wp\/v2\/users\/2"}],"replies":[{"embeddable":true,"href":"https:\/\/kuali.com.mx\/web\/wp-json\/wp\/v2\/comments?post=123569"}],"version-history":[{"count":1,"href":"https:\/\/kuali.com.mx\/web\/wp-json\/wp\/v2\/posts\/123569\/revisions"}],"predecessor-version":[{"id":123573,"href":"https:\/\/kuali.com.mx\/web\/wp-json\/wp\/v2\/posts\/123569\/revisions\/123573"}],"wp:featuredmedia":[{"embeddable":true,"href":"https:\/\/kuali.com.mx\/web\/wp-json\/wp\/v2\/media\/123571"}],"wp:attachment":[{"href":"https:\/\/kuali.com.mx\/web\/wp-json\/wp\/v2\/media?parent=123569"}],"wp:term":[{"taxonomy":"category","embeddable":true,"href":"https:\/\/kuali.com.mx\/web\/wp-json\/wp\/v2\/categories?post=123569"},{"taxonomy":"post_tag","embeddable":true,"href":"https:\/\/kuali.com.mx\/web\/wp-json\/wp\/v2\/tags?post=123569"}],"curies":[{"name":"wp","href":"https:\/\/api.w.org\/{rel}","templated":true}]}}