{"id":123402,"date":"2023-07-30T14:30:00","date_gmt":"2023-07-30T20:30:00","guid":{"rendered":"https:\/\/kuali.com.mx\/web\/?p=123402"},"modified":"2023-07-30T19:35:01","modified_gmt":"2023-07-31T01:35:01","slug":"pide-diputada-buscar-a-mexicana-desaparecida-en-berlin","status":"publish","type":"post","link":"https:\/\/kuali.com.mx\/web\/2023\/07\/30\/pide-diputada-buscar-a-mexicana-desaparecida-en-berlin\/","title":{"rendered":"PIDE DIPUTADA BUSCAR A MEXICANA DESAPARECIDA EN BERL\u00cdN"},"content":{"rendered":"\n<p><strong><em>Kuali\/Ciudad de M\u00e9xico.-<\/em><\/strong>La diputada Ana Valenzuela S\u00e1nchez (PAN) hizo un llamado a la Secretar\u00eda de Relaciones Exteriores (SRE) y a la Embajada de Alemania en M\u00e9xico a que realicen trabajo diplom\u00e1tico y de b\u00fasqueda de la mexicana, Maria Fernanda S\u00e1nchez, desaparecida en Berl\u00edn, desde el pasado s\u00e1bado 22 de julio.<\/p>\n\n\n\n<p>En un comunicado, resalt\u00f3 la importancia de la colaboraci\u00f3n interinstitucional para garantizar una b\u00fasqueda efectiva y exhaustiva de la ciudadana mexicana desaparecida en territorio extranjero.<\/p>\n\n\n\n<p>\"Hago un llamado a la Secretar\u00eda de Relaciones Exteriores y a la Embajada de Alemania a que realicen trabajo diplom\u00e1tico y de b\u00fasqueda de la mexicana en Berl\u00edn\u201d, expres\u00f3.<\/p>\n\n\n\n<p>Sumado a ello, afirm\u00f3 que la desaparici\u00f3n de personas cada vez va en aumento, y prueba de ello es que los 194 pa\u00edses que integran la Organizaci\u00f3n Internacional de Polic\u00eda Criminal (Interpol) reportaron un registro de 9 mil 191 personas desaparecidas en todo el mundo hasta este mes.<\/p>\n\n\n\n<p>Enfatiz\u00f3 la importancia de velar por los derechos de las mujeres mexicanas que deciden emigrar del pa\u00eds en busca de un mejor futuro. Subray\u00f3 que estas mujeres, movidas por un leg\u00edtimo sue\u00f1o de superaci\u00f3n, no deben enfrentar el terrible flagelo de las desapariciones o cualquier otra forma de violencia.<\/p>\n\n\n\n<p>La diputada migrante asegur\u00f3 que las autoridades deben rendir cuentas de su participaci\u00f3n en los avances y en las acciones emprendidas en la b\u00fasqueda.<\/p>\n\n\n\n<p>\"No se debe escatimar esfuerzos ni recursos en el proceso, es fundamental que las autoridades rindan cuentas a la ciudadan\u00eda sobre la b\u00fasqueda, siempre con un compromiso real con la resoluci\u00f3n\", sostuvo.<\/p>\n","protected":false},"excerpt":{"rendered":"Kuali\/Ciudad de M\u00e9xico.-La diputada Ana Valenzuela S\u00e1nchez (PAN) hizo un llamado a la Secretar\u00eda de Relaciones Exteriores (SRE) y a la Embajada de Alemania en M\u00e9xico a que realicen trabajo diplom\u00e1tico y de b\u00fasqueda de la mexicana, Maria Fernanda S\u00e1nchez, desaparecida en Berl\u00edn, desde el pasado s\u00e1bado 22 de julio. En un comunicado, resalt\u00f3 la [&hellip;]","protected":false},"author":2,"featured_media":123405,"comment_status":"open","ping_status":"open","sticky":false,"template":"","format":"standard","meta":{"_seopress_robots_primary_cat":"none","_seopress_titles_title":"","_seopress_titles_desc":"","_seopress_robots_index":"","_monsterinsights_skip_tracking":false,"_monsterinsights_sitenote_active":false,"_monsterinsights_sitenote_note":"","_monsterinsights_sitenote_category":0,"footnotes":""},"categories":[3],"tags":[],"class_list":["post-123402","post","type-post","status-publish","format-standard","has-post-thumbnail","hentry","category-politica"],"yoast_head":"<!-- This site is optimized with the Yoast SEO plugin v27.4 - https:\/\/yoast.com\/product\/yoast-seo-wordpress\/ -->\n<title>PIDE DIPUTADA BUSCAR A MEXICANA DESAPARECIDA EN BERL\u00cdN - Kuali<\/title>\n<meta name=\"robots\" content=\"index, follow, max-snippet:-1, max-image-preview:large, max-video-preview:-1\" \/>\n<link rel=\"canonical\" href=\"https:\/\/kuali.com.mx\/web\/2023\/07\/30\/pide-diputada-buscar-a-mexicana-desaparecida-en-berlin\/\" \/>\n<meta property=\"og:locale\" content=\"es_MX\" \/>\n<meta property=\"og:type\" content=\"article\" \/>\n<meta property=\"og:title\" content=\"PIDE DIPUTADA BUSCAR A MEXICANA DESAPARECIDA EN BERL\u00cdN - Kuali\" \/>\n<meta property=\"og:description\" content=\"Kuali\/Ciudad de M\u00e9xico.-La diputada Ana Valenzuela S\u00e1nchez (PAN) hizo un llamado a la Secretar\u00eda de Relaciones Exteriores (SRE) y a la Embajada de Alemania en M\u00e9xico a que realicen trabajo diplom\u00e1tico y de b\u00fasqueda de la mexicana, Maria Fernanda S\u00e1nchez, desaparecida en Berl\u00edn, desde el pasado s\u00e1bado 22 de julio. En un comunicado, resalt\u00f3 la [&hellip;]\" \/>\n<meta property=\"og:url\" content=\"https:\/\/kuali.com.mx\/web\/2023\/07\/30\/pide-diputada-buscar-a-mexicana-desaparecida-en-berlin\/\" \/>\n<meta property=\"og:site_name\" content=\"Kuali\" \/>\n<meta property=\"article:publisher\" content=\"https:\/\/kuali.com.mx\/web\/wp-content\/uploads\/2018\/04\/cropped-kuali_logo-1-1.png\" \/>\n<meta property=\"article:published_time\" content=\"2023-07-30T20:30:00+00:00\" \/>\n<meta property=\"article:modified_time\" content=\"2023-07-31T01:35:01+00:00\" \/>\n<meta property=\"og:image\" content=\"https:\/\/kuali.com.mx\/web\/wp-content\/uploads\/2023\/07\/Maria-Fernanda-desaparecida.jpg\" \/>\n\t<meta property=\"og:image:width\" content=\"1280\" \/>\n\t<meta property=\"og:image:height\" content=\"720\" \/>\n\t<meta property=\"og:image:type\" content=\"image\/jpeg\" \/>\n<meta name=\"author\" content=\"Kuali Staff\" \/>\n<meta name=\"twitter:card\" content=\"summary_large_image\" \/>\n<meta name=\"twitter:creator\" content=\"@kuali_noticias\" \/>\n<meta name=\"twitter:site\" content=\"@kuali_noticias\" \/>\n<meta name=\"twitter:label1\" content=\"Escrito por\" \/>\n\t<meta name=\"twitter:data1\" content=\"Kuali Staff\" \/>\n\t<meta name=\"twitter:label2\" content=\"Tiempo de lectura\" \/>\n\t<meta name=\"twitter:data2\" content=\"1 minuto\" \/>\n<script type=\"application\/ld+json\" class=\"yoast-schema-graph\">{\"@context\":\"https:\\\/\\\/schema.org\",\"@graph\":[{\"@type\":\"Article\",\"@id\":\"https:\\\/\\\/kuali.com.mx\\\/web\\\/2023\\\/07\\\/30\\\/pide-diputada-buscar-a-mexicana-desaparecida-en-berlin\\\/#article\",\"isPartOf\":{\"@id\":\"https:\\\/\\\/kuali.com.mx\\\/web\\\/2023\\\/07\\\/30\\\/pide-diputada-buscar-a-mexicana-desaparecida-en-berlin\\\/\"},\"author\":{\"name\":\"Kuali Staff\",\"@id\":\"https:\\\/\\\/kuali.com.mx\\\/web\\\/#\\\/schema\\\/person\\\/6f89ffa8ecba9dae50662357923c5289\"},\"headline\":\"PIDE DIPUTADA BUSCAR A MEXICANA DESAPARECIDA EN BERL\u00cdN\",\"datePublished\":\"2023-07-30T20:30:00+00:00\",\"dateModified\":\"2023-07-31T01:35:01+00:00\",\"mainEntityOfPage\":{\"@id\":\"https:\\\/\\\/kuali.com.mx\\\/web\\\/2023\\\/07\\\/30\\\/pide-diputada-buscar-a-mexicana-desaparecida-en-berlin\\\/\"},\"wordCount\":293,\"commentCount\":0,\"image\":{\"@id\":\"https:\\\/\\\/kuali.com.mx\\\/web\\\/2023\\\/07\\\/30\\\/pide-diputada-buscar-a-mexicana-desaparecida-en-berlin\\\/#primaryimage\"},\"thumbnailUrl\":\"https:\\\/\\\/kuali.com.mx\\\/web\\\/wp-content\\\/uploads\\\/2023\\\/07\\\/Maria-Fernanda-desaparecida.jpg\",\"articleSection\":[\"Pol\u00edtica\"],\"inLanguage\":\"es\",\"potentialAction\":[{\"@type\":\"CommentAction\",\"name\":\"Comment\",\"target\":[\"https:\\\/\\\/kuali.com.mx\\\/web\\\/2023\\\/07\\\/30\\\/pide-diputada-buscar-a-mexicana-desaparecida-en-berlin\\\/#respond\"]}]},{\"@type\":\"WebPage\",\"@id\":\"https:\\\/\\\/kuali.com.mx\\\/web\\\/2023\\\/07\\\/30\\\/pide-diputada-buscar-a-mexicana-desaparecida-en-berlin\\\/\",\"url\":\"https:\\\/\\\/kuali.com.mx\\\/web\\\/2023\\\/07\\\/30\\\/pide-diputada-buscar-a-mexicana-desaparecida-en-berlin\\\/\",\"name\":\"PIDE DIPUTADA BUSCAR A MEXICANA DESAPARECIDA EN BERL\u00cdN - Kuali\",\"isPartOf\":{\"@id\":\"https:\\\/\\\/kuali.com.mx\\\/web\\\/#website\"},\"primaryImageOfPage\":{\"@id\":\"https:\\\/\\\/kuali.com.mx\\\/web\\\/2023\\\/07\\\/30\\\/pide-diputada-buscar-a-mexicana-desaparecida-en-berlin\\\/#primaryimage\"},\"image\":{\"@id\":\"https:\\\/\\\/kuali.com.mx\\\/web\\\/2023\\\/07\\\/30\\\/pide-diputada-buscar-a-mexicana-desaparecida-en-berlin\\\/#primaryimage\"},\"thumbnailUrl\":\"https:\\\/\\\/kuali.com.mx\\\/web\\\/wp-content\\\/uploads\\\/2023\\\/07\\\/Maria-Fernanda-desaparecida.jpg\",\"datePublished\":\"2023-07-30T20:30:00+00:00\",\"dateModified\":\"2023-07-31T01:35:01+00:00\",\"author\":{\"@id\":\"https:\\\/\\\/kuali.com.mx\\\/web\\\/#\\\/schema\\\/person\\\/6f89ffa8ecba9dae50662357923c5289\"},\"breadcrumb\":{\"@id\":\"https:\\\/\\\/kuali.com.mx\\\/web\\\/2023\\\/07\\\/30\\\/pide-diputada-buscar-a-mexicana-desaparecida-en-berlin\\\/#breadcrumb\"},\"inLanguage\":\"es\",\"potentialAction\":[{\"@type\":\"ReadAction\",\"target\":[\"https:\\\/\\\/kuali.com.mx\\\/web\\\/2023\\\/07\\\/30\\\/pide-diputada-buscar-a-mexicana-desaparecida-en-berlin\\\/\"]}]},{\"@type\":\"ImageObject\",\"inLanguage\":\"es\",\"@id\":\"https:\\\/\\\/kuali.com.mx\\\/web\\\/2023\\\/07\\\/30\\\/pide-diputada-buscar-a-mexicana-desaparecida-en-berlin\\\/#primaryimage\",\"url\":\"https:\\\/\\\/kuali.com.mx\\\/web\\\/wp-content\\\/uploads\\\/2023\\\/07\\\/Maria-Fernanda-desaparecida.jpg\",\"contentUrl\":\"https:\\\/\\\/kuali.com.mx\\\/web\\\/wp-content\\\/uploads\\\/2023\\\/07\\\/Maria-Fernanda-desaparecida.jpg\",\"width\":1280,\"height\":720},{\"@type\":\"BreadcrumbList\",\"@id\":\"https:\\\/\\\/kuali.com.mx\\\/web\\\/2023\\\/07\\\/30\\\/pide-diputada-buscar-a-mexicana-desaparecida-en-berlin\\\/#breadcrumb\",\"itemListElement\":[{\"@type\":\"ListItem\",\"position\":1,\"name\":\"Inicio\",\"item\":\"https:\\\/\\\/kuali.com.mx\\\/web\\\/\"},{\"@type\":\"ListItem\",\"position\":2,\"name\":\"PIDE DIPUTADA BUSCAR A MEXICANA DESAPARECIDA EN BERL\u00cdN\"}]},{\"@type\":\"WebSite\",\"@id\":\"https:\\\/\\\/kuali.com.mx\\\/web\\\/#website\",\"url\":\"https:\\\/\\\/kuali.com.mx\\\/web\\\/\",\"name\":\"Kuali\",\"description\":\"\",\"potentialAction\":[{\"@type\":\"SearchAction\",\"target\":{\"@type\":\"EntryPoint\",\"urlTemplate\":\"https:\\\/\\\/kuali.com.mx\\\/web\\\/?s={search_term_string}\"},\"query-input\":{\"@type\":\"PropertyValueSpecification\",\"valueRequired\":true,\"valueName\":\"search_term_string\"}}],\"inLanguage\":\"es\"},{\"@type\":\"Person\",\"@id\":\"https:\\\/\\\/kuali.com.mx\\\/web\\\/#\\\/schema\\\/person\\\/6f89ffa8ecba9dae50662357923c5289\",\"name\":\"Kuali Staff\",\"image\":{\"@type\":\"ImageObject\",\"inLanguage\":\"es\",\"@id\":\"https:\\\/\\\/secure.gravatar.com\\\/avatar\\\/f917ad82e5ab71227a733c78b6e60715476f69ee6be59feee4eb5d9920c89e0f?s=96&d=mm&r=g\",\"url\":\"https:\\\/\\\/secure.gravatar.com\\\/avatar\\\/f917ad82e5ab71227a733c78b6e60715476f69ee6be59feee4eb5d9920c89e0f?s=96&d=mm&r=g\",\"contentUrl\":\"https:\\\/\\\/secure.gravatar.com\\\/avatar\\\/f917ad82e5ab71227a733c78b6e60715476f69ee6be59feee4eb5d9920c89e0f?s=96&d=mm&r=g\",\"caption\":\"Kuali Staff\"},\"url\":\"https:\\\/\\\/kuali.com.mx\\\/web\\\/author\\\/lagarto\\\/\"}]}<\/script>\n<!-- \/ Yoast SEO plugin. -->","yoast_head_json":{"title":"PIDE DIPUTADA BUSCAR A MEXICANA DESAPARECIDA EN BERL\u00cdN - Kuali","robots":{"index":"index","follow":"follow","max-snippet":"max-snippet:-1","max-image-preview":"max-image-preview:large","max-video-preview":"max-video-preview:-1"},"canonical":"https:\/\/kuali.com.mx\/web\/2023\/07\/30\/pide-diputada-buscar-a-mexicana-desaparecida-en-berlin\/","og_locale":"es_MX","og_type":"article","og_title":"PIDE DIPUTADA BUSCAR A MEXICANA DESAPARECIDA EN BERL\u00cdN - Kuali","og_description":"Kuali\/Ciudad de M\u00e9xico.-La diputada Ana Valenzuela S\u00e1nchez (PAN) hizo un llamado a la Secretar\u00eda de Relaciones Exteriores (SRE) y a la Embajada de Alemania en M\u00e9xico a que realicen trabajo diplom\u00e1tico y de b\u00fasqueda de la mexicana, Maria Fernanda S\u00e1nchez, desaparecida en Berl\u00edn, desde el pasado s\u00e1bado 22 de julio. En un comunicado, resalt\u00f3 la [&hellip;]","og_url":"https:\/\/kuali.com.mx\/web\/2023\/07\/30\/pide-diputada-buscar-a-mexicana-desaparecida-en-berlin\/","og_site_name":"Kuali","article_publisher":"https:\/\/kuali.com.mx\/web\/wp-content\/uploads\/2018\/04\/cropped-kuali_logo-1-1.png","article_published_time":"2023-07-30T20:30:00+00:00","article_modified_time":"2023-07-31T01:35:01+00:00","og_image":[{"width":1280,"height":720,"url":"https:\/\/kuali.com.mx\/web\/wp-content\/uploads\/2023\/07\/Maria-Fernanda-desaparecida.jpg","type":"image\/jpeg"}],"author":"Kuali Staff","twitter_card":"summary_large_image","twitter_creator":"@kuali_noticias","twitter_site":"@kuali_noticias","twitter_misc":{"Escrito por":"Kuali Staff","Tiempo de lectura":"1 minuto"},"schema":{"@context":"https:\/\/schema.org","@graph":[{"@type":"Article","@id":"https:\/\/kuali.com.mx\/web\/2023\/07\/30\/pide-diputada-buscar-a-mexicana-desaparecida-en-berlin\/#article","isPartOf":{"@id":"https:\/\/kuali.com.mx\/web\/2023\/07\/30\/pide-diputada-buscar-a-mexicana-desaparecida-en-berlin\/"},"author":{"name":"Kuali Staff","@id":"https:\/\/kuali.com.mx\/web\/#\/schema\/person\/6f89ffa8ecba9dae50662357923c5289"},"headline":"PIDE DIPUTADA BUSCAR A MEXICANA DESAPARECIDA EN BERL\u00cdN","datePublished":"2023-07-30T20:30:00+00:00","dateModified":"2023-07-31T01:35:01+00:00","mainEntityOfPage":{"@id":"https:\/\/kuali.com.mx\/web\/2023\/07\/30\/pide-diputada-buscar-a-mexicana-desaparecida-en-berlin\/"},"wordCount":293,"commentCount":0,"image":{"@id":"https:\/\/kuali.com.mx\/web\/2023\/07\/30\/pide-diputada-buscar-a-mexicana-desaparecida-en-berlin\/#primaryimage"},"thumbnailUrl":"https:\/\/kuali.com.mx\/web\/wp-content\/uploads\/2023\/07\/Maria-Fernanda-desaparecida.jpg","articleSection":["Pol\u00edtica"],"inLanguage":"es","potentialAction":[{"@type":"CommentAction","name":"Comment","target":["https:\/\/kuali.com.mx\/web\/2023\/07\/30\/pide-diputada-buscar-a-mexicana-desaparecida-en-berlin\/#respond"]}]},{"@type":"WebPage","@id":"https:\/\/kuali.com.mx\/web\/2023\/07\/30\/pide-diputada-buscar-a-mexicana-desaparecida-en-berlin\/","url":"https:\/\/kuali.com.mx\/web\/2023\/07\/30\/pide-diputada-buscar-a-mexicana-desaparecida-en-berlin\/","name":"PIDE DIPUTADA BUSCAR A MEXICANA DESAPARECIDA EN BERL\u00cdN - Kuali","isPartOf":{"@id":"https:\/\/kuali.com.mx\/web\/#website"},"primaryImageOfPage":{"@id":"https:\/\/kuali.com.mx\/web\/2023\/07\/30\/pide-diputada-buscar-a-mexicana-desaparecida-en-berlin\/#primaryimage"},"image":{"@id":"https:\/\/kuali.com.mx\/web\/2023\/07\/30\/pide-diputada-buscar-a-mexicana-desaparecida-en-berlin\/#primaryimage"},"thumbnailUrl":"https:\/\/kuali.com.mx\/web\/wp-content\/uploads\/2023\/07\/Maria-Fernanda-desaparecida.jpg","datePublished":"2023-07-30T20:30:00+00:00","dateModified":"2023-07-31T01:35:01+00:00","author":{"@id":"https:\/\/kuali.com.mx\/web\/#\/schema\/person\/6f89ffa8ecba9dae50662357923c5289"},"breadcrumb":{"@id":"https:\/\/kuali.com.mx\/web\/2023\/07\/30\/pide-diputada-buscar-a-mexicana-desaparecida-en-berlin\/#breadcrumb"},"inLanguage":"es","potentialAction":[{"@type":"ReadAction","target":["https:\/\/kuali.com.mx\/web\/2023\/07\/30\/pide-diputada-buscar-a-mexicana-desaparecida-en-berlin\/"]}]},{"@type":"ImageObject","inLanguage":"es","@id":"https:\/\/kuali.com.mx\/web\/2023\/07\/30\/pide-diputada-buscar-a-mexicana-desaparecida-en-berlin\/#primaryimage","url":"https:\/\/kuali.com.mx\/web\/wp-content\/uploads\/2023\/07\/Maria-Fernanda-desaparecida.jpg","contentUrl":"https:\/\/kuali.com.mx\/web\/wp-content\/uploads\/2023\/07\/Maria-Fernanda-desaparecida.jpg","width":1280,"height":720},{"@type":"BreadcrumbList","@id":"https:\/\/kuali.com.mx\/web\/2023\/07\/30\/pide-diputada-buscar-a-mexicana-desaparecida-en-berlin\/#breadcrumb","itemListElement":[{"@type":"ListItem","position":1,"name":"Inicio","item":"https:\/\/kuali.com.mx\/web\/"},{"@type":"ListItem","position":2,"name":"PIDE DIPUTADA BUSCAR A MEXICANA DESAPARECIDA EN BERL\u00cdN"}]},{"@type":"WebSite","@id":"https:\/\/kuali.com.mx\/web\/#website","url":"https:\/\/kuali.com.mx\/web\/","name":"Kuali","description":"","potentialAction":[{"@type":"SearchAction","target":{"@type":"EntryPoint","urlTemplate":"https:\/\/kuali.com.mx\/web\/?s={search_term_string}"},"query-input":{"@type":"PropertyValueSpecification","valueRequired":true,"valueName":"search_term_string"}}],"inLanguage":"es"},{"@type":"Person","@id":"https:\/\/kuali.com.mx\/web\/#\/schema\/person\/6f89ffa8ecba9dae50662357923c5289","name":"Kuali Staff","image":{"@type":"ImageObject","inLanguage":"es","@id":"https:\/\/secure.gravatar.com\/avatar\/f917ad82e5ab71227a733c78b6e60715476f69ee6be59feee4eb5d9920c89e0f?s=96&d=mm&r=g","url":"https:\/\/secure.gravatar.com\/avatar\/f917ad82e5ab71227a733c78b6e60715476f69ee6be59feee4eb5d9920c89e0f?s=96&d=mm&r=g","contentUrl":"https:\/\/secure.gravatar.com\/avatar\/f917ad82e5ab71227a733c78b6e60715476f69ee6be59feee4eb5d9920c89e0f?s=96&d=mm&r=g","caption":"Kuali Staff"},"url":"https:\/\/kuali.com.mx\/web\/author\/lagarto\/"}]}},"_links":{"self":[{"href":"https:\/\/kuali.com.mx\/web\/wp-json\/wp\/v2\/posts\/123402","targetHints":{"allow":["GET"]}}],"collection":[{"href":"https:\/\/kuali.com.mx\/web\/wp-json\/wp\/v2\/posts"}],"about":[{"href":"https:\/\/kuali.com.mx\/web\/wp-json\/wp\/v2\/types\/post"}],"author":[{"embeddable":true,"href":"https:\/\/kuali.com.mx\/web\/wp-json\/wp\/v2\/users\/2"}],"replies":[{"embeddable":true,"href":"https:\/\/kuali.com.mx\/web\/wp-json\/wp\/v2\/comments?post=123402"}],"version-history":[{"count":2,"href":"https:\/\/kuali.com.mx\/web\/wp-json\/wp\/v2\/posts\/123402\/revisions"}],"predecessor-version":[{"id":123407,"href":"https:\/\/kuali.com.mx\/web\/wp-json\/wp\/v2\/posts\/123402\/revisions\/123407"}],"wp:featuredmedia":[{"embeddable":true,"href":"https:\/\/kuali.com.mx\/web\/wp-json\/wp\/v2\/media\/123405"}],"wp:attachment":[{"href":"https:\/\/kuali.com.mx\/web\/wp-json\/wp\/v2\/media?parent=123402"}],"wp:term":[{"taxonomy":"category","embeddable":true,"href":"https:\/\/kuali.com.mx\/web\/wp-json\/wp\/v2\/categories?post=123402"},{"taxonomy":"post_tag","embeddable":true,"href":"https:\/\/kuali.com.mx\/web\/wp-json\/wp\/v2\/tags?post=123402"}],"curies":[{"name":"wp","href":"https:\/\/api.w.org\/{rel}","templated":true}]}}