{"id":123392,"date":"2023-07-30T16:09:00","date_gmt":"2023-07-30T22:09:00","guid":{"rendered":"https:\/\/kuali.com.mx\/web\/?p=123392"},"modified":"2023-07-31T10:32:54","modified_gmt":"2023-07-31T16:32:54","slug":"reconocen-a-guardabosques-de-la-sierra-de-los-agustinos","status":"publish","type":"post","link":"https:\/\/kuali.com.mx\/web\/2023\/07\/30\/reconocen-a-guardabosques-de-la-sierra-de-los-agustinos\/","title":{"rendered":"RECONOCEN A GUARDABOSQUES DE LA SIERRA DE LOS AGUSTINOS"},"content":{"rendered":"\n<p><strong><em>Kuali\/Ac\u00e1mbaro, Gto.-<\/em><\/strong>Guardabosques de la Sierra de los Agustinos fueron reconocidos por primera vez como miembros provisionales de la International Ranger Federation (IRF) gracias a las acciones que realizan por proteger, conservar y restaurar esta importante \u00c1rea Natural Protegida.<\/p>\n\n\n\n<p>Solamente dos grupos de Guardabosques en M\u00e9xico pertenecen a esta asociaci\u00f3n, as\u00ed lo inform\u00f3 la titular de la Secretar\u00eda de Medio Ambiente y Ordenamiento Territorial (SMAOT) Mar\u00eda Isabel Ortiz Mantilla, en el marco del D\u00eda Internacional del Guardabosques.<\/p>\n\n\n\n<p>La secretaria reconoci\u00f3 la labor que desempe\u00f1an las y los 60 guardabosques de Guanajuato para la protecci\u00f3n de cada una de las ANP a su cargo; trabajo fundamental para la preservaci\u00f3n de la biodiversidad en la entidad.<\/p>\n\n\n\n<p>El reconocimiento de la International Ranger Federation (IRF) es muestra -dijo- del compromiso del Gobierno del Estado por impulsar entre los guardianes ambientales su formaci\u00f3n, a trav\u00e9s de las capacitaciones y equipamiento otorgado, acciones que LES permiten contar con las herramientas necesarias para desempe\u00f1ar su labor por la protecci\u00f3n de los recursos naturales.<\/p>\n\n\n\n<p>La International Ranger Federation agrupa a asociaciones de guardaparques de todo el mundo con el objetivo de promover su profesionalizaci\u00f3n para la conservaci\u00f3n del patrimonio natural, hist\u00f3rico y cultural en los pa\u00edses.<\/p>\n\n\n\n<p>Los guardabosques del ANP Sierra de los Agustinos, tendr\u00e1n la oportunidad de intercambiar experiencias y conocimientos a trav\u00e9s del Programa de Hermanamiento del IRF, conectarse con organizaciones socias como The Thin Green Line Foundation (TTGLF) y la Uni\u00f3n Internacional para la Conservaci\u00f3n de la Naturaleza - Comisi\u00f3n Mundial de \u00c1reas Protegidas (IUCN-WCPA), nominar a colegas para los Premios FIG \/ TGLF, capacitaciones, asistir al Congreso Mundial de Guardabosques, participar en las celebraciones mundiales del D\u00eda Mundial de los Guardabosques.<\/p>\n\n\n\n<p>La IRF reconoci\u00f3 las acciones que realizan los guardabosques en monitoreo biol\u00f3gico, obras de conservaci\u00f3n de suelo y agua, (podas de sanidad y correctivas, reforestaci\u00f3n, barreas vivas y tinajas para retenci\u00f3n de suelos, colocaci\u00f3n de se\u00f1al\u00e9tica, recolecci\u00f3n de residuos contaminantes, etc.), educaci\u00f3n ambiental, vigilancia y prevenci\u00f3n de il\u00edcitos ambientales, prevenci\u00f3n y combate de incendios forestales y apoyo a los ejidos, en el control de visitantes.<\/p>\n\n\n\n<p>Los guardabosques son habitantes de las comunidades cercanas a las ANP dedicados por completo a la protecci\u00f3n y conservaci\u00f3n de los recursos naturales de las mismas, con capacidades y equipamiento necesario, adscritos a los gobiernos municipales en coordinaci\u00f3n con la SMAOT.<\/p>\n\n\n\n<p>Actualmente contamos con 60 guardabosques inscritos en 22 municipios en 18 ANP en los municipios: Ac\u00e1mbaro, Comonfort, Cort\u00e1zar, Cuer\u00e1maro, Guanajuato, Irapuato, Jer\u00e9cuaro, Juventino Rosas, Le\u00f3n, Manuel Doblado, Morole\u00f3n, P\u00e9njamo, Pur\u00edsima de Rinc\u00f3n, Salamanca, San Diego de la Uni\u00f3n, San Felipe, San Francisco del Rinc\u00f3n, San Jos\u00e9 Iturbide, Tierra Blanca, Valle de Santiago, Yuriria.<\/p>\n\n\n\n<p>Las ANP que cuentan con guardabosques son: Cerro de Arandas, Cerro de los Amoles, Cerro del Palenque, Cerros El Culiac\u00e1n y La Gavia, Cuenca Alta del R\u00edo Temascat\u00edo, Cuenca de la Esperanza, Laguna de Yuriria y su Zona de Influencia, Las Fuentes, Las Musas, Parque Metropolitano, Pe\u00f1a Alta, Pinal del Zamorano, Presa de Neutla y su zona de influencia, Presa de Silva y sus \u00e1reas aleda\u00f1as, Regi\u00f3n Volc\u00e1nica Siete Luminarias, Sierra de Lobos, Sierra de P\u00e9njamo y Sierra de los Agustinos.<\/p>\n\n\n\n<p>Guanajuato cuenta con 36 ANP, ubicadas en 34 municipios y que abarcan una superficie poco mayor a 631,756.62 hect\u00e1reas equivalentes al 20.63% del territorio estatal. De estas 36 ANP, 23 son de competencia estatal y 3 son federales, dos de ellas \u00c1reas Destinadas Voluntariamente a la Conservaci\u00f3n (ADVC), 7 municipales y 3 ADVC.<\/p>\n","protected":false},"excerpt":{"rendered":"Kuali\/Ac\u00e1mbaro, Gto.-Guardabosques de la Sierra de los Agustinos fueron reconocidos por primera vez como miembros provisionales de la International Ranger Federation (IRF) gracias a las acciones que realizan por proteger, conservar y restaurar esta importante \u00c1rea Natural Protegida. Solamente dos grupos de Guardabosques en M\u00e9xico pertenecen a esta asociaci\u00f3n, as\u00ed lo inform\u00f3 la titular de [&hellip;]","protected":false},"author":2,"featured_media":123395,"comment_status":"open","ping_status":"open","sticky":false,"template":"","format":"standard","meta":{"_seopress_robots_primary_cat":"none","_seopress_titles_title":"","_seopress_titles_desc":"","_seopress_robots_index":"","_monsterinsights_skip_tracking":false,"_monsterinsights_sitenote_active":false,"_monsterinsights_sitenote_note":"","_monsterinsights_sitenote_category":0,"footnotes":""},"categories":[17],"tags":[],"class_list":["post-123392","post","type-post","status-publish","format-standard","has-post-thumbnail","hentry","category-ecologia"],"yoast_head":"<!-- This site is optimized with the Yoast SEO plugin v27.4 - https:\/\/yoast.com\/product\/yoast-seo-wordpress\/ -->\n<title>RECONOCEN A GUARDABOSQUES DE LA SIERRA DE LOS AGUSTINOS - Kuali<\/title>\n<meta name=\"robots\" content=\"index, follow, max-snippet:-1, max-image-preview:large, max-video-preview:-1\" \/>\n<link rel=\"canonical\" href=\"https:\/\/kuali.com.mx\/web\/2023\/07\/30\/reconocen-a-guardabosques-de-la-sierra-de-los-agustinos\/\" \/>\n<meta property=\"og:locale\" content=\"es_MX\" \/>\n<meta property=\"og:type\" content=\"article\" \/>\n<meta property=\"og:title\" content=\"RECONOCEN A GUARDABOSQUES DE LA SIERRA DE LOS AGUSTINOS - Kuali\" \/>\n<meta property=\"og:description\" content=\"Kuali\/Ac\u00e1mbaro, Gto.-Guardabosques de la Sierra de los Agustinos fueron reconocidos por primera vez como miembros provisionales de la International Ranger Federation (IRF) gracias a las acciones que realizan por proteger, conservar y restaurar esta importante \u00c1rea Natural Protegida. Solamente dos grupos de Guardabosques en M\u00e9xico pertenecen a esta asociaci\u00f3n, as\u00ed lo inform\u00f3 la titular de [&hellip;]\" \/>\n<meta property=\"og:url\" content=\"https:\/\/kuali.com.mx\/web\/2023\/07\/30\/reconocen-a-guardabosques-de-la-sierra-de-los-agustinos\/\" \/>\n<meta property=\"og:site_name\" content=\"Kuali\" \/>\n<meta property=\"article:publisher\" content=\"https:\/\/kuali.com.mx\/web\/wp-content\/uploads\/2018\/04\/cropped-kuali_logo-1-1.png\" \/>\n<meta property=\"article:published_time\" content=\"2023-07-30T22:09:00+00:00\" \/>\n<meta property=\"article:modified_time\" content=\"2023-07-31T16:32:54+00:00\" \/>\n<meta property=\"og:image\" content=\"https:\/\/kuali.com.mx\/web\/wp-content\/uploads\/2023\/07\/Sierra-Agustinos-bosque-arboles-naturaleza.jpg\" \/>\n\t<meta property=\"og:image:width\" content=\"1732\" \/>\n\t<meta property=\"og:image:height\" content=\"1154\" \/>\n\t<meta property=\"og:image:type\" content=\"image\/jpeg\" \/>\n<meta name=\"author\" content=\"Kuali Staff\" \/>\n<meta name=\"twitter:card\" content=\"summary_large_image\" \/>\n<meta name=\"twitter:creator\" content=\"@kuali_noticias\" \/>\n<meta name=\"twitter:site\" content=\"@kuali_noticias\" \/>\n<meta name=\"twitter:label1\" content=\"Escrito por\" \/>\n\t<meta name=\"twitter:data1\" content=\"Kuali Staff\" \/>\n\t<meta name=\"twitter:label2\" content=\"Tiempo de lectura\" \/>\n\t<meta name=\"twitter:data2\" content=\"3 minutos\" \/>\n<script type=\"application\/ld+json\" class=\"yoast-schema-graph\">{\"@context\":\"https:\\\/\\\/schema.org\",\"@graph\":[{\"@type\":\"Article\",\"@id\":\"https:\\\/\\\/kuali.com.mx\\\/web\\\/2023\\\/07\\\/30\\\/reconocen-a-guardabosques-de-la-sierra-de-los-agustinos\\\/#article\",\"isPartOf\":{\"@id\":\"https:\\\/\\\/kuali.com.mx\\\/web\\\/2023\\\/07\\\/30\\\/reconocen-a-guardabosques-de-la-sierra-de-los-agustinos\\\/\"},\"author\":{\"name\":\"Kuali Staff\",\"@id\":\"https:\\\/\\\/kuali.com.mx\\\/web\\\/#\\\/schema\\\/person\\\/6f89ffa8ecba9dae50662357923c5289\"},\"headline\":\"RECONOCEN A GUARDABOSQUES DE LA SIERRA DE LOS AGUSTINOS\",\"datePublished\":\"2023-07-30T22:09:00+00:00\",\"dateModified\":\"2023-07-31T16:32:54+00:00\",\"mainEntityOfPage\":{\"@id\":\"https:\\\/\\\/kuali.com.mx\\\/web\\\/2023\\\/07\\\/30\\\/reconocen-a-guardabosques-de-la-sierra-de-los-agustinos\\\/\"},\"wordCount\":627,\"commentCount\":0,\"image\":{\"@id\":\"https:\\\/\\\/kuali.com.mx\\\/web\\\/2023\\\/07\\\/30\\\/reconocen-a-guardabosques-de-la-sierra-de-los-agustinos\\\/#primaryimage\"},\"thumbnailUrl\":\"https:\\\/\\\/kuali.com.mx\\\/web\\\/wp-content\\\/uploads\\\/2023\\\/07\\\/Sierra-Agustinos-bosque-arboles-naturaleza.jpg\",\"articleSection\":[\"Ecolog\u00eda\"],\"inLanguage\":\"es\",\"potentialAction\":[{\"@type\":\"CommentAction\",\"name\":\"Comment\",\"target\":[\"https:\\\/\\\/kuali.com.mx\\\/web\\\/2023\\\/07\\\/30\\\/reconocen-a-guardabosques-de-la-sierra-de-los-agustinos\\\/#respond\"]}]},{\"@type\":\"WebPage\",\"@id\":\"https:\\\/\\\/kuali.com.mx\\\/web\\\/2023\\\/07\\\/30\\\/reconocen-a-guardabosques-de-la-sierra-de-los-agustinos\\\/\",\"url\":\"https:\\\/\\\/kuali.com.mx\\\/web\\\/2023\\\/07\\\/30\\\/reconocen-a-guardabosques-de-la-sierra-de-los-agustinos\\\/\",\"name\":\"RECONOCEN A GUARDABOSQUES DE LA SIERRA DE LOS AGUSTINOS - Kuali\",\"isPartOf\":{\"@id\":\"https:\\\/\\\/kuali.com.mx\\\/web\\\/#website\"},\"primaryImageOfPage\":{\"@id\":\"https:\\\/\\\/kuali.com.mx\\\/web\\\/2023\\\/07\\\/30\\\/reconocen-a-guardabosques-de-la-sierra-de-los-agustinos\\\/#primaryimage\"},\"image\":{\"@id\":\"https:\\\/\\\/kuali.com.mx\\\/web\\\/2023\\\/07\\\/30\\\/reconocen-a-guardabosques-de-la-sierra-de-los-agustinos\\\/#primaryimage\"},\"thumbnailUrl\":\"https:\\\/\\\/kuali.com.mx\\\/web\\\/wp-content\\\/uploads\\\/2023\\\/07\\\/Sierra-Agustinos-bosque-arboles-naturaleza.jpg\",\"datePublished\":\"2023-07-30T22:09:00+00:00\",\"dateModified\":\"2023-07-31T16:32:54+00:00\",\"author\":{\"@id\":\"https:\\\/\\\/kuali.com.mx\\\/web\\\/#\\\/schema\\\/person\\\/6f89ffa8ecba9dae50662357923c5289\"},\"breadcrumb\":{\"@id\":\"https:\\\/\\\/kuali.com.mx\\\/web\\\/2023\\\/07\\\/30\\\/reconocen-a-guardabosques-de-la-sierra-de-los-agustinos\\\/#breadcrumb\"},\"inLanguage\":\"es\",\"potentialAction\":[{\"@type\":\"ReadAction\",\"target\":[\"https:\\\/\\\/kuali.com.mx\\\/web\\\/2023\\\/07\\\/30\\\/reconocen-a-guardabosques-de-la-sierra-de-los-agustinos\\\/\"]}]},{\"@type\":\"ImageObject\",\"inLanguage\":\"es\",\"@id\":\"https:\\\/\\\/kuali.com.mx\\\/web\\\/2023\\\/07\\\/30\\\/reconocen-a-guardabosques-de-la-sierra-de-los-agustinos\\\/#primaryimage\",\"url\":\"https:\\\/\\\/kuali.com.mx\\\/web\\\/wp-content\\\/uploads\\\/2023\\\/07\\\/Sierra-Agustinos-bosque-arboles-naturaleza.jpg\",\"contentUrl\":\"https:\\\/\\\/kuali.com.mx\\\/web\\\/wp-content\\\/uploads\\\/2023\\\/07\\\/Sierra-Agustinos-bosque-arboles-naturaleza.jpg\",\"width\":1732,\"height\":1154},{\"@type\":\"BreadcrumbList\",\"@id\":\"https:\\\/\\\/kuali.com.mx\\\/web\\\/2023\\\/07\\\/30\\\/reconocen-a-guardabosques-de-la-sierra-de-los-agustinos\\\/#breadcrumb\",\"itemListElement\":[{\"@type\":\"ListItem\",\"position\":1,\"name\":\"Inicio\",\"item\":\"https:\\\/\\\/kuali.com.mx\\\/web\\\/\"},{\"@type\":\"ListItem\",\"position\":2,\"name\":\"RECONOCEN A GUARDABOSQUES DE LA SIERRA DE LOS AGUSTINOS\"}]},{\"@type\":\"WebSite\",\"@id\":\"https:\\\/\\\/kuali.com.mx\\\/web\\\/#website\",\"url\":\"https:\\\/\\\/kuali.com.mx\\\/web\\\/\",\"name\":\"Kuali\",\"description\":\"\",\"potentialAction\":[{\"@type\":\"SearchAction\",\"target\":{\"@type\":\"EntryPoint\",\"urlTemplate\":\"https:\\\/\\\/kuali.com.mx\\\/web\\\/?s={search_term_string}\"},\"query-input\":{\"@type\":\"PropertyValueSpecification\",\"valueRequired\":true,\"valueName\":\"search_term_string\"}}],\"inLanguage\":\"es\"},{\"@type\":\"Person\",\"@id\":\"https:\\\/\\\/kuali.com.mx\\\/web\\\/#\\\/schema\\\/person\\\/6f89ffa8ecba9dae50662357923c5289\",\"name\":\"Kuali Staff\",\"image\":{\"@type\":\"ImageObject\",\"inLanguage\":\"es\",\"@id\":\"https:\\\/\\\/secure.gravatar.com\\\/avatar\\\/f917ad82e5ab71227a733c78b6e60715476f69ee6be59feee4eb5d9920c89e0f?s=96&d=mm&r=g\",\"url\":\"https:\\\/\\\/secure.gravatar.com\\\/avatar\\\/f917ad82e5ab71227a733c78b6e60715476f69ee6be59feee4eb5d9920c89e0f?s=96&d=mm&r=g\",\"contentUrl\":\"https:\\\/\\\/secure.gravatar.com\\\/avatar\\\/f917ad82e5ab71227a733c78b6e60715476f69ee6be59feee4eb5d9920c89e0f?s=96&d=mm&r=g\",\"caption\":\"Kuali Staff\"},\"url\":\"https:\\\/\\\/kuali.com.mx\\\/web\\\/author\\\/lagarto\\\/\"}]}<\/script>\n<!-- \/ Yoast SEO plugin. -->","yoast_head_json":{"title":"RECONOCEN A GUARDABOSQUES DE LA SIERRA DE LOS AGUSTINOS - Kuali","robots":{"index":"index","follow":"follow","max-snippet":"max-snippet:-1","max-image-preview":"max-image-preview:large","max-video-preview":"max-video-preview:-1"},"canonical":"https:\/\/kuali.com.mx\/web\/2023\/07\/30\/reconocen-a-guardabosques-de-la-sierra-de-los-agustinos\/","og_locale":"es_MX","og_type":"article","og_title":"RECONOCEN A GUARDABOSQUES DE LA SIERRA DE LOS AGUSTINOS - Kuali","og_description":"Kuali\/Ac\u00e1mbaro, Gto.-Guardabosques de la Sierra de los Agustinos fueron reconocidos por primera vez como miembros provisionales de la International Ranger Federation (IRF) gracias a las acciones que realizan por proteger, conservar y restaurar esta importante \u00c1rea Natural Protegida. Solamente dos grupos de Guardabosques en M\u00e9xico pertenecen a esta asociaci\u00f3n, as\u00ed lo inform\u00f3 la titular de [&hellip;]","og_url":"https:\/\/kuali.com.mx\/web\/2023\/07\/30\/reconocen-a-guardabosques-de-la-sierra-de-los-agustinos\/","og_site_name":"Kuali","article_publisher":"https:\/\/kuali.com.mx\/web\/wp-content\/uploads\/2018\/04\/cropped-kuali_logo-1-1.png","article_published_time":"2023-07-30T22:09:00+00:00","article_modified_time":"2023-07-31T16:32:54+00:00","og_image":[{"width":1732,"height":1154,"url":"https:\/\/kuali.com.mx\/web\/wp-content\/uploads\/2023\/07\/Sierra-Agustinos-bosque-arboles-naturaleza.jpg","type":"image\/jpeg"}],"author":"Kuali Staff","twitter_card":"summary_large_image","twitter_creator":"@kuali_noticias","twitter_site":"@kuali_noticias","twitter_misc":{"Escrito por":"Kuali Staff","Tiempo de lectura":"3 minutos"},"schema":{"@context":"https:\/\/schema.org","@graph":[{"@type":"Article","@id":"https:\/\/kuali.com.mx\/web\/2023\/07\/30\/reconocen-a-guardabosques-de-la-sierra-de-los-agustinos\/#article","isPartOf":{"@id":"https:\/\/kuali.com.mx\/web\/2023\/07\/30\/reconocen-a-guardabosques-de-la-sierra-de-los-agustinos\/"},"author":{"name":"Kuali Staff","@id":"https:\/\/kuali.com.mx\/web\/#\/schema\/person\/6f89ffa8ecba9dae50662357923c5289"},"headline":"RECONOCEN A GUARDABOSQUES DE LA SIERRA DE LOS AGUSTINOS","datePublished":"2023-07-30T22:09:00+00:00","dateModified":"2023-07-31T16:32:54+00:00","mainEntityOfPage":{"@id":"https:\/\/kuali.com.mx\/web\/2023\/07\/30\/reconocen-a-guardabosques-de-la-sierra-de-los-agustinos\/"},"wordCount":627,"commentCount":0,"image":{"@id":"https:\/\/kuali.com.mx\/web\/2023\/07\/30\/reconocen-a-guardabosques-de-la-sierra-de-los-agustinos\/#primaryimage"},"thumbnailUrl":"https:\/\/kuali.com.mx\/web\/wp-content\/uploads\/2023\/07\/Sierra-Agustinos-bosque-arboles-naturaleza.jpg","articleSection":["Ecolog\u00eda"],"inLanguage":"es","potentialAction":[{"@type":"CommentAction","name":"Comment","target":["https:\/\/kuali.com.mx\/web\/2023\/07\/30\/reconocen-a-guardabosques-de-la-sierra-de-los-agustinos\/#respond"]}]},{"@type":"WebPage","@id":"https:\/\/kuali.com.mx\/web\/2023\/07\/30\/reconocen-a-guardabosques-de-la-sierra-de-los-agustinos\/","url":"https:\/\/kuali.com.mx\/web\/2023\/07\/30\/reconocen-a-guardabosques-de-la-sierra-de-los-agustinos\/","name":"RECONOCEN A GUARDABOSQUES DE LA SIERRA DE LOS AGUSTINOS - Kuali","isPartOf":{"@id":"https:\/\/kuali.com.mx\/web\/#website"},"primaryImageOfPage":{"@id":"https:\/\/kuali.com.mx\/web\/2023\/07\/30\/reconocen-a-guardabosques-de-la-sierra-de-los-agustinos\/#primaryimage"},"image":{"@id":"https:\/\/kuali.com.mx\/web\/2023\/07\/30\/reconocen-a-guardabosques-de-la-sierra-de-los-agustinos\/#primaryimage"},"thumbnailUrl":"https:\/\/kuali.com.mx\/web\/wp-content\/uploads\/2023\/07\/Sierra-Agustinos-bosque-arboles-naturaleza.jpg","datePublished":"2023-07-30T22:09:00+00:00","dateModified":"2023-07-31T16:32:54+00:00","author":{"@id":"https:\/\/kuali.com.mx\/web\/#\/schema\/person\/6f89ffa8ecba9dae50662357923c5289"},"breadcrumb":{"@id":"https:\/\/kuali.com.mx\/web\/2023\/07\/30\/reconocen-a-guardabosques-de-la-sierra-de-los-agustinos\/#breadcrumb"},"inLanguage":"es","potentialAction":[{"@type":"ReadAction","target":["https:\/\/kuali.com.mx\/web\/2023\/07\/30\/reconocen-a-guardabosques-de-la-sierra-de-los-agustinos\/"]}]},{"@type":"ImageObject","inLanguage":"es","@id":"https:\/\/kuali.com.mx\/web\/2023\/07\/30\/reconocen-a-guardabosques-de-la-sierra-de-los-agustinos\/#primaryimage","url":"https:\/\/kuali.com.mx\/web\/wp-content\/uploads\/2023\/07\/Sierra-Agustinos-bosque-arboles-naturaleza.jpg","contentUrl":"https:\/\/kuali.com.mx\/web\/wp-content\/uploads\/2023\/07\/Sierra-Agustinos-bosque-arboles-naturaleza.jpg","width":1732,"height":1154},{"@type":"BreadcrumbList","@id":"https:\/\/kuali.com.mx\/web\/2023\/07\/30\/reconocen-a-guardabosques-de-la-sierra-de-los-agustinos\/#breadcrumb","itemListElement":[{"@type":"ListItem","position":1,"name":"Inicio","item":"https:\/\/kuali.com.mx\/web\/"},{"@type":"ListItem","position":2,"name":"RECONOCEN A GUARDABOSQUES DE LA SIERRA DE LOS AGUSTINOS"}]},{"@type":"WebSite","@id":"https:\/\/kuali.com.mx\/web\/#website","url":"https:\/\/kuali.com.mx\/web\/","name":"Kuali","description":"","potentialAction":[{"@type":"SearchAction","target":{"@type":"EntryPoint","urlTemplate":"https:\/\/kuali.com.mx\/web\/?s={search_term_string}"},"query-input":{"@type":"PropertyValueSpecification","valueRequired":true,"valueName":"search_term_string"}}],"inLanguage":"es"},{"@type":"Person","@id":"https:\/\/kuali.com.mx\/web\/#\/schema\/person\/6f89ffa8ecba9dae50662357923c5289","name":"Kuali Staff","image":{"@type":"ImageObject","inLanguage":"es","@id":"https:\/\/secure.gravatar.com\/avatar\/f917ad82e5ab71227a733c78b6e60715476f69ee6be59feee4eb5d9920c89e0f?s=96&d=mm&r=g","url":"https:\/\/secure.gravatar.com\/avatar\/f917ad82e5ab71227a733c78b6e60715476f69ee6be59feee4eb5d9920c89e0f?s=96&d=mm&r=g","contentUrl":"https:\/\/secure.gravatar.com\/avatar\/f917ad82e5ab71227a733c78b6e60715476f69ee6be59feee4eb5d9920c89e0f?s=96&d=mm&r=g","caption":"Kuali Staff"},"url":"https:\/\/kuali.com.mx\/web\/author\/lagarto\/"}]}},"_links":{"self":[{"href":"https:\/\/kuali.com.mx\/web\/wp-json\/wp\/v2\/posts\/123392","targetHints":{"allow":["GET"]}}],"collection":[{"href":"https:\/\/kuali.com.mx\/web\/wp-json\/wp\/v2\/posts"}],"about":[{"href":"https:\/\/kuali.com.mx\/web\/wp-json\/wp\/v2\/types\/post"}],"author":[{"embeddable":true,"href":"https:\/\/kuali.com.mx\/web\/wp-json\/wp\/v2\/users\/2"}],"replies":[{"embeddable":true,"href":"https:\/\/kuali.com.mx\/web\/wp-json\/wp\/v2\/comments?post=123392"}],"version-history":[{"count":2,"href":"https:\/\/kuali.com.mx\/web\/wp-json\/wp\/v2\/posts\/123392\/revisions"}],"predecessor-version":[{"id":123424,"href":"https:\/\/kuali.com.mx\/web\/wp-json\/wp\/v2\/posts\/123392\/revisions\/123424"}],"wp:featuredmedia":[{"embeddable":true,"href":"https:\/\/kuali.com.mx\/web\/wp-json\/wp\/v2\/media\/123395"}],"wp:attachment":[{"href":"https:\/\/kuali.com.mx\/web\/wp-json\/wp\/v2\/media?parent=123392"}],"wp:term":[{"taxonomy":"category","embeddable":true,"href":"https:\/\/kuali.com.mx\/web\/wp-json\/wp\/v2\/categories?post=123392"},{"taxonomy":"post_tag","embeddable":true,"href":"https:\/\/kuali.com.mx\/web\/wp-json\/wp\/v2\/tags?post=123392"}],"curies":[{"name":"wp","href":"https:\/\/api.w.org\/{rel}","templated":true}]}}