{"id":123374,"date":"2023-07-30T15:04:12","date_gmt":"2023-07-30T21:04:12","guid":{"rendered":"https:\/\/kuali.com.mx\/web\/?p=123374"},"modified":"2023-07-31T08:08:15","modified_gmt":"2023-07-31T14:08:15","slug":"verstappen-y-checo-hacen-el-1-2-en-el-gp-de-belgica","status":"publish","type":"post","link":"https:\/\/kuali.com.mx\/web\/2023\/07\/30\/verstappen-y-checo-hacen-el-1-2-en-el-gp-de-belgica\/","title":{"rendered":"VERSTAPPEN Y \u201cCHECO\u201d HACEN EL 1-2 EN EL GP DE B\u00c9LGICA"},"content":{"rendered":"\n<p><span><span style=\"font-weight: 600;\"><i>MariLuz Medina<\/i><\/span><b style=\"font-style: italic;\">\/B\u00e9lgica<\/b><\/span><i>.-<\/i>El neerland\u00e9s Max Verstappen fortaleci\u00f3 a\u00fan m\u00e1s su liderato en el Mundial de F\u00f3rmula Uno al encabezar un nuevo doblete de Red Bull junto a su compa\u00f1ero, el mexicano Sergio P\u00e9rez, en el Gran Premio de B\u00e9lgica, que se disput\u00f3 este domingo en el circuito de Spa-Francorchamps.<\/p>\n\n\n\n<p>Verstappen, de 25 a\u00f1os, logr\u00f3 su cuadrag\u00e9sima quinta victoria en la F1, la d\u00e9cima de la temporada y la octava seguida, apuntando cada vez con m\u00e1s claridad a su tercer t\u00edtulo seguido, al ganar en la m\u00edtica pista de las \u00c1rdenas por delante de 'Checo' (segundo en el Mundial), Que firm\u00f3 su trig\u00e9simo tercer podio en la categor\u00eda reina, y del monegasco Charles Leclerc (Ferrari).<\/p>\n\n\n\n<p><br>Fernando Alonso, doble campe\u00f3n mundial asturiano, que sigue tercero en el campeonato, concluy\u00f3 quinto este domingo, en otra gran actuaci\u00f3n; por detr\u00e1s del siete veces coronado ingl\u00e9s Lewis Hamilton (Mercedes), que despu\u00e9s de firmar la vuelta r\u00e1pida en la \u00faltima, finaliz\u00f3 cuarto en Spa-Francorchamps, la pista m\u00e1s larga del campeonato, a la que se dieron 44 giros, para completar un recorrido de 308 kil\u00f3metros.Por otra parte, el madrile\u00f1o Carlos Sainz (Ferrari) se tuvo que retirar tras la vig\u00e9sima tercera vuelta, despu\u00e9s de pilotar desde la primera curva, en la que se toc\u00f3 con el debutante australiano Oscar Piastri (McLaren), con un pont\u00f3n muy deteriorado.<\/p>\n\n\n\n<p><br>Despues de esta carrera en Belgica se vienen el tradicional receso de verano, por lo cual reanudaran actividades el 27 de agosto en el GP de Paises Bajos.<\/p>\n","protected":false},"excerpt":{"rendered":"MariLuz Medina\/B\u00e9lgica.-El neerland\u00e9s Max Verstappen fortaleci\u00f3 a\u00fan m\u00e1s su liderato en el Mundial de F\u00f3rmula Uno al encabezar un nuevo doblete de Red Bull junto a su compa\u00f1ero, el mexicano Sergio P\u00e9rez, en el Gran Premio de B\u00e9lgica, que se disput\u00f3 este domingo en el circuito de Spa-Francorchamps. Verstappen, de 25 a\u00f1os, logr\u00f3 su cuadrag\u00e9sima [&hellip;]","protected":false},"author":2,"featured_media":123377,"comment_status":"open","ping_status":"open","sticky":false,"template":"","format":"standard","meta":{"_seopress_robots_primary_cat":"none","_seopress_titles_title":"","_seopress_titles_desc":"","_seopress_robots_index":"","_monsterinsights_skip_tracking":false,"_monsterinsights_sitenote_active":false,"_monsterinsights_sitenote_note":"","_monsterinsights_sitenote_category":0,"footnotes":""},"categories":[16],"tags":[],"class_list":["post-123374","post","type-post","status-publish","format-standard","has-post-thumbnail","hentry","category-deportes"],"yoast_head":"<!-- This site is optimized with the Yoast SEO plugin v27.4 - https:\/\/yoast.com\/product\/yoast-seo-wordpress\/ -->\n<title>VERSTAPPEN Y \u201cCHECO\u201d HACEN EL 1-2 EN EL GP DE B\u00c9LGICA - Kuali<\/title>\n<meta name=\"robots\" content=\"index, follow, max-snippet:-1, max-image-preview:large, max-video-preview:-1\" \/>\n<link rel=\"canonical\" href=\"https:\/\/kuali.com.mx\/web\/2023\/07\/30\/verstappen-y-checo-hacen-el-1-2-en-el-gp-de-belgica\/\" \/>\n<meta property=\"og:locale\" content=\"es_MX\" \/>\n<meta property=\"og:type\" content=\"article\" \/>\n<meta property=\"og:title\" content=\"VERSTAPPEN Y \u201cCHECO\u201d HACEN EL 1-2 EN EL GP DE B\u00c9LGICA - Kuali\" \/>\n<meta property=\"og:description\" content=\"MariLuz Medina\/B\u00e9lgica.-El neerland\u00e9s Max Verstappen fortaleci\u00f3 a\u00fan m\u00e1s su liderato en el Mundial de F\u00f3rmula Uno al encabezar un nuevo doblete de Red Bull junto a su compa\u00f1ero, el mexicano Sergio P\u00e9rez, en el Gran Premio de B\u00e9lgica, que se disput\u00f3 este domingo en el circuito de Spa-Francorchamps. Verstappen, de 25 a\u00f1os, logr\u00f3 su cuadrag\u00e9sima [&hellip;]\" \/>\n<meta property=\"og:url\" content=\"https:\/\/kuali.com.mx\/web\/2023\/07\/30\/verstappen-y-checo-hacen-el-1-2-en-el-gp-de-belgica\/\" \/>\n<meta property=\"og:site_name\" content=\"Kuali\" \/>\n<meta property=\"article:publisher\" content=\"https:\/\/kuali.com.mx\/web\/wp-content\/uploads\/2018\/04\/cropped-kuali_logo-1-1.png\" \/>\n<meta property=\"article:published_time\" content=\"2023-07-30T21:04:12+00:00\" \/>\n<meta property=\"article:modified_time\" content=\"2023-07-31T14:08:15+00:00\" \/>\n<meta property=\"og:image\" content=\"https:\/\/kuali.com.mx\/web\/wp-content\/uploads\/2023\/07\/checo-2-2.jpg\" \/>\n\t<meta property=\"og:image:width\" content=\"1745\" \/>\n\t<meta property=\"og:image:height\" content=\"750\" \/>\n\t<meta property=\"og:image:type\" content=\"image\/jpeg\" \/>\n<meta name=\"author\" content=\"Kuali Staff\" \/>\n<meta name=\"twitter:card\" content=\"summary_large_image\" \/>\n<meta name=\"twitter:creator\" content=\"@kuali_noticias\" \/>\n<meta name=\"twitter:site\" content=\"@kuali_noticias\" \/>\n<meta name=\"twitter:label1\" content=\"Escrito por\" \/>\n\t<meta name=\"twitter:data1\" content=\"Kuali Staff\" \/>\n\t<meta name=\"twitter:label2\" content=\"Tiempo de lectura\" \/>\n\t<meta name=\"twitter:data2\" content=\"1 minuto\" \/>\n<script type=\"application\/ld+json\" class=\"yoast-schema-graph\">{\"@context\":\"https:\\\/\\\/schema.org\",\"@graph\":[{\"@type\":\"Article\",\"@id\":\"https:\\\/\\\/kuali.com.mx\\\/web\\\/2023\\\/07\\\/30\\\/verstappen-y-checo-hacen-el-1-2-en-el-gp-de-belgica\\\/#article\",\"isPartOf\":{\"@id\":\"https:\\\/\\\/kuali.com.mx\\\/web\\\/2023\\\/07\\\/30\\\/verstappen-y-checo-hacen-el-1-2-en-el-gp-de-belgica\\\/\"},\"author\":{\"name\":\"Kuali Staff\",\"@id\":\"https:\\\/\\\/kuali.com.mx\\\/web\\\/#\\\/schema\\\/person\\\/6f89ffa8ecba9dae50662357923c5289\"},\"headline\":\"VERSTAPPEN Y \u201cCHECO\u201d HACEN EL 1-2 EN EL GP DE B\u00c9LGICA\",\"datePublished\":\"2023-07-30T21:04:12+00:00\",\"dateModified\":\"2023-07-31T14:08:15+00:00\",\"mainEntityOfPage\":{\"@id\":\"https:\\\/\\\/kuali.com.mx\\\/web\\\/2023\\\/07\\\/30\\\/verstappen-y-checo-hacen-el-1-2-en-el-gp-de-belgica\\\/\"},\"wordCount\":284,\"commentCount\":0,\"image\":{\"@id\":\"https:\\\/\\\/kuali.com.mx\\\/web\\\/2023\\\/07\\\/30\\\/verstappen-y-checo-hacen-el-1-2-en-el-gp-de-belgica\\\/#primaryimage\"},\"thumbnailUrl\":\"https:\\\/\\\/kuali.com.mx\\\/web\\\/wp-content\\\/uploads\\\/2023\\\/07\\\/checo-2-2.jpg\",\"articleSection\":[\"Deportes\"],\"inLanguage\":\"es\",\"potentialAction\":[{\"@type\":\"CommentAction\",\"name\":\"Comment\",\"target\":[\"https:\\\/\\\/kuali.com.mx\\\/web\\\/2023\\\/07\\\/30\\\/verstappen-y-checo-hacen-el-1-2-en-el-gp-de-belgica\\\/#respond\"]}]},{\"@type\":\"WebPage\",\"@id\":\"https:\\\/\\\/kuali.com.mx\\\/web\\\/2023\\\/07\\\/30\\\/verstappen-y-checo-hacen-el-1-2-en-el-gp-de-belgica\\\/\",\"url\":\"https:\\\/\\\/kuali.com.mx\\\/web\\\/2023\\\/07\\\/30\\\/verstappen-y-checo-hacen-el-1-2-en-el-gp-de-belgica\\\/\",\"name\":\"VERSTAPPEN Y \u201cCHECO\u201d HACEN EL 1-2 EN EL GP DE B\u00c9LGICA - Kuali\",\"isPartOf\":{\"@id\":\"https:\\\/\\\/kuali.com.mx\\\/web\\\/#website\"},\"primaryImageOfPage\":{\"@id\":\"https:\\\/\\\/kuali.com.mx\\\/web\\\/2023\\\/07\\\/30\\\/verstappen-y-checo-hacen-el-1-2-en-el-gp-de-belgica\\\/#primaryimage\"},\"image\":{\"@id\":\"https:\\\/\\\/kuali.com.mx\\\/web\\\/2023\\\/07\\\/30\\\/verstappen-y-checo-hacen-el-1-2-en-el-gp-de-belgica\\\/#primaryimage\"},\"thumbnailUrl\":\"https:\\\/\\\/kuali.com.mx\\\/web\\\/wp-content\\\/uploads\\\/2023\\\/07\\\/checo-2-2.jpg\",\"datePublished\":\"2023-07-30T21:04:12+00:00\",\"dateModified\":\"2023-07-31T14:08:15+00:00\",\"author\":{\"@id\":\"https:\\\/\\\/kuali.com.mx\\\/web\\\/#\\\/schema\\\/person\\\/6f89ffa8ecba9dae50662357923c5289\"},\"breadcrumb\":{\"@id\":\"https:\\\/\\\/kuali.com.mx\\\/web\\\/2023\\\/07\\\/30\\\/verstappen-y-checo-hacen-el-1-2-en-el-gp-de-belgica\\\/#breadcrumb\"},\"inLanguage\":\"es\",\"potentialAction\":[{\"@type\":\"ReadAction\",\"target\":[\"https:\\\/\\\/kuali.com.mx\\\/web\\\/2023\\\/07\\\/30\\\/verstappen-y-checo-hacen-el-1-2-en-el-gp-de-belgica\\\/\"]}]},{\"@type\":\"ImageObject\",\"inLanguage\":\"es\",\"@id\":\"https:\\\/\\\/kuali.com.mx\\\/web\\\/2023\\\/07\\\/30\\\/verstappen-y-checo-hacen-el-1-2-en-el-gp-de-belgica\\\/#primaryimage\",\"url\":\"https:\\\/\\\/kuali.com.mx\\\/web\\\/wp-content\\\/uploads\\\/2023\\\/07\\\/checo-2-2.jpg\",\"contentUrl\":\"https:\\\/\\\/kuali.com.mx\\\/web\\\/wp-content\\\/uploads\\\/2023\\\/07\\\/checo-2-2.jpg\",\"width\":1745,\"height\":750,\"caption\":\"First place Red Bull driver Max Verstappen of the Netherlands, second right, poses on the podium with second place Red Bull driver Sergio Perez of Mexico, second left, and third place Ferrari driver Charles Leclerc of Monaco, right, during the Formula One Grand Prix at the Spa-Francorchamps racetrack in Spa, Belgium, Sunday, July 30, 2023. (AP Photo\\\/Geert Vanden Wijngaert)\"},{\"@type\":\"BreadcrumbList\",\"@id\":\"https:\\\/\\\/kuali.com.mx\\\/web\\\/2023\\\/07\\\/30\\\/verstappen-y-checo-hacen-el-1-2-en-el-gp-de-belgica\\\/#breadcrumb\",\"itemListElement\":[{\"@type\":\"ListItem\",\"position\":1,\"name\":\"Inicio\",\"item\":\"https:\\\/\\\/kuali.com.mx\\\/web\\\/\"},{\"@type\":\"ListItem\",\"position\":2,\"name\":\"VERSTAPPEN Y \u201cCHECO\u201d HACEN EL 1-2 EN EL GP DE B\u00c9LGICA\"}]},{\"@type\":\"WebSite\",\"@id\":\"https:\\\/\\\/kuali.com.mx\\\/web\\\/#website\",\"url\":\"https:\\\/\\\/kuali.com.mx\\\/web\\\/\",\"name\":\"Kuali\",\"description\":\"\",\"potentialAction\":[{\"@type\":\"SearchAction\",\"target\":{\"@type\":\"EntryPoint\",\"urlTemplate\":\"https:\\\/\\\/kuali.com.mx\\\/web\\\/?s={search_term_string}\"},\"query-input\":{\"@type\":\"PropertyValueSpecification\",\"valueRequired\":true,\"valueName\":\"search_term_string\"}}],\"inLanguage\":\"es\"},{\"@type\":\"Person\",\"@id\":\"https:\\\/\\\/kuali.com.mx\\\/web\\\/#\\\/schema\\\/person\\\/6f89ffa8ecba9dae50662357923c5289\",\"name\":\"Kuali Staff\",\"image\":{\"@type\":\"ImageObject\",\"inLanguage\":\"es\",\"@id\":\"https:\\\/\\\/secure.gravatar.com\\\/avatar\\\/f917ad82e5ab71227a733c78b6e60715476f69ee6be59feee4eb5d9920c89e0f?s=96&d=mm&r=g\",\"url\":\"https:\\\/\\\/secure.gravatar.com\\\/avatar\\\/f917ad82e5ab71227a733c78b6e60715476f69ee6be59feee4eb5d9920c89e0f?s=96&d=mm&r=g\",\"contentUrl\":\"https:\\\/\\\/secure.gravatar.com\\\/avatar\\\/f917ad82e5ab71227a733c78b6e60715476f69ee6be59feee4eb5d9920c89e0f?s=96&d=mm&r=g\",\"caption\":\"Kuali Staff\"},\"url\":\"https:\\\/\\\/kuali.com.mx\\\/web\\\/author\\\/lagarto\\\/\"}]}<\/script>\n<!-- \/ Yoast SEO plugin. -->","yoast_head_json":{"title":"VERSTAPPEN Y \u201cCHECO\u201d HACEN EL 1-2 EN EL GP DE B\u00c9LGICA - Kuali","robots":{"index":"index","follow":"follow","max-snippet":"max-snippet:-1","max-image-preview":"max-image-preview:large","max-video-preview":"max-video-preview:-1"},"canonical":"https:\/\/kuali.com.mx\/web\/2023\/07\/30\/verstappen-y-checo-hacen-el-1-2-en-el-gp-de-belgica\/","og_locale":"es_MX","og_type":"article","og_title":"VERSTAPPEN Y \u201cCHECO\u201d HACEN EL 1-2 EN EL GP DE B\u00c9LGICA - Kuali","og_description":"MariLuz Medina\/B\u00e9lgica.-El neerland\u00e9s Max Verstappen fortaleci\u00f3 a\u00fan m\u00e1s su liderato en el Mundial de F\u00f3rmula Uno al encabezar un nuevo doblete de Red Bull junto a su compa\u00f1ero, el mexicano Sergio P\u00e9rez, en el Gran Premio de B\u00e9lgica, que se disput\u00f3 este domingo en el circuito de Spa-Francorchamps. Verstappen, de 25 a\u00f1os, logr\u00f3 su cuadrag\u00e9sima [&hellip;]","og_url":"https:\/\/kuali.com.mx\/web\/2023\/07\/30\/verstappen-y-checo-hacen-el-1-2-en-el-gp-de-belgica\/","og_site_name":"Kuali","article_publisher":"https:\/\/kuali.com.mx\/web\/wp-content\/uploads\/2018\/04\/cropped-kuali_logo-1-1.png","article_published_time":"2023-07-30T21:04:12+00:00","article_modified_time":"2023-07-31T14:08:15+00:00","og_image":[{"width":1745,"height":750,"url":"https:\/\/kuali.com.mx\/web\/wp-content\/uploads\/2023\/07\/checo-2-2.jpg","type":"image\/jpeg"}],"author":"Kuali Staff","twitter_card":"summary_large_image","twitter_creator":"@kuali_noticias","twitter_site":"@kuali_noticias","twitter_misc":{"Escrito por":"Kuali Staff","Tiempo de lectura":"1 minuto"},"schema":{"@context":"https:\/\/schema.org","@graph":[{"@type":"Article","@id":"https:\/\/kuali.com.mx\/web\/2023\/07\/30\/verstappen-y-checo-hacen-el-1-2-en-el-gp-de-belgica\/#article","isPartOf":{"@id":"https:\/\/kuali.com.mx\/web\/2023\/07\/30\/verstappen-y-checo-hacen-el-1-2-en-el-gp-de-belgica\/"},"author":{"name":"Kuali Staff","@id":"https:\/\/kuali.com.mx\/web\/#\/schema\/person\/6f89ffa8ecba9dae50662357923c5289"},"headline":"VERSTAPPEN Y \u201cCHECO\u201d HACEN EL 1-2 EN EL GP DE B\u00c9LGICA","datePublished":"2023-07-30T21:04:12+00:00","dateModified":"2023-07-31T14:08:15+00:00","mainEntityOfPage":{"@id":"https:\/\/kuali.com.mx\/web\/2023\/07\/30\/verstappen-y-checo-hacen-el-1-2-en-el-gp-de-belgica\/"},"wordCount":284,"commentCount":0,"image":{"@id":"https:\/\/kuali.com.mx\/web\/2023\/07\/30\/verstappen-y-checo-hacen-el-1-2-en-el-gp-de-belgica\/#primaryimage"},"thumbnailUrl":"https:\/\/kuali.com.mx\/web\/wp-content\/uploads\/2023\/07\/checo-2-2.jpg","articleSection":["Deportes"],"inLanguage":"es","potentialAction":[{"@type":"CommentAction","name":"Comment","target":["https:\/\/kuali.com.mx\/web\/2023\/07\/30\/verstappen-y-checo-hacen-el-1-2-en-el-gp-de-belgica\/#respond"]}]},{"@type":"WebPage","@id":"https:\/\/kuali.com.mx\/web\/2023\/07\/30\/verstappen-y-checo-hacen-el-1-2-en-el-gp-de-belgica\/","url":"https:\/\/kuali.com.mx\/web\/2023\/07\/30\/verstappen-y-checo-hacen-el-1-2-en-el-gp-de-belgica\/","name":"VERSTAPPEN Y \u201cCHECO\u201d HACEN EL 1-2 EN EL GP DE B\u00c9LGICA - Kuali","isPartOf":{"@id":"https:\/\/kuali.com.mx\/web\/#website"},"primaryImageOfPage":{"@id":"https:\/\/kuali.com.mx\/web\/2023\/07\/30\/verstappen-y-checo-hacen-el-1-2-en-el-gp-de-belgica\/#primaryimage"},"image":{"@id":"https:\/\/kuali.com.mx\/web\/2023\/07\/30\/verstappen-y-checo-hacen-el-1-2-en-el-gp-de-belgica\/#primaryimage"},"thumbnailUrl":"https:\/\/kuali.com.mx\/web\/wp-content\/uploads\/2023\/07\/checo-2-2.jpg","datePublished":"2023-07-30T21:04:12+00:00","dateModified":"2023-07-31T14:08:15+00:00","author":{"@id":"https:\/\/kuali.com.mx\/web\/#\/schema\/person\/6f89ffa8ecba9dae50662357923c5289"},"breadcrumb":{"@id":"https:\/\/kuali.com.mx\/web\/2023\/07\/30\/verstappen-y-checo-hacen-el-1-2-en-el-gp-de-belgica\/#breadcrumb"},"inLanguage":"es","potentialAction":[{"@type":"ReadAction","target":["https:\/\/kuali.com.mx\/web\/2023\/07\/30\/verstappen-y-checo-hacen-el-1-2-en-el-gp-de-belgica\/"]}]},{"@type":"ImageObject","inLanguage":"es","@id":"https:\/\/kuali.com.mx\/web\/2023\/07\/30\/verstappen-y-checo-hacen-el-1-2-en-el-gp-de-belgica\/#primaryimage","url":"https:\/\/kuali.com.mx\/web\/wp-content\/uploads\/2023\/07\/checo-2-2.jpg","contentUrl":"https:\/\/kuali.com.mx\/web\/wp-content\/uploads\/2023\/07\/checo-2-2.jpg","width":1745,"height":750,"caption":"First place Red Bull driver Max Verstappen of the Netherlands, second right, poses on the podium with second place Red Bull driver Sergio Perez of Mexico, second left, and third place Ferrari driver Charles Leclerc of Monaco, right, during the Formula One Grand Prix at the Spa-Francorchamps racetrack in Spa, Belgium, Sunday, July 30, 2023. (AP Photo\/Geert Vanden Wijngaert)"},{"@type":"BreadcrumbList","@id":"https:\/\/kuali.com.mx\/web\/2023\/07\/30\/verstappen-y-checo-hacen-el-1-2-en-el-gp-de-belgica\/#breadcrumb","itemListElement":[{"@type":"ListItem","position":1,"name":"Inicio","item":"https:\/\/kuali.com.mx\/web\/"},{"@type":"ListItem","position":2,"name":"VERSTAPPEN Y \u201cCHECO\u201d HACEN EL 1-2 EN EL GP DE B\u00c9LGICA"}]},{"@type":"WebSite","@id":"https:\/\/kuali.com.mx\/web\/#website","url":"https:\/\/kuali.com.mx\/web\/","name":"Kuali","description":"","potentialAction":[{"@type":"SearchAction","target":{"@type":"EntryPoint","urlTemplate":"https:\/\/kuali.com.mx\/web\/?s={search_term_string}"},"query-input":{"@type":"PropertyValueSpecification","valueRequired":true,"valueName":"search_term_string"}}],"inLanguage":"es"},{"@type":"Person","@id":"https:\/\/kuali.com.mx\/web\/#\/schema\/person\/6f89ffa8ecba9dae50662357923c5289","name":"Kuali Staff","image":{"@type":"ImageObject","inLanguage":"es","@id":"https:\/\/secure.gravatar.com\/avatar\/f917ad82e5ab71227a733c78b6e60715476f69ee6be59feee4eb5d9920c89e0f?s=96&d=mm&r=g","url":"https:\/\/secure.gravatar.com\/avatar\/f917ad82e5ab71227a733c78b6e60715476f69ee6be59feee4eb5d9920c89e0f?s=96&d=mm&r=g","contentUrl":"https:\/\/secure.gravatar.com\/avatar\/f917ad82e5ab71227a733c78b6e60715476f69ee6be59feee4eb5d9920c89e0f?s=96&d=mm&r=g","caption":"Kuali Staff"},"url":"https:\/\/kuali.com.mx\/web\/author\/lagarto\/"}]}},"_links":{"self":[{"href":"https:\/\/kuali.com.mx\/web\/wp-json\/wp\/v2\/posts\/123374","targetHints":{"allow":["GET"]}}],"collection":[{"href":"https:\/\/kuali.com.mx\/web\/wp-json\/wp\/v2\/posts"}],"about":[{"href":"https:\/\/kuali.com.mx\/web\/wp-json\/wp\/v2\/types\/post"}],"author":[{"embeddable":true,"href":"https:\/\/kuali.com.mx\/web\/wp-json\/wp\/v2\/users\/2"}],"replies":[{"embeddable":true,"href":"https:\/\/kuali.com.mx\/web\/wp-json\/wp\/v2\/comments?post=123374"}],"version-history":[{"count":2,"href":"https:\/\/kuali.com.mx\/web\/wp-json\/wp\/v2\/posts\/123374\/revisions"}],"predecessor-version":[{"id":123419,"href":"https:\/\/kuali.com.mx\/web\/wp-json\/wp\/v2\/posts\/123374\/revisions\/123419"}],"wp:featuredmedia":[{"embeddable":true,"href":"https:\/\/kuali.com.mx\/web\/wp-json\/wp\/v2\/media\/123377"}],"wp:attachment":[{"href":"https:\/\/kuali.com.mx\/web\/wp-json\/wp\/v2\/media?parent=123374"}],"wp:term":[{"taxonomy":"category","embeddable":true,"href":"https:\/\/kuali.com.mx\/web\/wp-json\/wp\/v2\/categories?post=123374"},{"taxonomy":"post_tag","embeddable":true,"href":"https:\/\/kuali.com.mx\/web\/wp-json\/wp\/v2\/tags?post=123374"}],"curies":[{"name":"wp","href":"https:\/\/api.w.org\/{rel}","templated":true}]}}