{"id":123283,"date":"2023-07-28T17:00:35","date_gmt":"2023-07-28T23:00:35","guid":{"rendered":"https:\/\/kuali.com.mx\/web\/?p=123283"},"modified":"2023-07-28T17:00:37","modified_gmt":"2023-07-28T23:00:37","slug":"arrestan-a-homicidas-de-joven-anexado","status":"publish","type":"post","link":"https:\/\/kuali.com.mx\/web\/2023\/07\/28\/arrestan-a-homicidas-de-joven-anexado\/","title":{"rendered":"ARRESTAN A HOMICIDAS DE JOVEN ANEXADO"},"content":{"rendered":"\n<p><strong><em>Kuali\/Irapuato, Gto.-<\/em><\/strong>La Fiscal\u00eda de Guanajuato detuvo a dos guardias de un anexo ubicado en la colonia Ganadera, en la ciudad de Irapuato, lpor asesinar a golpes a un interno.<\/p>\n\n\n\n<p>Los presuntos homicidas fueron enviados a prisi\u00f3n, vinculados a proceso penal, por el delito de homicidio calificado.<\/p>\n\n\n\n<p>El occiso Julio Antonio, de 26 a\u00f1os de edad, acababa de ingresar al centro de rehabilitaci\u00f3n, cuando los \u201ccuidadores\u201d Juan Antonio<strong>\u00a0<\/strong>y\u00a0Rodolfo, lo llevaron a la planta alta, lo ataron de manos y lo golpearon brutalmente con los pu\u00f1os y patadas en cuerpo y cabeza.<\/p>\n\n\n\n<p>Los agresivos sujetos, al notar la gravedad de lo sucedido lo llevaron a recibir atenci\u00f3n m\u00e9dica al Hospital General, y dijeron al m\u00e9dico que ven\u00edan de un anexo y que el lesionado se hab\u00eda desmayado, luego que se hab\u00eda aventado de las escaleras.<\/p>\n\n\n\n<p>Julio Antonio lleg\u00f3 al nosocomio sin signos vitales. Al ser revisado de manera visual presentaba m\u00faltiples laceraciones en los brazos y equimosis en ojo y rodilla izquierda, entre otras lesiones propias de una agresi\u00f3n f\u00edsica.<\/p>\n\n\n\n<p>Agentes de investigaci\u00f3n revisaron las instalaciones del inmueble ubicado en la calle Tar\u00edn, mientras los peritos procesaron la escena donde permaneci\u00f3 aislado el ofendido; en el lugar se acopiaron testimoniales; adem\u00e1s de los indicios, evidencias y pruebas propios del \u00e1mbito pericial, entre otros elementos probatorios que acreditan la presunta intervenci\u00f3n de los detenidos en el homicidio.<\/p>\n\n\n\n<p>De la investigaci\u00f3n se logr\u00f3 establecer que&nbsp;<strong>JUAN ANTONIO \u201cN\u201d&nbsp;<\/strong>y<strong>&nbsp;RODOLFO \u201cN\u201d<\/strong>&nbsp;golpearon a la v\u00edctima cuando este intent\u00f3 escapar de su \u201crehabilitaci\u00f3n\u201d.<\/p>\n","protected":false},"excerpt":{"rendered":"Kuali\/Irapuato, Gto.-La Fiscal\u00eda de Guanajuato detuvo a dos guardias de un anexo ubicado en la colonia Ganadera, en la ciudad de Irapuato, lpor asesinar a golpes a un interno. Los presuntos homicidas fueron enviados a prisi\u00f3n, vinculados a proceso penal, por el delito de homicidio calificado. El occiso Julio Antonio, de 26 a\u00f1os de edad, [&hellip;]","protected":false},"author":2,"featured_media":123286,"comment_status":"open","ping_status":"open","sticky":false,"template":"","format":"standard","meta":{"_seopress_robots_primary_cat":"none","_seopress_titles_title":"","_seopress_titles_desc":"","_seopress_robots_index":"","_monsterinsights_skip_tracking":false,"_monsterinsights_sitenote_active":false,"_monsterinsights_sitenote_note":"","_monsterinsights_sitenote_category":0,"footnotes":""},"categories":[3,69],"tags":[],"class_list":["post-123283","post","type-post","status-publish","format-standard","has-post-thumbnail","hentry","category-politica","category-slider"],"yoast_head":"<!-- This site is optimized with the Yoast SEO plugin v27.4 - https:\/\/yoast.com\/product\/yoast-seo-wordpress\/ -->\n<title>ARRESTAN A HOMICIDAS DE JOVEN ANEXADO - Kuali<\/title>\n<meta name=\"robots\" content=\"index, follow, max-snippet:-1, max-image-preview:large, max-video-preview:-1\" \/>\n<link rel=\"canonical\" href=\"https:\/\/kuali.com.mx\/web\/2023\/07\/28\/arrestan-a-homicidas-de-joven-anexado\/\" \/>\n<meta property=\"og:locale\" content=\"es_MX\" \/>\n<meta property=\"og:type\" content=\"article\" \/>\n<meta property=\"og:title\" content=\"ARRESTAN A HOMICIDAS DE JOVEN ANEXADO - Kuali\" \/>\n<meta property=\"og:description\" content=\"Kuali\/Irapuato, Gto.-La Fiscal\u00eda de Guanajuato detuvo a dos guardias de un anexo ubicado en la colonia Ganadera, en la ciudad de Irapuato, lpor asesinar a golpes a un interno. Los presuntos homicidas fueron enviados a prisi\u00f3n, vinculados a proceso penal, por el delito de homicidio calificado. El occiso Julio Antonio, de 26 a\u00f1os de edad, [&hellip;]\" \/>\n<meta property=\"og:url\" content=\"https:\/\/kuali.com.mx\/web\/2023\/07\/28\/arrestan-a-homicidas-de-joven-anexado\/\" \/>\n<meta property=\"og:site_name\" content=\"Kuali\" \/>\n<meta property=\"article:publisher\" content=\"https:\/\/kuali.com.mx\/web\/wp-content\/uploads\/2018\/04\/cropped-kuali_logo-1-1.png\" \/>\n<meta property=\"article:published_time\" content=\"2023-07-28T23:00:35+00:00\" \/>\n<meta property=\"article:modified_time\" content=\"2023-07-28T23:00:37+00:00\" \/>\n<meta property=\"og:image\" content=\"https:\/\/kuali.com.mx\/web\/wp-content\/uploads\/2023\/07\/COMUNICADO-FGE-28JUL-2023.jpeg\" \/>\n\t<meta property=\"og:image:width\" content=\"1865\" \/>\n\t<meta property=\"og:image:height\" content=\"750\" \/>\n\t<meta property=\"og:image:type\" content=\"image\/jpeg\" \/>\n<meta name=\"author\" content=\"Kuali Staff\" \/>\n<meta name=\"twitter:card\" content=\"summary_large_image\" \/>\n<meta name=\"twitter:creator\" content=\"@kuali_noticias\" \/>\n<meta name=\"twitter:site\" content=\"@kuali_noticias\" \/>\n<meta name=\"twitter:label1\" content=\"Escrito por\" \/>\n\t<meta name=\"twitter:data1\" content=\"Kuali Staff\" \/>\n\t<meta name=\"twitter:label2\" content=\"Tiempo de lectura\" \/>\n\t<meta name=\"twitter:data2\" content=\"1 minuto\" \/>\n<script type=\"application\/ld+json\" class=\"yoast-schema-graph\">{\"@context\":\"https:\\\/\\\/schema.org\",\"@graph\":[{\"@type\":\"Article\",\"@id\":\"https:\\\/\\\/kuali.com.mx\\\/web\\\/2023\\\/07\\\/28\\\/arrestan-a-homicidas-de-joven-anexado\\\/#article\",\"isPartOf\":{\"@id\":\"https:\\\/\\\/kuali.com.mx\\\/web\\\/2023\\\/07\\\/28\\\/arrestan-a-homicidas-de-joven-anexado\\\/\"},\"author\":{\"name\":\"Kuali Staff\",\"@id\":\"https:\\\/\\\/kuali.com.mx\\\/web\\\/#\\\/schema\\\/person\\\/6f89ffa8ecba9dae50662357923c5289\"},\"headline\":\"ARRESTAN A HOMICIDAS DE JOVEN ANEXADO\",\"datePublished\":\"2023-07-28T23:00:35+00:00\",\"dateModified\":\"2023-07-28T23:00:37+00:00\",\"mainEntityOfPage\":{\"@id\":\"https:\\\/\\\/kuali.com.mx\\\/web\\\/2023\\\/07\\\/28\\\/arrestan-a-homicidas-de-joven-anexado\\\/\"},\"wordCount\":283,\"commentCount\":0,\"image\":{\"@id\":\"https:\\\/\\\/kuali.com.mx\\\/web\\\/2023\\\/07\\\/28\\\/arrestan-a-homicidas-de-joven-anexado\\\/#primaryimage\"},\"thumbnailUrl\":\"https:\\\/\\\/kuali.com.mx\\\/web\\\/wp-content\\\/uploads\\\/2023\\\/07\\\/COMUNICADO-FGE-28JUL-2023.jpeg\",\"articleSection\":[\"Pol\u00edtica\",\"slider\"],\"inLanguage\":\"es\",\"potentialAction\":[{\"@type\":\"CommentAction\",\"name\":\"Comment\",\"target\":[\"https:\\\/\\\/kuali.com.mx\\\/web\\\/2023\\\/07\\\/28\\\/arrestan-a-homicidas-de-joven-anexado\\\/#respond\"]}]},{\"@type\":\"WebPage\",\"@id\":\"https:\\\/\\\/kuali.com.mx\\\/web\\\/2023\\\/07\\\/28\\\/arrestan-a-homicidas-de-joven-anexado\\\/\",\"url\":\"https:\\\/\\\/kuali.com.mx\\\/web\\\/2023\\\/07\\\/28\\\/arrestan-a-homicidas-de-joven-anexado\\\/\",\"name\":\"ARRESTAN A HOMICIDAS DE JOVEN ANEXADO - Kuali\",\"isPartOf\":{\"@id\":\"https:\\\/\\\/kuali.com.mx\\\/web\\\/#website\"},\"primaryImageOfPage\":{\"@id\":\"https:\\\/\\\/kuali.com.mx\\\/web\\\/2023\\\/07\\\/28\\\/arrestan-a-homicidas-de-joven-anexado\\\/#primaryimage\"},\"image\":{\"@id\":\"https:\\\/\\\/kuali.com.mx\\\/web\\\/2023\\\/07\\\/28\\\/arrestan-a-homicidas-de-joven-anexado\\\/#primaryimage\"},\"thumbnailUrl\":\"https:\\\/\\\/kuali.com.mx\\\/web\\\/wp-content\\\/uploads\\\/2023\\\/07\\\/COMUNICADO-FGE-28JUL-2023.jpeg\",\"datePublished\":\"2023-07-28T23:00:35+00:00\",\"dateModified\":\"2023-07-28T23:00:37+00:00\",\"author\":{\"@id\":\"https:\\\/\\\/kuali.com.mx\\\/web\\\/#\\\/schema\\\/person\\\/6f89ffa8ecba9dae50662357923c5289\"},\"breadcrumb\":{\"@id\":\"https:\\\/\\\/kuali.com.mx\\\/web\\\/2023\\\/07\\\/28\\\/arrestan-a-homicidas-de-joven-anexado\\\/#breadcrumb\"},\"inLanguage\":\"es\",\"potentialAction\":[{\"@type\":\"ReadAction\",\"target\":[\"https:\\\/\\\/kuali.com.mx\\\/web\\\/2023\\\/07\\\/28\\\/arrestan-a-homicidas-de-joven-anexado\\\/\"]}]},{\"@type\":\"ImageObject\",\"inLanguage\":\"es\",\"@id\":\"https:\\\/\\\/kuali.com.mx\\\/web\\\/2023\\\/07\\\/28\\\/arrestan-a-homicidas-de-joven-anexado\\\/#primaryimage\",\"url\":\"https:\\\/\\\/kuali.com.mx\\\/web\\\/wp-content\\\/uploads\\\/2023\\\/07\\\/COMUNICADO-FGE-28JUL-2023.jpeg\",\"contentUrl\":\"https:\\\/\\\/kuali.com.mx\\\/web\\\/wp-content\\\/uploads\\\/2023\\\/07\\\/COMUNICADO-FGE-28JUL-2023.jpeg\",\"width\":1865,\"height\":750},{\"@type\":\"BreadcrumbList\",\"@id\":\"https:\\\/\\\/kuali.com.mx\\\/web\\\/2023\\\/07\\\/28\\\/arrestan-a-homicidas-de-joven-anexado\\\/#breadcrumb\",\"itemListElement\":[{\"@type\":\"ListItem\",\"position\":1,\"name\":\"Inicio\",\"item\":\"https:\\\/\\\/kuali.com.mx\\\/web\\\/\"},{\"@type\":\"ListItem\",\"position\":2,\"name\":\"ARRESTAN A HOMICIDAS DE JOVEN ANEXADO\"}]},{\"@type\":\"WebSite\",\"@id\":\"https:\\\/\\\/kuali.com.mx\\\/web\\\/#website\",\"url\":\"https:\\\/\\\/kuali.com.mx\\\/web\\\/\",\"name\":\"Kuali\",\"description\":\"\",\"potentialAction\":[{\"@type\":\"SearchAction\",\"target\":{\"@type\":\"EntryPoint\",\"urlTemplate\":\"https:\\\/\\\/kuali.com.mx\\\/web\\\/?s={search_term_string}\"},\"query-input\":{\"@type\":\"PropertyValueSpecification\",\"valueRequired\":true,\"valueName\":\"search_term_string\"}}],\"inLanguage\":\"es\"},{\"@type\":\"Person\",\"@id\":\"https:\\\/\\\/kuali.com.mx\\\/web\\\/#\\\/schema\\\/person\\\/6f89ffa8ecba9dae50662357923c5289\",\"name\":\"Kuali Staff\",\"image\":{\"@type\":\"ImageObject\",\"inLanguage\":\"es\",\"@id\":\"https:\\\/\\\/secure.gravatar.com\\\/avatar\\\/f917ad82e5ab71227a733c78b6e60715476f69ee6be59feee4eb5d9920c89e0f?s=96&d=mm&r=g\",\"url\":\"https:\\\/\\\/secure.gravatar.com\\\/avatar\\\/f917ad82e5ab71227a733c78b6e60715476f69ee6be59feee4eb5d9920c89e0f?s=96&d=mm&r=g\",\"contentUrl\":\"https:\\\/\\\/secure.gravatar.com\\\/avatar\\\/f917ad82e5ab71227a733c78b6e60715476f69ee6be59feee4eb5d9920c89e0f?s=96&d=mm&r=g\",\"caption\":\"Kuali Staff\"},\"url\":\"https:\\\/\\\/kuali.com.mx\\\/web\\\/author\\\/lagarto\\\/\"}]}<\/script>\n<!-- \/ Yoast SEO plugin. -->","yoast_head_json":{"title":"ARRESTAN A HOMICIDAS DE JOVEN ANEXADO - Kuali","robots":{"index":"index","follow":"follow","max-snippet":"max-snippet:-1","max-image-preview":"max-image-preview:large","max-video-preview":"max-video-preview:-1"},"canonical":"https:\/\/kuali.com.mx\/web\/2023\/07\/28\/arrestan-a-homicidas-de-joven-anexado\/","og_locale":"es_MX","og_type":"article","og_title":"ARRESTAN A HOMICIDAS DE JOVEN ANEXADO - Kuali","og_description":"Kuali\/Irapuato, Gto.-La Fiscal\u00eda de Guanajuato detuvo a dos guardias de un anexo ubicado en la colonia Ganadera, en la ciudad de Irapuato, lpor asesinar a golpes a un interno. Los presuntos homicidas fueron enviados a prisi\u00f3n, vinculados a proceso penal, por el delito de homicidio calificado. El occiso Julio Antonio, de 26 a\u00f1os de edad, [&hellip;]","og_url":"https:\/\/kuali.com.mx\/web\/2023\/07\/28\/arrestan-a-homicidas-de-joven-anexado\/","og_site_name":"Kuali","article_publisher":"https:\/\/kuali.com.mx\/web\/wp-content\/uploads\/2018\/04\/cropped-kuali_logo-1-1.png","article_published_time":"2023-07-28T23:00:35+00:00","article_modified_time":"2023-07-28T23:00:37+00:00","og_image":[{"width":1865,"height":750,"url":"https:\/\/kuali.com.mx\/web\/wp-content\/uploads\/2023\/07\/COMUNICADO-FGE-28JUL-2023.jpeg","type":"image\/jpeg"}],"author":"Kuali Staff","twitter_card":"summary_large_image","twitter_creator":"@kuali_noticias","twitter_site":"@kuali_noticias","twitter_misc":{"Escrito por":"Kuali Staff","Tiempo de lectura":"1 minuto"},"schema":{"@context":"https:\/\/schema.org","@graph":[{"@type":"Article","@id":"https:\/\/kuali.com.mx\/web\/2023\/07\/28\/arrestan-a-homicidas-de-joven-anexado\/#article","isPartOf":{"@id":"https:\/\/kuali.com.mx\/web\/2023\/07\/28\/arrestan-a-homicidas-de-joven-anexado\/"},"author":{"name":"Kuali Staff","@id":"https:\/\/kuali.com.mx\/web\/#\/schema\/person\/6f89ffa8ecba9dae50662357923c5289"},"headline":"ARRESTAN A HOMICIDAS DE JOVEN ANEXADO","datePublished":"2023-07-28T23:00:35+00:00","dateModified":"2023-07-28T23:00:37+00:00","mainEntityOfPage":{"@id":"https:\/\/kuali.com.mx\/web\/2023\/07\/28\/arrestan-a-homicidas-de-joven-anexado\/"},"wordCount":283,"commentCount":0,"image":{"@id":"https:\/\/kuali.com.mx\/web\/2023\/07\/28\/arrestan-a-homicidas-de-joven-anexado\/#primaryimage"},"thumbnailUrl":"https:\/\/kuali.com.mx\/web\/wp-content\/uploads\/2023\/07\/COMUNICADO-FGE-28JUL-2023.jpeg","articleSection":["Pol\u00edtica","slider"],"inLanguage":"es","potentialAction":[{"@type":"CommentAction","name":"Comment","target":["https:\/\/kuali.com.mx\/web\/2023\/07\/28\/arrestan-a-homicidas-de-joven-anexado\/#respond"]}]},{"@type":"WebPage","@id":"https:\/\/kuali.com.mx\/web\/2023\/07\/28\/arrestan-a-homicidas-de-joven-anexado\/","url":"https:\/\/kuali.com.mx\/web\/2023\/07\/28\/arrestan-a-homicidas-de-joven-anexado\/","name":"ARRESTAN A HOMICIDAS DE JOVEN ANEXADO - Kuali","isPartOf":{"@id":"https:\/\/kuali.com.mx\/web\/#website"},"primaryImageOfPage":{"@id":"https:\/\/kuali.com.mx\/web\/2023\/07\/28\/arrestan-a-homicidas-de-joven-anexado\/#primaryimage"},"image":{"@id":"https:\/\/kuali.com.mx\/web\/2023\/07\/28\/arrestan-a-homicidas-de-joven-anexado\/#primaryimage"},"thumbnailUrl":"https:\/\/kuali.com.mx\/web\/wp-content\/uploads\/2023\/07\/COMUNICADO-FGE-28JUL-2023.jpeg","datePublished":"2023-07-28T23:00:35+00:00","dateModified":"2023-07-28T23:00:37+00:00","author":{"@id":"https:\/\/kuali.com.mx\/web\/#\/schema\/person\/6f89ffa8ecba9dae50662357923c5289"},"breadcrumb":{"@id":"https:\/\/kuali.com.mx\/web\/2023\/07\/28\/arrestan-a-homicidas-de-joven-anexado\/#breadcrumb"},"inLanguage":"es","potentialAction":[{"@type":"ReadAction","target":["https:\/\/kuali.com.mx\/web\/2023\/07\/28\/arrestan-a-homicidas-de-joven-anexado\/"]}]},{"@type":"ImageObject","inLanguage":"es","@id":"https:\/\/kuali.com.mx\/web\/2023\/07\/28\/arrestan-a-homicidas-de-joven-anexado\/#primaryimage","url":"https:\/\/kuali.com.mx\/web\/wp-content\/uploads\/2023\/07\/COMUNICADO-FGE-28JUL-2023.jpeg","contentUrl":"https:\/\/kuali.com.mx\/web\/wp-content\/uploads\/2023\/07\/COMUNICADO-FGE-28JUL-2023.jpeg","width":1865,"height":750},{"@type":"BreadcrumbList","@id":"https:\/\/kuali.com.mx\/web\/2023\/07\/28\/arrestan-a-homicidas-de-joven-anexado\/#breadcrumb","itemListElement":[{"@type":"ListItem","position":1,"name":"Inicio","item":"https:\/\/kuali.com.mx\/web\/"},{"@type":"ListItem","position":2,"name":"ARRESTAN A HOMICIDAS DE JOVEN ANEXADO"}]},{"@type":"WebSite","@id":"https:\/\/kuali.com.mx\/web\/#website","url":"https:\/\/kuali.com.mx\/web\/","name":"Kuali","description":"","potentialAction":[{"@type":"SearchAction","target":{"@type":"EntryPoint","urlTemplate":"https:\/\/kuali.com.mx\/web\/?s={search_term_string}"},"query-input":{"@type":"PropertyValueSpecification","valueRequired":true,"valueName":"search_term_string"}}],"inLanguage":"es"},{"@type":"Person","@id":"https:\/\/kuali.com.mx\/web\/#\/schema\/person\/6f89ffa8ecba9dae50662357923c5289","name":"Kuali Staff","image":{"@type":"ImageObject","inLanguage":"es","@id":"https:\/\/secure.gravatar.com\/avatar\/f917ad82e5ab71227a733c78b6e60715476f69ee6be59feee4eb5d9920c89e0f?s=96&d=mm&r=g","url":"https:\/\/secure.gravatar.com\/avatar\/f917ad82e5ab71227a733c78b6e60715476f69ee6be59feee4eb5d9920c89e0f?s=96&d=mm&r=g","contentUrl":"https:\/\/secure.gravatar.com\/avatar\/f917ad82e5ab71227a733c78b6e60715476f69ee6be59feee4eb5d9920c89e0f?s=96&d=mm&r=g","caption":"Kuali Staff"},"url":"https:\/\/kuali.com.mx\/web\/author\/lagarto\/"}]}},"_links":{"self":[{"href":"https:\/\/kuali.com.mx\/web\/wp-json\/wp\/v2\/posts\/123283","targetHints":{"allow":["GET"]}}],"collection":[{"href":"https:\/\/kuali.com.mx\/web\/wp-json\/wp\/v2\/posts"}],"about":[{"href":"https:\/\/kuali.com.mx\/web\/wp-json\/wp\/v2\/types\/post"}],"author":[{"embeddable":true,"href":"https:\/\/kuali.com.mx\/web\/wp-json\/wp\/v2\/users\/2"}],"replies":[{"embeddable":true,"href":"https:\/\/kuali.com.mx\/web\/wp-json\/wp\/v2\/comments?post=123283"}],"version-history":[{"count":1,"href":"https:\/\/kuali.com.mx\/web\/wp-json\/wp\/v2\/posts\/123283\/revisions"}],"predecessor-version":[{"id":123287,"href":"https:\/\/kuali.com.mx\/web\/wp-json\/wp\/v2\/posts\/123283\/revisions\/123287"}],"wp:featuredmedia":[{"embeddable":true,"href":"https:\/\/kuali.com.mx\/web\/wp-json\/wp\/v2\/media\/123286"}],"wp:attachment":[{"href":"https:\/\/kuali.com.mx\/web\/wp-json\/wp\/v2\/media?parent=123283"}],"wp:term":[{"taxonomy":"category","embeddable":true,"href":"https:\/\/kuali.com.mx\/web\/wp-json\/wp\/v2\/categories?post=123283"},{"taxonomy":"post_tag","embeddable":true,"href":"https:\/\/kuali.com.mx\/web\/wp-json\/wp\/v2\/tags?post=123283"}],"curies":[{"name":"wp","href":"https:\/\/api.w.org\/{rel}","templated":true}]}}