{"id":123278,"date":"2023-07-28T16:05:51","date_gmt":"2023-07-28T22:05:51","guid":{"rendered":"https:\/\/kuali.com.mx\/web\/?p=123278"},"modified":"2023-07-28T16:05:53","modified_gmt":"2023-07-28T22:05:53","slug":"tiene-solucion-violencia-en-guanajuato-sheinbaum","status":"publish","type":"post","link":"https:\/\/kuali.com.mx\/web\/2023\/07\/28\/tiene-solucion-violencia-en-guanajuato-sheinbaum\/","title":{"rendered":"TIENE SOLUCI\u00d3N VIOLENCIA EN GUANAJUATO: SHEINBAUM"},"content":{"rendered":"\n<p><strong><em>Carlos Garc\u00eda\/Celaya, Gto.-<\/em><\/strong> \u00a0En la construcci\u00f3n de la paz en M\u00e9xico nunca se habla del Poder Judicial Federal, ni de los poderes judiciales de los estados \u201cpor eso es importante una reforma judicial\u201d, manifest\u00f3 la aspirante a la Coordinaci\u00f3n del Comit\u00e9 de Defensa de la Cuarta Transformaci\u00f3n, Claudia Sheinbaum Pardo, al finalizar la asamblea que realiz\u00f3 en el municipio de Celaya.<\/p>\n\n\n\n<p>La reforma judicial se necesita \u201cpara que realmente apoyen en la construcci\u00f3n de la paz, tiene que haber una buena carpeta de investigaci\u00f3n, una buena investigaci\u00f3n y tambi\u00e9n la cooperaci\u00f3n de la Fiscal\u00eda y del Poder Judicial\u201d, declar\u00f3 entrevistada por los medios.<\/p>\n\n\n\n<p>Al referirse a la inseguridad que se vive en Guanajuato, asegur\u00f3 que el problema s\u00ed tiene soluci\u00f3n.<\/p>\n\n\n\n<p>\u201cAqu\u00ed -en Guanajuato- se combina una profunda desigualdad, asociada a un modelo de desarrollo y al mismo tiempo pocas oportunidades para los j\u00f3venes, que ofrece el estado y no todo lo puede hacer el gobierno federal\u201d, refiri\u00f3.<\/p>\n\n\n\n<p>Agreg\u00f3 que lo anterior, combinado con el crimen organizado, genera las condiciones que hoy tiene el estado de Guanajuato.<\/p>\n\n\n\n<p>\u201cTiene que haber bienestar, tiene que haber justicia y tiene que haber un mejor m\u00e9todo\u201d, dijo.<\/p>\n\n\n\n<p>En la asamblea, Claudia Sheinbaum consider\u00f3 que el ex presidente de M\u00e9xico, Vicente Fox Quesada, le falt\u00f3 el respeto a millones de adultos mayores a quienes llam\u00f3 \u201chuevones\u201d por recibir la pensi\u00f3n federal.<\/p>\n\n\n\n<p>\u201cUn hombre de Guanajuato que vendi\u00f3 que iba hacer la democracia, que vendi\u00f3 que estaba en contra del PRI, que vendi\u00f3 que M\u00e9xico iba a desarrollarse, Fox, \u00bfya lo oyeron lo que dijo recientemente?\u201d, extern\u00f3 la ex jefa de Gobierno de la Ciudad de M\u00e9xico.<\/p>\n\n\n\n<p>En una entrevista Vicente Fox afirm\u00f3 que \u00e9l implement\u00f3 la pensi\u00f3n para adultos mayores y luego les dijo \u201cque eran una bola de flojos, digo yo, porque no quiero repetir sus palabras, es una falta de respeto absoluta a todos los adultos mayores de nuestro pa\u00eds, que han dado la vida por su familia y su patria\u201d, manifest\u00f3.<\/p>\n\n\n\n<p>C\u00f3mo es posible que Fox tenga la osad\u00eda de calificar de flojos a los adultos mayores y al mismo tiempo pida que regresen las pensiones para los ex presidentes porque \u201cno ten\u00eda de que vivir\u201d, recrimin\u00f3.<\/p>\n\n\n\n<p>A los asistentes a la asamblea les pregunt\u00f3 qu\u00e9 si quer\u00edan que presidentes como Vicente Fox, Felipe Calder\u00f3n Hinojosa o Enrique Pe\u00f1a Nieto, vuelvan a gobernar al pa\u00eds y la respuesta fue: \u201c\u00a1No!\u201d.<\/p>\n\n\n\n<p>\u201c\u00bfQue va a seguir?, si queremos que contin\u00fae el legado del presidente L\u00f3pez Obrador o queremos regresar al pasado\u201d, cuestion\u00f3.<\/p>\n\n\n\n<p>Claudia Sheinbaum coment\u00f3 que ella participa en el proceso de la encuesta que definir\u00e1 al coordinador de los trabajos de la Cuarta Transformaci\u00f3n porque quiere dar continuidad al llegado del presidente, Andr\u00e9s Manuel L\u00f3pez Obrador.<\/p>\n\n\n\n<p>\u201cNosotros por convicci\u00f3n, por historia de lucha, queremos que siga el legado de L\u00f3pez Obrador, no queremos que se acabe\u201d, dijo.<\/p>\n\n\n\n<p>De los seis participantes, cinco son hombres y solo hay una mujer, recalc\u00f3.<\/p>\n\n\n\n<p>\u201cAqu\u00ed en Guanajuato y en todo M\u00e9xico decimos que ya es tiempo de mujeres\u201d, solt\u00f3 la ex jefa de gobierno.<\/p>\n","protected":false},"excerpt":{"rendered":"Carlos Garc\u00eda\/Celaya, Gto.- \u00a0En la construcci\u00f3n de la paz en M\u00e9xico nunca se habla del Poder Judicial Federal, ni de los poderes judiciales de los estados \u201cpor eso es importante una reforma judicial\u201d, manifest\u00f3 la aspirante a la Coordinaci\u00f3n del Comit\u00e9 de Defensa de la Cuarta Transformaci\u00f3n, Claudia Sheinbaum Pardo, al finalizar la asamblea que [&hellip;]","protected":false},"author":2,"featured_media":123281,"comment_status":"open","ping_status":"open","sticky":false,"template":"","format":"standard","meta":{"_seopress_robots_primary_cat":"none","_seopress_titles_title":"","_seopress_titles_desc":"","_seopress_robots_index":"","_monsterinsights_skip_tracking":false,"_monsterinsights_sitenote_active":false,"_monsterinsights_sitenote_note":"","_monsterinsights_sitenote_category":0,"footnotes":""},"categories":[3,69],"tags":[],"class_list":["post-123278","post","type-post","status-publish","format-standard","has-post-thumbnail","hentry","category-politica","category-slider"],"yoast_head":"<!-- This site is optimized with the Yoast SEO plugin v27.4 - https:\/\/yoast.com\/product\/yoast-seo-wordpress\/ -->\n<title>TIENE SOLUCI\u00d3N VIOLENCIA EN GUANAJUATO: SHEINBAUM - Kuali<\/title>\n<meta name=\"robots\" content=\"index, follow, max-snippet:-1, max-image-preview:large, max-video-preview:-1\" \/>\n<link rel=\"canonical\" href=\"https:\/\/kuali.com.mx\/web\/2023\/07\/28\/tiene-solucion-violencia-en-guanajuato-sheinbaum\/\" \/>\n<meta property=\"og:locale\" content=\"es_MX\" \/>\n<meta property=\"og:type\" content=\"article\" \/>\n<meta property=\"og:title\" content=\"TIENE SOLUCI\u00d3N VIOLENCIA EN GUANAJUATO: SHEINBAUM - Kuali\" \/>\n<meta property=\"og:description\" content=\"Carlos Garc\u00eda\/Celaya, Gto.- \u00a0En la construcci\u00f3n de la paz en M\u00e9xico nunca se habla del Poder Judicial Federal, ni de los poderes judiciales de los estados \u201cpor eso es importante una reforma judicial\u201d, manifest\u00f3 la aspirante a la Coordinaci\u00f3n del Comit\u00e9 de Defensa de la Cuarta Transformaci\u00f3n, Claudia Sheinbaum Pardo, al finalizar la asamblea que [&hellip;]\" \/>\n<meta property=\"og:url\" content=\"https:\/\/kuali.com.mx\/web\/2023\/07\/28\/tiene-solucion-violencia-en-guanajuato-sheinbaum\/\" \/>\n<meta property=\"og:site_name\" content=\"Kuali\" \/>\n<meta property=\"article:publisher\" content=\"https:\/\/kuali.com.mx\/web\/wp-content\/uploads\/2018\/04\/cropped-kuali_logo-1-1.png\" \/>\n<meta property=\"article:published_time\" content=\"2023-07-28T22:05:51+00:00\" \/>\n<meta property=\"article:modified_time\" content=\"2023-07-28T22:05:53+00:00\" \/>\n<meta property=\"og:image\" content=\"https:\/\/kuali.com.mx\/web\/wp-content\/uploads\/2023\/07\/Claudia.jpg\" \/>\n\t<meta property=\"og:image:width\" content=\"1705\" \/>\n\t<meta property=\"og:image:height\" content=\"750\" \/>\n\t<meta property=\"og:image:type\" content=\"image\/jpeg\" \/>\n<meta name=\"author\" content=\"Kuali Staff\" \/>\n<meta name=\"twitter:card\" content=\"summary_large_image\" \/>\n<meta name=\"twitter:creator\" content=\"@kuali_noticias\" \/>\n<meta name=\"twitter:site\" content=\"@kuali_noticias\" \/>\n<meta name=\"twitter:label1\" content=\"Escrito por\" \/>\n\t<meta name=\"twitter:data1\" content=\"Kuali Staff\" \/>\n\t<meta name=\"twitter:label2\" content=\"Tiempo de lectura\" \/>\n\t<meta name=\"twitter:data2\" content=\"3 minutos\" \/>\n<script type=\"application\/ld+json\" class=\"yoast-schema-graph\">{\"@context\":\"https:\\\/\\\/schema.org\",\"@graph\":[{\"@type\":\"Article\",\"@id\":\"https:\\\/\\\/kuali.com.mx\\\/web\\\/2023\\\/07\\\/28\\\/tiene-solucion-violencia-en-guanajuato-sheinbaum\\\/#article\",\"isPartOf\":{\"@id\":\"https:\\\/\\\/kuali.com.mx\\\/web\\\/2023\\\/07\\\/28\\\/tiene-solucion-violencia-en-guanajuato-sheinbaum\\\/\"},\"author\":{\"name\":\"Kuali Staff\",\"@id\":\"https:\\\/\\\/kuali.com.mx\\\/web\\\/#\\\/schema\\\/person\\\/6f89ffa8ecba9dae50662357923c5289\"},\"headline\":\"TIENE SOLUCI\u00d3N VIOLENCIA EN GUANAJUATO: SHEINBAUM\",\"datePublished\":\"2023-07-28T22:05:51+00:00\",\"dateModified\":\"2023-07-28T22:05:53+00:00\",\"mainEntityOfPage\":{\"@id\":\"https:\\\/\\\/kuali.com.mx\\\/web\\\/2023\\\/07\\\/28\\\/tiene-solucion-violencia-en-guanajuato-sheinbaum\\\/\"},\"wordCount\":550,\"commentCount\":0,\"image\":{\"@id\":\"https:\\\/\\\/kuali.com.mx\\\/web\\\/2023\\\/07\\\/28\\\/tiene-solucion-violencia-en-guanajuato-sheinbaum\\\/#primaryimage\"},\"thumbnailUrl\":\"https:\\\/\\\/kuali.com.mx\\\/web\\\/wp-content\\\/uploads\\\/2023\\\/07\\\/Claudia.jpg\",\"articleSection\":[\"Pol\u00edtica\",\"slider\"],\"inLanguage\":\"es\",\"potentialAction\":[{\"@type\":\"CommentAction\",\"name\":\"Comment\",\"target\":[\"https:\\\/\\\/kuali.com.mx\\\/web\\\/2023\\\/07\\\/28\\\/tiene-solucion-violencia-en-guanajuato-sheinbaum\\\/#respond\"]}]},{\"@type\":\"WebPage\",\"@id\":\"https:\\\/\\\/kuali.com.mx\\\/web\\\/2023\\\/07\\\/28\\\/tiene-solucion-violencia-en-guanajuato-sheinbaum\\\/\",\"url\":\"https:\\\/\\\/kuali.com.mx\\\/web\\\/2023\\\/07\\\/28\\\/tiene-solucion-violencia-en-guanajuato-sheinbaum\\\/\",\"name\":\"TIENE SOLUCI\u00d3N VIOLENCIA EN GUANAJUATO: SHEINBAUM - Kuali\",\"isPartOf\":{\"@id\":\"https:\\\/\\\/kuali.com.mx\\\/web\\\/#website\"},\"primaryImageOfPage\":{\"@id\":\"https:\\\/\\\/kuali.com.mx\\\/web\\\/2023\\\/07\\\/28\\\/tiene-solucion-violencia-en-guanajuato-sheinbaum\\\/#primaryimage\"},\"image\":{\"@id\":\"https:\\\/\\\/kuali.com.mx\\\/web\\\/2023\\\/07\\\/28\\\/tiene-solucion-violencia-en-guanajuato-sheinbaum\\\/#primaryimage\"},\"thumbnailUrl\":\"https:\\\/\\\/kuali.com.mx\\\/web\\\/wp-content\\\/uploads\\\/2023\\\/07\\\/Claudia.jpg\",\"datePublished\":\"2023-07-28T22:05:51+00:00\",\"dateModified\":\"2023-07-28T22:05:53+00:00\",\"author\":{\"@id\":\"https:\\\/\\\/kuali.com.mx\\\/web\\\/#\\\/schema\\\/person\\\/6f89ffa8ecba9dae50662357923c5289\"},\"breadcrumb\":{\"@id\":\"https:\\\/\\\/kuali.com.mx\\\/web\\\/2023\\\/07\\\/28\\\/tiene-solucion-violencia-en-guanajuato-sheinbaum\\\/#breadcrumb\"},\"inLanguage\":\"es\",\"potentialAction\":[{\"@type\":\"ReadAction\",\"target\":[\"https:\\\/\\\/kuali.com.mx\\\/web\\\/2023\\\/07\\\/28\\\/tiene-solucion-violencia-en-guanajuato-sheinbaum\\\/\"]}]},{\"@type\":\"ImageObject\",\"inLanguage\":\"es\",\"@id\":\"https:\\\/\\\/kuali.com.mx\\\/web\\\/2023\\\/07\\\/28\\\/tiene-solucion-violencia-en-guanajuato-sheinbaum\\\/#primaryimage\",\"url\":\"https:\\\/\\\/kuali.com.mx\\\/web\\\/wp-content\\\/uploads\\\/2023\\\/07\\\/Claudia.jpg\",\"contentUrl\":\"https:\\\/\\\/kuali.com.mx\\\/web\\\/wp-content\\\/uploads\\\/2023\\\/07\\\/Claudia.jpg\",\"width\":1705,\"height\":750},{\"@type\":\"BreadcrumbList\",\"@id\":\"https:\\\/\\\/kuali.com.mx\\\/web\\\/2023\\\/07\\\/28\\\/tiene-solucion-violencia-en-guanajuato-sheinbaum\\\/#breadcrumb\",\"itemListElement\":[{\"@type\":\"ListItem\",\"position\":1,\"name\":\"Inicio\",\"item\":\"https:\\\/\\\/kuali.com.mx\\\/web\\\/\"},{\"@type\":\"ListItem\",\"position\":2,\"name\":\"TIENE SOLUCI\u00d3N VIOLENCIA EN GUANAJUATO: SHEINBAUM\"}]},{\"@type\":\"WebSite\",\"@id\":\"https:\\\/\\\/kuali.com.mx\\\/web\\\/#website\",\"url\":\"https:\\\/\\\/kuali.com.mx\\\/web\\\/\",\"name\":\"Kuali\",\"description\":\"\",\"potentialAction\":[{\"@type\":\"SearchAction\",\"target\":{\"@type\":\"EntryPoint\",\"urlTemplate\":\"https:\\\/\\\/kuali.com.mx\\\/web\\\/?s={search_term_string}\"},\"query-input\":{\"@type\":\"PropertyValueSpecification\",\"valueRequired\":true,\"valueName\":\"search_term_string\"}}],\"inLanguage\":\"es\"},{\"@type\":\"Person\",\"@id\":\"https:\\\/\\\/kuali.com.mx\\\/web\\\/#\\\/schema\\\/person\\\/6f89ffa8ecba9dae50662357923c5289\",\"name\":\"Kuali Staff\",\"image\":{\"@type\":\"ImageObject\",\"inLanguage\":\"es\",\"@id\":\"https:\\\/\\\/secure.gravatar.com\\\/avatar\\\/f917ad82e5ab71227a733c78b6e60715476f69ee6be59feee4eb5d9920c89e0f?s=96&d=mm&r=g\",\"url\":\"https:\\\/\\\/secure.gravatar.com\\\/avatar\\\/f917ad82e5ab71227a733c78b6e60715476f69ee6be59feee4eb5d9920c89e0f?s=96&d=mm&r=g\",\"contentUrl\":\"https:\\\/\\\/secure.gravatar.com\\\/avatar\\\/f917ad82e5ab71227a733c78b6e60715476f69ee6be59feee4eb5d9920c89e0f?s=96&d=mm&r=g\",\"caption\":\"Kuali Staff\"},\"url\":\"https:\\\/\\\/kuali.com.mx\\\/web\\\/author\\\/lagarto\\\/\"}]}<\/script>\n<!-- \/ Yoast SEO plugin. -->","yoast_head_json":{"title":"TIENE SOLUCI\u00d3N VIOLENCIA EN GUANAJUATO: SHEINBAUM - Kuali","robots":{"index":"index","follow":"follow","max-snippet":"max-snippet:-1","max-image-preview":"max-image-preview:large","max-video-preview":"max-video-preview:-1"},"canonical":"https:\/\/kuali.com.mx\/web\/2023\/07\/28\/tiene-solucion-violencia-en-guanajuato-sheinbaum\/","og_locale":"es_MX","og_type":"article","og_title":"TIENE SOLUCI\u00d3N VIOLENCIA EN GUANAJUATO: SHEINBAUM - Kuali","og_description":"Carlos Garc\u00eda\/Celaya, Gto.- \u00a0En la construcci\u00f3n de la paz en M\u00e9xico nunca se habla del Poder Judicial Federal, ni de los poderes judiciales de los estados \u201cpor eso es importante una reforma judicial\u201d, manifest\u00f3 la aspirante a la Coordinaci\u00f3n del Comit\u00e9 de Defensa de la Cuarta Transformaci\u00f3n, Claudia Sheinbaum Pardo, al finalizar la asamblea que [&hellip;]","og_url":"https:\/\/kuali.com.mx\/web\/2023\/07\/28\/tiene-solucion-violencia-en-guanajuato-sheinbaum\/","og_site_name":"Kuali","article_publisher":"https:\/\/kuali.com.mx\/web\/wp-content\/uploads\/2018\/04\/cropped-kuali_logo-1-1.png","article_published_time":"2023-07-28T22:05:51+00:00","article_modified_time":"2023-07-28T22:05:53+00:00","og_image":[{"width":1705,"height":750,"url":"https:\/\/kuali.com.mx\/web\/wp-content\/uploads\/2023\/07\/Claudia.jpg","type":"image\/jpeg"}],"author":"Kuali Staff","twitter_card":"summary_large_image","twitter_creator":"@kuali_noticias","twitter_site":"@kuali_noticias","twitter_misc":{"Escrito por":"Kuali Staff","Tiempo de lectura":"3 minutos"},"schema":{"@context":"https:\/\/schema.org","@graph":[{"@type":"Article","@id":"https:\/\/kuali.com.mx\/web\/2023\/07\/28\/tiene-solucion-violencia-en-guanajuato-sheinbaum\/#article","isPartOf":{"@id":"https:\/\/kuali.com.mx\/web\/2023\/07\/28\/tiene-solucion-violencia-en-guanajuato-sheinbaum\/"},"author":{"name":"Kuali Staff","@id":"https:\/\/kuali.com.mx\/web\/#\/schema\/person\/6f89ffa8ecba9dae50662357923c5289"},"headline":"TIENE SOLUCI\u00d3N VIOLENCIA EN GUANAJUATO: SHEINBAUM","datePublished":"2023-07-28T22:05:51+00:00","dateModified":"2023-07-28T22:05:53+00:00","mainEntityOfPage":{"@id":"https:\/\/kuali.com.mx\/web\/2023\/07\/28\/tiene-solucion-violencia-en-guanajuato-sheinbaum\/"},"wordCount":550,"commentCount":0,"image":{"@id":"https:\/\/kuali.com.mx\/web\/2023\/07\/28\/tiene-solucion-violencia-en-guanajuato-sheinbaum\/#primaryimage"},"thumbnailUrl":"https:\/\/kuali.com.mx\/web\/wp-content\/uploads\/2023\/07\/Claudia.jpg","articleSection":["Pol\u00edtica","slider"],"inLanguage":"es","potentialAction":[{"@type":"CommentAction","name":"Comment","target":["https:\/\/kuali.com.mx\/web\/2023\/07\/28\/tiene-solucion-violencia-en-guanajuato-sheinbaum\/#respond"]}]},{"@type":"WebPage","@id":"https:\/\/kuali.com.mx\/web\/2023\/07\/28\/tiene-solucion-violencia-en-guanajuato-sheinbaum\/","url":"https:\/\/kuali.com.mx\/web\/2023\/07\/28\/tiene-solucion-violencia-en-guanajuato-sheinbaum\/","name":"TIENE SOLUCI\u00d3N VIOLENCIA EN GUANAJUATO: SHEINBAUM - Kuali","isPartOf":{"@id":"https:\/\/kuali.com.mx\/web\/#website"},"primaryImageOfPage":{"@id":"https:\/\/kuali.com.mx\/web\/2023\/07\/28\/tiene-solucion-violencia-en-guanajuato-sheinbaum\/#primaryimage"},"image":{"@id":"https:\/\/kuali.com.mx\/web\/2023\/07\/28\/tiene-solucion-violencia-en-guanajuato-sheinbaum\/#primaryimage"},"thumbnailUrl":"https:\/\/kuali.com.mx\/web\/wp-content\/uploads\/2023\/07\/Claudia.jpg","datePublished":"2023-07-28T22:05:51+00:00","dateModified":"2023-07-28T22:05:53+00:00","author":{"@id":"https:\/\/kuali.com.mx\/web\/#\/schema\/person\/6f89ffa8ecba9dae50662357923c5289"},"breadcrumb":{"@id":"https:\/\/kuali.com.mx\/web\/2023\/07\/28\/tiene-solucion-violencia-en-guanajuato-sheinbaum\/#breadcrumb"},"inLanguage":"es","potentialAction":[{"@type":"ReadAction","target":["https:\/\/kuali.com.mx\/web\/2023\/07\/28\/tiene-solucion-violencia-en-guanajuato-sheinbaum\/"]}]},{"@type":"ImageObject","inLanguage":"es","@id":"https:\/\/kuali.com.mx\/web\/2023\/07\/28\/tiene-solucion-violencia-en-guanajuato-sheinbaum\/#primaryimage","url":"https:\/\/kuali.com.mx\/web\/wp-content\/uploads\/2023\/07\/Claudia.jpg","contentUrl":"https:\/\/kuali.com.mx\/web\/wp-content\/uploads\/2023\/07\/Claudia.jpg","width":1705,"height":750},{"@type":"BreadcrumbList","@id":"https:\/\/kuali.com.mx\/web\/2023\/07\/28\/tiene-solucion-violencia-en-guanajuato-sheinbaum\/#breadcrumb","itemListElement":[{"@type":"ListItem","position":1,"name":"Inicio","item":"https:\/\/kuali.com.mx\/web\/"},{"@type":"ListItem","position":2,"name":"TIENE SOLUCI\u00d3N VIOLENCIA EN GUANAJUATO: SHEINBAUM"}]},{"@type":"WebSite","@id":"https:\/\/kuali.com.mx\/web\/#website","url":"https:\/\/kuali.com.mx\/web\/","name":"Kuali","description":"","potentialAction":[{"@type":"SearchAction","target":{"@type":"EntryPoint","urlTemplate":"https:\/\/kuali.com.mx\/web\/?s={search_term_string}"},"query-input":{"@type":"PropertyValueSpecification","valueRequired":true,"valueName":"search_term_string"}}],"inLanguage":"es"},{"@type":"Person","@id":"https:\/\/kuali.com.mx\/web\/#\/schema\/person\/6f89ffa8ecba9dae50662357923c5289","name":"Kuali Staff","image":{"@type":"ImageObject","inLanguage":"es","@id":"https:\/\/secure.gravatar.com\/avatar\/f917ad82e5ab71227a733c78b6e60715476f69ee6be59feee4eb5d9920c89e0f?s=96&d=mm&r=g","url":"https:\/\/secure.gravatar.com\/avatar\/f917ad82e5ab71227a733c78b6e60715476f69ee6be59feee4eb5d9920c89e0f?s=96&d=mm&r=g","contentUrl":"https:\/\/secure.gravatar.com\/avatar\/f917ad82e5ab71227a733c78b6e60715476f69ee6be59feee4eb5d9920c89e0f?s=96&d=mm&r=g","caption":"Kuali Staff"},"url":"https:\/\/kuali.com.mx\/web\/author\/lagarto\/"}]}},"_links":{"self":[{"href":"https:\/\/kuali.com.mx\/web\/wp-json\/wp\/v2\/posts\/123278","targetHints":{"allow":["GET"]}}],"collection":[{"href":"https:\/\/kuali.com.mx\/web\/wp-json\/wp\/v2\/posts"}],"about":[{"href":"https:\/\/kuali.com.mx\/web\/wp-json\/wp\/v2\/types\/post"}],"author":[{"embeddable":true,"href":"https:\/\/kuali.com.mx\/web\/wp-json\/wp\/v2\/users\/2"}],"replies":[{"embeddable":true,"href":"https:\/\/kuali.com.mx\/web\/wp-json\/wp\/v2\/comments?post=123278"}],"version-history":[{"count":1,"href":"https:\/\/kuali.com.mx\/web\/wp-json\/wp\/v2\/posts\/123278\/revisions"}],"predecessor-version":[{"id":123282,"href":"https:\/\/kuali.com.mx\/web\/wp-json\/wp\/v2\/posts\/123278\/revisions\/123282"}],"wp:featuredmedia":[{"embeddable":true,"href":"https:\/\/kuali.com.mx\/web\/wp-json\/wp\/v2\/media\/123281"}],"wp:attachment":[{"href":"https:\/\/kuali.com.mx\/web\/wp-json\/wp\/v2\/media?parent=123278"}],"wp:term":[{"taxonomy":"category","embeddable":true,"href":"https:\/\/kuali.com.mx\/web\/wp-json\/wp\/v2\/categories?post=123278"},{"taxonomy":"post_tag","embeddable":true,"href":"https:\/\/kuali.com.mx\/web\/wp-json\/wp\/v2\/tags?post=123278"}],"curies":[{"name":"wp","href":"https:\/\/api.w.org\/{rel}","templated":true}]}}