{"id":121715,"date":"2023-07-04T17:50:08","date_gmt":"2023-07-04T23:50:08","guid":{"rendered":"https:\/\/kuali.com.mx\/web\/?p=121715"},"modified":"2023-07-05T08:32:05","modified_gmt":"2023-07-05T14:32:05","slug":"reforestan-canada-de-negros-y-el-saucillo","status":"publish","type":"post","link":"https:\/\/kuali.com.mx\/web\/2023\/07\/04\/reforestan-canada-de-negros-y-el-saucillo\/","title":{"rendered":"REFORESTAN CA\u00d1ADA DE NEGROS Y EL SAUCILLO"},"content":{"rendered":"\n<p><strong>Kuali\/Le\u00f3n, Gto. <\/strong>Continuando con su estrategia de reforestaci\u00f3n, el Gobierno Municipal de Pur\u00edsima del Rinc\u00f3n realiz\u00f3 acci\u00f3n de reforestaci\u00f3n en las comunidades de Ca\u00f1ada de Negros y El Saucillo. Plantaron 50 especies de \u00e1rboles.<\/p>\n\n\n\n<p>Ca\u00f1ada de Negros y El Saucillo se suman a la sociedad que elige espacios verdes y realizaron una campa\u00f1a de reforestaci\u00f3n de \u00e1reas p\u00fablicas plantando 50 \u00e1rboles, de los cuales la comunidad don\u00f3 35 y pidieron 10 m\u00e1s en donaci\u00f3n para patios de casa.<\/p>\n\n\n\n<p>La Coordinaci\u00f3n de Medio Ambiente y Ecolog\u00eda de Pur\u00edsima del Rinc\u00f3n encabez\u00f3 los trabajos de reforestaci\u00f3n, aportaci\u00f3n de composta para el adecuado desarrollo de las 20 especies de \u00e1rboles; haciendo equipo con 55 personas de la comunidad de Ca\u00f1ada de Negros y El Saucillo, para atender las \u00e1reas verdes en el parque de la cancha, como se conoce el espacio atendido en la comunidad.<\/p>\n\n\n\n<p>Reforestar el parque requiri\u00f3 una coordinaci\u00f3n previa con el delegado de la comunidad, Mois\u00e9s Arellano; la delegada del Saucillo Iveth Ram\u00edrez y m\u00e1s vecinos de Ca\u00f1ada de Negros entre ellos las reinas, as\u00ed que en nombre del Presidente Municipal Roberto Garc\u00eda Urbano, el Secretario de Ayuntamiento, Jos\u00e9 Benjam\u00edn Rodr\u00edguez Cruz, invit\u00f3 a los vecinos a colaborar en el cuidado y riego de la zona de arbolado, protegerlos de la presencia de animales que los puedan maltratar, y en t\u00e9rminos generales ayudarlos al crecimiento.<\/p>\n\n\n\n<p>Jos\u00e9 V\u00e1zquez, coordinador de Medio Ambiente y Ecolog\u00eda, detall\u00f3 que entre los \u00e1rboles plantados est\u00e1n: jacarandas, tabachines, palo blanco, lluvia de oro, pirul mexicano, fresnos y truenos. En tanto los \u00e1rboles donados fueron cinco mezquites y cinco ceibas para diferentes patios de casa, donde se busca la sombra de los \u00e1rboles nativos.<\/p>\n","protected":false},"excerpt":{"rendered":"Kuali\/Le\u00f3n, Gto. Continuando con su estrategia de reforestaci\u00f3n, el Gobierno Municipal de Pur\u00edsima del Rinc\u00f3n realiz\u00f3 acci\u00f3n de reforestaci\u00f3n en las comunidades de Ca\u00f1ada de Negros y El Saucillo. Plantaron 50 especies de \u00e1rboles. Ca\u00f1ada de Negros y El Saucillo se suman a la sociedad que elige espacios verdes y realizaron una campa\u00f1a de reforestaci\u00f3n [&hellip;]","protected":false},"author":2,"featured_media":121713,"comment_status":"open","ping_status":"open","sticky":false,"template":"","format":"standard","meta":{"_seopress_robots_primary_cat":"none","_seopress_titles_title":"","_seopress_titles_desc":"","_seopress_robots_index":"","_monsterinsights_skip_tracking":false,"_monsterinsights_sitenote_active":false,"_monsterinsights_sitenote_note":"","_monsterinsights_sitenote_category":0,"footnotes":""},"categories":[17],"tags":[2257,2564,305,187,1115],"class_list":["post-121715","post","type-post","status-publish","format-standard","has-post-thumbnail","hentry","category-ecologia","tag-arboles","tag-canada-de-negros","tag-ecologia","tag-medio-ambiente","tag-purisima-del-rincon"],"yoast_head":"<!-- This site is optimized with the Yoast SEO plugin v27.4 - https:\/\/yoast.com\/product\/yoast-seo-wordpress\/ -->\n<title>REFORESTAN CA\u00d1ADA DE NEGROS Y EL SAUCILLO - Kuali<\/title>\n<meta name=\"robots\" content=\"index, follow, max-snippet:-1, max-image-preview:large, max-video-preview:-1\" \/>\n<link rel=\"canonical\" href=\"https:\/\/kuali.com.mx\/web\/2023\/07\/04\/reforestan-canada-de-negros-y-el-saucillo\/\" \/>\n<meta property=\"og:locale\" content=\"es_MX\" \/>\n<meta property=\"og:type\" content=\"article\" \/>\n<meta property=\"og:title\" content=\"REFORESTAN CA\u00d1ADA DE NEGROS Y EL SAUCILLO - Kuali\" \/>\n<meta property=\"og:description\" content=\"Kuali\/Le\u00f3n, Gto. Continuando con su estrategia de reforestaci\u00f3n, el Gobierno Municipal de Pur\u00edsima del Rinc\u00f3n realiz\u00f3 acci\u00f3n de reforestaci\u00f3n en las comunidades de Ca\u00f1ada de Negros y El Saucillo. Plantaron 50 especies de \u00e1rboles. Ca\u00f1ada de Negros y El Saucillo se suman a la sociedad que elige espacios verdes y realizaron una campa\u00f1a de reforestaci\u00f3n [&hellip;]\" \/>\n<meta property=\"og:url\" content=\"https:\/\/kuali.com.mx\/web\/2023\/07\/04\/reforestan-canada-de-negros-y-el-saucillo\/\" \/>\n<meta property=\"og:site_name\" content=\"Kuali\" \/>\n<meta property=\"article:publisher\" content=\"https:\/\/kuali.com.mx\/web\/wp-content\/uploads\/2018\/04\/cropped-kuali_logo-1-1.png\" \/>\n<meta property=\"article:published_time\" content=\"2023-07-04T23:50:08+00:00\" \/>\n<meta property=\"article:modified_time\" content=\"2023-07-05T14:32:05+00:00\" \/>\n<meta property=\"og:image\" content=\"https:\/\/kuali.com.mx\/web\/wp-content\/uploads\/2023\/07\/Reforestan-Canada-de-Negros.gif\" \/>\n\t<meta property=\"og:image:width\" content=\"1700\" \/>\n\t<meta property=\"og:image:height\" content=\"750\" \/>\n\t<meta property=\"og:image:type\" content=\"image\/gif\" \/>\n<meta name=\"author\" content=\"Kuali Staff\" \/>\n<meta name=\"twitter:card\" content=\"summary_large_image\" \/>\n<meta name=\"twitter:creator\" content=\"@kuali_noticias\" \/>\n<meta name=\"twitter:site\" content=\"@kuali_noticias\" \/>\n<meta name=\"twitter:label1\" content=\"Escrito por\" \/>\n\t<meta name=\"twitter:data1\" content=\"Kuali Staff\" \/>\n\t<meta name=\"twitter:label2\" content=\"Tiempo de lectura\" \/>\n\t<meta name=\"twitter:data2\" content=\"2 minutos\" \/>\n<script type=\"application\/ld+json\" class=\"yoast-schema-graph\">{\"@context\":\"https:\\\/\\\/schema.org\",\"@graph\":[{\"@type\":\"Article\",\"@id\":\"https:\\\/\\\/kuali.com.mx\\\/web\\\/2023\\\/07\\\/04\\\/reforestan-canada-de-negros-y-el-saucillo\\\/#article\",\"isPartOf\":{\"@id\":\"https:\\\/\\\/kuali.com.mx\\\/web\\\/2023\\\/07\\\/04\\\/reforestan-canada-de-negros-y-el-saucillo\\\/\"},\"author\":{\"name\":\"Kuali Staff\",\"@id\":\"https:\\\/\\\/kuali.com.mx\\\/web\\\/#\\\/schema\\\/person\\\/6f89ffa8ecba9dae50662357923c5289\"},\"headline\":\"REFORESTAN CA\u00d1ADA DE NEGROS Y EL SAUCILLO\",\"datePublished\":\"2023-07-04T23:50:08+00:00\",\"dateModified\":\"2023-07-05T14:32:05+00:00\",\"mainEntityOfPage\":{\"@id\":\"https:\\\/\\\/kuali.com.mx\\\/web\\\/2023\\\/07\\\/04\\\/reforestan-canada-de-negros-y-el-saucillo\\\/\"},\"wordCount\":312,\"commentCount\":0,\"image\":{\"@id\":\"https:\\\/\\\/kuali.com.mx\\\/web\\\/2023\\\/07\\\/04\\\/reforestan-canada-de-negros-y-el-saucillo\\\/#primaryimage\"},\"thumbnailUrl\":\"https:\\\/\\\/kuali.com.mx\\\/web\\\/wp-content\\\/uploads\\\/2023\\\/07\\\/Reforestan-Canada-de-Negros.gif\",\"keywords\":[\"\u00c1rboles\",\"Ca\u00f1ada de Negros\",\"Ecolog\u00eda\",\"Medio ambiente\",\"Pur\u00edsima del Rinc\u00f3n\"],\"articleSection\":[\"Ecolog\u00eda\"],\"inLanguage\":\"es\",\"potentialAction\":[{\"@type\":\"CommentAction\",\"name\":\"Comment\",\"target\":[\"https:\\\/\\\/kuali.com.mx\\\/web\\\/2023\\\/07\\\/04\\\/reforestan-canada-de-negros-y-el-saucillo\\\/#respond\"]}]},{\"@type\":\"WebPage\",\"@id\":\"https:\\\/\\\/kuali.com.mx\\\/web\\\/2023\\\/07\\\/04\\\/reforestan-canada-de-negros-y-el-saucillo\\\/\",\"url\":\"https:\\\/\\\/kuali.com.mx\\\/web\\\/2023\\\/07\\\/04\\\/reforestan-canada-de-negros-y-el-saucillo\\\/\",\"name\":\"REFORESTAN CA\u00d1ADA DE NEGROS Y EL SAUCILLO - Kuali\",\"isPartOf\":{\"@id\":\"https:\\\/\\\/kuali.com.mx\\\/web\\\/#website\"},\"primaryImageOfPage\":{\"@id\":\"https:\\\/\\\/kuali.com.mx\\\/web\\\/2023\\\/07\\\/04\\\/reforestan-canada-de-negros-y-el-saucillo\\\/#primaryimage\"},\"image\":{\"@id\":\"https:\\\/\\\/kuali.com.mx\\\/web\\\/2023\\\/07\\\/04\\\/reforestan-canada-de-negros-y-el-saucillo\\\/#primaryimage\"},\"thumbnailUrl\":\"https:\\\/\\\/kuali.com.mx\\\/web\\\/wp-content\\\/uploads\\\/2023\\\/07\\\/Reforestan-Canada-de-Negros.gif\",\"datePublished\":\"2023-07-04T23:50:08+00:00\",\"dateModified\":\"2023-07-05T14:32:05+00:00\",\"author\":{\"@id\":\"https:\\\/\\\/kuali.com.mx\\\/web\\\/#\\\/schema\\\/person\\\/6f89ffa8ecba9dae50662357923c5289\"},\"breadcrumb\":{\"@id\":\"https:\\\/\\\/kuali.com.mx\\\/web\\\/2023\\\/07\\\/04\\\/reforestan-canada-de-negros-y-el-saucillo\\\/#breadcrumb\"},\"inLanguage\":\"es\",\"potentialAction\":[{\"@type\":\"ReadAction\",\"target\":[\"https:\\\/\\\/kuali.com.mx\\\/web\\\/2023\\\/07\\\/04\\\/reforestan-canada-de-negros-y-el-saucillo\\\/\"]}]},{\"@type\":\"ImageObject\",\"inLanguage\":\"es\",\"@id\":\"https:\\\/\\\/kuali.com.mx\\\/web\\\/2023\\\/07\\\/04\\\/reforestan-canada-de-negros-y-el-saucillo\\\/#primaryimage\",\"url\":\"https:\\\/\\\/kuali.com.mx\\\/web\\\/wp-content\\\/uploads\\\/2023\\\/07\\\/Reforestan-Canada-de-Negros.gif\",\"contentUrl\":\"https:\\\/\\\/kuali.com.mx\\\/web\\\/wp-content\\\/uploads\\\/2023\\\/07\\\/Reforestan-Canada-de-Negros.gif\",\"width\":1700,\"height\":750},{\"@type\":\"BreadcrumbList\",\"@id\":\"https:\\\/\\\/kuali.com.mx\\\/web\\\/2023\\\/07\\\/04\\\/reforestan-canada-de-negros-y-el-saucillo\\\/#breadcrumb\",\"itemListElement\":[{\"@type\":\"ListItem\",\"position\":1,\"name\":\"Inicio\",\"item\":\"https:\\\/\\\/kuali.com.mx\\\/web\\\/\"},{\"@type\":\"ListItem\",\"position\":2,\"name\":\"REFORESTAN CA\u00d1ADA DE NEGROS Y EL SAUCILLO\"}]},{\"@type\":\"WebSite\",\"@id\":\"https:\\\/\\\/kuali.com.mx\\\/web\\\/#website\",\"url\":\"https:\\\/\\\/kuali.com.mx\\\/web\\\/\",\"name\":\"Kuali\",\"description\":\"\",\"potentialAction\":[{\"@type\":\"SearchAction\",\"target\":{\"@type\":\"EntryPoint\",\"urlTemplate\":\"https:\\\/\\\/kuali.com.mx\\\/web\\\/?s={search_term_string}\"},\"query-input\":{\"@type\":\"PropertyValueSpecification\",\"valueRequired\":true,\"valueName\":\"search_term_string\"}}],\"inLanguage\":\"es\"},{\"@type\":\"Person\",\"@id\":\"https:\\\/\\\/kuali.com.mx\\\/web\\\/#\\\/schema\\\/person\\\/6f89ffa8ecba9dae50662357923c5289\",\"name\":\"Kuali Staff\",\"image\":{\"@type\":\"ImageObject\",\"inLanguage\":\"es\",\"@id\":\"https:\\\/\\\/secure.gravatar.com\\\/avatar\\\/f917ad82e5ab71227a733c78b6e60715476f69ee6be59feee4eb5d9920c89e0f?s=96&d=mm&r=g\",\"url\":\"https:\\\/\\\/secure.gravatar.com\\\/avatar\\\/f917ad82e5ab71227a733c78b6e60715476f69ee6be59feee4eb5d9920c89e0f?s=96&d=mm&r=g\",\"contentUrl\":\"https:\\\/\\\/secure.gravatar.com\\\/avatar\\\/f917ad82e5ab71227a733c78b6e60715476f69ee6be59feee4eb5d9920c89e0f?s=96&d=mm&r=g\",\"caption\":\"Kuali Staff\"},\"url\":\"https:\\\/\\\/kuali.com.mx\\\/web\\\/author\\\/lagarto\\\/\"}]}<\/script>\n<!-- \/ Yoast SEO plugin. -->","yoast_head_json":{"title":"REFORESTAN CA\u00d1ADA DE NEGROS Y EL SAUCILLO - Kuali","robots":{"index":"index","follow":"follow","max-snippet":"max-snippet:-1","max-image-preview":"max-image-preview:large","max-video-preview":"max-video-preview:-1"},"canonical":"https:\/\/kuali.com.mx\/web\/2023\/07\/04\/reforestan-canada-de-negros-y-el-saucillo\/","og_locale":"es_MX","og_type":"article","og_title":"REFORESTAN CA\u00d1ADA DE NEGROS Y EL SAUCILLO - Kuali","og_description":"Kuali\/Le\u00f3n, Gto. Continuando con su estrategia de reforestaci\u00f3n, el Gobierno Municipal de Pur\u00edsima del Rinc\u00f3n realiz\u00f3 acci\u00f3n de reforestaci\u00f3n en las comunidades de Ca\u00f1ada de Negros y El Saucillo. Plantaron 50 especies de \u00e1rboles. Ca\u00f1ada de Negros y El Saucillo se suman a la sociedad que elige espacios verdes y realizaron una campa\u00f1a de reforestaci\u00f3n [&hellip;]","og_url":"https:\/\/kuali.com.mx\/web\/2023\/07\/04\/reforestan-canada-de-negros-y-el-saucillo\/","og_site_name":"Kuali","article_publisher":"https:\/\/kuali.com.mx\/web\/wp-content\/uploads\/2018\/04\/cropped-kuali_logo-1-1.png","article_published_time":"2023-07-04T23:50:08+00:00","article_modified_time":"2023-07-05T14:32:05+00:00","og_image":[{"width":1700,"height":750,"url":"https:\/\/kuali.com.mx\/web\/wp-content\/uploads\/2023\/07\/Reforestan-Canada-de-Negros.gif","type":"image\/gif"}],"author":"Kuali Staff","twitter_card":"summary_large_image","twitter_creator":"@kuali_noticias","twitter_site":"@kuali_noticias","twitter_misc":{"Escrito por":"Kuali Staff","Tiempo de lectura":"2 minutos"},"schema":{"@context":"https:\/\/schema.org","@graph":[{"@type":"Article","@id":"https:\/\/kuali.com.mx\/web\/2023\/07\/04\/reforestan-canada-de-negros-y-el-saucillo\/#article","isPartOf":{"@id":"https:\/\/kuali.com.mx\/web\/2023\/07\/04\/reforestan-canada-de-negros-y-el-saucillo\/"},"author":{"name":"Kuali Staff","@id":"https:\/\/kuali.com.mx\/web\/#\/schema\/person\/6f89ffa8ecba9dae50662357923c5289"},"headline":"REFORESTAN CA\u00d1ADA DE NEGROS Y EL SAUCILLO","datePublished":"2023-07-04T23:50:08+00:00","dateModified":"2023-07-05T14:32:05+00:00","mainEntityOfPage":{"@id":"https:\/\/kuali.com.mx\/web\/2023\/07\/04\/reforestan-canada-de-negros-y-el-saucillo\/"},"wordCount":312,"commentCount":0,"image":{"@id":"https:\/\/kuali.com.mx\/web\/2023\/07\/04\/reforestan-canada-de-negros-y-el-saucillo\/#primaryimage"},"thumbnailUrl":"https:\/\/kuali.com.mx\/web\/wp-content\/uploads\/2023\/07\/Reforestan-Canada-de-Negros.gif","keywords":["\u00c1rboles","Ca\u00f1ada de Negros","Ecolog\u00eda","Medio ambiente","Pur\u00edsima del Rinc\u00f3n"],"articleSection":["Ecolog\u00eda"],"inLanguage":"es","potentialAction":[{"@type":"CommentAction","name":"Comment","target":["https:\/\/kuali.com.mx\/web\/2023\/07\/04\/reforestan-canada-de-negros-y-el-saucillo\/#respond"]}]},{"@type":"WebPage","@id":"https:\/\/kuali.com.mx\/web\/2023\/07\/04\/reforestan-canada-de-negros-y-el-saucillo\/","url":"https:\/\/kuali.com.mx\/web\/2023\/07\/04\/reforestan-canada-de-negros-y-el-saucillo\/","name":"REFORESTAN CA\u00d1ADA DE NEGROS Y EL SAUCILLO - Kuali","isPartOf":{"@id":"https:\/\/kuali.com.mx\/web\/#website"},"primaryImageOfPage":{"@id":"https:\/\/kuali.com.mx\/web\/2023\/07\/04\/reforestan-canada-de-negros-y-el-saucillo\/#primaryimage"},"image":{"@id":"https:\/\/kuali.com.mx\/web\/2023\/07\/04\/reforestan-canada-de-negros-y-el-saucillo\/#primaryimage"},"thumbnailUrl":"https:\/\/kuali.com.mx\/web\/wp-content\/uploads\/2023\/07\/Reforestan-Canada-de-Negros.gif","datePublished":"2023-07-04T23:50:08+00:00","dateModified":"2023-07-05T14:32:05+00:00","author":{"@id":"https:\/\/kuali.com.mx\/web\/#\/schema\/person\/6f89ffa8ecba9dae50662357923c5289"},"breadcrumb":{"@id":"https:\/\/kuali.com.mx\/web\/2023\/07\/04\/reforestan-canada-de-negros-y-el-saucillo\/#breadcrumb"},"inLanguage":"es","potentialAction":[{"@type":"ReadAction","target":["https:\/\/kuali.com.mx\/web\/2023\/07\/04\/reforestan-canada-de-negros-y-el-saucillo\/"]}]},{"@type":"ImageObject","inLanguage":"es","@id":"https:\/\/kuali.com.mx\/web\/2023\/07\/04\/reforestan-canada-de-negros-y-el-saucillo\/#primaryimage","url":"https:\/\/kuali.com.mx\/web\/wp-content\/uploads\/2023\/07\/Reforestan-Canada-de-Negros.gif","contentUrl":"https:\/\/kuali.com.mx\/web\/wp-content\/uploads\/2023\/07\/Reforestan-Canada-de-Negros.gif","width":1700,"height":750},{"@type":"BreadcrumbList","@id":"https:\/\/kuali.com.mx\/web\/2023\/07\/04\/reforestan-canada-de-negros-y-el-saucillo\/#breadcrumb","itemListElement":[{"@type":"ListItem","position":1,"name":"Inicio","item":"https:\/\/kuali.com.mx\/web\/"},{"@type":"ListItem","position":2,"name":"REFORESTAN CA\u00d1ADA DE NEGROS Y EL SAUCILLO"}]},{"@type":"WebSite","@id":"https:\/\/kuali.com.mx\/web\/#website","url":"https:\/\/kuali.com.mx\/web\/","name":"Kuali","description":"","potentialAction":[{"@type":"SearchAction","target":{"@type":"EntryPoint","urlTemplate":"https:\/\/kuali.com.mx\/web\/?s={search_term_string}"},"query-input":{"@type":"PropertyValueSpecification","valueRequired":true,"valueName":"search_term_string"}}],"inLanguage":"es"},{"@type":"Person","@id":"https:\/\/kuali.com.mx\/web\/#\/schema\/person\/6f89ffa8ecba9dae50662357923c5289","name":"Kuali Staff","image":{"@type":"ImageObject","inLanguage":"es","@id":"https:\/\/secure.gravatar.com\/avatar\/f917ad82e5ab71227a733c78b6e60715476f69ee6be59feee4eb5d9920c89e0f?s=96&d=mm&r=g","url":"https:\/\/secure.gravatar.com\/avatar\/f917ad82e5ab71227a733c78b6e60715476f69ee6be59feee4eb5d9920c89e0f?s=96&d=mm&r=g","contentUrl":"https:\/\/secure.gravatar.com\/avatar\/f917ad82e5ab71227a733c78b6e60715476f69ee6be59feee4eb5d9920c89e0f?s=96&d=mm&r=g","caption":"Kuali Staff"},"url":"https:\/\/kuali.com.mx\/web\/author\/lagarto\/"}]}},"_links":{"self":[{"href":"https:\/\/kuali.com.mx\/web\/wp-json\/wp\/v2\/posts\/121715","targetHints":{"allow":["GET"]}}],"collection":[{"href":"https:\/\/kuali.com.mx\/web\/wp-json\/wp\/v2\/posts"}],"about":[{"href":"https:\/\/kuali.com.mx\/web\/wp-json\/wp\/v2\/types\/post"}],"author":[{"embeddable":true,"href":"https:\/\/kuali.com.mx\/web\/wp-json\/wp\/v2\/users\/2"}],"replies":[{"embeddable":true,"href":"https:\/\/kuali.com.mx\/web\/wp-json\/wp\/v2\/comments?post=121715"}],"version-history":[{"count":1,"href":"https:\/\/kuali.com.mx\/web\/wp-json\/wp\/v2\/posts\/121715\/revisions"}],"predecessor-version":[{"id":121718,"href":"https:\/\/kuali.com.mx\/web\/wp-json\/wp\/v2\/posts\/121715\/revisions\/121718"}],"wp:featuredmedia":[{"embeddable":true,"href":"https:\/\/kuali.com.mx\/web\/wp-json\/wp\/v2\/media\/121713"}],"wp:attachment":[{"href":"https:\/\/kuali.com.mx\/web\/wp-json\/wp\/v2\/media?parent=121715"}],"wp:term":[{"taxonomy":"category","embeddable":true,"href":"https:\/\/kuali.com.mx\/web\/wp-json\/wp\/v2\/categories?post=121715"},{"taxonomy":"post_tag","embeddable":true,"href":"https:\/\/kuali.com.mx\/web\/wp-json\/wp\/v2\/tags?post=121715"}],"curies":[{"name":"wp","href":"https:\/\/api.w.org\/{rel}","templated":true}]}}