{"id":121675,"date":"2023-07-04T14:55:00","date_gmt":"2023-07-04T20:55:00","guid":{"rendered":"https:\/\/kuali.com.mx\/web\/?p=121675"},"modified":"2023-07-04T22:00:16","modified_gmt":"2023-07-05T04:00:16","slug":"lanza-convocatoria-para-muestra-de-danza","status":"publish","type":"post","link":"https:\/\/kuali.com.mx\/web\/2023\/07\/04\/lanza-convocatoria-para-muestra-de-danza\/","title":{"rendered":"LANZA CONVOCATORIA PARA MUESTRA DE DANZA"},"content":{"rendered":"\n<p><strong><em>Kuali\/Le\u00f3n, Gto.<\/em><\/strong>-Con el objetivo de impulsar la producci\u00f3n danc\u00edstica de artistas locales, el Instituto Cultural de Le\u00f3n lanz\u00f3 la convocatoria para ser parte de la VI Muestra de Danza Contempor\u00e1nea.<\/p>\n\n\n\n<p>Podr\u00e1n participar grupos, bailarines, bailarinas y compa\u00f1\u00edas de danza contempor\u00e1nea residentes en Le\u00f3n, mediante nuevas propuestas adaptables al formato y operaci\u00f3n de espacios de sala y recintos del ICL: Teatro Mar\u00eda Grever, Museo de las Identidades Leonesas y Plaza de Gallos.<\/p>\n\n\n\n<p>Ser\u00e1n seleccionados hasta dos proyectos con una duraci\u00f3n de entre 30 y 60 minutos, a los que se les asignar\u00e1 un monto de $50,000.00 pesos a cada uno. Estos proyectos ser\u00e1n programados en el marco del Festival Internacional de Arte Contempor\u00e1neo de Le\u00f3n, FIACmx, a realizarse del 10 al 19 de noviembre.<\/p>\n\n\n\n<p>El registro queda abierto desde la publicaci\u00f3n de la convocatoria, hasta las 15:00 horas del lunes 31 de julio. Los resultados ser\u00e1n dados a conocer a m\u00e1s tardar el 11 de agosto en las redes sociales del ICL.<\/p>\n\n\n\n<p>La convocatoria completa puede consultarse en bit.ly\/ConvocatoriaVIMuestraDanzaContamporanea. Para mayor informaci\u00f3n, est\u00e1 disponible el correo isabela.flores@culturaleon.com.<\/p>\n\n\n\n<p>Te invitamos a consultar la oferta del ICL y del FIACmx en la p\u00e1gina web www.institutoculturaldeleon.org.mx, as\u00ed como en redes sociales, Facebook: Instituto Cultural de Le\u00f3n y FIACmx; Twitter e Instagram: @culturaleon y @fiacmx.<\/p>\n","protected":false},"excerpt":{"rendered":"Kuali\/Le\u00f3n, Gto.-Con el objetivo de impulsar la producci\u00f3n danc\u00edstica de artistas locales, el Instituto Cultural de Le\u00f3n lanz\u00f3 la convocatoria para ser parte de la VI Muestra de Danza Contempor\u00e1nea. Podr\u00e1n participar grupos, bailarines, bailarinas y compa\u00f1\u00edas de danza contempor\u00e1nea residentes en Le\u00f3n, mediante nuevas propuestas adaptables al formato y operaci\u00f3n de espacios de sala [&hellip;]","protected":false},"author":2,"featured_media":121679,"comment_status":"open","ping_status":"open","sticky":false,"template":"","format":"standard","meta":{"_seopress_robots_primary_cat":"none","_seopress_titles_title":"","_seopress_titles_desc":"","_seopress_robots_index":"","_monsterinsights_skip_tracking":false,"_monsterinsights_sitenote_active":false,"_monsterinsights_sitenote_note":"","_monsterinsights_sitenote_category":0,"footnotes":""},"categories":[8],"tags":[],"class_list":["post-121675","post","type-post","status-publish","format-standard","has-post-thumbnail","hentry","category-espectaculos"],"yoast_head":"<!-- This site is optimized with the Yoast SEO plugin v27.4 - https:\/\/yoast.com\/product\/yoast-seo-wordpress\/ -->\n<title>LANZA CONVOCATORIA PARA MUESTRA DE DANZA - Kuali<\/title>\n<meta name=\"robots\" content=\"index, follow, max-snippet:-1, max-image-preview:large, max-video-preview:-1\" \/>\n<link rel=\"canonical\" href=\"https:\/\/kuali.com.mx\/web\/2023\/07\/04\/lanza-convocatoria-para-muestra-de-danza\/\" \/>\n<meta property=\"og:locale\" content=\"es_MX\" \/>\n<meta property=\"og:type\" content=\"article\" \/>\n<meta property=\"og:title\" content=\"LANZA CONVOCATORIA PARA MUESTRA DE DANZA - Kuali\" \/>\n<meta property=\"og:description\" content=\"Kuali\/Le\u00f3n, Gto.-Con el objetivo de impulsar la producci\u00f3n danc\u00edstica de artistas locales, el Instituto Cultural de Le\u00f3n lanz\u00f3 la convocatoria para ser parte de la VI Muestra de Danza Contempor\u00e1nea. Podr\u00e1n participar grupos, bailarines, bailarinas y compa\u00f1\u00edas de danza contempor\u00e1nea residentes en Le\u00f3n, mediante nuevas propuestas adaptables al formato y operaci\u00f3n de espacios de sala [&hellip;]\" \/>\n<meta property=\"og:url\" content=\"https:\/\/kuali.com.mx\/web\/2023\/07\/04\/lanza-convocatoria-para-muestra-de-danza\/\" \/>\n<meta property=\"og:site_name\" content=\"Kuali\" \/>\n<meta property=\"article:publisher\" content=\"https:\/\/kuali.com.mx\/web\/wp-content\/uploads\/2018\/04\/cropped-kuali_logo-1-1.png\" \/>\n<meta property=\"article:published_time\" content=\"2023-07-04T20:55:00+00:00\" \/>\n<meta property=\"article:modified_time\" content=\"2023-07-05T04:00:16+00:00\" \/>\n<meta property=\"og:image\" content=\"https:\/\/kuali.com.mx\/web\/wp-content\/uploads\/2023\/07\/MuestraDanzaContemporanea-2022.jpg\" \/>\n\t<meta property=\"og:image:width\" content=\"1200\" \/>\n\t<meta property=\"og:image:height\" content=\"741\" \/>\n\t<meta property=\"og:image:type\" content=\"image\/jpeg\" \/>\n<meta name=\"author\" content=\"Kuali Staff\" \/>\n<meta name=\"twitter:card\" content=\"summary_large_image\" \/>\n<meta name=\"twitter:creator\" content=\"@kuali_noticias\" \/>\n<meta name=\"twitter:site\" content=\"@kuali_noticias\" \/>\n<meta name=\"twitter:label1\" content=\"Escrito por\" \/>\n\t<meta name=\"twitter:data1\" content=\"Kuali Staff\" \/>\n\t<meta name=\"twitter:label2\" content=\"Tiempo de lectura\" \/>\n\t<meta name=\"twitter:data2\" content=\"1 minuto\" \/>\n<script type=\"application\/ld+json\" class=\"yoast-schema-graph\">{\"@context\":\"https:\\\/\\\/schema.org\",\"@graph\":[{\"@type\":\"Article\",\"@id\":\"https:\\\/\\\/kuali.com.mx\\\/web\\\/2023\\\/07\\\/04\\\/lanza-convocatoria-para-muestra-de-danza\\\/#article\",\"isPartOf\":{\"@id\":\"https:\\\/\\\/kuali.com.mx\\\/web\\\/2023\\\/07\\\/04\\\/lanza-convocatoria-para-muestra-de-danza\\\/\"},\"author\":{\"name\":\"Kuali Staff\",\"@id\":\"https:\\\/\\\/kuali.com.mx\\\/web\\\/#\\\/schema\\\/person\\\/6f89ffa8ecba9dae50662357923c5289\"},\"headline\":\"LANZA CONVOCATORIA PARA MUESTRA DE DANZA\",\"datePublished\":\"2023-07-04T20:55:00+00:00\",\"dateModified\":\"2023-07-05T04:00:16+00:00\",\"mainEntityOfPage\":{\"@id\":\"https:\\\/\\\/kuali.com.mx\\\/web\\\/2023\\\/07\\\/04\\\/lanza-convocatoria-para-muestra-de-danza\\\/\"},\"wordCount\":240,\"commentCount\":0,\"image\":{\"@id\":\"https:\\\/\\\/kuali.com.mx\\\/web\\\/2023\\\/07\\\/04\\\/lanza-convocatoria-para-muestra-de-danza\\\/#primaryimage\"},\"thumbnailUrl\":\"https:\\\/\\\/kuali.com.mx\\\/web\\\/wp-content\\\/uploads\\\/2023\\\/07\\\/MuestraDanzaContemporanea-2022.jpg\",\"articleSection\":[\"Cultura\"],\"inLanguage\":\"es\",\"potentialAction\":[{\"@type\":\"CommentAction\",\"name\":\"Comment\",\"target\":[\"https:\\\/\\\/kuali.com.mx\\\/web\\\/2023\\\/07\\\/04\\\/lanza-convocatoria-para-muestra-de-danza\\\/#respond\"]}]},{\"@type\":\"WebPage\",\"@id\":\"https:\\\/\\\/kuali.com.mx\\\/web\\\/2023\\\/07\\\/04\\\/lanza-convocatoria-para-muestra-de-danza\\\/\",\"url\":\"https:\\\/\\\/kuali.com.mx\\\/web\\\/2023\\\/07\\\/04\\\/lanza-convocatoria-para-muestra-de-danza\\\/\",\"name\":\"LANZA CONVOCATORIA PARA MUESTRA DE DANZA - Kuali\",\"isPartOf\":{\"@id\":\"https:\\\/\\\/kuali.com.mx\\\/web\\\/#website\"},\"primaryImageOfPage\":{\"@id\":\"https:\\\/\\\/kuali.com.mx\\\/web\\\/2023\\\/07\\\/04\\\/lanza-convocatoria-para-muestra-de-danza\\\/#primaryimage\"},\"image\":{\"@id\":\"https:\\\/\\\/kuali.com.mx\\\/web\\\/2023\\\/07\\\/04\\\/lanza-convocatoria-para-muestra-de-danza\\\/#primaryimage\"},\"thumbnailUrl\":\"https:\\\/\\\/kuali.com.mx\\\/web\\\/wp-content\\\/uploads\\\/2023\\\/07\\\/MuestraDanzaContemporanea-2022.jpg\",\"datePublished\":\"2023-07-04T20:55:00+00:00\",\"dateModified\":\"2023-07-05T04:00:16+00:00\",\"author\":{\"@id\":\"https:\\\/\\\/kuali.com.mx\\\/web\\\/#\\\/schema\\\/person\\\/6f89ffa8ecba9dae50662357923c5289\"},\"breadcrumb\":{\"@id\":\"https:\\\/\\\/kuali.com.mx\\\/web\\\/2023\\\/07\\\/04\\\/lanza-convocatoria-para-muestra-de-danza\\\/#breadcrumb\"},\"inLanguage\":\"es\",\"potentialAction\":[{\"@type\":\"ReadAction\",\"target\":[\"https:\\\/\\\/kuali.com.mx\\\/web\\\/2023\\\/07\\\/04\\\/lanza-convocatoria-para-muestra-de-danza\\\/\"]}]},{\"@type\":\"ImageObject\",\"inLanguage\":\"es\",\"@id\":\"https:\\\/\\\/kuali.com.mx\\\/web\\\/2023\\\/07\\\/04\\\/lanza-convocatoria-para-muestra-de-danza\\\/#primaryimage\",\"url\":\"https:\\\/\\\/kuali.com.mx\\\/web\\\/wp-content\\\/uploads\\\/2023\\\/07\\\/MuestraDanzaContemporanea-2022.jpg\",\"contentUrl\":\"https:\\\/\\\/kuali.com.mx\\\/web\\\/wp-content\\\/uploads\\\/2023\\\/07\\\/MuestraDanzaContemporanea-2022.jpg\",\"width\":1200,\"height\":741},{\"@type\":\"BreadcrumbList\",\"@id\":\"https:\\\/\\\/kuali.com.mx\\\/web\\\/2023\\\/07\\\/04\\\/lanza-convocatoria-para-muestra-de-danza\\\/#breadcrumb\",\"itemListElement\":[{\"@type\":\"ListItem\",\"position\":1,\"name\":\"Inicio\",\"item\":\"https:\\\/\\\/kuali.com.mx\\\/web\\\/\"},{\"@type\":\"ListItem\",\"position\":2,\"name\":\"LANZA CONVOCATORIA PARA MUESTRA DE DANZA\"}]},{\"@type\":\"WebSite\",\"@id\":\"https:\\\/\\\/kuali.com.mx\\\/web\\\/#website\",\"url\":\"https:\\\/\\\/kuali.com.mx\\\/web\\\/\",\"name\":\"Kuali\",\"description\":\"\",\"potentialAction\":[{\"@type\":\"SearchAction\",\"target\":{\"@type\":\"EntryPoint\",\"urlTemplate\":\"https:\\\/\\\/kuali.com.mx\\\/web\\\/?s={search_term_string}\"},\"query-input\":{\"@type\":\"PropertyValueSpecification\",\"valueRequired\":true,\"valueName\":\"search_term_string\"}}],\"inLanguage\":\"es\"},{\"@type\":\"Person\",\"@id\":\"https:\\\/\\\/kuali.com.mx\\\/web\\\/#\\\/schema\\\/person\\\/6f89ffa8ecba9dae50662357923c5289\",\"name\":\"Kuali Staff\",\"image\":{\"@type\":\"ImageObject\",\"inLanguage\":\"es\",\"@id\":\"https:\\\/\\\/secure.gravatar.com\\\/avatar\\\/f917ad82e5ab71227a733c78b6e60715476f69ee6be59feee4eb5d9920c89e0f?s=96&d=mm&r=g\",\"url\":\"https:\\\/\\\/secure.gravatar.com\\\/avatar\\\/f917ad82e5ab71227a733c78b6e60715476f69ee6be59feee4eb5d9920c89e0f?s=96&d=mm&r=g\",\"contentUrl\":\"https:\\\/\\\/secure.gravatar.com\\\/avatar\\\/f917ad82e5ab71227a733c78b6e60715476f69ee6be59feee4eb5d9920c89e0f?s=96&d=mm&r=g\",\"caption\":\"Kuali Staff\"},\"url\":\"https:\\\/\\\/kuali.com.mx\\\/web\\\/author\\\/lagarto\\\/\"}]}<\/script>\n<!-- \/ Yoast SEO plugin. -->","yoast_head_json":{"title":"LANZA CONVOCATORIA PARA MUESTRA DE DANZA - Kuali","robots":{"index":"index","follow":"follow","max-snippet":"max-snippet:-1","max-image-preview":"max-image-preview:large","max-video-preview":"max-video-preview:-1"},"canonical":"https:\/\/kuali.com.mx\/web\/2023\/07\/04\/lanza-convocatoria-para-muestra-de-danza\/","og_locale":"es_MX","og_type":"article","og_title":"LANZA CONVOCATORIA PARA MUESTRA DE DANZA - Kuali","og_description":"Kuali\/Le\u00f3n, Gto.-Con el objetivo de impulsar la producci\u00f3n danc\u00edstica de artistas locales, el Instituto Cultural de Le\u00f3n lanz\u00f3 la convocatoria para ser parte de la VI Muestra de Danza Contempor\u00e1nea. Podr\u00e1n participar grupos, bailarines, bailarinas y compa\u00f1\u00edas de danza contempor\u00e1nea residentes en Le\u00f3n, mediante nuevas propuestas adaptables al formato y operaci\u00f3n de espacios de sala [&hellip;]","og_url":"https:\/\/kuali.com.mx\/web\/2023\/07\/04\/lanza-convocatoria-para-muestra-de-danza\/","og_site_name":"Kuali","article_publisher":"https:\/\/kuali.com.mx\/web\/wp-content\/uploads\/2018\/04\/cropped-kuali_logo-1-1.png","article_published_time":"2023-07-04T20:55:00+00:00","article_modified_time":"2023-07-05T04:00:16+00:00","og_image":[{"width":1200,"height":741,"url":"https:\/\/kuali.com.mx\/web\/wp-content\/uploads\/2023\/07\/MuestraDanzaContemporanea-2022.jpg","type":"image\/jpeg"}],"author":"Kuali Staff","twitter_card":"summary_large_image","twitter_creator":"@kuali_noticias","twitter_site":"@kuali_noticias","twitter_misc":{"Escrito por":"Kuali Staff","Tiempo de lectura":"1 minuto"},"schema":{"@context":"https:\/\/schema.org","@graph":[{"@type":"Article","@id":"https:\/\/kuali.com.mx\/web\/2023\/07\/04\/lanza-convocatoria-para-muestra-de-danza\/#article","isPartOf":{"@id":"https:\/\/kuali.com.mx\/web\/2023\/07\/04\/lanza-convocatoria-para-muestra-de-danza\/"},"author":{"name":"Kuali Staff","@id":"https:\/\/kuali.com.mx\/web\/#\/schema\/person\/6f89ffa8ecba9dae50662357923c5289"},"headline":"LANZA CONVOCATORIA PARA MUESTRA DE DANZA","datePublished":"2023-07-04T20:55:00+00:00","dateModified":"2023-07-05T04:00:16+00:00","mainEntityOfPage":{"@id":"https:\/\/kuali.com.mx\/web\/2023\/07\/04\/lanza-convocatoria-para-muestra-de-danza\/"},"wordCount":240,"commentCount":0,"image":{"@id":"https:\/\/kuali.com.mx\/web\/2023\/07\/04\/lanza-convocatoria-para-muestra-de-danza\/#primaryimage"},"thumbnailUrl":"https:\/\/kuali.com.mx\/web\/wp-content\/uploads\/2023\/07\/MuestraDanzaContemporanea-2022.jpg","articleSection":["Cultura"],"inLanguage":"es","potentialAction":[{"@type":"CommentAction","name":"Comment","target":["https:\/\/kuali.com.mx\/web\/2023\/07\/04\/lanza-convocatoria-para-muestra-de-danza\/#respond"]}]},{"@type":"WebPage","@id":"https:\/\/kuali.com.mx\/web\/2023\/07\/04\/lanza-convocatoria-para-muestra-de-danza\/","url":"https:\/\/kuali.com.mx\/web\/2023\/07\/04\/lanza-convocatoria-para-muestra-de-danza\/","name":"LANZA CONVOCATORIA PARA MUESTRA DE DANZA - Kuali","isPartOf":{"@id":"https:\/\/kuali.com.mx\/web\/#website"},"primaryImageOfPage":{"@id":"https:\/\/kuali.com.mx\/web\/2023\/07\/04\/lanza-convocatoria-para-muestra-de-danza\/#primaryimage"},"image":{"@id":"https:\/\/kuali.com.mx\/web\/2023\/07\/04\/lanza-convocatoria-para-muestra-de-danza\/#primaryimage"},"thumbnailUrl":"https:\/\/kuali.com.mx\/web\/wp-content\/uploads\/2023\/07\/MuestraDanzaContemporanea-2022.jpg","datePublished":"2023-07-04T20:55:00+00:00","dateModified":"2023-07-05T04:00:16+00:00","author":{"@id":"https:\/\/kuali.com.mx\/web\/#\/schema\/person\/6f89ffa8ecba9dae50662357923c5289"},"breadcrumb":{"@id":"https:\/\/kuali.com.mx\/web\/2023\/07\/04\/lanza-convocatoria-para-muestra-de-danza\/#breadcrumb"},"inLanguage":"es","potentialAction":[{"@type":"ReadAction","target":["https:\/\/kuali.com.mx\/web\/2023\/07\/04\/lanza-convocatoria-para-muestra-de-danza\/"]}]},{"@type":"ImageObject","inLanguage":"es","@id":"https:\/\/kuali.com.mx\/web\/2023\/07\/04\/lanza-convocatoria-para-muestra-de-danza\/#primaryimage","url":"https:\/\/kuali.com.mx\/web\/wp-content\/uploads\/2023\/07\/MuestraDanzaContemporanea-2022.jpg","contentUrl":"https:\/\/kuali.com.mx\/web\/wp-content\/uploads\/2023\/07\/MuestraDanzaContemporanea-2022.jpg","width":1200,"height":741},{"@type":"BreadcrumbList","@id":"https:\/\/kuali.com.mx\/web\/2023\/07\/04\/lanza-convocatoria-para-muestra-de-danza\/#breadcrumb","itemListElement":[{"@type":"ListItem","position":1,"name":"Inicio","item":"https:\/\/kuali.com.mx\/web\/"},{"@type":"ListItem","position":2,"name":"LANZA CONVOCATORIA PARA MUESTRA DE DANZA"}]},{"@type":"WebSite","@id":"https:\/\/kuali.com.mx\/web\/#website","url":"https:\/\/kuali.com.mx\/web\/","name":"Kuali","description":"","potentialAction":[{"@type":"SearchAction","target":{"@type":"EntryPoint","urlTemplate":"https:\/\/kuali.com.mx\/web\/?s={search_term_string}"},"query-input":{"@type":"PropertyValueSpecification","valueRequired":true,"valueName":"search_term_string"}}],"inLanguage":"es"},{"@type":"Person","@id":"https:\/\/kuali.com.mx\/web\/#\/schema\/person\/6f89ffa8ecba9dae50662357923c5289","name":"Kuali Staff","image":{"@type":"ImageObject","inLanguage":"es","@id":"https:\/\/secure.gravatar.com\/avatar\/f917ad82e5ab71227a733c78b6e60715476f69ee6be59feee4eb5d9920c89e0f?s=96&d=mm&r=g","url":"https:\/\/secure.gravatar.com\/avatar\/f917ad82e5ab71227a733c78b6e60715476f69ee6be59feee4eb5d9920c89e0f?s=96&d=mm&r=g","contentUrl":"https:\/\/secure.gravatar.com\/avatar\/f917ad82e5ab71227a733c78b6e60715476f69ee6be59feee4eb5d9920c89e0f?s=96&d=mm&r=g","caption":"Kuali Staff"},"url":"https:\/\/kuali.com.mx\/web\/author\/lagarto\/"}]}},"_links":{"self":[{"href":"https:\/\/kuali.com.mx\/web\/wp-json\/wp\/v2\/posts\/121675","targetHints":{"allow":["GET"]}}],"collection":[{"href":"https:\/\/kuali.com.mx\/web\/wp-json\/wp\/v2\/posts"}],"about":[{"href":"https:\/\/kuali.com.mx\/web\/wp-json\/wp\/v2\/types\/post"}],"author":[{"embeddable":true,"href":"https:\/\/kuali.com.mx\/web\/wp-json\/wp\/v2\/users\/2"}],"replies":[{"embeddable":true,"href":"https:\/\/kuali.com.mx\/web\/wp-json\/wp\/v2\/comments?post=121675"}],"version-history":[{"count":1,"href":"https:\/\/kuali.com.mx\/web\/wp-json\/wp\/v2\/posts\/121675\/revisions"}],"predecessor-version":[{"id":121678,"href":"https:\/\/kuali.com.mx\/web\/wp-json\/wp\/v2\/posts\/121675\/revisions\/121678"}],"wp:featuredmedia":[{"embeddable":true,"href":"https:\/\/kuali.com.mx\/web\/wp-json\/wp\/v2\/media\/121679"}],"wp:attachment":[{"href":"https:\/\/kuali.com.mx\/web\/wp-json\/wp\/v2\/media?parent=121675"}],"wp:term":[{"taxonomy":"category","embeddable":true,"href":"https:\/\/kuali.com.mx\/web\/wp-json\/wp\/v2\/categories?post=121675"},{"taxonomy":"post_tag","embeddable":true,"href":"https:\/\/kuali.com.mx\/web\/wp-json\/wp\/v2\/tags?post=121675"}],"curies":[{"name":"wp","href":"https:\/\/api.w.org\/{rel}","templated":true}]}}