{"id":121656,"date":"2023-07-04T15:41:00","date_gmt":"2023-07-04T21:41:00","guid":{"rendered":"https:\/\/kuali.com.mx\/web\/?p=121656"},"modified":"2023-07-04T17:47:36","modified_gmt":"2023-07-04T23:47:36","slug":"festejaran-con-rock-200-anos-de-la-constitucion","status":"publish","type":"post","link":"https:\/\/kuali.com.mx\/web\/2023\/07\/04\/festejaran-con-rock-200-anos-de-la-constitucion\/","title":{"rendered":"FESTEJAR\u00c1N CON ROCK 200 A\u00d1OS DE LA CONSTITUCI\u00d3N"},"content":{"rendered":"\n<p><strong><em>Kuali\/Le\u00f3n, Gto.-<\/em><\/strong>En el estado de Guanajuato ser\u00e1n festejados los 200 a\u00f1os de la Constituci\u00f3n local con conciertos de rock,  en 10 municipios, con el programa de \u201cLa Revoluci\u00f3n del Rock 2023\"<\/p>\n\n\n\n<p> Juan Jos\u00e9 \u00c1lvarez Brunel, secretario de Turismo del Estado de Guanajuato, coment\u00f3 que integran acciones que \u201cfortalecen el turismo local, estatal y regional, y amplia la oferta tur\u00edstica (\u2026). Este y todos los eventos de gran formato se han realizado con la cadena productiva y con los municipios, quienes han sido reconocidos continuamente como grandes promotores y generadores de eventos\u201d.<\/p>\n\n\n\n<p>Estos conciertos -que se realizar\u00e1n en Ac\u00e1mbaro, Dolores Hidalgo CIN, Pur\u00edsima de, Rinc\u00f3n, San Luis de la Paz, Juventino Rosas, Salvatierra, Irapuato, Guanajuato Capital, Le\u00f3n y Celaya- tambi\u00e9n forman parte de la estrategia del programa Planet Youth que implementa Gobierno del Estado de Guanajuato para fomentar espacios de recreaci\u00f3n familiar y sano esparcimiento para las juventudes.<\/p>\n\n\n\n<p>A partir del 11 de julio -primer concierto en Ac\u00e1mbaro- y hasta el 02 de diciembre -\u00faltimo concierto en Celaya- m\u00e1s de 50 m\u00fasicos, entre solistas, coristas, rockers y banda sinf\u00f3nica de vientos, estar\u00e1n en escena interpretando versiones \u00fanicas de los grandes del rock de los 60\u00b4s, 70\u00b4s, 80\u00b4s, 90\u00b4s, y m\u00e1s.<\/p>\n\n\n\n<p>Todos ellos envueltos en espect\u00e1culos en vivo dise\u00f1ados con tecnolog\u00eda de audio inmersivo, de contenidos visuales elaborados con animaciones 3D hiperrealistas (CGI), y de todo un gran equipo de producci\u00f3n y preproducci\u00f3n de la entidad.<\/p>\n\n\n\n<p>\u201cLa Revoluci\u00f3n del Rock es un encuentro de dos mundos entre la m\u00fasica sinf\u00f3nica y el rock, buscamos que la esencia de estas dos partes no se perdiera; desde luego este proyecto no ser\u00eda posible sin la participaci\u00f3n del talento de la juventud. Queremos que la gente se lleva una experiencia en todos los sentidos\u201d, apunt\u00f3 Jos\u00e9 Manuel Sandoval, productor ejecutivo y director musical Sound Traffic GPA.<\/p>\n\n\n\n<p>A trav\u00e9s de grandes espect\u00e1culos producidos por talento guanajuatense, el Estado de Guanajuato promueve a los municipios, impulsa a la industria creativa guanajuatense, logra una derrama econ\u00f3mica y genera empleos.<\/p>\n\n\n\n<p>Durante la presentaci\u00f3n estuvieron los Roberto Garc\u00eda Urbano, presidente municipal de Pur\u00edsima del Rinc\u00f3n; Yazm\u00edn Quir\u00f3z L\u00f3pez, directora de Hospitalidad y Turismo de Le\u00f3n; y Beatriz Mar\u00eda Yeguez Ancheta, cantante y participante del evento de La Revoluci\u00f3n del Rock.<\/p>\n\n\n\n<p><strong>Destinos y fechas:<\/strong><\/p>\n\n\n\n<p>Ac\u00e1mbaro \u2013 11 de julio.<\/p>\n\n\n\n<p>Dolores Hidalgo CIN \u2013 05 de agosto.<\/p>\n\n\n\n<p>Pur\u00edsima del Rinc\u00f3n \u2013 26 de agosto.<\/p>\n\n\n\n<p>San Luis de la Paz \u2013 09 de septiembre.<\/p>\n\n\n\n<p>Juventino Rosas \u2013 16 de septiembre.<\/p>\n\n\n\n<p>Salvatierra \u2013 1e de octubre.<\/p>\n\n\n\n<p>Irapuato \u2013 21 de octubre.<\/p>\n\n\n\n<p>Guanajuato Capital \u2013 03 de noviembre.<\/p>\n\n\n\n<p>Le\u00f3n \u2013 16 de noviembre.<\/p>\n\n\n\n<p>Celaya \u2013 02 de diciembre.<\/p>\n\n\n\n<p><strong>Artistas y grupos art\u00edsticos del Estado de Guanajuato presentes:<\/strong><\/p>\n\n\n\n<p><strong>Vocalistas:<\/strong><\/p>\n\n\n\n<p>Beatriz Yeg\u00fcez<\/p>\n\n\n\n<p>Pepe L\u00f3pez (Pepex)<\/p>\n\n\n\n<p>Adri\u00e1n Alba<\/p>\n\n\n\n<p>(Zeze Logi)<\/p>\n\n\n\n<p>Gato Ram\u00edrez<\/p>\n\n\n\n<p><strong>Banda de Rock<\/strong><\/p>\n\n\n\n<p>Chuy Sanchez<\/p>\n\n\n\n<p>(Bajo)<\/p>\n\n\n\n<p>Josu\u00e9 Alvarez<\/p>\n\n\n\n<p>(Teclado)<\/p>\n\n\n\n<p>Alan Sanchez<\/p>\n\n\n\n<p>(Bater\u00eda)<\/p>\n\n\n\n<p>Gerry Arrioja<\/p>\n\n\n\n<p>(Guitarra)<\/p>\n\n\n\n<p>Ernesto Sandoval<\/p>\n\n\n\n<p>(Guitarra)<\/p>\n\n\n\n<p>Manuel Sandoval<\/p>\n\n\n\n<p>(Direcci\u00f3n Orquestal)<\/p>\n\n\n\n<p><strong>Orquesta de vientos y coros SoundTraffic<\/strong><\/p>\n\n\n\n<p>Agrupaci\u00f3n conformada por m\u00fasicos de diferentes sinf\u00f3nicas y cantantes sobresalientes en la escena musical del estado de Guanajuato.<\/p>\n","protected":false},"excerpt":{"rendered":"Kuali\/Le\u00f3n, Gto.-En el estado de Guanajuato ser\u00e1n festejados los 200 a\u00f1os de la Constituci\u00f3n local con conciertos de rock, en 10 municipios, con el programa de \u201cLa Revoluci\u00f3n del Rock 2023\" Juan Jos\u00e9 \u00c1lvarez Brunel, secretario de Turismo del Estado de Guanajuato, coment\u00f3 que integran acciones que \u201cfortalecen el turismo local, estatal y regional, y [&hellip;]","protected":false},"author":2,"featured_media":121659,"comment_status":"open","ping_status":"open","sticky":false,"template":"","format":"standard","meta":{"_seopress_robots_primary_cat":"none","_seopress_titles_title":"","_seopress_titles_desc":"","_seopress_robots_index":"","_monsterinsights_skip_tracking":false,"_monsterinsights_sitenote_active":false,"_monsterinsights_sitenote_note":"","_monsterinsights_sitenote_category":0,"footnotes":""},"categories":[13],"tags":[],"class_list":["post-121656","post","type-post","status-publish","format-standard","has-post-thumbnail","hentry","category-turismo"],"yoast_head":"<!-- This site is optimized with the Yoast SEO plugin v27.4 - https:\/\/yoast.com\/product\/yoast-seo-wordpress\/ -->\n<title>FESTEJAR\u00c1N CON ROCK 200 A\u00d1OS DE LA CONSTITUCI\u00d3N - Kuali<\/title>\n<meta name=\"robots\" content=\"index, follow, max-snippet:-1, max-image-preview:large, max-video-preview:-1\" \/>\n<link rel=\"canonical\" href=\"https:\/\/kuali.com.mx\/web\/2023\/07\/04\/festejaran-con-rock-200-anos-de-la-constitucion\/\" \/>\n<meta property=\"og:locale\" content=\"es_MX\" \/>\n<meta property=\"og:type\" content=\"article\" \/>\n<meta property=\"og:title\" content=\"FESTEJAR\u00c1N CON ROCK 200 A\u00d1OS DE LA CONSTITUCI\u00d3N - Kuali\" \/>\n<meta property=\"og:description\" content=\"Kuali\/Le\u00f3n, Gto.-En el estado de Guanajuato ser\u00e1n festejados los 200 a\u00f1os de la Constituci\u00f3n local con conciertos de rock, en 10 municipios, con el programa de \u201cLa Revoluci\u00f3n del Rock 2023&quot; Juan Jos\u00e9 \u00c1lvarez Brunel, secretario de Turismo del Estado de Guanajuato, coment\u00f3 que integran acciones que \u201cfortalecen el turismo local, estatal y regional, y [&hellip;]\" \/>\n<meta property=\"og:url\" content=\"https:\/\/kuali.com.mx\/web\/2023\/07\/04\/festejaran-con-rock-200-anos-de-la-constitucion\/\" \/>\n<meta property=\"og:site_name\" content=\"Kuali\" \/>\n<meta property=\"article:publisher\" content=\"https:\/\/kuali.com.mx\/web\/wp-content\/uploads\/2018\/04\/cropped-kuali_logo-1-1.png\" \/>\n<meta property=\"article:published_time\" content=\"2023-07-04T21:41:00+00:00\" \/>\n<meta property=\"article:modified_time\" content=\"2023-07-04T23:47:36+00:00\" \/>\n<meta property=\"og:image\" content=\"https:\/\/kuali.com.mx\/web\/wp-content\/uploads\/2023\/07\/Revolucion-Rock.jpg\" \/>\n\t<meta property=\"og:image:width\" content=\"1200\" \/>\n\t<meta property=\"og:image:height\" content=\"680\" \/>\n\t<meta property=\"og:image:type\" content=\"image\/jpeg\" \/>\n<meta name=\"author\" content=\"Kuali Staff\" \/>\n<meta name=\"twitter:card\" content=\"summary_large_image\" \/>\n<meta name=\"twitter:creator\" content=\"@kuali_noticias\" \/>\n<meta name=\"twitter:site\" content=\"@kuali_noticias\" \/>\n<meta name=\"twitter:label1\" content=\"Escrito por\" \/>\n\t<meta name=\"twitter:data1\" content=\"Kuali Staff\" \/>\n\t<meta name=\"twitter:label2\" content=\"Tiempo de lectura\" \/>\n\t<meta name=\"twitter:data2\" content=\"3 minutos\" \/>\n<script type=\"application\/ld+json\" class=\"yoast-schema-graph\">{\"@context\":\"https:\\\/\\\/schema.org\",\"@graph\":[{\"@type\":\"Article\",\"@id\":\"https:\\\/\\\/kuali.com.mx\\\/web\\\/2023\\\/07\\\/04\\\/festejaran-con-rock-200-anos-de-la-constitucion\\\/#article\",\"isPartOf\":{\"@id\":\"https:\\\/\\\/kuali.com.mx\\\/web\\\/2023\\\/07\\\/04\\\/festejaran-con-rock-200-anos-de-la-constitucion\\\/\"},\"author\":{\"name\":\"Kuali Staff\",\"@id\":\"https:\\\/\\\/kuali.com.mx\\\/web\\\/#\\\/schema\\\/person\\\/6f89ffa8ecba9dae50662357923c5289\"},\"headline\":\"FESTEJAR\u00c1N CON ROCK 200 A\u00d1OS DE LA CONSTITUCI\u00d3N\",\"datePublished\":\"2023-07-04T21:41:00+00:00\",\"dateModified\":\"2023-07-04T23:47:36+00:00\",\"mainEntityOfPage\":{\"@id\":\"https:\\\/\\\/kuali.com.mx\\\/web\\\/2023\\\/07\\\/04\\\/festejaran-con-rock-200-anos-de-la-constitucion\\\/\"},\"wordCount\":544,\"commentCount\":0,\"image\":{\"@id\":\"https:\\\/\\\/kuali.com.mx\\\/web\\\/2023\\\/07\\\/04\\\/festejaran-con-rock-200-anos-de-la-constitucion\\\/#primaryimage\"},\"thumbnailUrl\":\"https:\\\/\\\/kuali.com.mx\\\/web\\\/wp-content\\\/uploads\\\/2023\\\/07\\\/Revolucion-Rock.jpg\",\"articleSection\":[\"Turismo\"],\"inLanguage\":\"es\",\"potentialAction\":[{\"@type\":\"CommentAction\",\"name\":\"Comment\",\"target\":[\"https:\\\/\\\/kuali.com.mx\\\/web\\\/2023\\\/07\\\/04\\\/festejaran-con-rock-200-anos-de-la-constitucion\\\/#respond\"]}]},{\"@type\":\"WebPage\",\"@id\":\"https:\\\/\\\/kuali.com.mx\\\/web\\\/2023\\\/07\\\/04\\\/festejaran-con-rock-200-anos-de-la-constitucion\\\/\",\"url\":\"https:\\\/\\\/kuali.com.mx\\\/web\\\/2023\\\/07\\\/04\\\/festejaran-con-rock-200-anos-de-la-constitucion\\\/\",\"name\":\"FESTEJAR\u00c1N CON ROCK 200 A\u00d1OS DE LA CONSTITUCI\u00d3N - Kuali\",\"isPartOf\":{\"@id\":\"https:\\\/\\\/kuali.com.mx\\\/web\\\/#website\"},\"primaryImageOfPage\":{\"@id\":\"https:\\\/\\\/kuali.com.mx\\\/web\\\/2023\\\/07\\\/04\\\/festejaran-con-rock-200-anos-de-la-constitucion\\\/#primaryimage\"},\"image\":{\"@id\":\"https:\\\/\\\/kuali.com.mx\\\/web\\\/2023\\\/07\\\/04\\\/festejaran-con-rock-200-anos-de-la-constitucion\\\/#primaryimage\"},\"thumbnailUrl\":\"https:\\\/\\\/kuali.com.mx\\\/web\\\/wp-content\\\/uploads\\\/2023\\\/07\\\/Revolucion-Rock.jpg\",\"datePublished\":\"2023-07-04T21:41:00+00:00\",\"dateModified\":\"2023-07-04T23:47:36+00:00\",\"author\":{\"@id\":\"https:\\\/\\\/kuali.com.mx\\\/web\\\/#\\\/schema\\\/person\\\/6f89ffa8ecba9dae50662357923c5289\"},\"breadcrumb\":{\"@id\":\"https:\\\/\\\/kuali.com.mx\\\/web\\\/2023\\\/07\\\/04\\\/festejaran-con-rock-200-anos-de-la-constitucion\\\/#breadcrumb\"},\"inLanguage\":\"es\",\"potentialAction\":[{\"@type\":\"ReadAction\",\"target\":[\"https:\\\/\\\/kuali.com.mx\\\/web\\\/2023\\\/07\\\/04\\\/festejaran-con-rock-200-anos-de-la-constitucion\\\/\"]}]},{\"@type\":\"ImageObject\",\"inLanguage\":\"es\",\"@id\":\"https:\\\/\\\/kuali.com.mx\\\/web\\\/2023\\\/07\\\/04\\\/festejaran-con-rock-200-anos-de-la-constitucion\\\/#primaryimage\",\"url\":\"https:\\\/\\\/kuali.com.mx\\\/web\\\/wp-content\\\/uploads\\\/2023\\\/07\\\/Revolucion-Rock.jpg\",\"contentUrl\":\"https:\\\/\\\/kuali.com.mx\\\/web\\\/wp-content\\\/uploads\\\/2023\\\/07\\\/Revolucion-Rock.jpg\",\"width\":1200,\"height\":680},{\"@type\":\"BreadcrumbList\",\"@id\":\"https:\\\/\\\/kuali.com.mx\\\/web\\\/2023\\\/07\\\/04\\\/festejaran-con-rock-200-anos-de-la-constitucion\\\/#breadcrumb\",\"itemListElement\":[{\"@type\":\"ListItem\",\"position\":1,\"name\":\"Inicio\",\"item\":\"https:\\\/\\\/kuali.com.mx\\\/web\\\/\"},{\"@type\":\"ListItem\",\"position\":2,\"name\":\"FESTEJAR\u00c1N CON ROCK 200 A\u00d1OS DE LA CONSTITUCI\u00d3N\"}]},{\"@type\":\"WebSite\",\"@id\":\"https:\\\/\\\/kuali.com.mx\\\/web\\\/#website\",\"url\":\"https:\\\/\\\/kuali.com.mx\\\/web\\\/\",\"name\":\"Kuali\",\"description\":\"\",\"potentialAction\":[{\"@type\":\"SearchAction\",\"target\":{\"@type\":\"EntryPoint\",\"urlTemplate\":\"https:\\\/\\\/kuali.com.mx\\\/web\\\/?s={search_term_string}\"},\"query-input\":{\"@type\":\"PropertyValueSpecification\",\"valueRequired\":true,\"valueName\":\"search_term_string\"}}],\"inLanguage\":\"es\"},{\"@type\":\"Person\",\"@id\":\"https:\\\/\\\/kuali.com.mx\\\/web\\\/#\\\/schema\\\/person\\\/6f89ffa8ecba9dae50662357923c5289\",\"name\":\"Kuali Staff\",\"image\":{\"@type\":\"ImageObject\",\"inLanguage\":\"es\",\"@id\":\"https:\\\/\\\/secure.gravatar.com\\\/avatar\\\/f917ad82e5ab71227a733c78b6e60715476f69ee6be59feee4eb5d9920c89e0f?s=96&d=mm&r=g\",\"url\":\"https:\\\/\\\/secure.gravatar.com\\\/avatar\\\/f917ad82e5ab71227a733c78b6e60715476f69ee6be59feee4eb5d9920c89e0f?s=96&d=mm&r=g\",\"contentUrl\":\"https:\\\/\\\/secure.gravatar.com\\\/avatar\\\/f917ad82e5ab71227a733c78b6e60715476f69ee6be59feee4eb5d9920c89e0f?s=96&d=mm&r=g\",\"caption\":\"Kuali Staff\"},\"url\":\"https:\\\/\\\/kuali.com.mx\\\/web\\\/author\\\/lagarto\\\/\"}]}<\/script>\n<!-- \/ Yoast SEO plugin. -->","yoast_head_json":{"title":"FESTEJAR\u00c1N CON ROCK 200 A\u00d1OS DE LA CONSTITUCI\u00d3N - Kuali","robots":{"index":"index","follow":"follow","max-snippet":"max-snippet:-1","max-image-preview":"max-image-preview:large","max-video-preview":"max-video-preview:-1"},"canonical":"https:\/\/kuali.com.mx\/web\/2023\/07\/04\/festejaran-con-rock-200-anos-de-la-constitucion\/","og_locale":"es_MX","og_type":"article","og_title":"FESTEJAR\u00c1N CON ROCK 200 A\u00d1OS DE LA CONSTITUCI\u00d3N - Kuali","og_description":"Kuali\/Le\u00f3n, Gto.-En el estado de Guanajuato ser\u00e1n festejados los 200 a\u00f1os de la Constituci\u00f3n local con conciertos de rock, en 10 municipios, con el programa de \u201cLa Revoluci\u00f3n del Rock 2023\" Juan Jos\u00e9 \u00c1lvarez Brunel, secretario de Turismo del Estado de Guanajuato, coment\u00f3 que integran acciones que \u201cfortalecen el turismo local, estatal y regional, y [&hellip;]","og_url":"https:\/\/kuali.com.mx\/web\/2023\/07\/04\/festejaran-con-rock-200-anos-de-la-constitucion\/","og_site_name":"Kuali","article_publisher":"https:\/\/kuali.com.mx\/web\/wp-content\/uploads\/2018\/04\/cropped-kuali_logo-1-1.png","article_published_time":"2023-07-04T21:41:00+00:00","article_modified_time":"2023-07-04T23:47:36+00:00","og_image":[{"width":1200,"height":680,"url":"https:\/\/kuali.com.mx\/web\/wp-content\/uploads\/2023\/07\/Revolucion-Rock.jpg","type":"image\/jpeg"}],"author":"Kuali Staff","twitter_card":"summary_large_image","twitter_creator":"@kuali_noticias","twitter_site":"@kuali_noticias","twitter_misc":{"Escrito por":"Kuali Staff","Tiempo de lectura":"3 minutos"},"schema":{"@context":"https:\/\/schema.org","@graph":[{"@type":"Article","@id":"https:\/\/kuali.com.mx\/web\/2023\/07\/04\/festejaran-con-rock-200-anos-de-la-constitucion\/#article","isPartOf":{"@id":"https:\/\/kuali.com.mx\/web\/2023\/07\/04\/festejaran-con-rock-200-anos-de-la-constitucion\/"},"author":{"name":"Kuali Staff","@id":"https:\/\/kuali.com.mx\/web\/#\/schema\/person\/6f89ffa8ecba9dae50662357923c5289"},"headline":"FESTEJAR\u00c1N CON ROCK 200 A\u00d1OS DE LA CONSTITUCI\u00d3N","datePublished":"2023-07-04T21:41:00+00:00","dateModified":"2023-07-04T23:47:36+00:00","mainEntityOfPage":{"@id":"https:\/\/kuali.com.mx\/web\/2023\/07\/04\/festejaran-con-rock-200-anos-de-la-constitucion\/"},"wordCount":544,"commentCount":0,"image":{"@id":"https:\/\/kuali.com.mx\/web\/2023\/07\/04\/festejaran-con-rock-200-anos-de-la-constitucion\/#primaryimage"},"thumbnailUrl":"https:\/\/kuali.com.mx\/web\/wp-content\/uploads\/2023\/07\/Revolucion-Rock.jpg","articleSection":["Turismo"],"inLanguage":"es","potentialAction":[{"@type":"CommentAction","name":"Comment","target":["https:\/\/kuali.com.mx\/web\/2023\/07\/04\/festejaran-con-rock-200-anos-de-la-constitucion\/#respond"]}]},{"@type":"WebPage","@id":"https:\/\/kuali.com.mx\/web\/2023\/07\/04\/festejaran-con-rock-200-anos-de-la-constitucion\/","url":"https:\/\/kuali.com.mx\/web\/2023\/07\/04\/festejaran-con-rock-200-anos-de-la-constitucion\/","name":"FESTEJAR\u00c1N CON ROCK 200 A\u00d1OS DE LA CONSTITUCI\u00d3N - Kuali","isPartOf":{"@id":"https:\/\/kuali.com.mx\/web\/#website"},"primaryImageOfPage":{"@id":"https:\/\/kuali.com.mx\/web\/2023\/07\/04\/festejaran-con-rock-200-anos-de-la-constitucion\/#primaryimage"},"image":{"@id":"https:\/\/kuali.com.mx\/web\/2023\/07\/04\/festejaran-con-rock-200-anos-de-la-constitucion\/#primaryimage"},"thumbnailUrl":"https:\/\/kuali.com.mx\/web\/wp-content\/uploads\/2023\/07\/Revolucion-Rock.jpg","datePublished":"2023-07-04T21:41:00+00:00","dateModified":"2023-07-04T23:47:36+00:00","author":{"@id":"https:\/\/kuali.com.mx\/web\/#\/schema\/person\/6f89ffa8ecba9dae50662357923c5289"},"breadcrumb":{"@id":"https:\/\/kuali.com.mx\/web\/2023\/07\/04\/festejaran-con-rock-200-anos-de-la-constitucion\/#breadcrumb"},"inLanguage":"es","potentialAction":[{"@type":"ReadAction","target":["https:\/\/kuali.com.mx\/web\/2023\/07\/04\/festejaran-con-rock-200-anos-de-la-constitucion\/"]}]},{"@type":"ImageObject","inLanguage":"es","@id":"https:\/\/kuali.com.mx\/web\/2023\/07\/04\/festejaran-con-rock-200-anos-de-la-constitucion\/#primaryimage","url":"https:\/\/kuali.com.mx\/web\/wp-content\/uploads\/2023\/07\/Revolucion-Rock.jpg","contentUrl":"https:\/\/kuali.com.mx\/web\/wp-content\/uploads\/2023\/07\/Revolucion-Rock.jpg","width":1200,"height":680},{"@type":"BreadcrumbList","@id":"https:\/\/kuali.com.mx\/web\/2023\/07\/04\/festejaran-con-rock-200-anos-de-la-constitucion\/#breadcrumb","itemListElement":[{"@type":"ListItem","position":1,"name":"Inicio","item":"https:\/\/kuali.com.mx\/web\/"},{"@type":"ListItem","position":2,"name":"FESTEJAR\u00c1N CON ROCK 200 A\u00d1OS DE LA CONSTITUCI\u00d3N"}]},{"@type":"WebSite","@id":"https:\/\/kuali.com.mx\/web\/#website","url":"https:\/\/kuali.com.mx\/web\/","name":"Kuali","description":"","potentialAction":[{"@type":"SearchAction","target":{"@type":"EntryPoint","urlTemplate":"https:\/\/kuali.com.mx\/web\/?s={search_term_string}"},"query-input":{"@type":"PropertyValueSpecification","valueRequired":true,"valueName":"search_term_string"}}],"inLanguage":"es"},{"@type":"Person","@id":"https:\/\/kuali.com.mx\/web\/#\/schema\/person\/6f89ffa8ecba9dae50662357923c5289","name":"Kuali Staff","image":{"@type":"ImageObject","inLanguage":"es","@id":"https:\/\/secure.gravatar.com\/avatar\/f917ad82e5ab71227a733c78b6e60715476f69ee6be59feee4eb5d9920c89e0f?s=96&d=mm&r=g","url":"https:\/\/secure.gravatar.com\/avatar\/f917ad82e5ab71227a733c78b6e60715476f69ee6be59feee4eb5d9920c89e0f?s=96&d=mm&r=g","contentUrl":"https:\/\/secure.gravatar.com\/avatar\/f917ad82e5ab71227a733c78b6e60715476f69ee6be59feee4eb5d9920c89e0f?s=96&d=mm&r=g","caption":"Kuali Staff"},"url":"https:\/\/kuali.com.mx\/web\/author\/lagarto\/"}]}},"_links":{"self":[{"href":"https:\/\/kuali.com.mx\/web\/wp-json\/wp\/v2\/posts\/121656","targetHints":{"allow":["GET"]}}],"collection":[{"href":"https:\/\/kuali.com.mx\/web\/wp-json\/wp\/v2\/posts"}],"about":[{"href":"https:\/\/kuali.com.mx\/web\/wp-json\/wp\/v2\/types\/post"}],"author":[{"embeddable":true,"href":"https:\/\/kuali.com.mx\/web\/wp-json\/wp\/v2\/users\/2"}],"replies":[{"embeddable":true,"href":"https:\/\/kuali.com.mx\/web\/wp-json\/wp\/v2\/comments?post=121656"}],"version-history":[{"count":1,"href":"https:\/\/kuali.com.mx\/web\/wp-json\/wp\/v2\/posts\/121656\/revisions"}],"predecessor-version":[{"id":121660,"href":"https:\/\/kuali.com.mx\/web\/wp-json\/wp\/v2\/posts\/121656\/revisions\/121660"}],"wp:featuredmedia":[{"embeddable":true,"href":"https:\/\/kuali.com.mx\/web\/wp-json\/wp\/v2\/media\/121659"}],"wp:attachment":[{"href":"https:\/\/kuali.com.mx\/web\/wp-json\/wp\/v2\/media?parent=121656"}],"wp:term":[{"taxonomy":"category","embeddable":true,"href":"https:\/\/kuali.com.mx\/web\/wp-json\/wp\/v2\/categories?post=121656"},{"taxonomy":"post_tag","embeddable":true,"href":"https:\/\/kuali.com.mx\/web\/wp-json\/wp\/v2\/tags?post=121656"}],"curies":[{"name":"wp","href":"https:\/\/api.w.org\/{rel}","templated":true}]}}