{"id":121630,"date":"2023-07-03T23:20:26","date_gmt":"2023-07-04T05:20:26","guid":{"rendered":"https:\/\/kuali.com.mx\/web\/?p=121630"},"modified":"2023-07-03T23:20:27","modified_gmt":"2023-07-04T05:20:27","slug":"chivas-debuta-con-triunfo-ante-la-fiera","status":"publish","type":"post","link":"https:\/\/kuali.com.mx\/web\/2023\/07\/03\/chivas-debuta-con-triunfo-ante-la-fiera\/","title":{"rendered":"CHIVAS DEBUTA CON TRIUNFO ANTE LA FIERA\u00a0"},"content":{"rendered":"\n<p>La Jornada\/Fotos:Chivas\/Le\u00f3n, Gto.-Chivas, subcampe\u00f3n del futbol mexicano, debut\u00f3 en el torneo Apertura 2023 ante Le\u00f3n y no fue una pl\u00e1cida noche veraniega en la casa de los melenudos aunque vencieron por 2-1.<\/p>\n\n\n\n<p>El primer tanto fue de Antonio \u201cPollo\u201d Brise\u00f1o al minuto 21 y lleg\u00f3 en una jugada que se teji\u00f3 a bal\u00f3n parado. Todo empez\u00f3 desde el c\u00f3rner, luego un trazo al \u00e1rea que recibi\u00f3 Ricardo Mar\u00edn, que parec\u00eda con ayuda de su antebrazo izquierdo, y de ah\u00ed un centro al Pollo, quien remat\u00f3 con solvencia.<\/p>\n\n\n\n<p>De inmediato los jugadores del Le\u00f3n protestaron y exigieron que se revisara la acci\u00f3n en el VAR. Mientras el \u00e1rbitro \u00d3scar Mej\u00eda escuchaba las indicaciones en el auricular, todos exhib\u00edan el suspenso de la espera. La pelota iba justo a la parte interna del codo de Mar\u00edn, pero el pie inoportuno de un defensa esmeralda impidi\u00f3 que lo tocara en el antebrazo del rojiblanco. Esto permiti\u00f3 que el gol fuera validado.<\/p>\n\n\n\n<p>Enfadados con lo que hab\u00eda ocurrido, Le\u00f3n sali\u00f3 desbocado para cobrar la afrenta apenas cuatro minutos despu\u00e9s. Una respuesta de r\u00e1faga, Alfonso Alvarado remat\u00f3 de cabeza en el \u00e1rea para volver a emparejar el duelo.<\/p>\n\n\n\n<p>El partido parec\u00eda condenado a terminar en un empate, pero al minuto 81, Jonathan Padilla, un joven que tuvo oportunidad de jugar por primera vez en el m\u00e1ximo circuito, marc\u00f3 para la victoria. Padilla dispar\u00f3 en una posici\u00f3n demasiado inc\u00f3moda pero logr\u00f3 lo que todo jugador sue\u00f1a en un debut.<\/p>\n\n\n\n<figure class=\"wp-block-image size-large\"><img loading=\"lazy\" decoding=\"async\" width=\"1024\" height=\"682\" src=\"https:\/\/kuali.com.mx\/web\/wp-content\/uploads\/2023\/07\/chivas-1-1024x682.jpg\" alt=\"\" class=\"wp-image-121633\" srcset=\"https:\/\/kuali.com.mx\/web\/wp-content\/uploads\/2023\/07\/chivas-1-1024x682.jpg 1024w, https:\/\/kuali.com.mx\/web\/wp-content\/uploads\/2023\/07\/chivas-1-300x200.jpg 300w, https:\/\/kuali.com.mx\/web\/wp-content\/uploads\/2023\/07\/chivas-1-768x511.jpg 768w, https:\/\/kuali.com.mx\/web\/wp-content\/uploads\/2023\/07\/chivas-1-1536x1022.jpg 1536w, https:\/\/kuali.com.mx\/web\/wp-content\/uploads\/2023\/07\/chivas-1-174x116.jpg 174w, https:\/\/kuali.com.mx\/web\/wp-content\/uploads\/2023\/07\/chivas-1.jpg 2048w\" sizes=\"auto, (max-width: 1024px) 100vw, 1024px\" \/><\/figure>\n\n\n\n<p>Al final V\u00edctor Guzm\u00e1n admiti\u00f3 que sufrieron m\u00e1s de lo esperado.<\/p>\n\n\n\n<p>Le\u00f3n 1 \u2013 2 Chivas<br>(Jos\u00e9 Alvarado 24\u2019)<br>(Antonio Brise\u00f1o 20\u2019)<br>(Yael Padilla 80\u2019)<br>\u00c1rbitro: \u00d3scar Mej\u00eda<br>Estadio: Le\u00f3n<\/p>\n\n\n\n<p>Alineaciones:<\/p>\n\n\n\n<p>Le\u00f3n: 30 Rodolfo Cota, 7 Iv\u00e1n Moreno (28 David Ram\u00edrez 71\u2019), 21 Stiven Barreiro (AM 41\u2019), 22 Adonis Fr\u00edas, 6 William Tesillo, 29 Lucas Romero, 27 Jes\u00fas Angulo (8 Iv\u00e1n Rodr\u00edguez 71\u2019), 11 El\u00edas Hern\u00e1ndez, 13 \u00c1ngel Mena, 10 V\u00edctor D\u00e1vila (9 Brian Rubio 71\u2019) y 20 Jos\u00e9 Alvarado.<br>D. T. Nicol\u00e1s Larcam\u00f3n (AM 21\u2019)<\/p>\n\n\n\n<p>Chivas: 23 Miguel Jim\u00e9nez, 2 Alan Mozo, 4 Antonio Brise\u00f1o, 13 Gilberto Orozco Chiquete, 26 Cristian Calder\u00f3n, 28 Rub\u00e9n Gonz\u00e1lez (29 Eduardo Torres 60\u2019), 20 Fernando Beltr\u00e1n, 5 V\u00edctor Guzm\u00e1n (AM 38\u2019), 11 Isaac Brizuela (207 Yael Padilla 74\u2019), 6 Pavel P\u00e9rez (59 Jes\u00fas Br\u00edgido 60\u2019) y 14 Ricardo Mar\u00edn (7 Daniel R\u00edos 60\u2019).<br>D. T. Veljko Paunovic<\/p>\n","protected":false},"excerpt":{"rendered":"La Jornada\/Fotos:Chivas\/Le\u00f3n, Gto.-Chivas, subcampe\u00f3n del futbol mexicano, debut\u00f3 en el torneo Apertura 2023 ante Le\u00f3n y no fue una pl\u00e1cida noche veraniega en la casa de los melenudos aunque vencieron por 2-1. El primer tanto fue de Antonio \u201cPollo\u201d Brise\u00f1o al minuto 21 y lleg\u00f3 en una jugada que se teji\u00f3 a bal\u00f3n parado. Todo [&hellip;]","protected":false},"author":2,"featured_media":121632,"comment_status":"open","ping_status":"open","sticky":false,"template":"","format":"standard","meta":{"_seopress_robots_primary_cat":"none","_seopress_titles_title":"","_seopress_titles_desc":"","_seopress_robots_index":"","_monsterinsights_skip_tracking":false,"_monsterinsights_sitenote_active":false,"_monsterinsights_sitenote_note":"","_monsterinsights_sitenote_category":0,"footnotes":""},"categories":[16],"tags":[],"class_list":["post-121630","post","type-post","status-publish","format-standard","has-post-thumbnail","hentry","category-deportes"],"yoast_head":"<!-- This site is optimized with the Yoast SEO plugin v27.4 - https:\/\/yoast.com\/product\/yoast-seo-wordpress\/ -->\n<title>CHIVAS DEBUTA CON TRIUNFO ANTE LA FIERA\u00a0 - Kuali<\/title>\n<meta name=\"robots\" content=\"index, follow, max-snippet:-1, max-image-preview:large, max-video-preview:-1\" \/>\n<link rel=\"canonical\" href=\"https:\/\/kuali.com.mx\/web\/2023\/07\/03\/chivas-debuta-con-triunfo-ante-la-fiera\/\" \/>\n<meta property=\"og:locale\" content=\"es_MX\" \/>\n<meta property=\"og:type\" content=\"article\" \/>\n<meta property=\"og:title\" content=\"CHIVAS DEBUTA CON TRIUNFO ANTE LA FIERA\u00a0 - Kuali\" \/>\n<meta property=\"og:description\" content=\"La Jornada\/Fotos:Chivas\/Le\u00f3n, Gto.-Chivas, subcampe\u00f3n del futbol mexicano, debut\u00f3 en el torneo Apertura 2023 ante Le\u00f3n y no fue una pl\u00e1cida noche veraniega en la casa de los melenudos aunque vencieron por 2-1. El primer tanto fue de Antonio \u201cPollo\u201d Brise\u00f1o al minuto 21 y lleg\u00f3 en una jugada que se teji\u00f3 a bal\u00f3n parado. Todo [&hellip;]\" \/>\n<meta property=\"og:url\" content=\"https:\/\/kuali.com.mx\/web\/2023\/07\/03\/chivas-debuta-con-triunfo-ante-la-fiera\/\" \/>\n<meta property=\"og:site_name\" content=\"Kuali\" \/>\n<meta property=\"article:publisher\" content=\"https:\/\/kuali.com.mx\/web\/wp-content\/uploads\/2018\/04\/cropped-kuali_logo-1-1.png\" \/>\n<meta property=\"article:published_time\" content=\"2023-07-04T05:20:26+00:00\" \/>\n<meta property=\"article:modified_time\" content=\"2023-07-04T05:20:27+00:00\" \/>\n<meta property=\"og:image\" content=\"https:\/\/kuali.com.mx\/web\/wp-content\/uploads\/2023\/07\/chivas-2.jpg\" \/>\n\t<meta property=\"og:image:width\" content=\"1631\" \/>\n\t<meta property=\"og:image:height\" content=\"750\" \/>\n\t<meta property=\"og:image:type\" content=\"image\/jpeg\" \/>\n<meta name=\"author\" content=\"Kuali Staff\" \/>\n<meta name=\"twitter:card\" content=\"summary_large_image\" \/>\n<meta name=\"twitter:creator\" content=\"@kuali_noticias\" \/>\n<meta name=\"twitter:site\" content=\"@kuali_noticias\" \/>\n<meta name=\"twitter:label1\" content=\"Escrito por\" \/>\n\t<meta name=\"twitter:data1\" content=\"Kuali Staff\" \/>\n\t<meta name=\"twitter:label2\" content=\"Tiempo de lectura\" \/>\n\t<meta name=\"twitter:data2\" content=\"2 minutos\" \/>\n<script type=\"application\/ld+json\" class=\"yoast-schema-graph\">{\"@context\":\"https:\\\/\\\/schema.org\",\"@graph\":[{\"@type\":\"Article\",\"@id\":\"https:\\\/\\\/kuali.com.mx\\\/web\\\/2023\\\/07\\\/03\\\/chivas-debuta-con-triunfo-ante-la-fiera\\\/#article\",\"isPartOf\":{\"@id\":\"https:\\\/\\\/kuali.com.mx\\\/web\\\/2023\\\/07\\\/03\\\/chivas-debuta-con-triunfo-ante-la-fiera\\\/\"},\"author\":{\"name\":\"Kuali Staff\",\"@id\":\"https:\\\/\\\/kuali.com.mx\\\/web\\\/#\\\/schema\\\/person\\\/6f89ffa8ecba9dae50662357923c5289\"},\"headline\":\"CHIVAS DEBUTA CON TRIUNFO ANTE LA FIERA\u00a0\",\"datePublished\":\"2023-07-04T05:20:26+00:00\",\"dateModified\":\"2023-07-04T05:20:27+00:00\",\"mainEntityOfPage\":{\"@id\":\"https:\\\/\\\/kuali.com.mx\\\/web\\\/2023\\\/07\\\/03\\\/chivas-debuta-con-triunfo-ante-la-fiera\\\/\"},\"wordCount\":405,\"commentCount\":0,\"image\":{\"@id\":\"https:\\\/\\\/kuali.com.mx\\\/web\\\/2023\\\/07\\\/03\\\/chivas-debuta-con-triunfo-ante-la-fiera\\\/#primaryimage\"},\"thumbnailUrl\":\"https:\\\/\\\/kuali.com.mx\\\/web\\\/wp-content\\\/uploads\\\/2023\\\/07\\\/chivas-2.jpg\",\"articleSection\":[\"Deportes\"],\"inLanguage\":\"es\",\"potentialAction\":[{\"@type\":\"CommentAction\",\"name\":\"Comment\",\"target\":[\"https:\\\/\\\/kuali.com.mx\\\/web\\\/2023\\\/07\\\/03\\\/chivas-debuta-con-triunfo-ante-la-fiera\\\/#respond\"]}]},{\"@type\":\"WebPage\",\"@id\":\"https:\\\/\\\/kuali.com.mx\\\/web\\\/2023\\\/07\\\/03\\\/chivas-debuta-con-triunfo-ante-la-fiera\\\/\",\"url\":\"https:\\\/\\\/kuali.com.mx\\\/web\\\/2023\\\/07\\\/03\\\/chivas-debuta-con-triunfo-ante-la-fiera\\\/\",\"name\":\"CHIVAS DEBUTA CON TRIUNFO ANTE LA FIERA\u00a0 - Kuali\",\"isPartOf\":{\"@id\":\"https:\\\/\\\/kuali.com.mx\\\/web\\\/#website\"},\"primaryImageOfPage\":{\"@id\":\"https:\\\/\\\/kuali.com.mx\\\/web\\\/2023\\\/07\\\/03\\\/chivas-debuta-con-triunfo-ante-la-fiera\\\/#primaryimage\"},\"image\":{\"@id\":\"https:\\\/\\\/kuali.com.mx\\\/web\\\/2023\\\/07\\\/03\\\/chivas-debuta-con-triunfo-ante-la-fiera\\\/#primaryimage\"},\"thumbnailUrl\":\"https:\\\/\\\/kuali.com.mx\\\/web\\\/wp-content\\\/uploads\\\/2023\\\/07\\\/chivas-2.jpg\",\"datePublished\":\"2023-07-04T05:20:26+00:00\",\"dateModified\":\"2023-07-04T05:20:27+00:00\",\"author\":{\"@id\":\"https:\\\/\\\/kuali.com.mx\\\/web\\\/#\\\/schema\\\/person\\\/6f89ffa8ecba9dae50662357923c5289\"},\"breadcrumb\":{\"@id\":\"https:\\\/\\\/kuali.com.mx\\\/web\\\/2023\\\/07\\\/03\\\/chivas-debuta-con-triunfo-ante-la-fiera\\\/#breadcrumb\"},\"inLanguage\":\"es\",\"potentialAction\":[{\"@type\":\"ReadAction\",\"target\":[\"https:\\\/\\\/kuali.com.mx\\\/web\\\/2023\\\/07\\\/03\\\/chivas-debuta-con-triunfo-ante-la-fiera\\\/\"]}]},{\"@type\":\"ImageObject\",\"inLanguage\":\"es\",\"@id\":\"https:\\\/\\\/kuali.com.mx\\\/web\\\/2023\\\/07\\\/03\\\/chivas-debuta-con-triunfo-ante-la-fiera\\\/#primaryimage\",\"url\":\"https:\\\/\\\/kuali.com.mx\\\/web\\\/wp-content\\\/uploads\\\/2023\\\/07\\\/chivas-2.jpg\",\"contentUrl\":\"https:\\\/\\\/kuali.com.mx\\\/web\\\/wp-content\\\/uploads\\\/2023\\\/07\\\/chivas-2.jpg\",\"width\":1631,\"height\":750},{\"@type\":\"BreadcrumbList\",\"@id\":\"https:\\\/\\\/kuali.com.mx\\\/web\\\/2023\\\/07\\\/03\\\/chivas-debuta-con-triunfo-ante-la-fiera\\\/#breadcrumb\",\"itemListElement\":[{\"@type\":\"ListItem\",\"position\":1,\"name\":\"Inicio\",\"item\":\"https:\\\/\\\/kuali.com.mx\\\/web\\\/\"},{\"@type\":\"ListItem\",\"position\":2,\"name\":\"CHIVAS DEBUTA CON TRIUNFO ANTE LA FIERA\u00a0\"}]},{\"@type\":\"WebSite\",\"@id\":\"https:\\\/\\\/kuali.com.mx\\\/web\\\/#website\",\"url\":\"https:\\\/\\\/kuali.com.mx\\\/web\\\/\",\"name\":\"Kuali\",\"description\":\"\",\"potentialAction\":[{\"@type\":\"SearchAction\",\"target\":{\"@type\":\"EntryPoint\",\"urlTemplate\":\"https:\\\/\\\/kuali.com.mx\\\/web\\\/?s={search_term_string}\"},\"query-input\":{\"@type\":\"PropertyValueSpecification\",\"valueRequired\":true,\"valueName\":\"search_term_string\"}}],\"inLanguage\":\"es\"},{\"@type\":\"Person\",\"@id\":\"https:\\\/\\\/kuali.com.mx\\\/web\\\/#\\\/schema\\\/person\\\/6f89ffa8ecba9dae50662357923c5289\",\"name\":\"Kuali Staff\",\"image\":{\"@type\":\"ImageObject\",\"inLanguage\":\"es\",\"@id\":\"https:\\\/\\\/secure.gravatar.com\\\/avatar\\\/f917ad82e5ab71227a733c78b6e60715476f69ee6be59feee4eb5d9920c89e0f?s=96&d=mm&r=g\",\"url\":\"https:\\\/\\\/secure.gravatar.com\\\/avatar\\\/f917ad82e5ab71227a733c78b6e60715476f69ee6be59feee4eb5d9920c89e0f?s=96&d=mm&r=g\",\"contentUrl\":\"https:\\\/\\\/secure.gravatar.com\\\/avatar\\\/f917ad82e5ab71227a733c78b6e60715476f69ee6be59feee4eb5d9920c89e0f?s=96&d=mm&r=g\",\"caption\":\"Kuali Staff\"},\"url\":\"https:\\\/\\\/kuali.com.mx\\\/web\\\/author\\\/lagarto\\\/\"}]}<\/script>\n<!-- \/ Yoast SEO plugin. -->","yoast_head_json":{"title":"CHIVAS DEBUTA CON TRIUNFO ANTE LA FIERA\u00a0 - Kuali","robots":{"index":"index","follow":"follow","max-snippet":"max-snippet:-1","max-image-preview":"max-image-preview:large","max-video-preview":"max-video-preview:-1"},"canonical":"https:\/\/kuali.com.mx\/web\/2023\/07\/03\/chivas-debuta-con-triunfo-ante-la-fiera\/","og_locale":"es_MX","og_type":"article","og_title":"CHIVAS DEBUTA CON TRIUNFO ANTE LA FIERA\u00a0 - Kuali","og_description":"La Jornada\/Fotos:Chivas\/Le\u00f3n, Gto.-Chivas, subcampe\u00f3n del futbol mexicano, debut\u00f3 en el torneo Apertura 2023 ante Le\u00f3n y no fue una pl\u00e1cida noche veraniega en la casa de los melenudos aunque vencieron por 2-1. El primer tanto fue de Antonio \u201cPollo\u201d Brise\u00f1o al minuto 21 y lleg\u00f3 en una jugada que se teji\u00f3 a bal\u00f3n parado. Todo [&hellip;]","og_url":"https:\/\/kuali.com.mx\/web\/2023\/07\/03\/chivas-debuta-con-triunfo-ante-la-fiera\/","og_site_name":"Kuali","article_publisher":"https:\/\/kuali.com.mx\/web\/wp-content\/uploads\/2018\/04\/cropped-kuali_logo-1-1.png","article_published_time":"2023-07-04T05:20:26+00:00","article_modified_time":"2023-07-04T05:20:27+00:00","og_image":[{"width":1631,"height":750,"url":"https:\/\/kuali.com.mx\/web\/wp-content\/uploads\/2023\/07\/chivas-2.jpg","type":"image\/jpeg"}],"author":"Kuali Staff","twitter_card":"summary_large_image","twitter_creator":"@kuali_noticias","twitter_site":"@kuali_noticias","twitter_misc":{"Escrito por":"Kuali Staff","Tiempo de lectura":"2 minutos"},"schema":{"@context":"https:\/\/schema.org","@graph":[{"@type":"Article","@id":"https:\/\/kuali.com.mx\/web\/2023\/07\/03\/chivas-debuta-con-triunfo-ante-la-fiera\/#article","isPartOf":{"@id":"https:\/\/kuali.com.mx\/web\/2023\/07\/03\/chivas-debuta-con-triunfo-ante-la-fiera\/"},"author":{"name":"Kuali Staff","@id":"https:\/\/kuali.com.mx\/web\/#\/schema\/person\/6f89ffa8ecba9dae50662357923c5289"},"headline":"CHIVAS DEBUTA CON TRIUNFO ANTE LA FIERA\u00a0","datePublished":"2023-07-04T05:20:26+00:00","dateModified":"2023-07-04T05:20:27+00:00","mainEntityOfPage":{"@id":"https:\/\/kuali.com.mx\/web\/2023\/07\/03\/chivas-debuta-con-triunfo-ante-la-fiera\/"},"wordCount":405,"commentCount":0,"image":{"@id":"https:\/\/kuali.com.mx\/web\/2023\/07\/03\/chivas-debuta-con-triunfo-ante-la-fiera\/#primaryimage"},"thumbnailUrl":"https:\/\/kuali.com.mx\/web\/wp-content\/uploads\/2023\/07\/chivas-2.jpg","articleSection":["Deportes"],"inLanguage":"es","potentialAction":[{"@type":"CommentAction","name":"Comment","target":["https:\/\/kuali.com.mx\/web\/2023\/07\/03\/chivas-debuta-con-triunfo-ante-la-fiera\/#respond"]}]},{"@type":"WebPage","@id":"https:\/\/kuali.com.mx\/web\/2023\/07\/03\/chivas-debuta-con-triunfo-ante-la-fiera\/","url":"https:\/\/kuali.com.mx\/web\/2023\/07\/03\/chivas-debuta-con-triunfo-ante-la-fiera\/","name":"CHIVAS DEBUTA CON TRIUNFO ANTE LA FIERA\u00a0 - Kuali","isPartOf":{"@id":"https:\/\/kuali.com.mx\/web\/#website"},"primaryImageOfPage":{"@id":"https:\/\/kuali.com.mx\/web\/2023\/07\/03\/chivas-debuta-con-triunfo-ante-la-fiera\/#primaryimage"},"image":{"@id":"https:\/\/kuali.com.mx\/web\/2023\/07\/03\/chivas-debuta-con-triunfo-ante-la-fiera\/#primaryimage"},"thumbnailUrl":"https:\/\/kuali.com.mx\/web\/wp-content\/uploads\/2023\/07\/chivas-2.jpg","datePublished":"2023-07-04T05:20:26+00:00","dateModified":"2023-07-04T05:20:27+00:00","author":{"@id":"https:\/\/kuali.com.mx\/web\/#\/schema\/person\/6f89ffa8ecba9dae50662357923c5289"},"breadcrumb":{"@id":"https:\/\/kuali.com.mx\/web\/2023\/07\/03\/chivas-debuta-con-triunfo-ante-la-fiera\/#breadcrumb"},"inLanguage":"es","potentialAction":[{"@type":"ReadAction","target":["https:\/\/kuali.com.mx\/web\/2023\/07\/03\/chivas-debuta-con-triunfo-ante-la-fiera\/"]}]},{"@type":"ImageObject","inLanguage":"es","@id":"https:\/\/kuali.com.mx\/web\/2023\/07\/03\/chivas-debuta-con-triunfo-ante-la-fiera\/#primaryimage","url":"https:\/\/kuali.com.mx\/web\/wp-content\/uploads\/2023\/07\/chivas-2.jpg","contentUrl":"https:\/\/kuali.com.mx\/web\/wp-content\/uploads\/2023\/07\/chivas-2.jpg","width":1631,"height":750},{"@type":"BreadcrumbList","@id":"https:\/\/kuali.com.mx\/web\/2023\/07\/03\/chivas-debuta-con-triunfo-ante-la-fiera\/#breadcrumb","itemListElement":[{"@type":"ListItem","position":1,"name":"Inicio","item":"https:\/\/kuali.com.mx\/web\/"},{"@type":"ListItem","position":2,"name":"CHIVAS DEBUTA CON TRIUNFO ANTE LA FIERA\u00a0"}]},{"@type":"WebSite","@id":"https:\/\/kuali.com.mx\/web\/#website","url":"https:\/\/kuali.com.mx\/web\/","name":"Kuali","description":"","potentialAction":[{"@type":"SearchAction","target":{"@type":"EntryPoint","urlTemplate":"https:\/\/kuali.com.mx\/web\/?s={search_term_string}"},"query-input":{"@type":"PropertyValueSpecification","valueRequired":true,"valueName":"search_term_string"}}],"inLanguage":"es"},{"@type":"Person","@id":"https:\/\/kuali.com.mx\/web\/#\/schema\/person\/6f89ffa8ecba9dae50662357923c5289","name":"Kuali Staff","image":{"@type":"ImageObject","inLanguage":"es","@id":"https:\/\/secure.gravatar.com\/avatar\/f917ad82e5ab71227a733c78b6e60715476f69ee6be59feee4eb5d9920c89e0f?s=96&d=mm&r=g","url":"https:\/\/secure.gravatar.com\/avatar\/f917ad82e5ab71227a733c78b6e60715476f69ee6be59feee4eb5d9920c89e0f?s=96&d=mm&r=g","contentUrl":"https:\/\/secure.gravatar.com\/avatar\/f917ad82e5ab71227a733c78b6e60715476f69ee6be59feee4eb5d9920c89e0f?s=96&d=mm&r=g","caption":"Kuali Staff"},"url":"https:\/\/kuali.com.mx\/web\/author\/lagarto\/"}]}},"_links":{"self":[{"href":"https:\/\/kuali.com.mx\/web\/wp-json\/wp\/v2\/posts\/121630","targetHints":{"allow":["GET"]}}],"collection":[{"href":"https:\/\/kuali.com.mx\/web\/wp-json\/wp\/v2\/posts"}],"about":[{"href":"https:\/\/kuali.com.mx\/web\/wp-json\/wp\/v2\/types\/post"}],"author":[{"embeddable":true,"href":"https:\/\/kuali.com.mx\/web\/wp-json\/wp\/v2\/users\/2"}],"replies":[{"embeddable":true,"href":"https:\/\/kuali.com.mx\/web\/wp-json\/wp\/v2\/comments?post=121630"}],"version-history":[{"count":1,"href":"https:\/\/kuali.com.mx\/web\/wp-json\/wp\/v2\/posts\/121630\/revisions"}],"predecessor-version":[{"id":121634,"href":"https:\/\/kuali.com.mx\/web\/wp-json\/wp\/v2\/posts\/121630\/revisions\/121634"}],"wp:featuredmedia":[{"embeddable":true,"href":"https:\/\/kuali.com.mx\/web\/wp-json\/wp\/v2\/media\/121632"}],"wp:attachment":[{"href":"https:\/\/kuali.com.mx\/web\/wp-json\/wp\/v2\/media?parent=121630"}],"wp:term":[{"taxonomy":"category","embeddable":true,"href":"https:\/\/kuali.com.mx\/web\/wp-json\/wp\/v2\/categories?post=121630"},{"taxonomy":"post_tag","embeddable":true,"href":"https:\/\/kuali.com.mx\/web\/wp-json\/wp\/v2\/tags?post=121630"}],"curies":[{"name":"wp","href":"https:\/\/api.w.org\/{rel}","templated":true}]}}