{"id":121427,"date":"2023-06-30T16:17:18","date_gmt":"2023-06-30T22:17:18","guid":{"rendered":"https:\/\/kuali.com.mx\/web\/?p=121427"},"modified":"2023-06-30T16:26:34","modified_gmt":"2023-06-30T22:26:34","slug":"muere-elemento-de-la-gn-por-explision-de-coche-bomba-en-celaya","status":"publish","type":"post","link":"https:\/\/kuali.com.mx\/web\/2023\/06\/30\/muere-elemento-de-la-gn-por-explision-de-coche-bomba-en-celaya\/","title":{"rendered":"MUERE ELEMENTO DE LA GN POR EXPLOSI\u00d3N DE COCHE BOMBA"},"content":{"rendered":"\n<p><strong>La Jornada\/Ciudad de M\u00e9xico.- <\/strong>El presidente Andr\u00e9s Manuel L\u00f3pez Obrador inform\u00f3 que en el estallido de un coche bomba en el municipio de Celaya perdi\u00f3 la vida un elemento de la Guardia Nacional (GN).<\/p>\n\n\n\n<p>Adem\u00e1s, asegur\u00f3 ya se est\u00e1 actuando y se tiene identificado el grupo del crimen organizado que fue responsable. \"Esto se hab\u00eda presentado en Michoac\u00e1n. Resultaron heridos miembros del Ej\u00e9rcito y la Guardia Nacional. Estos grupos est\u00e1n armados y son muy violentos\".<\/p>\n\n\n\n<p>Durante su conferencia L\u00f3pez Obrador dijo es un reducto de estos grupos que se crearon hace muchos a\u00f1os y ya est\u00e1n en una actitud de mucha violencia. \"Estamos decomisando muchas granadas, bombas\".<\/p>\n\n\n\n<figure class=\"wp-block-embed is-type-wp-embed is-provider-kuali wp-block-embed-kuali\"><div class=\"wp-block-embed__wrapper\">\n<blockquote class=\"wp-embedded-content\" data-secret=\"mrByF8PXKv\"><a href=\"https:\/\/kuali.com.mx\/web\/2023\/06\/29\/explota-coche-bomba-y-lesiona-a-elementos-de-la-gn\/\">EXPLOTA COCHE BOMBA Y LESIONA A ELEMENTOS DE LA GN<\/a><\/blockquote><iframe loading=\"lazy\" class=\"wp-embedded-content\" sandbox=\"allow-scripts\" security=\"restricted\" style=\"position: absolute; clip: rect(1px, 1px, 1px, 1px);\" title=\"&#8220;EXPLOTA COCHE BOMBA Y LESIONA A ELEMENTOS DE LA GN&#8221; &#8212; Kuali\" src=\"https:\/\/kuali.com.mx\/web\/2023\/06\/29\/explota-coche-bomba-y-lesiona-a-elementos-de-la-gn\/embed\/#?secret=Slo3CqB1L7#?secret=mrByF8PXKv\" data-secret=\"mrByF8PXKv\" width=\"600\" height=\"338\" frameborder=\"0\" marginwidth=\"0\" marginheight=\"0\" scrolling=\"no\"><\/iframe>\n<\/div><\/figure>\n\n\n\n<p>Asegur\u00f3 que se tienen identificados y hay planes de detenci\u00f3n, no es como el tiempo de antes, que hab\u00eda impunidad, incluso para perseguir una banda se usaba a los protegidos y se les uniformaba de polic\u00edas.<\/p>\n\n\n\n<p>Se\u00f1al\u00f3 que expresiones similares de violencia se registraron recientemente en Michoac\u00e1n, \u201cdonde estamos enfrentando todo esto. Por eso, pues no es correcto que quiera involucrarse a elementos del ej\u00e9rcito y la Guardia Nacional en actos delictivos, al contrario, est\u00e1n cumpliendo con su deber, actuando de manera responsable\u201d.<\/p>\n","protected":false},"excerpt":{"rendered":"La Jornada\/Ciudad de M\u00e9xico.- El presidente Andr\u00e9s Manuel L\u00f3pez Obrador inform\u00f3 que en el estallido de un coche bomba en el municipio de Celaya perdi\u00f3 la vida un elemento de la Guardia Nacional (GN). Adem\u00e1s, asegur\u00f3 ya se est\u00e1 actuando y se tiene identificado el grupo del crimen organizado que fue responsable. \"Esto se hab\u00eda [&hellip;]","protected":false},"author":2,"featured_media":121338,"comment_status":"open","ping_status":"open","sticky":false,"template":"","format":"standard","meta":{"_seopress_robots_primary_cat":"none","_seopress_titles_title":"","_seopress_titles_desc":"","_seopress_robots_index":"","_monsterinsights_skip_tracking":false,"_monsterinsights_sitenote_active":false,"_monsterinsights_sitenote_note":"","_monsterinsights_sitenote_category":0,"footnotes":""},"categories":[3,69],"tags":[488,2517,2271,9,105,101],"class_list":["post-121427","post","type-post","status-publish","format-standard","has-post-thumbnail","hentry","category-politica","category-slider","tag-celaya","tag-coche-bomba","tag-explosion","tag-guanajuato","tag-guardia-nacional","tag-inseguridad"],"yoast_head":"<!-- This site is optimized with the Yoast SEO plugin v27.4 - https:\/\/yoast.com\/product\/yoast-seo-wordpress\/ -->\n<title>MUERE ELEMENTO DE LA GN POR EXPLOSI\u00d3N DE COCHE BOMBA - Kuali<\/title>\n<meta name=\"robots\" content=\"index, follow, max-snippet:-1, max-image-preview:large, max-video-preview:-1\" \/>\n<link rel=\"canonical\" href=\"https:\/\/kuali.com.mx\/web\/2023\/06\/30\/muere-elemento-de-la-gn-por-explision-de-coche-bomba-en-celaya\/\" \/>\n<meta property=\"og:locale\" content=\"es_MX\" \/>\n<meta property=\"og:type\" content=\"article\" \/>\n<meta property=\"og:title\" content=\"MUERE ELEMENTO DE LA GN POR EXPLOSI\u00d3N DE COCHE BOMBA - Kuali\" \/>\n<meta property=\"og:description\" content=\"La Jornada\/Ciudad de M\u00e9xico.- El presidente Andr\u00e9s Manuel L\u00f3pez Obrador inform\u00f3 que en el estallido de un coche bomba en el municipio de Celaya perdi\u00f3 la vida un elemento de la Guardia Nacional (GN). Adem\u00e1s, asegur\u00f3 ya se est\u00e1 actuando y se tiene identificado el grupo del crimen organizado que fue responsable. &quot;Esto se hab\u00eda [&hellip;]\" \/>\n<meta property=\"og:url\" content=\"https:\/\/kuali.com.mx\/web\/2023\/06\/30\/muere-elemento-de-la-gn-por-explision-de-coche-bomba-en-celaya\/\" \/>\n<meta property=\"og:site_name\" content=\"Kuali\" \/>\n<meta property=\"article:publisher\" content=\"https:\/\/kuali.com.mx\/web\/wp-content\/uploads\/2018\/04\/cropped-kuali_logo-1-1.png\" \/>\n<meta property=\"article:published_time\" content=\"2023-06-30T22:17:18+00:00\" \/>\n<meta property=\"article:modified_time\" content=\"2023-06-30T22:26:34+00:00\" \/>\n<meta property=\"og:image\" content=\"https:\/\/kuali.com.mx\/web\/wp-content\/uploads\/2023\/06\/Explota-cochebomba_lesiona-a-elementos-de-la-GN-2.gif\" \/>\n\t<meta property=\"og:image:width\" content=\"1700\" \/>\n\t<meta property=\"og:image:height\" content=\"750\" \/>\n\t<meta property=\"og:image:type\" content=\"image\/gif\" \/>\n<meta name=\"author\" content=\"Kuali Staff\" \/>\n<meta name=\"twitter:card\" content=\"summary_large_image\" \/>\n<meta name=\"twitter:creator\" content=\"@kuali_noticias\" \/>\n<meta name=\"twitter:site\" content=\"@kuali_noticias\" \/>\n<meta name=\"twitter:label1\" content=\"Escrito por\" \/>\n\t<meta name=\"twitter:data1\" content=\"Kuali Staff\" \/>\n\t<meta name=\"twitter:label2\" content=\"Tiempo de lectura\" \/>\n\t<meta name=\"twitter:data2\" content=\"1 minuto\" \/>\n<script type=\"application\/ld+json\" class=\"yoast-schema-graph\">{\"@context\":\"https:\\\/\\\/schema.org\",\"@graph\":[{\"@type\":\"Article\",\"@id\":\"https:\\\/\\\/kuali.com.mx\\\/web\\\/2023\\\/06\\\/30\\\/muere-elemento-de-la-gn-por-explision-de-coche-bomba-en-celaya\\\/#article\",\"isPartOf\":{\"@id\":\"https:\\\/\\\/kuali.com.mx\\\/web\\\/2023\\\/06\\\/30\\\/muere-elemento-de-la-gn-por-explision-de-coche-bomba-en-celaya\\\/\"},\"author\":{\"name\":\"Kuali Staff\",\"@id\":\"https:\\\/\\\/kuali.com.mx\\\/web\\\/#\\\/schema\\\/person\\\/6f89ffa8ecba9dae50662357923c5289\"},\"headline\":\"MUERE ELEMENTO DE LA GN POR EXPLOSI\u00d3N DE COCHE BOMBA\",\"datePublished\":\"2023-06-30T22:17:18+00:00\",\"dateModified\":\"2023-06-30T22:26:34+00:00\",\"mainEntityOfPage\":{\"@id\":\"https:\\\/\\\/kuali.com.mx\\\/web\\\/2023\\\/06\\\/30\\\/muere-elemento-de-la-gn-por-explision-de-coche-bomba-en-celaya\\\/\"},\"wordCount\":227,\"commentCount\":0,\"image\":{\"@id\":\"https:\\\/\\\/kuali.com.mx\\\/web\\\/2023\\\/06\\\/30\\\/muere-elemento-de-la-gn-por-explision-de-coche-bomba-en-celaya\\\/#primaryimage\"},\"thumbnailUrl\":\"https:\\\/\\\/kuali.com.mx\\\/web\\\/wp-content\\\/uploads\\\/2023\\\/06\\\/Explota-cochebomba_lesiona-a-elementos-de-la-GN-2.gif\",\"keywords\":[\"Celaya\",\"Coche bomba\",\"Explosi\u00f3n\",\"Guanajuato\",\"Guardia Nacional\",\"Inseguridad\"],\"articleSection\":[\"Pol\u00edtica\",\"slider\"],\"inLanguage\":\"es\",\"potentialAction\":[{\"@type\":\"CommentAction\",\"name\":\"Comment\",\"target\":[\"https:\\\/\\\/kuali.com.mx\\\/web\\\/2023\\\/06\\\/30\\\/muere-elemento-de-la-gn-por-explision-de-coche-bomba-en-celaya\\\/#respond\"]}]},{\"@type\":\"WebPage\",\"@id\":\"https:\\\/\\\/kuali.com.mx\\\/web\\\/2023\\\/06\\\/30\\\/muere-elemento-de-la-gn-por-explision-de-coche-bomba-en-celaya\\\/\",\"url\":\"https:\\\/\\\/kuali.com.mx\\\/web\\\/2023\\\/06\\\/30\\\/muere-elemento-de-la-gn-por-explision-de-coche-bomba-en-celaya\\\/\",\"name\":\"MUERE ELEMENTO DE LA GN POR EXPLOSI\u00d3N DE COCHE BOMBA - Kuali\",\"isPartOf\":{\"@id\":\"https:\\\/\\\/kuali.com.mx\\\/web\\\/#website\"},\"primaryImageOfPage\":{\"@id\":\"https:\\\/\\\/kuali.com.mx\\\/web\\\/2023\\\/06\\\/30\\\/muere-elemento-de-la-gn-por-explision-de-coche-bomba-en-celaya\\\/#primaryimage\"},\"image\":{\"@id\":\"https:\\\/\\\/kuali.com.mx\\\/web\\\/2023\\\/06\\\/30\\\/muere-elemento-de-la-gn-por-explision-de-coche-bomba-en-celaya\\\/#primaryimage\"},\"thumbnailUrl\":\"https:\\\/\\\/kuali.com.mx\\\/web\\\/wp-content\\\/uploads\\\/2023\\\/06\\\/Explota-cochebomba_lesiona-a-elementos-de-la-GN-2.gif\",\"datePublished\":\"2023-06-30T22:17:18+00:00\",\"dateModified\":\"2023-06-30T22:26:34+00:00\",\"author\":{\"@id\":\"https:\\\/\\\/kuali.com.mx\\\/web\\\/#\\\/schema\\\/person\\\/6f89ffa8ecba9dae50662357923c5289\"},\"breadcrumb\":{\"@id\":\"https:\\\/\\\/kuali.com.mx\\\/web\\\/2023\\\/06\\\/30\\\/muere-elemento-de-la-gn-por-explision-de-coche-bomba-en-celaya\\\/#breadcrumb\"},\"inLanguage\":\"es\",\"potentialAction\":[{\"@type\":\"ReadAction\",\"target\":[\"https:\\\/\\\/kuali.com.mx\\\/web\\\/2023\\\/06\\\/30\\\/muere-elemento-de-la-gn-por-explision-de-coche-bomba-en-celaya\\\/\"]}]},{\"@type\":\"ImageObject\",\"inLanguage\":\"es\",\"@id\":\"https:\\\/\\\/kuali.com.mx\\\/web\\\/2023\\\/06\\\/30\\\/muere-elemento-de-la-gn-por-explision-de-coche-bomba-en-celaya\\\/#primaryimage\",\"url\":\"https:\\\/\\\/kuali.com.mx\\\/web\\\/wp-content\\\/uploads\\\/2023\\\/06\\\/Explota-cochebomba_lesiona-a-elementos-de-la-GN-2.gif\",\"contentUrl\":\"https:\\\/\\\/kuali.com.mx\\\/web\\\/wp-content\\\/uploads\\\/2023\\\/06\\\/Explota-cochebomba_lesiona-a-elementos-de-la-GN-2.gif\",\"width\":1700,\"height\":750},{\"@type\":\"BreadcrumbList\",\"@id\":\"https:\\\/\\\/kuali.com.mx\\\/web\\\/2023\\\/06\\\/30\\\/muere-elemento-de-la-gn-por-explision-de-coche-bomba-en-celaya\\\/#breadcrumb\",\"itemListElement\":[{\"@type\":\"ListItem\",\"position\":1,\"name\":\"Inicio\",\"item\":\"https:\\\/\\\/kuali.com.mx\\\/web\\\/\"},{\"@type\":\"ListItem\",\"position\":2,\"name\":\"MUERE ELEMENTO DE LA GN POR EXPLOSI\u00d3N DE COCHE BOMBA\"}]},{\"@type\":\"WebSite\",\"@id\":\"https:\\\/\\\/kuali.com.mx\\\/web\\\/#website\",\"url\":\"https:\\\/\\\/kuali.com.mx\\\/web\\\/\",\"name\":\"Kuali\",\"description\":\"\",\"potentialAction\":[{\"@type\":\"SearchAction\",\"target\":{\"@type\":\"EntryPoint\",\"urlTemplate\":\"https:\\\/\\\/kuali.com.mx\\\/web\\\/?s={search_term_string}\"},\"query-input\":{\"@type\":\"PropertyValueSpecification\",\"valueRequired\":true,\"valueName\":\"search_term_string\"}}],\"inLanguage\":\"es\"},{\"@type\":\"Person\",\"@id\":\"https:\\\/\\\/kuali.com.mx\\\/web\\\/#\\\/schema\\\/person\\\/6f89ffa8ecba9dae50662357923c5289\",\"name\":\"Kuali Staff\",\"image\":{\"@type\":\"ImageObject\",\"inLanguage\":\"es\",\"@id\":\"https:\\\/\\\/secure.gravatar.com\\\/avatar\\\/f917ad82e5ab71227a733c78b6e60715476f69ee6be59feee4eb5d9920c89e0f?s=96&d=mm&r=g\",\"url\":\"https:\\\/\\\/secure.gravatar.com\\\/avatar\\\/f917ad82e5ab71227a733c78b6e60715476f69ee6be59feee4eb5d9920c89e0f?s=96&d=mm&r=g\",\"contentUrl\":\"https:\\\/\\\/secure.gravatar.com\\\/avatar\\\/f917ad82e5ab71227a733c78b6e60715476f69ee6be59feee4eb5d9920c89e0f?s=96&d=mm&r=g\",\"caption\":\"Kuali Staff\"},\"url\":\"https:\\\/\\\/kuali.com.mx\\\/web\\\/author\\\/lagarto\\\/\"}]}<\/script>\n<!-- \/ Yoast SEO plugin. -->","yoast_head_json":{"title":"MUERE ELEMENTO DE LA GN POR EXPLOSI\u00d3N DE COCHE BOMBA - Kuali","robots":{"index":"index","follow":"follow","max-snippet":"max-snippet:-1","max-image-preview":"max-image-preview:large","max-video-preview":"max-video-preview:-1"},"canonical":"https:\/\/kuali.com.mx\/web\/2023\/06\/30\/muere-elemento-de-la-gn-por-explision-de-coche-bomba-en-celaya\/","og_locale":"es_MX","og_type":"article","og_title":"MUERE ELEMENTO DE LA GN POR EXPLOSI\u00d3N DE COCHE BOMBA - Kuali","og_description":"La Jornada\/Ciudad de M\u00e9xico.- El presidente Andr\u00e9s Manuel L\u00f3pez Obrador inform\u00f3 que en el estallido de un coche bomba en el municipio de Celaya perdi\u00f3 la vida un elemento de la Guardia Nacional (GN). Adem\u00e1s, asegur\u00f3 ya se est\u00e1 actuando y se tiene identificado el grupo del crimen organizado que fue responsable. \"Esto se hab\u00eda [&hellip;]","og_url":"https:\/\/kuali.com.mx\/web\/2023\/06\/30\/muere-elemento-de-la-gn-por-explision-de-coche-bomba-en-celaya\/","og_site_name":"Kuali","article_publisher":"https:\/\/kuali.com.mx\/web\/wp-content\/uploads\/2018\/04\/cropped-kuali_logo-1-1.png","article_published_time":"2023-06-30T22:17:18+00:00","article_modified_time":"2023-06-30T22:26:34+00:00","og_image":[{"width":1700,"height":750,"url":"https:\/\/kuali.com.mx\/web\/wp-content\/uploads\/2023\/06\/Explota-cochebomba_lesiona-a-elementos-de-la-GN-2.gif","type":"image\/gif"}],"author":"Kuali Staff","twitter_card":"summary_large_image","twitter_creator":"@kuali_noticias","twitter_site":"@kuali_noticias","twitter_misc":{"Escrito por":"Kuali Staff","Tiempo de lectura":"1 minuto"},"schema":{"@context":"https:\/\/schema.org","@graph":[{"@type":"Article","@id":"https:\/\/kuali.com.mx\/web\/2023\/06\/30\/muere-elemento-de-la-gn-por-explision-de-coche-bomba-en-celaya\/#article","isPartOf":{"@id":"https:\/\/kuali.com.mx\/web\/2023\/06\/30\/muere-elemento-de-la-gn-por-explision-de-coche-bomba-en-celaya\/"},"author":{"name":"Kuali Staff","@id":"https:\/\/kuali.com.mx\/web\/#\/schema\/person\/6f89ffa8ecba9dae50662357923c5289"},"headline":"MUERE ELEMENTO DE LA GN POR EXPLOSI\u00d3N DE COCHE BOMBA","datePublished":"2023-06-30T22:17:18+00:00","dateModified":"2023-06-30T22:26:34+00:00","mainEntityOfPage":{"@id":"https:\/\/kuali.com.mx\/web\/2023\/06\/30\/muere-elemento-de-la-gn-por-explision-de-coche-bomba-en-celaya\/"},"wordCount":227,"commentCount":0,"image":{"@id":"https:\/\/kuali.com.mx\/web\/2023\/06\/30\/muere-elemento-de-la-gn-por-explision-de-coche-bomba-en-celaya\/#primaryimage"},"thumbnailUrl":"https:\/\/kuali.com.mx\/web\/wp-content\/uploads\/2023\/06\/Explota-cochebomba_lesiona-a-elementos-de-la-GN-2.gif","keywords":["Celaya","Coche bomba","Explosi\u00f3n","Guanajuato","Guardia Nacional","Inseguridad"],"articleSection":["Pol\u00edtica","slider"],"inLanguage":"es","potentialAction":[{"@type":"CommentAction","name":"Comment","target":["https:\/\/kuali.com.mx\/web\/2023\/06\/30\/muere-elemento-de-la-gn-por-explision-de-coche-bomba-en-celaya\/#respond"]}]},{"@type":"WebPage","@id":"https:\/\/kuali.com.mx\/web\/2023\/06\/30\/muere-elemento-de-la-gn-por-explision-de-coche-bomba-en-celaya\/","url":"https:\/\/kuali.com.mx\/web\/2023\/06\/30\/muere-elemento-de-la-gn-por-explision-de-coche-bomba-en-celaya\/","name":"MUERE ELEMENTO DE LA GN POR EXPLOSI\u00d3N DE COCHE BOMBA - Kuali","isPartOf":{"@id":"https:\/\/kuali.com.mx\/web\/#website"},"primaryImageOfPage":{"@id":"https:\/\/kuali.com.mx\/web\/2023\/06\/30\/muere-elemento-de-la-gn-por-explision-de-coche-bomba-en-celaya\/#primaryimage"},"image":{"@id":"https:\/\/kuali.com.mx\/web\/2023\/06\/30\/muere-elemento-de-la-gn-por-explision-de-coche-bomba-en-celaya\/#primaryimage"},"thumbnailUrl":"https:\/\/kuali.com.mx\/web\/wp-content\/uploads\/2023\/06\/Explota-cochebomba_lesiona-a-elementos-de-la-GN-2.gif","datePublished":"2023-06-30T22:17:18+00:00","dateModified":"2023-06-30T22:26:34+00:00","author":{"@id":"https:\/\/kuali.com.mx\/web\/#\/schema\/person\/6f89ffa8ecba9dae50662357923c5289"},"breadcrumb":{"@id":"https:\/\/kuali.com.mx\/web\/2023\/06\/30\/muere-elemento-de-la-gn-por-explision-de-coche-bomba-en-celaya\/#breadcrumb"},"inLanguage":"es","potentialAction":[{"@type":"ReadAction","target":["https:\/\/kuali.com.mx\/web\/2023\/06\/30\/muere-elemento-de-la-gn-por-explision-de-coche-bomba-en-celaya\/"]}]},{"@type":"ImageObject","inLanguage":"es","@id":"https:\/\/kuali.com.mx\/web\/2023\/06\/30\/muere-elemento-de-la-gn-por-explision-de-coche-bomba-en-celaya\/#primaryimage","url":"https:\/\/kuali.com.mx\/web\/wp-content\/uploads\/2023\/06\/Explota-cochebomba_lesiona-a-elementos-de-la-GN-2.gif","contentUrl":"https:\/\/kuali.com.mx\/web\/wp-content\/uploads\/2023\/06\/Explota-cochebomba_lesiona-a-elementos-de-la-GN-2.gif","width":1700,"height":750},{"@type":"BreadcrumbList","@id":"https:\/\/kuali.com.mx\/web\/2023\/06\/30\/muere-elemento-de-la-gn-por-explision-de-coche-bomba-en-celaya\/#breadcrumb","itemListElement":[{"@type":"ListItem","position":1,"name":"Inicio","item":"https:\/\/kuali.com.mx\/web\/"},{"@type":"ListItem","position":2,"name":"MUERE ELEMENTO DE LA GN POR EXPLOSI\u00d3N DE COCHE BOMBA"}]},{"@type":"WebSite","@id":"https:\/\/kuali.com.mx\/web\/#website","url":"https:\/\/kuali.com.mx\/web\/","name":"Kuali","description":"","potentialAction":[{"@type":"SearchAction","target":{"@type":"EntryPoint","urlTemplate":"https:\/\/kuali.com.mx\/web\/?s={search_term_string}"},"query-input":{"@type":"PropertyValueSpecification","valueRequired":true,"valueName":"search_term_string"}}],"inLanguage":"es"},{"@type":"Person","@id":"https:\/\/kuali.com.mx\/web\/#\/schema\/person\/6f89ffa8ecba9dae50662357923c5289","name":"Kuali Staff","image":{"@type":"ImageObject","inLanguage":"es","@id":"https:\/\/secure.gravatar.com\/avatar\/f917ad82e5ab71227a733c78b6e60715476f69ee6be59feee4eb5d9920c89e0f?s=96&d=mm&r=g","url":"https:\/\/secure.gravatar.com\/avatar\/f917ad82e5ab71227a733c78b6e60715476f69ee6be59feee4eb5d9920c89e0f?s=96&d=mm&r=g","contentUrl":"https:\/\/secure.gravatar.com\/avatar\/f917ad82e5ab71227a733c78b6e60715476f69ee6be59feee4eb5d9920c89e0f?s=96&d=mm&r=g","caption":"Kuali Staff"},"url":"https:\/\/kuali.com.mx\/web\/author\/lagarto\/"}]}},"_links":{"self":[{"href":"https:\/\/kuali.com.mx\/web\/wp-json\/wp\/v2\/posts\/121427","targetHints":{"allow":["GET"]}}],"collection":[{"href":"https:\/\/kuali.com.mx\/web\/wp-json\/wp\/v2\/posts"}],"about":[{"href":"https:\/\/kuali.com.mx\/web\/wp-json\/wp\/v2\/types\/post"}],"author":[{"embeddable":true,"href":"https:\/\/kuali.com.mx\/web\/wp-json\/wp\/v2\/users\/2"}],"replies":[{"embeddable":true,"href":"https:\/\/kuali.com.mx\/web\/wp-json\/wp\/v2\/comments?post=121427"}],"version-history":[{"count":3,"href":"https:\/\/kuali.com.mx\/web\/wp-json\/wp\/v2\/posts\/121427\/revisions"}],"predecessor-version":[{"id":121432,"href":"https:\/\/kuali.com.mx\/web\/wp-json\/wp\/v2\/posts\/121427\/revisions\/121432"}],"wp:featuredmedia":[{"embeddable":true,"href":"https:\/\/kuali.com.mx\/web\/wp-json\/wp\/v2\/media\/121338"}],"wp:attachment":[{"href":"https:\/\/kuali.com.mx\/web\/wp-json\/wp\/v2\/media?parent=121427"}],"wp:term":[{"taxonomy":"category","embeddable":true,"href":"https:\/\/kuali.com.mx\/web\/wp-json\/wp\/v2\/categories?post=121427"},{"taxonomy":"post_tag","embeddable":true,"href":"https:\/\/kuali.com.mx\/web\/wp-json\/wp\/v2\/tags?post=121427"}],"curies":[{"name":"wp","href":"https:\/\/api.w.org\/{rel}","templated":true}]}}