{"id":121417,"date":"2023-06-30T12:16:30","date_gmt":"2023-06-30T18:16:30","guid":{"rendered":"https:\/\/kuali.com.mx\/web\/?p=121417"},"modified":"2023-06-30T20:28:59","modified_gmt":"2023-07-01T02:28:59","slug":"terminara-violencia-en-guanajuato-con-justicia-social-sheinbaum","status":"publish","type":"post","link":"https:\/\/kuali.com.mx\/web\/2023\/06\/30\/terminara-violencia-en-guanajuato-con-justicia-social-sheinbaum\/","title":{"rendered":"TERMINAR\u00c1 VIOLENCIA EN GUANAJUATO CON JUSTICIA SOCIAL: SHEINBAUM"},"content":{"rendered":"\n<p><strong>Alicia Arias\/Morole\u00f3n, Gto.- <\/strong>La violencia que se vive en el estado de Guanajuato tiene que ver con su sistema de procuraci\u00f3n de justicia basado en los bajos salarios y en desigualdad social, asegur\u00f3 esta ma\u00f1ana la ex jefa de gobierno de la Ciudad de M\u00e9xico, Claudia Sheinbaum Pardo.<\/p>\n\n\n\n<p>En su visita al municipio textilero de Morole\u00f3n, donde encabez\u00f3 una Asamblea Informativa, &nbsp;&nbsp;la delegada Nacional de la Defensa de la Cuarta Transformaci\u00f3n, la tambi\u00e9n aspirante a la presidencia de la rep\u00fablica por el partido Morena, dijo que \u201cno puede haber seguridad si no hay justicia social\u201d.<\/p>\n\n\n\n<p>Se\u00f1al\u00f3 que tiene que haber un poder judicial que realmente trabaje por la paz y la seguridad, \u201cpero en el fondo, aqu\u00ed, en Guanajuato, se gener\u00f3 un modelo, como en todo el pa\u00eds, que estaba basado en los bajos salarios de las mexicanas y de los mexicanos y eso cre\u00f3 mucha desigualdad y pobreza\u201d y cuando hay desigualdad siempre va a llegar la inseguridad porque va a haber muchos j\u00f3venes que quieran acercarse a los grupos delictivos.<\/p>\n\n\n\n<p>Por eso, a\u00f1adi\u00f3, se tiene que seguir defendiendo que haya justicia social y bienestar para la gente y eso es lo que representa la Cuarta Transformaci\u00f3n.<\/p>\n\n\n\n<blockquote class=\"wp-block-quote is-layout-flow wp-block-quote-is-layout-flow\"><p>\u201cYo digo que son como una tienda de disfraces porque un d\u00eda se dicen que son feministas y otro le llaman lavadora de dos patas a las mujeres\".<\/p><cite>Claudia Sheinbaum<\/cite><\/blockquote>\n\n\n\n<p>Sheinbaum tambi\u00e9n cuestion\u00f3 a lo que llam\u00f3 \u201cbloque conservador\u201d, pues el Comit\u00e9 Organizador del Frente Amplio por M\u00e9xico nombr\u00f3 como representante al responsable del fraude electoral en el a\u00f1o &nbsp;2006.<\/p>\n\n\n\n<p>\u201cYo digo que son como una tienda de disfraces porque un d\u00eda se dicen que son feministas y otro le llaman lavadora de dos patas a las mujeres. \u00bfSe acuerdan de eso? De aqu\u00ed, de alguien de Guanajuato. Un d\u00eda se dicen ambientalistas, cortan todos los \u00e1rboles en un municipio y no dicen nada; un d\u00eda se visten de dem\u00f3cratas y al otro d\u00eda quien va a decidir, pues, es un empresario y un grupo de personas que van a decidir qui\u00e9n va a representar al bloque conservador\u201d.<\/p>\n\n\n\n<p>Record\u00f3 que el ex presidente de M\u00e9xico, el panista Vicente Fox Quesada, dec\u00eda que iba a haber un cambio en el pa\u00eds y criticaba al entonces partido opositor, el Revolucionario Institucional, \u201cy ahora andan juntos. Son lo mismo\u201d porque quieren regresar al pasado y \u201cno puede haber regresiones en nuestro pa\u00eds\u201d,<\/p>\n\n\n\n<p>Destac\u00f3 que el gobierno del presidente Andr\u00e9s Manuel L\u00f3pez Obrador (AMLO) ha impulsado un cambio a favor de las mujeres con la mitad de sus dependencias encabezadas por mujeres \"Somos distintas a los hombres, pero tenemos los mismos derechos\", dijo.<\/p>\n\n\n\n<p>Destac\u00f3 que la violencia contra las mujeres se ataca con cero impunidad y de lo que se debe seguir hablando es de las mujeres no pueden ser discriminadas.<\/p>\n\n\n\n<p>Por \u00faltimo, dijo que las ni\u00f1as mexicanas ya pueden so\u00f1ar con ser maestras, presidentas o cualquier cosa que quieran porque tienen los mismos derechos que los hombres<strong>.<\/strong><\/p>\n","protected":false},"excerpt":{"rendered":"Alicia Arias\/Morole\u00f3n, Gto.- La violencia que se vive en el estado de Guanajuato tiene que ver con su sistema de procuraci\u00f3n de justicia basado en los bajos salarios y en desigualdad social, asegur\u00f3 esta ma\u00f1ana la ex jefa de gobierno de la Ciudad de M\u00e9xico, Claudia Sheinbaum Pardo. En su visita al municipio textilero de [&hellip;]","protected":false},"author":2,"featured_media":121420,"comment_status":"open","ping_status":"open","sticky":false,"template":"","format":"standard","meta":{"_seopress_robots_primary_cat":"none","_seopress_titles_title":"","_seopress_titles_desc":"","_seopress_robots_index":"","_monsterinsights_skip_tracking":false,"_monsterinsights_sitenote_active":false,"_monsterinsights_sitenote_note":"","_monsterinsights_sitenote_category":0,"footnotes":""},"categories":[3,69],"tags":[1560,1561,9,816,132,196,138],"class_list":["post-121417","post","type-post","status-publish","format-standard","has-post-thumbnail","hentry","category-politica","category-slider","tag-4t","tag-claudia-sheinbaum","tag-guanajuato","tag-moroleon","tag-mujeres","tag-politica","tag-violencia"],"yoast_head":"<!-- This site is optimized with the Yoast SEO plugin v27.4 - https:\/\/yoast.com\/product\/yoast-seo-wordpress\/ -->\n<title>TERMINAR\u00c1 VIOLENCIA EN GUANAJUATO CON JUSTICIA SOCIAL: SHEINBAUM - Kuali<\/title>\n<meta name=\"robots\" content=\"index, follow, max-snippet:-1, max-image-preview:large, max-video-preview:-1\" \/>\n<link rel=\"canonical\" href=\"https:\/\/kuali.com.mx\/web\/2023\/06\/30\/terminara-violencia-en-guanajuato-con-justicia-social-sheinbaum\/\" \/>\n<meta property=\"og:locale\" content=\"es_MX\" \/>\n<meta property=\"og:type\" content=\"article\" \/>\n<meta property=\"og:title\" content=\"TERMINAR\u00c1 VIOLENCIA EN GUANAJUATO CON JUSTICIA SOCIAL: SHEINBAUM - Kuali\" \/>\n<meta property=\"og:description\" content=\"Alicia Arias\/Morole\u00f3n, Gto.- La violencia que se vive en el estado de Guanajuato tiene que ver con su sistema de procuraci\u00f3n de justicia basado en los bajos salarios y en desigualdad social, asegur\u00f3 esta ma\u00f1ana la ex jefa de gobierno de la Ciudad de M\u00e9xico, Claudia Sheinbaum Pardo. En su visita al municipio textilero de [&hellip;]\" \/>\n<meta property=\"og:url\" content=\"https:\/\/kuali.com.mx\/web\/2023\/06\/30\/terminara-violencia-en-guanajuato-con-justicia-social-sheinbaum\/\" \/>\n<meta property=\"og:site_name\" content=\"Kuali\" \/>\n<meta property=\"article:publisher\" content=\"https:\/\/kuali.com.mx\/web\/wp-content\/uploads\/2018\/04\/cropped-kuali_logo-1-1.png\" \/>\n<meta property=\"article:published_time\" content=\"2023-06-30T18:16:30+00:00\" \/>\n<meta property=\"article:modified_time\" content=\"2023-07-01T02:28:59+00:00\" \/>\n<meta property=\"og:image\" content=\"https:\/\/kuali.com.mx\/web\/wp-content\/uploads\/2023\/06\/Claudia-Sheinbaum-en-Moroleon.gif\" \/>\n\t<meta property=\"og:image:width\" content=\"1800\" \/>\n\t<meta property=\"og:image:height\" content=\"750\" \/>\n\t<meta property=\"og:image:type\" content=\"image\/gif\" \/>\n<meta name=\"author\" content=\"Kuali Staff\" \/>\n<meta name=\"twitter:card\" content=\"summary_large_image\" \/>\n<meta name=\"twitter:creator\" content=\"@kuali_noticias\" \/>\n<meta name=\"twitter:site\" content=\"@kuali_noticias\" \/>\n<meta name=\"twitter:label1\" content=\"Escrito por\" \/>\n\t<meta name=\"twitter:data1\" content=\"Kuali Staff\" \/>\n\t<meta name=\"twitter:label2\" content=\"Tiempo de lectura\" \/>\n\t<meta name=\"twitter:data2\" content=\"3 minutos\" \/>\n<script type=\"application\/ld+json\" class=\"yoast-schema-graph\">{\"@context\":\"https:\\\/\\\/schema.org\",\"@graph\":[{\"@type\":\"Article\",\"@id\":\"https:\\\/\\\/kuali.com.mx\\\/web\\\/2023\\\/06\\\/30\\\/terminara-violencia-en-guanajuato-con-justicia-social-sheinbaum\\\/#article\",\"isPartOf\":{\"@id\":\"https:\\\/\\\/kuali.com.mx\\\/web\\\/2023\\\/06\\\/30\\\/terminara-violencia-en-guanajuato-con-justicia-social-sheinbaum\\\/\"},\"author\":{\"name\":\"Kuali Staff\",\"@id\":\"https:\\\/\\\/kuali.com.mx\\\/web\\\/#\\\/schema\\\/person\\\/6f89ffa8ecba9dae50662357923c5289\"},\"headline\":\"TERMINAR\u00c1 VIOLENCIA EN GUANAJUATO CON JUSTICIA SOCIAL: SHEINBAUM\",\"datePublished\":\"2023-06-30T18:16:30+00:00\",\"dateModified\":\"2023-07-01T02:28:59+00:00\",\"mainEntityOfPage\":{\"@id\":\"https:\\\/\\\/kuali.com.mx\\\/web\\\/2023\\\/06\\\/30\\\/terminara-violencia-en-guanajuato-con-justicia-social-sheinbaum\\\/\"},\"wordCount\":535,\"commentCount\":0,\"image\":{\"@id\":\"https:\\\/\\\/kuali.com.mx\\\/web\\\/2023\\\/06\\\/30\\\/terminara-violencia-en-guanajuato-con-justicia-social-sheinbaum\\\/#primaryimage\"},\"thumbnailUrl\":\"https:\\\/\\\/kuali.com.mx\\\/web\\\/wp-content\\\/uploads\\\/2023\\\/06\\\/Claudia-Sheinbaum-en-Moroleon.gif\",\"keywords\":[\"4T\",\"Claudia Sheinbaum\",\"Guanajuato\",\"Morole\u00f3n\",\"Mujeres\",\"Pol\u00edtica\",\"Violencia\"],\"articleSection\":[\"Pol\u00edtica\",\"slider\"],\"inLanguage\":\"es\",\"potentialAction\":[{\"@type\":\"CommentAction\",\"name\":\"Comment\",\"target\":[\"https:\\\/\\\/kuali.com.mx\\\/web\\\/2023\\\/06\\\/30\\\/terminara-violencia-en-guanajuato-con-justicia-social-sheinbaum\\\/#respond\"]}]},{\"@type\":\"WebPage\",\"@id\":\"https:\\\/\\\/kuali.com.mx\\\/web\\\/2023\\\/06\\\/30\\\/terminara-violencia-en-guanajuato-con-justicia-social-sheinbaum\\\/\",\"url\":\"https:\\\/\\\/kuali.com.mx\\\/web\\\/2023\\\/06\\\/30\\\/terminara-violencia-en-guanajuato-con-justicia-social-sheinbaum\\\/\",\"name\":\"TERMINAR\u00c1 VIOLENCIA EN GUANAJUATO CON JUSTICIA SOCIAL: SHEINBAUM - Kuali\",\"isPartOf\":{\"@id\":\"https:\\\/\\\/kuali.com.mx\\\/web\\\/#website\"},\"primaryImageOfPage\":{\"@id\":\"https:\\\/\\\/kuali.com.mx\\\/web\\\/2023\\\/06\\\/30\\\/terminara-violencia-en-guanajuato-con-justicia-social-sheinbaum\\\/#primaryimage\"},\"image\":{\"@id\":\"https:\\\/\\\/kuali.com.mx\\\/web\\\/2023\\\/06\\\/30\\\/terminara-violencia-en-guanajuato-con-justicia-social-sheinbaum\\\/#primaryimage\"},\"thumbnailUrl\":\"https:\\\/\\\/kuali.com.mx\\\/web\\\/wp-content\\\/uploads\\\/2023\\\/06\\\/Claudia-Sheinbaum-en-Moroleon.gif\",\"datePublished\":\"2023-06-30T18:16:30+00:00\",\"dateModified\":\"2023-07-01T02:28:59+00:00\",\"author\":{\"@id\":\"https:\\\/\\\/kuali.com.mx\\\/web\\\/#\\\/schema\\\/person\\\/6f89ffa8ecba9dae50662357923c5289\"},\"breadcrumb\":{\"@id\":\"https:\\\/\\\/kuali.com.mx\\\/web\\\/2023\\\/06\\\/30\\\/terminara-violencia-en-guanajuato-con-justicia-social-sheinbaum\\\/#breadcrumb\"},\"inLanguage\":\"es\",\"potentialAction\":[{\"@type\":\"ReadAction\",\"target\":[\"https:\\\/\\\/kuali.com.mx\\\/web\\\/2023\\\/06\\\/30\\\/terminara-violencia-en-guanajuato-con-justicia-social-sheinbaum\\\/\"]}]},{\"@type\":\"ImageObject\",\"inLanguage\":\"es\",\"@id\":\"https:\\\/\\\/kuali.com.mx\\\/web\\\/2023\\\/06\\\/30\\\/terminara-violencia-en-guanajuato-con-justicia-social-sheinbaum\\\/#primaryimage\",\"url\":\"https:\\\/\\\/kuali.com.mx\\\/web\\\/wp-content\\\/uploads\\\/2023\\\/06\\\/Claudia-Sheinbaum-en-Moroleon.gif\",\"contentUrl\":\"https:\\\/\\\/kuali.com.mx\\\/web\\\/wp-content\\\/uploads\\\/2023\\\/06\\\/Claudia-Sheinbaum-en-Moroleon.gif\",\"width\":1800,\"height\":750},{\"@type\":\"BreadcrumbList\",\"@id\":\"https:\\\/\\\/kuali.com.mx\\\/web\\\/2023\\\/06\\\/30\\\/terminara-violencia-en-guanajuato-con-justicia-social-sheinbaum\\\/#breadcrumb\",\"itemListElement\":[{\"@type\":\"ListItem\",\"position\":1,\"name\":\"Inicio\",\"item\":\"https:\\\/\\\/kuali.com.mx\\\/web\\\/\"},{\"@type\":\"ListItem\",\"position\":2,\"name\":\"TERMINAR\u00c1 VIOLENCIA EN GUANAJUATO CON JUSTICIA SOCIAL: SHEINBAUM\"}]},{\"@type\":\"WebSite\",\"@id\":\"https:\\\/\\\/kuali.com.mx\\\/web\\\/#website\",\"url\":\"https:\\\/\\\/kuali.com.mx\\\/web\\\/\",\"name\":\"Kuali\",\"description\":\"\",\"potentialAction\":[{\"@type\":\"SearchAction\",\"target\":{\"@type\":\"EntryPoint\",\"urlTemplate\":\"https:\\\/\\\/kuali.com.mx\\\/web\\\/?s={search_term_string}\"},\"query-input\":{\"@type\":\"PropertyValueSpecification\",\"valueRequired\":true,\"valueName\":\"search_term_string\"}}],\"inLanguage\":\"es\"},{\"@type\":\"Person\",\"@id\":\"https:\\\/\\\/kuali.com.mx\\\/web\\\/#\\\/schema\\\/person\\\/6f89ffa8ecba9dae50662357923c5289\",\"name\":\"Kuali Staff\",\"image\":{\"@type\":\"ImageObject\",\"inLanguage\":\"es\",\"@id\":\"https:\\\/\\\/secure.gravatar.com\\\/avatar\\\/f917ad82e5ab71227a733c78b6e60715476f69ee6be59feee4eb5d9920c89e0f?s=96&d=mm&r=g\",\"url\":\"https:\\\/\\\/secure.gravatar.com\\\/avatar\\\/f917ad82e5ab71227a733c78b6e60715476f69ee6be59feee4eb5d9920c89e0f?s=96&d=mm&r=g\",\"contentUrl\":\"https:\\\/\\\/secure.gravatar.com\\\/avatar\\\/f917ad82e5ab71227a733c78b6e60715476f69ee6be59feee4eb5d9920c89e0f?s=96&d=mm&r=g\",\"caption\":\"Kuali Staff\"},\"url\":\"https:\\\/\\\/kuali.com.mx\\\/web\\\/author\\\/lagarto\\\/\"}]}<\/script>\n<!-- \/ Yoast SEO plugin. -->","yoast_head_json":{"title":"TERMINAR\u00c1 VIOLENCIA EN GUANAJUATO CON JUSTICIA SOCIAL: SHEINBAUM - Kuali","robots":{"index":"index","follow":"follow","max-snippet":"max-snippet:-1","max-image-preview":"max-image-preview:large","max-video-preview":"max-video-preview:-1"},"canonical":"https:\/\/kuali.com.mx\/web\/2023\/06\/30\/terminara-violencia-en-guanajuato-con-justicia-social-sheinbaum\/","og_locale":"es_MX","og_type":"article","og_title":"TERMINAR\u00c1 VIOLENCIA EN GUANAJUATO CON JUSTICIA SOCIAL: SHEINBAUM - Kuali","og_description":"Alicia Arias\/Morole\u00f3n, Gto.- La violencia que se vive en el estado de Guanajuato tiene que ver con su sistema de procuraci\u00f3n de justicia basado en los bajos salarios y en desigualdad social, asegur\u00f3 esta ma\u00f1ana la ex jefa de gobierno de la Ciudad de M\u00e9xico, Claudia Sheinbaum Pardo. En su visita al municipio textilero de [&hellip;]","og_url":"https:\/\/kuali.com.mx\/web\/2023\/06\/30\/terminara-violencia-en-guanajuato-con-justicia-social-sheinbaum\/","og_site_name":"Kuali","article_publisher":"https:\/\/kuali.com.mx\/web\/wp-content\/uploads\/2018\/04\/cropped-kuali_logo-1-1.png","article_published_time":"2023-06-30T18:16:30+00:00","article_modified_time":"2023-07-01T02:28:59+00:00","og_image":[{"width":1800,"height":750,"url":"https:\/\/kuali.com.mx\/web\/wp-content\/uploads\/2023\/06\/Claudia-Sheinbaum-en-Moroleon.gif","type":"image\/gif"}],"author":"Kuali Staff","twitter_card":"summary_large_image","twitter_creator":"@kuali_noticias","twitter_site":"@kuali_noticias","twitter_misc":{"Escrito por":"Kuali Staff","Tiempo de lectura":"3 minutos"},"schema":{"@context":"https:\/\/schema.org","@graph":[{"@type":"Article","@id":"https:\/\/kuali.com.mx\/web\/2023\/06\/30\/terminara-violencia-en-guanajuato-con-justicia-social-sheinbaum\/#article","isPartOf":{"@id":"https:\/\/kuali.com.mx\/web\/2023\/06\/30\/terminara-violencia-en-guanajuato-con-justicia-social-sheinbaum\/"},"author":{"name":"Kuali Staff","@id":"https:\/\/kuali.com.mx\/web\/#\/schema\/person\/6f89ffa8ecba9dae50662357923c5289"},"headline":"TERMINAR\u00c1 VIOLENCIA EN GUANAJUATO CON JUSTICIA SOCIAL: SHEINBAUM","datePublished":"2023-06-30T18:16:30+00:00","dateModified":"2023-07-01T02:28:59+00:00","mainEntityOfPage":{"@id":"https:\/\/kuali.com.mx\/web\/2023\/06\/30\/terminara-violencia-en-guanajuato-con-justicia-social-sheinbaum\/"},"wordCount":535,"commentCount":0,"image":{"@id":"https:\/\/kuali.com.mx\/web\/2023\/06\/30\/terminara-violencia-en-guanajuato-con-justicia-social-sheinbaum\/#primaryimage"},"thumbnailUrl":"https:\/\/kuali.com.mx\/web\/wp-content\/uploads\/2023\/06\/Claudia-Sheinbaum-en-Moroleon.gif","keywords":["4T","Claudia Sheinbaum","Guanajuato","Morole\u00f3n","Mujeres","Pol\u00edtica","Violencia"],"articleSection":["Pol\u00edtica","slider"],"inLanguage":"es","potentialAction":[{"@type":"CommentAction","name":"Comment","target":["https:\/\/kuali.com.mx\/web\/2023\/06\/30\/terminara-violencia-en-guanajuato-con-justicia-social-sheinbaum\/#respond"]}]},{"@type":"WebPage","@id":"https:\/\/kuali.com.mx\/web\/2023\/06\/30\/terminara-violencia-en-guanajuato-con-justicia-social-sheinbaum\/","url":"https:\/\/kuali.com.mx\/web\/2023\/06\/30\/terminara-violencia-en-guanajuato-con-justicia-social-sheinbaum\/","name":"TERMINAR\u00c1 VIOLENCIA EN GUANAJUATO CON JUSTICIA SOCIAL: SHEINBAUM - Kuali","isPartOf":{"@id":"https:\/\/kuali.com.mx\/web\/#website"},"primaryImageOfPage":{"@id":"https:\/\/kuali.com.mx\/web\/2023\/06\/30\/terminara-violencia-en-guanajuato-con-justicia-social-sheinbaum\/#primaryimage"},"image":{"@id":"https:\/\/kuali.com.mx\/web\/2023\/06\/30\/terminara-violencia-en-guanajuato-con-justicia-social-sheinbaum\/#primaryimage"},"thumbnailUrl":"https:\/\/kuali.com.mx\/web\/wp-content\/uploads\/2023\/06\/Claudia-Sheinbaum-en-Moroleon.gif","datePublished":"2023-06-30T18:16:30+00:00","dateModified":"2023-07-01T02:28:59+00:00","author":{"@id":"https:\/\/kuali.com.mx\/web\/#\/schema\/person\/6f89ffa8ecba9dae50662357923c5289"},"breadcrumb":{"@id":"https:\/\/kuali.com.mx\/web\/2023\/06\/30\/terminara-violencia-en-guanajuato-con-justicia-social-sheinbaum\/#breadcrumb"},"inLanguage":"es","potentialAction":[{"@type":"ReadAction","target":["https:\/\/kuali.com.mx\/web\/2023\/06\/30\/terminara-violencia-en-guanajuato-con-justicia-social-sheinbaum\/"]}]},{"@type":"ImageObject","inLanguage":"es","@id":"https:\/\/kuali.com.mx\/web\/2023\/06\/30\/terminara-violencia-en-guanajuato-con-justicia-social-sheinbaum\/#primaryimage","url":"https:\/\/kuali.com.mx\/web\/wp-content\/uploads\/2023\/06\/Claudia-Sheinbaum-en-Moroleon.gif","contentUrl":"https:\/\/kuali.com.mx\/web\/wp-content\/uploads\/2023\/06\/Claudia-Sheinbaum-en-Moroleon.gif","width":1800,"height":750},{"@type":"BreadcrumbList","@id":"https:\/\/kuali.com.mx\/web\/2023\/06\/30\/terminara-violencia-en-guanajuato-con-justicia-social-sheinbaum\/#breadcrumb","itemListElement":[{"@type":"ListItem","position":1,"name":"Inicio","item":"https:\/\/kuali.com.mx\/web\/"},{"@type":"ListItem","position":2,"name":"TERMINAR\u00c1 VIOLENCIA EN GUANAJUATO CON JUSTICIA SOCIAL: SHEINBAUM"}]},{"@type":"WebSite","@id":"https:\/\/kuali.com.mx\/web\/#website","url":"https:\/\/kuali.com.mx\/web\/","name":"Kuali","description":"","potentialAction":[{"@type":"SearchAction","target":{"@type":"EntryPoint","urlTemplate":"https:\/\/kuali.com.mx\/web\/?s={search_term_string}"},"query-input":{"@type":"PropertyValueSpecification","valueRequired":true,"valueName":"search_term_string"}}],"inLanguage":"es"},{"@type":"Person","@id":"https:\/\/kuali.com.mx\/web\/#\/schema\/person\/6f89ffa8ecba9dae50662357923c5289","name":"Kuali Staff","image":{"@type":"ImageObject","inLanguage":"es","@id":"https:\/\/secure.gravatar.com\/avatar\/f917ad82e5ab71227a733c78b6e60715476f69ee6be59feee4eb5d9920c89e0f?s=96&d=mm&r=g","url":"https:\/\/secure.gravatar.com\/avatar\/f917ad82e5ab71227a733c78b6e60715476f69ee6be59feee4eb5d9920c89e0f?s=96&d=mm&r=g","contentUrl":"https:\/\/secure.gravatar.com\/avatar\/f917ad82e5ab71227a733c78b6e60715476f69ee6be59feee4eb5d9920c89e0f?s=96&d=mm&r=g","caption":"Kuali Staff"},"url":"https:\/\/kuali.com.mx\/web\/author\/lagarto\/"}]}},"_links":{"self":[{"href":"https:\/\/kuali.com.mx\/web\/wp-json\/wp\/v2\/posts\/121417","targetHints":{"allow":["GET"]}}],"collection":[{"href":"https:\/\/kuali.com.mx\/web\/wp-json\/wp\/v2\/posts"}],"about":[{"href":"https:\/\/kuali.com.mx\/web\/wp-json\/wp\/v2\/types\/post"}],"author":[{"embeddable":true,"href":"https:\/\/kuali.com.mx\/web\/wp-json\/wp\/v2\/users\/2"}],"replies":[{"embeddable":true,"href":"https:\/\/kuali.com.mx\/web\/wp-json\/wp\/v2\/comments?post=121417"}],"version-history":[{"count":4,"href":"https:\/\/kuali.com.mx\/web\/wp-json\/wp\/v2\/posts\/121417\/revisions"}],"predecessor-version":[{"id":121436,"href":"https:\/\/kuali.com.mx\/web\/wp-json\/wp\/v2\/posts\/121417\/revisions\/121436"}],"wp:featuredmedia":[{"embeddable":true,"href":"https:\/\/kuali.com.mx\/web\/wp-json\/wp\/v2\/media\/121420"}],"wp:attachment":[{"href":"https:\/\/kuali.com.mx\/web\/wp-json\/wp\/v2\/media?parent=121417"}],"wp:term":[{"taxonomy":"category","embeddable":true,"href":"https:\/\/kuali.com.mx\/web\/wp-json\/wp\/v2\/categories?post=121417"},{"taxonomy":"post_tag","embeddable":true,"href":"https:\/\/kuali.com.mx\/web\/wp-json\/wp\/v2\/tags?post=121417"}],"curies":[{"name":"wp","href":"https:\/\/api.w.org\/{rel}","templated":true}]}}