{"id":121349,"date":"2023-06-29T18:55:44","date_gmt":"2023-06-30T00:55:44","guid":{"rendered":"https:\/\/kuali.com.mx\/web\/?p=121349"},"modified":"2023-06-29T18:55:46","modified_gmt":"2023-06-30T00:55:46","slug":"ordenaran-uso-de-motocietas-particulares","status":"publish","type":"post","link":"https:\/\/kuali.com.mx\/web\/2023\/06\/29\/ordenaran-uso-de-motocietas-particulares\/","title":{"rendered":"ORDENAR\u00c1N USO DE MOTOCIETAS PARTICULARES"},"content":{"rendered":"\n<p><strong>Kuali\/Guanajuato, Gto.-<\/strong> El Congreso del Estado de Guanajuato busca ordenar el uso de motocicletas particulares para que cuenten con un registro en el Padr\u00f3n Vehicular Estatal de Motocicletas.<\/p>\n\n\n\n<p>Integrantes de la Junta de Gobierno y Coordinaci\u00f3n Pol\u00edtica del congreso local presentaron este jueves una iniciativa de reforma a la Ley de Movilidad del Estado de Guanajuato y sus Municipio.<\/p>\n\n\n\n<p>Al hablar sobre la propuesta, el diputado del Partido Acci\u00f3n Nacional (PAN), Mart\u00edn L\u00f3pez Camacho, expres\u00f3 que tambi\u00e9n se facultar\u00e1 al Gobierno del Estado de Guanajuato para celebrar convenios de colaboraci\u00f3n o coordinaci\u00f3n con comerciantes del ramo para la integraci\u00f3n y actualizaci\u00f3n del registro en el padr\u00f3n.<\/p>\n\n\n\n<p>Especific\u00f3 que no se trata, bajo ning\u00fan motivo, de estigmatizar o incriminar a quien use una unidad, ya que para muchas personas su fuente de ingresos, su traslado a sus centros laborales e incluso a las escuelas depende de estos veh\u00edculos.<\/p>\n\n\n\n<p>\u201cSe trata de fortalecer las leyes, nuestro marco normativo para que no haya una motocicleta circulando en el estado que no tenga su placa, que no est\u00e9 debidamente registrada, que no tenga su tarjeta de circulaci\u00f3n respecto a su propietario. Eso es lo que estamos buscando en esta propuesta\u201d, explic\u00f3.<\/p>\n\n\n\n<p>L\u00f3pez Camacho mencion\u00f3 que, a trav\u00e9s del padr\u00f3n, desde la compra-venta del automotor ser\u00e1 un requisito contar con los documentos para poder transitar, y con ello se pretende facilitar la localizaci\u00f3n de las unidades que se utilicen para cometer un delito y a su propietario.<\/p>\n\n\n\n<p>Expuso que Guanajuato es una de las cinco entidades federativas que m\u00e1s motocicletas registradas tiene. Actualmente existen 465 mil, aproximadamente, principalmente en Le\u00f3n, Irapuato, Salamanca, San Francisco del Rinc\u00f3n y Celaya.<\/p>\n\n\n\n<p>Inform\u00f3 que la y los legisladores de la Comisi\u00f3n de Seguridad P\u00fablica en los trabajos de la Convenci\u00f3n Legislativa de Seguridad P\u00fablica y Prevenci\u00f3n Social de la Violencia y la Delincuencia, detectaron que la motocicleta est\u00e1 siendo utilizada para cometer cierto tipo de delitos, sobre todo aquellas que son robadas.<\/p>\n\n\n\n<p>\u201cCon esta motocicleta robada se cometen delitos de robo en cualquiera de sus modalidades: de extorsi\u00f3n o, incluso, de homicidio doloso que es el delito que m\u00e1s nos duele a mexicanas mexicanos y a los guanajuatenses, por eso pusimos especial importancia en reforzar la ley para que no haya motocicletas sin su registro, placa y tarjeta de circulaci\u00f3n\u201d, detall\u00f3.<\/p>\n\n\n\n<p>El congresista Mart\u00edn L\u00f3pez anticip\u00f3 que se trabajar\u00e1 en una metodolog\u00eda de an\u00e1lisis para escuchar las opiniones y aportaciones de las instituciones relacionadas a este tema, \u201csin duda, una motocicleta con la que no se cumple con las obligaciones respecto a su registro se convierte en un factor de riesgo para la incidencia delictiva\u201d.<\/p>\n\n\n\n<p>La iniciativa se envi\u00f3 a la Comisi\u00f3n de Seguridad P\u00fablica y Comunicaciones para su estudio y dictamen.<\/p>\n","protected":false},"excerpt":{"rendered":"Kuali\/Guanajuato, Gto.- El Congreso del Estado de Guanajuato busca ordenar el uso de motocicletas particulares para que cuenten con un registro en el Padr\u00f3n Vehicular Estatal de Motocicletas. Integrantes de la Junta de Gobierno y Coordinaci\u00f3n Pol\u00edtica del congreso local presentaron este jueves una iniciativa de reforma a la Ley de Movilidad del Estado de [&hellip;]","protected":false},"author":2,"featured_media":121352,"comment_status":"open","ping_status":"open","sticky":false,"template":"","format":"standard","meta":{"_seopress_robots_primary_cat":"none","_seopress_titles_title":"","_seopress_titles_desc":"","_seopress_robots_index":"","_monsterinsights_skip_tracking":false,"_monsterinsights_sitenote_active":false,"_monsterinsights_sitenote_note":"","_monsterinsights_sitenote_category":0,"footnotes":""},"categories":[3],"tags":[9,255,2520],"class_list":["post-121349","post","type-post","status-publish","format-standard","has-post-thumbnail","hentry","category-politica","tag-guanajuato","tag-leyes","tag-motocicletas"],"yoast_head":"<!-- This site is optimized with the Yoast SEO plugin v27.5 - https:\/\/yoast.com\/product\/yoast-seo-wordpress\/ -->\n<title>ORDENAR\u00c1N USO DE MOTOCIETAS PARTICULARES - Kuali<\/title>\n<meta name=\"robots\" content=\"index, follow, max-snippet:-1, max-image-preview:large, max-video-preview:-1\" \/>\n<link rel=\"canonical\" href=\"https:\/\/kuali.com.mx\/web\/2023\/06\/29\/ordenaran-uso-de-motocietas-particulares\/\" \/>\n<meta property=\"og:locale\" content=\"es_MX\" \/>\n<meta property=\"og:type\" content=\"article\" \/>\n<meta property=\"og:title\" content=\"ORDENAR\u00c1N USO DE MOTOCIETAS PARTICULARES - Kuali\" \/>\n<meta property=\"og:description\" content=\"Kuali\/Guanajuato, Gto.- El Congreso del Estado de Guanajuato busca ordenar el uso de motocicletas particulares para que cuenten con un registro en el Padr\u00f3n Vehicular Estatal de Motocicletas. Integrantes de la Junta de Gobierno y Coordinaci\u00f3n Pol\u00edtica del congreso local presentaron este jueves una iniciativa de reforma a la Ley de Movilidad del Estado de [&hellip;]\" \/>\n<meta property=\"og:url\" content=\"https:\/\/kuali.com.mx\/web\/2023\/06\/29\/ordenaran-uso-de-motocietas-particulares\/\" \/>\n<meta property=\"og:site_name\" content=\"Kuali\" \/>\n<meta property=\"article:publisher\" content=\"https:\/\/kuali.com.mx\/web\/wp-content\/uploads\/2018\/04\/cropped-kuali_logo-1-1.png\" \/>\n<meta property=\"article:published_time\" content=\"2023-06-30T00:55:44+00:00\" \/>\n<meta property=\"article:modified_time\" content=\"2023-06-30T00:55:46+00:00\" \/>\n<meta property=\"og:image\" content=\"https:\/\/kuali.com.mx\/web\/wp-content\/uploads\/2023\/06\/Diputado-Martin-Lopez-Camacho.gif\" \/>\n\t<meta property=\"og:image:width\" content=\"1700\" \/>\n\t<meta property=\"og:image:height\" content=\"750\" \/>\n\t<meta property=\"og:image:type\" content=\"image\/gif\" \/>\n<meta name=\"author\" content=\"Kuali Staff\" \/>\n<meta name=\"twitter:card\" content=\"summary_large_image\" \/>\n<meta name=\"twitter:creator\" content=\"@kuali_noticias\" \/>\n<meta name=\"twitter:site\" content=\"@kuali_noticias\" \/>\n<meta name=\"twitter:label1\" content=\"Escrito por\" \/>\n\t<meta name=\"twitter:data1\" content=\"Kuali Staff\" \/>\n\t<meta name=\"twitter:label2\" content=\"Tiempo de lectura\" \/>\n\t<meta name=\"twitter:data2\" content=\"2 minutos\" \/>\n<script type=\"application\/ld+json\" class=\"yoast-schema-graph\">{\"@context\":\"https:\\\/\\\/schema.org\",\"@graph\":[{\"@type\":\"Article\",\"@id\":\"https:\\\/\\\/kuali.com.mx\\\/web\\\/2023\\\/06\\\/29\\\/ordenaran-uso-de-motocietas-particulares\\\/#article\",\"isPartOf\":{\"@id\":\"https:\\\/\\\/kuali.com.mx\\\/web\\\/2023\\\/06\\\/29\\\/ordenaran-uso-de-motocietas-particulares\\\/\"},\"author\":{\"name\":\"Kuali Staff\",\"@id\":\"https:\\\/\\\/kuali.com.mx\\\/web\\\/#\\\/schema\\\/person\\\/6f89ffa8ecba9dae50662357923c5289\"},\"headline\":\"ORDENAR\u00c1N USO DE MOTOCIETAS PARTICULARES\",\"datePublished\":\"2023-06-30T00:55:44+00:00\",\"dateModified\":\"2023-06-30T00:55:46+00:00\",\"mainEntityOfPage\":{\"@id\":\"https:\\\/\\\/kuali.com.mx\\\/web\\\/2023\\\/06\\\/29\\\/ordenaran-uso-de-motocietas-particulares\\\/\"},\"wordCount\":496,\"commentCount\":0,\"image\":{\"@id\":\"https:\\\/\\\/kuali.com.mx\\\/web\\\/2023\\\/06\\\/29\\\/ordenaran-uso-de-motocietas-particulares\\\/#primaryimage\"},\"thumbnailUrl\":\"https:\\\/\\\/kuali.com.mx\\\/web\\\/wp-content\\\/uploads\\\/2023\\\/06\\\/Diputado-Martin-Lopez-Camacho.gif\",\"keywords\":[\"Guanajuato\",\"Leyes\",\"Motocicletas\"],\"articleSection\":[\"Pol\u00edtica\"],\"inLanguage\":\"es\",\"potentialAction\":[{\"@type\":\"CommentAction\",\"name\":\"Comment\",\"target\":[\"https:\\\/\\\/kuali.com.mx\\\/web\\\/2023\\\/06\\\/29\\\/ordenaran-uso-de-motocietas-particulares\\\/#respond\"]}]},{\"@type\":\"WebPage\",\"@id\":\"https:\\\/\\\/kuali.com.mx\\\/web\\\/2023\\\/06\\\/29\\\/ordenaran-uso-de-motocietas-particulares\\\/\",\"url\":\"https:\\\/\\\/kuali.com.mx\\\/web\\\/2023\\\/06\\\/29\\\/ordenaran-uso-de-motocietas-particulares\\\/\",\"name\":\"ORDENAR\u00c1N USO DE MOTOCIETAS PARTICULARES - Kuali\",\"isPartOf\":{\"@id\":\"https:\\\/\\\/kuali.com.mx\\\/web\\\/#website\"},\"primaryImageOfPage\":{\"@id\":\"https:\\\/\\\/kuali.com.mx\\\/web\\\/2023\\\/06\\\/29\\\/ordenaran-uso-de-motocietas-particulares\\\/#primaryimage\"},\"image\":{\"@id\":\"https:\\\/\\\/kuali.com.mx\\\/web\\\/2023\\\/06\\\/29\\\/ordenaran-uso-de-motocietas-particulares\\\/#primaryimage\"},\"thumbnailUrl\":\"https:\\\/\\\/kuali.com.mx\\\/web\\\/wp-content\\\/uploads\\\/2023\\\/06\\\/Diputado-Martin-Lopez-Camacho.gif\",\"datePublished\":\"2023-06-30T00:55:44+00:00\",\"dateModified\":\"2023-06-30T00:55:46+00:00\",\"author\":{\"@id\":\"https:\\\/\\\/kuali.com.mx\\\/web\\\/#\\\/schema\\\/person\\\/6f89ffa8ecba9dae50662357923c5289\"},\"breadcrumb\":{\"@id\":\"https:\\\/\\\/kuali.com.mx\\\/web\\\/2023\\\/06\\\/29\\\/ordenaran-uso-de-motocietas-particulares\\\/#breadcrumb\"},\"inLanguage\":\"es\",\"potentialAction\":[{\"@type\":\"ReadAction\",\"target\":[\"https:\\\/\\\/kuali.com.mx\\\/web\\\/2023\\\/06\\\/29\\\/ordenaran-uso-de-motocietas-particulares\\\/\"]}]},{\"@type\":\"ImageObject\",\"inLanguage\":\"es\",\"@id\":\"https:\\\/\\\/kuali.com.mx\\\/web\\\/2023\\\/06\\\/29\\\/ordenaran-uso-de-motocietas-particulares\\\/#primaryimage\",\"url\":\"https:\\\/\\\/kuali.com.mx\\\/web\\\/wp-content\\\/uploads\\\/2023\\\/06\\\/Diputado-Martin-Lopez-Camacho.gif\",\"contentUrl\":\"https:\\\/\\\/kuali.com.mx\\\/web\\\/wp-content\\\/uploads\\\/2023\\\/06\\\/Diputado-Martin-Lopez-Camacho.gif\",\"width\":1700,\"height\":750},{\"@type\":\"BreadcrumbList\",\"@id\":\"https:\\\/\\\/kuali.com.mx\\\/web\\\/2023\\\/06\\\/29\\\/ordenaran-uso-de-motocietas-particulares\\\/#breadcrumb\",\"itemListElement\":[{\"@type\":\"ListItem\",\"position\":1,\"name\":\"Inicio\",\"item\":\"https:\\\/\\\/kuali.com.mx\\\/web\\\/\"},{\"@type\":\"ListItem\",\"position\":2,\"name\":\"ORDENAR\u00c1N USO DE MOTOCIETAS PARTICULARES\"}]},{\"@type\":\"WebSite\",\"@id\":\"https:\\\/\\\/kuali.com.mx\\\/web\\\/#website\",\"url\":\"https:\\\/\\\/kuali.com.mx\\\/web\\\/\",\"name\":\"Kuali\",\"description\":\"\",\"potentialAction\":[{\"@type\":\"SearchAction\",\"target\":{\"@type\":\"EntryPoint\",\"urlTemplate\":\"https:\\\/\\\/kuali.com.mx\\\/web\\\/?s={search_term_string}\"},\"query-input\":{\"@type\":\"PropertyValueSpecification\",\"valueRequired\":true,\"valueName\":\"search_term_string\"}}],\"inLanguage\":\"es\"},{\"@type\":\"Person\",\"@id\":\"https:\\\/\\\/kuali.com.mx\\\/web\\\/#\\\/schema\\\/person\\\/6f89ffa8ecba9dae50662357923c5289\",\"name\":\"Kuali Staff\",\"image\":{\"@type\":\"ImageObject\",\"inLanguage\":\"es\",\"@id\":\"https:\\\/\\\/secure.gravatar.com\\\/avatar\\\/f917ad82e5ab71227a733c78b6e60715476f69ee6be59feee4eb5d9920c89e0f?s=96&d=mm&r=g\",\"url\":\"https:\\\/\\\/secure.gravatar.com\\\/avatar\\\/f917ad82e5ab71227a733c78b6e60715476f69ee6be59feee4eb5d9920c89e0f?s=96&d=mm&r=g\",\"contentUrl\":\"https:\\\/\\\/secure.gravatar.com\\\/avatar\\\/f917ad82e5ab71227a733c78b6e60715476f69ee6be59feee4eb5d9920c89e0f?s=96&d=mm&r=g\",\"caption\":\"Kuali Staff\"},\"url\":\"https:\\\/\\\/kuali.com.mx\\\/web\\\/author\\\/lagarto\\\/\"}]}<\/script>\n<!-- \/ Yoast SEO plugin. -->","yoast_head_json":{"title":"ORDENAR\u00c1N USO DE MOTOCIETAS PARTICULARES - Kuali","robots":{"index":"index","follow":"follow","max-snippet":"max-snippet:-1","max-image-preview":"max-image-preview:large","max-video-preview":"max-video-preview:-1"},"canonical":"https:\/\/kuali.com.mx\/web\/2023\/06\/29\/ordenaran-uso-de-motocietas-particulares\/","og_locale":"es_MX","og_type":"article","og_title":"ORDENAR\u00c1N USO DE MOTOCIETAS PARTICULARES - Kuali","og_description":"Kuali\/Guanajuato, Gto.- El Congreso del Estado de Guanajuato busca ordenar el uso de motocicletas particulares para que cuenten con un registro en el Padr\u00f3n Vehicular Estatal de Motocicletas. Integrantes de la Junta de Gobierno y Coordinaci\u00f3n Pol\u00edtica del congreso local presentaron este jueves una iniciativa de reforma a la Ley de Movilidad del Estado de [&hellip;]","og_url":"https:\/\/kuali.com.mx\/web\/2023\/06\/29\/ordenaran-uso-de-motocietas-particulares\/","og_site_name":"Kuali","article_publisher":"https:\/\/kuali.com.mx\/web\/wp-content\/uploads\/2018\/04\/cropped-kuali_logo-1-1.png","article_published_time":"2023-06-30T00:55:44+00:00","article_modified_time":"2023-06-30T00:55:46+00:00","og_image":[{"width":1700,"height":750,"url":"https:\/\/kuali.com.mx\/web\/wp-content\/uploads\/2023\/06\/Diputado-Martin-Lopez-Camacho.gif","type":"image\/gif"}],"author":"Kuali Staff","twitter_card":"summary_large_image","twitter_creator":"@kuali_noticias","twitter_site":"@kuali_noticias","twitter_misc":{"Escrito por":"Kuali Staff","Tiempo de lectura":"2 minutos"},"schema":{"@context":"https:\/\/schema.org","@graph":[{"@type":"Article","@id":"https:\/\/kuali.com.mx\/web\/2023\/06\/29\/ordenaran-uso-de-motocietas-particulares\/#article","isPartOf":{"@id":"https:\/\/kuali.com.mx\/web\/2023\/06\/29\/ordenaran-uso-de-motocietas-particulares\/"},"author":{"name":"Kuali Staff","@id":"https:\/\/kuali.com.mx\/web\/#\/schema\/person\/6f89ffa8ecba9dae50662357923c5289"},"headline":"ORDENAR\u00c1N USO DE MOTOCIETAS PARTICULARES","datePublished":"2023-06-30T00:55:44+00:00","dateModified":"2023-06-30T00:55:46+00:00","mainEntityOfPage":{"@id":"https:\/\/kuali.com.mx\/web\/2023\/06\/29\/ordenaran-uso-de-motocietas-particulares\/"},"wordCount":496,"commentCount":0,"image":{"@id":"https:\/\/kuali.com.mx\/web\/2023\/06\/29\/ordenaran-uso-de-motocietas-particulares\/#primaryimage"},"thumbnailUrl":"https:\/\/kuali.com.mx\/web\/wp-content\/uploads\/2023\/06\/Diputado-Martin-Lopez-Camacho.gif","keywords":["Guanajuato","Leyes","Motocicletas"],"articleSection":["Pol\u00edtica"],"inLanguage":"es","potentialAction":[{"@type":"CommentAction","name":"Comment","target":["https:\/\/kuali.com.mx\/web\/2023\/06\/29\/ordenaran-uso-de-motocietas-particulares\/#respond"]}]},{"@type":"WebPage","@id":"https:\/\/kuali.com.mx\/web\/2023\/06\/29\/ordenaran-uso-de-motocietas-particulares\/","url":"https:\/\/kuali.com.mx\/web\/2023\/06\/29\/ordenaran-uso-de-motocietas-particulares\/","name":"ORDENAR\u00c1N USO DE MOTOCIETAS PARTICULARES - Kuali","isPartOf":{"@id":"https:\/\/kuali.com.mx\/web\/#website"},"primaryImageOfPage":{"@id":"https:\/\/kuali.com.mx\/web\/2023\/06\/29\/ordenaran-uso-de-motocietas-particulares\/#primaryimage"},"image":{"@id":"https:\/\/kuali.com.mx\/web\/2023\/06\/29\/ordenaran-uso-de-motocietas-particulares\/#primaryimage"},"thumbnailUrl":"https:\/\/kuali.com.mx\/web\/wp-content\/uploads\/2023\/06\/Diputado-Martin-Lopez-Camacho.gif","datePublished":"2023-06-30T00:55:44+00:00","dateModified":"2023-06-30T00:55:46+00:00","author":{"@id":"https:\/\/kuali.com.mx\/web\/#\/schema\/person\/6f89ffa8ecba9dae50662357923c5289"},"breadcrumb":{"@id":"https:\/\/kuali.com.mx\/web\/2023\/06\/29\/ordenaran-uso-de-motocietas-particulares\/#breadcrumb"},"inLanguage":"es","potentialAction":[{"@type":"ReadAction","target":["https:\/\/kuali.com.mx\/web\/2023\/06\/29\/ordenaran-uso-de-motocietas-particulares\/"]}]},{"@type":"ImageObject","inLanguage":"es","@id":"https:\/\/kuali.com.mx\/web\/2023\/06\/29\/ordenaran-uso-de-motocietas-particulares\/#primaryimage","url":"https:\/\/kuali.com.mx\/web\/wp-content\/uploads\/2023\/06\/Diputado-Martin-Lopez-Camacho.gif","contentUrl":"https:\/\/kuali.com.mx\/web\/wp-content\/uploads\/2023\/06\/Diputado-Martin-Lopez-Camacho.gif","width":1700,"height":750},{"@type":"BreadcrumbList","@id":"https:\/\/kuali.com.mx\/web\/2023\/06\/29\/ordenaran-uso-de-motocietas-particulares\/#breadcrumb","itemListElement":[{"@type":"ListItem","position":1,"name":"Inicio","item":"https:\/\/kuali.com.mx\/web\/"},{"@type":"ListItem","position":2,"name":"ORDENAR\u00c1N USO DE MOTOCIETAS PARTICULARES"}]},{"@type":"WebSite","@id":"https:\/\/kuali.com.mx\/web\/#website","url":"https:\/\/kuali.com.mx\/web\/","name":"Kuali","description":"","potentialAction":[{"@type":"SearchAction","target":{"@type":"EntryPoint","urlTemplate":"https:\/\/kuali.com.mx\/web\/?s={search_term_string}"},"query-input":{"@type":"PropertyValueSpecification","valueRequired":true,"valueName":"search_term_string"}}],"inLanguage":"es"},{"@type":"Person","@id":"https:\/\/kuali.com.mx\/web\/#\/schema\/person\/6f89ffa8ecba9dae50662357923c5289","name":"Kuali Staff","image":{"@type":"ImageObject","inLanguage":"es","@id":"https:\/\/secure.gravatar.com\/avatar\/f917ad82e5ab71227a733c78b6e60715476f69ee6be59feee4eb5d9920c89e0f?s=96&d=mm&r=g","url":"https:\/\/secure.gravatar.com\/avatar\/f917ad82e5ab71227a733c78b6e60715476f69ee6be59feee4eb5d9920c89e0f?s=96&d=mm&r=g","contentUrl":"https:\/\/secure.gravatar.com\/avatar\/f917ad82e5ab71227a733c78b6e60715476f69ee6be59feee4eb5d9920c89e0f?s=96&d=mm&r=g","caption":"Kuali Staff"},"url":"https:\/\/kuali.com.mx\/web\/author\/lagarto\/"}]}},"_links":{"self":[{"href":"https:\/\/kuali.com.mx\/web\/wp-json\/wp\/v2\/posts\/121349","targetHints":{"allow":["GET"]}}],"collection":[{"href":"https:\/\/kuali.com.mx\/web\/wp-json\/wp\/v2\/posts"}],"about":[{"href":"https:\/\/kuali.com.mx\/web\/wp-json\/wp\/v2\/types\/post"}],"author":[{"embeddable":true,"href":"https:\/\/kuali.com.mx\/web\/wp-json\/wp\/v2\/users\/2"}],"replies":[{"embeddable":true,"href":"https:\/\/kuali.com.mx\/web\/wp-json\/wp\/v2\/comments?post=121349"}],"version-history":[{"count":1,"href":"https:\/\/kuali.com.mx\/web\/wp-json\/wp\/v2\/posts\/121349\/revisions"}],"predecessor-version":[{"id":121353,"href":"https:\/\/kuali.com.mx\/web\/wp-json\/wp\/v2\/posts\/121349\/revisions\/121353"}],"wp:featuredmedia":[{"embeddable":true,"href":"https:\/\/kuali.com.mx\/web\/wp-json\/wp\/v2\/media\/121352"}],"wp:attachment":[{"href":"https:\/\/kuali.com.mx\/web\/wp-json\/wp\/v2\/media?parent=121349"}],"wp:term":[{"taxonomy":"category","embeddable":true,"href":"https:\/\/kuali.com.mx\/web\/wp-json\/wp\/v2\/categories?post=121349"},{"taxonomy":"post_tag","embeddable":true,"href":"https:\/\/kuali.com.mx\/web\/wp-json\/wp\/v2\/tags?post=121349"}],"curies":[{"name":"wp","href":"https:\/\/api.w.org\/{rel}","templated":true}]}}