{"id":120526,"date":"2023-06-16T05:38:36","date_gmt":"2023-06-16T11:38:36","guid":{"rendered":"https:\/\/kuali.com.mx\/web\/?p=120526"},"modified":"2023-06-16T07:17:44","modified_gmt":"2023-06-16T13:17:44","slug":"se-queda-sin-agua-comunidad-la-laguna","status":"publish","type":"post","link":"https:\/\/kuali.com.mx\/web\/2023\/06\/16\/se-queda-sin-agua-comunidad-la-laguna\/","title":{"rendered":"SE QUEDA SIN AGUA COMUNIDAD LA LAGUNA"},"content":{"rendered":"\n<p><strong>Kuali\/Pur\u00edsima del Rinc\u00f3n, Gto.-<\/strong> En plena ola de calor y como consecuencia del estr\u00e9s h\u00eddrico que afecta al estado de Guanajuato, la comunidad La Laguna se qued\u00f3 sin agua y el gobierno municipal ha tenido que abastecerla con pipas.<\/p>\n\n\n\n<p>Con una poblaci\u00f3n de 145 personas que habitan en 18 viviendas, la comunidad La Laguna, que seg\u00fan el INEGI s\u00f3lo cuenta con 58 habitantes, enfrenta la falta de agua debido a que la temporada de calor afect\u00f3 la operaci\u00f3n del pozo que surt\u00eda a la comunidad.<\/p>\n\n\n\n<p>En su visita a la comunidad, el presidente municipal, Roberto Garc\u00eda Urbano, dijo a sus habitantes que los estragos que est\u00e1 provocando esta temporada de estiaje son muy distintos a lo vivido a\u00f1os atr\u00e1s. \u201cTodos los d\u00edas ocupamos agua, todos necesitamos hidratarnos, todos ocupamos agua para limpieza y preparaci\u00f3n de alimentos, pero en La Laguna, de pronto,&nbsp; nos quedamos sin agua. El comit\u00e9 de la comunidad quien opera el pozo, busc\u00f3 al Municipio porque sus familias ocupan atenci\u00f3n y ya no pueden tener agua desde su organizaci\u00f3n\u201d.<\/p>\n\n\n\n<p>Garc\u00eda Urbano encabez\u00f3 la entrega de 26 barriles contenedores de agua, exclusivos para limpieza y una parte m\u00ednima, para alimentaci\u00f3n de los animales del corral. El alcalde dijo que es preferible que la gente compre en garrafones el agua para consumo humano porque la densidad del calor y la presencia de vientos o heces fecales pudiera contaminar el agua que se deja en los tambos, en cuyo caso, el riesgos ser\u00edan las enfermedades gastrointestinales.<\/p>\n\n\n\n<p>El alcalde aclar\u00f3 que busca estar cercano y uniendo a todo el territorio, pero no siempre es con obras de cemento porque requiere tener humanismo. Destac\u00f3 que el 18 por ciento de los habitantes de La Laguna son personas mayores de 65 a\u00f1os de edad y que un porcentaje no radica ah\u00ed de manera permanente, ya que una gran cantidad de infantes llegan para quedarse temporalmente con sus abuelos&nbsp; mientras sus pap\u00e1s trabajan.<\/p>\n\n\n\n<p>Adem\u00e1s, el 21 por ciento tiene de cero a 14 a\u00f1os, lo que significa que del 48 al 49 por ciento de la poblaci\u00f3n es vulnerable y necesita una mayor atenci\u00f3n. Otro 10 por ciento vive con alguna discapacidad.<\/p>\n\n\n\n<p>Desde el martes de esta semana el gobierno municipal est\u00e1 entregando el l\u00edquido directamente en los hogares, y no puede abastecer de agua para beber debido a que de las 18 viviendas \u00fanicamente dos cuentan con cisternas para su almacenamiento.<\/p>\n\n\n\n<p>Los 450 litros de agua que cabe en las cisternas solo les alcanzan para un d\u00eda, &nbsp;as\u00ed que no hay c\u00f3mo puedan dar abasto a sus vecinos, incluso, por eso es que la recomendaci\u00f3n es especial, a comprar garrafones de agua para beber, inform\u00f3 el gobierno Pur\u00edsima.<\/p>\n\n\n\n<p>En este momento, los habitantes de La Laguna se cooperan para poner a funcionar nuevamente el su pozo, en tanto, el Administraci\u00f3n Municipal 2021-2024 estar\u00e1 llev\u00e1ndoles el agua, as\u00ed lo acordaron las autoridades municipales &nbsp;quienes dispusieron de 10 pipas que llevar\u00e1n viajes a lo largo de la semana; por ejemplo: dos viajes el martes, tres viajes el jueves y cinco viajes el viernes.<\/p>\n\n\n\n<p>Se entregan 150 litros por persona para las labores de limpieza e higiene personal y se recomienda que destinen un m\u00e1ximo de 50 litros para los animales.<\/p>\n\n\n\n<p>Adem\u00e1s de La Laguna, otros puntos donde se est\u00e1 dando atenci\u00f3n son Ca\u00f1ada de Sotos, San Antonio Casas Blancas y Tepetate del Gallo, donde la necesidad es menor debido a que solamente son una o dos familias las que carecen de agua.<\/p>\n","protected":false},"excerpt":{"rendered":"Kuali\/Pur\u00edsima del Rinc\u00f3n, Gto.- En plena ola de calor y como consecuencia del estr\u00e9s h\u00eddrico que afecta al estado de Guanajuato, la comunidad La Laguna se qued\u00f3 sin agua y el gobierno municipal ha tenido que abastecerla con pipas. Con una poblaci\u00f3n de 145 personas que habitan en 18 viviendas, la comunidad La Laguna, que [&hellip;]","protected":false},"author":2,"featured_media":120529,"comment_status":"open","ping_status":"open","sticky":false,"template":"","format":"standard","meta":{"_seopress_robots_primary_cat":"none","_seopress_titles_title":"","_seopress_titles_desc":"","_seopress_robots_index":"","_monsterinsights_skip_tracking":false,"_monsterinsights_sitenote_active":false,"_monsterinsights_sitenote_note":"","_monsterinsights_sitenote_category":0,"footnotes":""},"categories":[17],"tags":[23,232,2461,229,2462,2454,1115],"class_list":["post-120526","post","type-post","status-publish","format-standard","has-post-thumbnail","hentry","category-ecologia","tag-agua","tag-estres-hidrico","tag-la-laguna","tag-medio-a","tag-medio-amviente","tag-ola-de-calor","tag-purisima-del-rincon"],"yoast_head":"<!-- This site is optimized with the Yoast SEO plugin v27.4 - https:\/\/yoast.com\/product\/yoast-seo-wordpress\/ -->\n<title>SE QUEDA SIN AGUA COMUNIDAD LA LAGUNA - Kuali<\/title>\n<meta name=\"robots\" content=\"index, follow, max-snippet:-1, max-image-preview:large, max-video-preview:-1\" \/>\n<link rel=\"canonical\" href=\"https:\/\/kuali.com.mx\/web\/2023\/06\/16\/se-queda-sin-agua-comunidad-la-laguna\/\" \/>\n<meta property=\"og:locale\" content=\"es_MX\" \/>\n<meta property=\"og:type\" content=\"article\" \/>\n<meta property=\"og:title\" content=\"SE QUEDA SIN AGUA COMUNIDAD LA LAGUNA - Kuali\" \/>\n<meta property=\"og:description\" content=\"Kuali\/Pur\u00edsima del Rinc\u00f3n, Gto.- En plena ola de calor y como consecuencia del estr\u00e9s h\u00eddrico que afecta al estado de Guanajuato, la comunidad La Laguna se qued\u00f3 sin agua y el gobierno municipal ha tenido que abastecerla con pipas. Con una poblaci\u00f3n de 145 personas que habitan en 18 viviendas, la comunidad La Laguna, que [&hellip;]\" \/>\n<meta property=\"og:url\" content=\"https:\/\/kuali.com.mx\/web\/2023\/06\/16\/se-queda-sin-agua-comunidad-la-laguna\/\" \/>\n<meta property=\"og:site_name\" content=\"Kuali\" \/>\n<meta property=\"article:publisher\" content=\"https:\/\/kuali.com.mx\/web\/wp-content\/uploads\/2018\/04\/cropped-kuali_logo-1-1.png\" \/>\n<meta property=\"article:published_time\" content=\"2023-06-16T11:38:36+00:00\" \/>\n<meta property=\"article:modified_time\" content=\"2023-06-16T13:17:44+00:00\" \/>\n<meta property=\"og:image\" content=\"https:\/\/kuali.com.mx\/web\/wp-content\/uploads\/2023\/06\/Agua-Purisima.gif\" \/>\n\t<meta property=\"og:image:width\" content=\"1800\" \/>\n\t<meta property=\"og:image:height\" content=\"750\" \/>\n\t<meta property=\"og:image:type\" content=\"image\/gif\" \/>\n<meta name=\"author\" content=\"Kuali Staff\" \/>\n<meta name=\"twitter:card\" content=\"summary_large_image\" \/>\n<meta name=\"twitter:creator\" content=\"@kuali_noticias\" \/>\n<meta name=\"twitter:site\" content=\"@kuali_noticias\" \/>\n<meta name=\"twitter:label1\" content=\"Escrito por\" \/>\n\t<meta name=\"twitter:data1\" content=\"Kuali Staff\" \/>\n\t<meta name=\"twitter:label2\" content=\"Tiempo de lectura\" \/>\n\t<meta name=\"twitter:data2\" content=\"3 minutos\" \/>\n<script type=\"application\/ld+json\" class=\"yoast-schema-graph\">{\"@context\":\"https:\\\/\\\/schema.org\",\"@graph\":[{\"@type\":\"Article\",\"@id\":\"https:\\\/\\\/kuali.com.mx\\\/web\\\/2023\\\/06\\\/16\\\/se-queda-sin-agua-comunidad-la-laguna\\\/#article\",\"isPartOf\":{\"@id\":\"https:\\\/\\\/kuali.com.mx\\\/web\\\/2023\\\/06\\\/16\\\/se-queda-sin-agua-comunidad-la-laguna\\\/\"},\"author\":{\"name\":\"Kuali Staff\",\"@id\":\"https:\\\/\\\/kuali.com.mx\\\/web\\\/#\\\/schema\\\/person\\\/6f89ffa8ecba9dae50662357923c5289\"},\"headline\":\"SE QUEDA SIN AGUA COMUNIDAD LA LAGUNA\",\"datePublished\":\"2023-06-16T11:38:36+00:00\",\"dateModified\":\"2023-06-16T13:17:44+00:00\",\"mainEntityOfPage\":{\"@id\":\"https:\\\/\\\/kuali.com.mx\\\/web\\\/2023\\\/06\\\/16\\\/se-queda-sin-agua-comunidad-la-laguna\\\/\"},\"wordCount\":612,\"commentCount\":0,\"image\":{\"@id\":\"https:\\\/\\\/kuali.com.mx\\\/web\\\/2023\\\/06\\\/16\\\/se-queda-sin-agua-comunidad-la-laguna\\\/#primaryimage\"},\"thumbnailUrl\":\"https:\\\/\\\/kuali.com.mx\\\/web\\\/wp-content\\\/uploads\\\/2023\\\/06\\\/Agua-Purisima.gif\",\"keywords\":[\"agua\",\"Estr\u00e9s h\u00eddrico\",\"La Laguna\",\"Medio a\",\"Medio amviente\",\"Ola de calor\",\"Pur\u00edsima del Rinc\u00f3n\"],\"articleSection\":[\"Ecolog\u00eda\"],\"inLanguage\":\"es\",\"potentialAction\":[{\"@type\":\"CommentAction\",\"name\":\"Comment\",\"target\":[\"https:\\\/\\\/kuali.com.mx\\\/web\\\/2023\\\/06\\\/16\\\/se-queda-sin-agua-comunidad-la-laguna\\\/#respond\"]}]},{\"@type\":\"WebPage\",\"@id\":\"https:\\\/\\\/kuali.com.mx\\\/web\\\/2023\\\/06\\\/16\\\/se-queda-sin-agua-comunidad-la-laguna\\\/\",\"url\":\"https:\\\/\\\/kuali.com.mx\\\/web\\\/2023\\\/06\\\/16\\\/se-queda-sin-agua-comunidad-la-laguna\\\/\",\"name\":\"SE QUEDA SIN AGUA COMUNIDAD LA LAGUNA - Kuali\",\"isPartOf\":{\"@id\":\"https:\\\/\\\/kuali.com.mx\\\/web\\\/#website\"},\"primaryImageOfPage\":{\"@id\":\"https:\\\/\\\/kuali.com.mx\\\/web\\\/2023\\\/06\\\/16\\\/se-queda-sin-agua-comunidad-la-laguna\\\/#primaryimage\"},\"image\":{\"@id\":\"https:\\\/\\\/kuali.com.mx\\\/web\\\/2023\\\/06\\\/16\\\/se-queda-sin-agua-comunidad-la-laguna\\\/#primaryimage\"},\"thumbnailUrl\":\"https:\\\/\\\/kuali.com.mx\\\/web\\\/wp-content\\\/uploads\\\/2023\\\/06\\\/Agua-Purisima.gif\",\"datePublished\":\"2023-06-16T11:38:36+00:00\",\"dateModified\":\"2023-06-16T13:17:44+00:00\",\"author\":{\"@id\":\"https:\\\/\\\/kuali.com.mx\\\/web\\\/#\\\/schema\\\/person\\\/6f89ffa8ecba9dae50662357923c5289\"},\"breadcrumb\":{\"@id\":\"https:\\\/\\\/kuali.com.mx\\\/web\\\/2023\\\/06\\\/16\\\/se-queda-sin-agua-comunidad-la-laguna\\\/#breadcrumb\"},\"inLanguage\":\"es\",\"potentialAction\":[{\"@type\":\"ReadAction\",\"target\":[\"https:\\\/\\\/kuali.com.mx\\\/web\\\/2023\\\/06\\\/16\\\/se-queda-sin-agua-comunidad-la-laguna\\\/\"]}]},{\"@type\":\"ImageObject\",\"inLanguage\":\"es\",\"@id\":\"https:\\\/\\\/kuali.com.mx\\\/web\\\/2023\\\/06\\\/16\\\/se-queda-sin-agua-comunidad-la-laguna\\\/#primaryimage\",\"url\":\"https:\\\/\\\/kuali.com.mx\\\/web\\\/wp-content\\\/uploads\\\/2023\\\/06\\\/Agua-Purisima.gif\",\"contentUrl\":\"https:\\\/\\\/kuali.com.mx\\\/web\\\/wp-content\\\/uploads\\\/2023\\\/06\\\/Agua-Purisima.gif\",\"width\":1800,\"height\":750},{\"@type\":\"BreadcrumbList\",\"@id\":\"https:\\\/\\\/kuali.com.mx\\\/web\\\/2023\\\/06\\\/16\\\/se-queda-sin-agua-comunidad-la-laguna\\\/#breadcrumb\",\"itemListElement\":[{\"@type\":\"ListItem\",\"position\":1,\"name\":\"Inicio\",\"item\":\"https:\\\/\\\/kuali.com.mx\\\/web\\\/\"},{\"@type\":\"ListItem\",\"position\":2,\"name\":\"SE QUEDA SIN AGUA COMUNIDAD LA LAGUNA\"}]},{\"@type\":\"WebSite\",\"@id\":\"https:\\\/\\\/kuali.com.mx\\\/web\\\/#website\",\"url\":\"https:\\\/\\\/kuali.com.mx\\\/web\\\/\",\"name\":\"Kuali\",\"description\":\"\",\"potentialAction\":[{\"@type\":\"SearchAction\",\"target\":{\"@type\":\"EntryPoint\",\"urlTemplate\":\"https:\\\/\\\/kuali.com.mx\\\/web\\\/?s={search_term_string}\"},\"query-input\":{\"@type\":\"PropertyValueSpecification\",\"valueRequired\":true,\"valueName\":\"search_term_string\"}}],\"inLanguage\":\"es\"},{\"@type\":\"Person\",\"@id\":\"https:\\\/\\\/kuali.com.mx\\\/web\\\/#\\\/schema\\\/person\\\/6f89ffa8ecba9dae50662357923c5289\",\"name\":\"Kuali Staff\",\"image\":{\"@type\":\"ImageObject\",\"inLanguage\":\"es\",\"@id\":\"https:\\\/\\\/secure.gravatar.com\\\/avatar\\\/f917ad82e5ab71227a733c78b6e60715476f69ee6be59feee4eb5d9920c89e0f?s=96&d=mm&r=g\",\"url\":\"https:\\\/\\\/secure.gravatar.com\\\/avatar\\\/f917ad82e5ab71227a733c78b6e60715476f69ee6be59feee4eb5d9920c89e0f?s=96&d=mm&r=g\",\"contentUrl\":\"https:\\\/\\\/secure.gravatar.com\\\/avatar\\\/f917ad82e5ab71227a733c78b6e60715476f69ee6be59feee4eb5d9920c89e0f?s=96&d=mm&r=g\",\"caption\":\"Kuali Staff\"},\"url\":\"https:\\\/\\\/kuali.com.mx\\\/web\\\/author\\\/lagarto\\\/\"}]}<\/script>\n<!-- \/ Yoast SEO plugin. -->","yoast_head_json":{"title":"SE QUEDA SIN AGUA COMUNIDAD LA LAGUNA - Kuali","robots":{"index":"index","follow":"follow","max-snippet":"max-snippet:-1","max-image-preview":"max-image-preview:large","max-video-preview":"max-video-preview:-1"},"canonical":"https:\/\/kuali.com.mx\/web\/2023\/06\/16\/se-queda-sin-agua-comunidad-la-laguna\/","og_locale":"es_MX","og_type":"article","og_title":"SE QUEDA SIN AGUA COMUNIDAD LA LAGUNA - Kuali","og_description":"Kuali\/Pur\u00edsima del Rinc\u00f3n, Gto.- En plena ola de calor y como consecuencia del estr\u00e9s h\u00eddrico que afecta al estado de Guanajuato, la comunidad La Laguna se qued\u00f3 sin agua y el gobierno municipal ha tenido que abastecerla con pipas. Con una poblaci\u00f3n de 145 personas que habitan en 18 viviendas, la comunidad La Laguna, que [&hellip;]","og_url":"https:\/\/kuali.com.mx\/web\/2023\/06\/16\/se-queda-sin-agua-comunidad-la-laguna\/","og_site_name":"Kuali","article_publisher":"https:\/\/kuali.com.mx\/web\/wp-content\/uploads\/2018\/04\/cropped-kuali_logo-1-1.png","article_published_time":"2023-06-16T11:38:36+00:00","article_modified_time":"2023-06-16T13:17:44+00:00","og_image":[{"width":1800,"height":750,"url":"https:\/\/kuali.com.mx\/web\/wp-content\/uploads\/2023\/06\/Agua-Purisima.gif","type":"image\/gif"}],"author":"Kuali Staff","twitter_card":"summary_large_image","twitter_creator":"@kuali_noticias","twitter_site":"@kuali_noticias","twitter_misc":{"Escrito por":"Kuali Staff","Tiempo de lectura":"3 minutos"},"schema":{"@context":"https:\/\/schema.org","@graph":[{"@type":"Article","@id":"https:\/\/kuali.com.mx\/web\/2023\/06\/16\/se-queda-sin-agua-comunidad-la-laguna\/#article","isPartOf":{"@id":"https:\/\/kuali.com.mx\/web\/2023\/06\/16\/se-queda-sin-agua-comunidad-la-laguna\/"},"author":{"name":"Kuali Staff","@id":"https:\/\/kuali.com.mx\/web\/#\/schema\/person\/6f89ffa8ecba9dae50662357923c5289"},"headline":"SE QUEDA SIN AGUA COMUNIDAD LA LAGUNA","datePublished":"2023-06-16T11:38:36+00:00","dateModified":"2023-06-16T13:17:44+00:00","mainEntityOfPage":{"@id":"https:\/\/kuali.com.mx\/web\/2023\/06\/16\/se-queda-sin-agua-comunidad-la-laguna\/"},"wordCount":612,"commentCount":0,"image":{"@id":"https:\/\/kuali.com.mx\/web\/2023\/06\/16\/se-queda-sin-agua-comunidad-la-laguna\/#primaryimage"},"thumbnailUrl":"https:\/\/kuali.com.mx\/web\/wp-content\/uploads\/2023\/06\/Agua-Purisima.gif","keywords":["agua","Estr\u00e9s h\u00eddrico","La Laguna","Medio a","Medio amviente","Ola de calor","Pur\u00edsima del Rinc\u00f3n"],"articleSection":["Ecolog\u00eda"],"inLanguage":"es","potentialAction":[{"@type":"CommentAction","name":"Comment","target":["https:\/\/kuali.com.mx\/web\/2023\/06\/16\/se-queda-sin-agua-comunidad-la-laguna\/#respond"]}]},{"@type":"WebPage","@id":"https:\/\/kuali.com.mx\/web\/2023\/06\/16\/se-queda-sin-agua-comunidad-la-laguna\/","url":"https:\/\/kuali.com.mx\/web\/2023\/06\/16\/se-queda-sin-agua-comunidad-la-laguna\/","name":"SE QUEDA SIN AGUA COMUNIDAD LA LAGUNA - Kuali","isPartOf":{"@id":"https:\/\/kuali.com.mx\/web\/#website"},"primaryImageOfPage":{"@id":"https:\/\/kuali.com.mx\/web\/2023\/06\/16\/se-queda-sin-agua-comunidad-la-laguna\/#primaryimage"},"image":{"@id":"https:\/\/kuali.com.mx\/web\/2023\/06\/16\/se-queda-sin-agua-comunidad-la-laguna\/#primaryimage"},"thumbnailUrl":"https:\/\/kuali.com.mx\/web\/wp-content\/uploads\/2023\/06\/Agua-Purisima.gif","datePublished":"2023-06-16T11:38:36+00:00","dateModified":"2023-06-16T13:17:44+00:00","author":{"@id":"https:\/\/kuali.com.mx\/web\/#\/schema\/person\/6f89ffa8ecba9dae50662357923c5289"},"breadcrumb":{"@id":"https:\/\/kuali.com.mx\/web\/2023\/06\/16\/se-queda-sin-agua-comunidad-la-laguna\/#breadcrumb"},"inLanguage":"es","potentialAction":[{"@type":"ReadAction","target":["https:\/\/kuali.com.mx\/web\/2023\/06\/16\/se-queda-sin-agua-comunidad-la-laguna\/"]}]},{"@type":"ImageObject","inLanguage":"es","@id":"https:\/\/kuali.com.mx\/web\/2023\/06\/16\/se-queda-sin-agua-comunidad-la-laguna\/#primaryimage","url":"https:\/\/kuali.com.mx\/web\/wp-content\/uploads\/2023\/06\/Agua-Purisima.gif","contentUrl":"https:\/\/kuali.com.mx\/web\/wp-content\/uploads\/2023\/06\/Agua-Purisima.gif","width":1800,"height":750},{"@type":"BreadcrumbList","@id":"https:\/\/kuali.com.mx\/web\/2023\/06\/16\/se-queda-sin-agua-comunidad-la-laguna\/#breadcrumb","itemListElement":[{"@type":"ListItem","position":1,"name":"Inicio","item":"https:\/\/kuali.com.mx\/web\/"},{"@type":"ListItem","position":2,"name":"SE QUEDA SIN AGUA COMUNIDAD LA LAGUNA"}]},{"@type":"WebSite","@id":"https:\/\/kuali.com.mx\/web\/#website","url":"https:\/\/kuali.com.mx\/web\/","name":"Kuali","description":"","potentialAction":[{"@type":"SearchAction","target":{"@type":"EntryPoint","urlTemplate":"https:\/\/kuali.com.mx\/web\/?s={search_term_string}"},"query-input":{"@type":"PropertyValueSpecification","valueRequired":true,"valueName":"search_term_string"}}],"inLanguage":"es"},{"@type":"Person","@id":"https:\/\/kuali.com.mx\/web\/#\/schema\/person\/6f89ffa8ecba9dae50662357923c5289","name":"Kuali Staff","image":{"@type":"ImageObject","inLanguage":"es","@id":"https:\/\/secure.gravatar.com\/avatar\/f917ad82e5ab71227a733c78b6e60715476f69ee6be59feee4eb5d9920c89e0f?s=96&d=mm&r=g","url":"https:\/\/secure.gravatar.com\/avatar\/f917ad82e5ab71227a733c78b6e60715476f69ee6be59feee4eb5d9920c89e0f?s=96&d=mm&r=g","contentUrl":"https:\/\/secure.gravatar.com\/avatar\/f917ad82e5ab71227a733c78b6e60715476f69ee6be59feee4eb5d9920c89e0f?s=96&d=mm&r=g","caption":"Kuali Staff"},"url":"https:\/\/kuali.com.mx\/web\/author\/lagarto\/"}]}},"_links":{"self":[{"href":"https:\/\/kuali.com.mx\/web\/wp-json\/wp\/v2\/posts\/120526","targetHints":{"allow":["GET"]}}],"collection":[{"href":"https:\/\/kuali.com.mx\/web\/wp-json\/wp\/v2\/posts"}],"about":[{"href":"https:\/\/kuali.com.mx\/web\/wp-json\/wp\/v2\/types\/post"}],"author":[{"embeddable":true,"href":"https:\/\/kuali.com.mx\/web\/wp-json\/wp\/v2\/users\/2"}],"replies":[{"embeddable":true,"href":"https:\/\/kuali.com.mx\/web\/wp-json\/wp\/v2\/comments?post=120526"}],"version-history":[{"count":1,"href":"https:\/\/kuali.com.mx\/web\/wp-json\/wp\/v2\/posts\/120526\/revisions"}],"predecessor-version":[{"id":120530,"href":"https:\/\/kuali.com.mx\/web\/wp-json\/wp\/v2\/posts\/120526\/revisions\/120530"}],"wp:featuredmedia":[{"embeddable":true,"href":"https:\/\/kuali.com.mx\/web\/wp-json\/wp\/v2\/media\/120529"}],"wp:attachment":[{"href":"https:\/\/kuali.com.mx\/web\/wp-json\/wp\/v2\/media?parent=120526"}],"wp:term":[{"taxonomy":"category","embeddable":true,"href":"https:\/\/kuali.com.mx\/web\/wp-json\/wp\/v2\/categories?post=120526"},{"taxonomy":"post_tag","embeddable":true,"href":"https:\/\/kuali.com.mx\/web\/wp-json\/wp\/v2\/tags?post=120526"}],"curies":[{"name":"wp","href":"https:\/\/api.w.org\/{rel}","templated":true}]}}