{"id":119587,"date":"2023-05-30T12:55:32","date_gmt":"2023-05-30T18:55:32","guid":{"rendered":"https:\/\/kuali.com.mx\/web\/?p=119587"},"modified":"2023-05-31T07:16:15","modified_gmt":"2023-05-31T13:16:15","slug":"lula-plantea-reformas-en-la-reunion-del-g-7","status":"publish","type":"post","link":"https:\/\/kuali.com.mx\/web\/2023\/05\/30\/lula-plantea-reformas-en-la-reunion-del-g-7\/","title":{"rendered":"LULA PLANTEA REFORMAS EN LA REUNI\u00d3N DEL G-7"},"content":{"rendered":"\n<p><em><strong>ENCUENTRO CON GOROSITO\u2026<\/strong><\/em><\/p>\n\n\n\n<p>El presidente de la Rep\u00fablica Federativa de Brasil, Luis In\u00e1cio Lula da Silva, en la reuni\u00f3n del G-7 en Hiroshima (Jap\u00f3n), una vez m\u00e1s afirm\u00f3 la necesidad de una reforma en el Consejo de Seguridad de las Naciones Unidas (ONU), y record\u00f3 que la soluci\u00f3n a los problemas que enfrenta la humanidad no est\u00e1n, en la creaci\u00f3n de bloques antag\u00f3nicos o poderes hegem\u00f3nicos.<\/p>\n\n\n\n<p>El mandatario del gigante amaz\u00f3nico, fue enf\u00e1tico con referencia a su idea de un mundo multipolar que no excluya a ninguna naci\u00f3n por motivos ideol\u00f3gicos o pol\u00edticos. Reafirm\u00f3 la necesidad de varias transformaciones en organismos internacionales como la Organizaci\u00f3n de las Naciones Unidas (ONU).<\/p>\n\n\n\n<p>En su discurso Lula expreso que: \u201cSin una reforma del Consejo de Seguridad, con la inclusi\u00f3n de nuevos miembros permanentes, la Organizaci\u00f3n de las Naciones Unidas no recuperar\u00e1 la eficacia ni la autoridad pol\u00edtica y moral para hacer frente a los conflictos y dilemas del siglo XXI\u201d.<\/p>\n\n\n\n<p>Lula tuvo como p\u00fablico a los jefes de Estado de Alemania, Francia, Reino Unido, Italia, Canad\u00e1, Estados Unidos y Jap\u00f3n, as\u00ed como una representaci\u00f3n de la Uni\u00f3n Europea (UE).<\/p>\n\n\n\n<p>Para el gobernante del gigante latinoamericano, ante las amenazas que enfrenta la humanidad como la pandemia de coronavirus, el cambio clim\u00e1tico, las tensiones geopol\u00edticas y el conflicto en Ucrania, es necesario un cambio de mentalidad. \u201cEs necesario romper mitos y abandonar paradigmas que se desmoronan\u201d, afirm\u00f3 Lula quien participa en la cumbre como unos de los l\u00edderes invitados por el primer ministro de Jap\u00f3n, Fumio Kishida.<\/p>\n\n\n\n<p>Agreg\u00f3: \u201cLa soluci\u00f3n no reside en la formaci\u00f3n de bloques antag\u00f3nicos o en respuestas que impliquen \u00fanicamente a un peque\u00f1o n\u00famero de pa\u00edses. Esto ser\u00e1 especialmente importante en este contexto de transici\u00f3n hacia un orden multipolar, que requerir\u00e1 profundos cambios en las instituciones\u201d.<\/p>\n\n\n\n<p>En su intervenci\u00f3n el mandatario brasile\u00f1o, hizo unas cr\u00edticas a los pa\u00edses integrantes del G-7, al afirmar que, en los \u00faltimos a\u00f1os, hubo \u201cretrocesos importantes\u201d, como el debilitamiento del sistema multilateral de comercio. \u201cEl proteccionismo de los pa\u00edses ricos ha ganado fuerza y la Organizaci\u00f3n Mundial del Comercio sigue paralizada. Nadie se acuerda de la Ronda del Desarrollo\u201d.<\/p>\n\n\n\n<p>\u201cEl sistema financiero mundial debe estar al servicio de la producci\u00f3n, el trabajo y el empleo. Solo tendremos un crecimiento verdaderamente sostenible si dirigimos esfuerzos y recursos hacia la econom\u00eda real\u201d, afirm\u00f3.<\/p>\n\n\n\n<p>Frente a los l\u00edderes de los 7 pa\u00edses m\u00e1s industrializados del mundo y de otra docena de dirigentes invitados por el primer ministro japon\u00e9s, Lula se\u00f1al\u00f3 que el endeudamiento del que fue v\u00edctima Brasil y ahora lo es Argentina es la causa de una desigualdad flagrante y creciente. En ese mismo sentido asegur\u00f3 que el Fondo Monetario Internacional (FMI) debe considerar las consecuencias sociales de las pol\u00edticas de ajuste que aplica.<\/p>\n\n\n\n<p>\u201cEl desempleo, la pobreza, el hambre, la degradaci\u00f3n ambiental, las pandemias y todas las formas de desigualdad y discriminaci\u00f3n son problemas que exigen respuestas socialmente responsables\u201d, sentenci\u00f3 el l\u00edder brasile\u00f1o.<\/p>\n\n\n\n<p>\u201cLa lucha contar el hambre, la pobreza y la desigualdad debe volver al centro de la agenda internacional, asegurando una financiaci\u00f3n adecuada y la transferencia de tecnolog\u00eda\u201d a\u00f1adi\u00f3.&nbsp;<\/p>\n\n\n\n<p>Para el presidente de Brasil, ning\u00fan pa\u00eds podr\u00e1 hacer frente a las amenazas sist\u00e9micas actuales de forma aislada. Adem\u00e1s, dijo, las decisiones s\u00f3lo tendr\u00e1n legitimidad y eficacia si se adoptan y aplican democr\u00e1ticamente bajo las normas internacionales.<\/p>\n\n\n\n<p>\u201cNo tiene sentido pedir a los pa\u00edses emergentes que contribuyan a resolver las m\u00faltiples crisis a las que se enfrenta el mundo sin que se atiendan sus leg\u00edtimas preocupaciones y sin que est\u00e9n adecuadamente representados en los principales \u00f3rganos de gobernanza mundial\u201d, puntualiz\u00f3 el l\u00edder sudamericano.<\/p>\n\n\n\n<p>Lula con su discurso intent\u00f3 ser la voz de los pa\u00edses subdesarrollados y emergentes en la Cumbre del G-7, fustigando el \u201cdogma neoliberal\u201d en la econom\u00eda mundial y reclamando el cese del estado actual de la divisi\u00f3n de poderes geopol\u00edticos en el Consejo de Seguridad de la ONU y el resto de los organismos internacionales.<\/p>\n\n\n\n<p>&nbsp;&nbsp;&nbsp;&nbsp;&nbsp;&nbsp;&nbsp;&nbsp;&nbsp;&nbsp;&nbsp;&nbsp;&nbsp;\u00a1Hasta el pr\u00f3ximo encuentro\u2026!<\/p>\n\n\n\n<p>\u00a0\u00a0\u00a0\u00a0\u00a0\u00a0\u00a0\u00a0\u00a0\u00a0\u00a0\u00a0\u00a0\u00a0\u00a0\u00a0\u00a0\u00a0\u00a0\u00a0\u00a0\u00a0\u00a0\u00a0\u00a0\u00a0\u00a0\u00a0\u00a0\u00a0\u00a0\u00a0\u00a0\u00a0\u00a0\u00a0\u00a0\u00a0\u00a0\u00a0\u00a0\u00a0\u00a0\u00a0\u00a0\u00a0\u00a0\u00a0\u00a0\u00a0\u00a0\u00a0\u00a0\u00a0\u00a0\u00a0\u00a0\u00a0\u00a0\u00a0\u00a0\u00a0<em><strong>Dr.(c). Washington Daniel Gorosito P\u00e9rez<\/strong><\/em><\/p>\n","protected":false},"excerpt":{"rendered":"ENCUENTRO CON GOROSITO\u2026 El presidente de la Rep\u00fablica Federativa de Brasil, Luis In\u00e1cio Lula da Silva, en la reuni\u00f3n del G-7 en Hiroshima (Jap\u00f3n), una vez m\u00e1s afirm\u00f3 la necesidad de una reforma en el Consejo de Seguridad de las Naciones Unidas (ONU), y record\u00f3 que la soluci\u00f3n a los problemas que enfrenta la humanidad [&hellip;]","protected":false},"author":2,"featured_media":119589,"comment_status":"open","ping_status":"open","sticky":false,"template":"","format":"standard","meta":{"_seopress_robots_primary_cat":"none","_seopress_titles_title":"","_seopress_titles_desc":"","_seopress_robots_index":"","_monsterinsights_skip_tracking":false,"_monsterinsights_sitenote_active":false,"_monsterinsights_sitenote_note":"","_monsterinsights_sitenote_category":0,"footnotes":""},"categories":[3],"tags":[],"class_list":["post-119587","post","type-post","status-publish","format-standard","has-post-thumbnail","hentry","category-politica"],"yoast_head":"<!-- This site is optimized with the Yoast SEO plugin v27.4 - https:\/\/yoast.com\/product\/yoast-seo-wordpress\/ -->\n<title>LULA PLANTEA REFORMAS EN LA REUNI\u00d3N DEL G-7 - Kuali<\/title>\n<meta name=\"robots\" content=\"index, follow, max-snippet:-1, max-image-preview:large, max-video-preview:-1\" \/>\n<link rel=\"canonical\" href=\"https:\/\/kuali.com.mx\/web\/2023\/05\/30\/lula-plantea-reformas-en-la-reunion-del-g-7\/\" \/>\n<meta property=\"og:locale\" content=\"es_MX\" \/>\n<meta property=\"og:type\" content=\"article\" \/>\n<meta property=\"og:title\" content=\"LULA PLANTEA REFORMAS EN LA REUNI\u00d3N DEL G-7 - Kuali\" \/>\n<meta property=\"og:description\" content=\"ENCUENTRO CON GOROSITO\u2026 El presidente de la Rep\u00fablica Federativa de Brasil, Luis In\u00e1cio Lula da Silva, en la reuni\u00f3n del G-7 en Hiroshima (Jap\u00f3n), una vez m\u00e1s afirm\u00f3 la necesidad de una reforma en el Consejo de Seguridad de las Naciones Unidas (ONU), y record\u00f3 que la soluci\u00f3n a los problemas que enfrenta la humanidad [&hellip;]\" \/>\n<meta property=\"og:url\" content=\"https:\/\/kuali.com.mx\/web\/2023\/05\/30\/lula-plantea-reformas-en-la-reunion-del-g-7\/\" \/>\n<meta property=\"og:site_name\" content=\"Kuali\" \/>\n<meta property=\"article:publisher\" content=\"https:\/\/kuali.com.mx\/web\/wp-content\/uploads\/2018\/04\/cropped-kuali_logo-1-1.png\" \/>\n<meta property=\"article:published_time\" content=\"2023-05-30T18:55:32+00:00\" \/>\n<meta property=\"article:modified_time\" content=\"2023-05-31T13:16:15+00:00\" \/>\n<meta property=\"og:image\" content=\"https:\/\/kuali.com.mx\/web\/wp-content\/uploads\/2023\/05\/LULA-DA-SILVA.jpg\" \/>\n\t<meta property=\"og:image:width\" content=\"1408\" \/>\n\t<meta property=\"og:image:height\" content=\"750\" \/>\n\t<meta property=\"og:image:type\" content=\"image\/jpeg\" \/>\n<meta name=\"author\" content=\"Kuali Staff\" \/>\n<meta name=\"twitter:card\" content=\"summary_large_image\" \/>\n<meta name=\"twitter:creator\" content=\"@kuali_noticias\" \/>\n<meta name=\"twitter:site\" content=\"@kuali_noticias\" \/>\n<meta name=\"twitter:label1\" content=\"Escrito por\" \/>\n\t<meta name=\"twitter:data1\" content=\"Kuali Staff\" \/>\n\t<meta name=\"twitter:label2\" content=\"Tiempo de lectura\" \/>\n\t<meta name=\"twitter:data2\" content=\"4 minutos\" \/>\n<script type=\"application\/ld+json\" class=\"yoast-schema-graph\">{\"@context\":\"https:\\\/\\\/schema.org\",\"@graph\":[{\"@type\":\"Article\",\"@id\":\"https:\\\/\\\/kuali.com.mx\\\/web\\\/2023\\\/05\\\/30\\\/lula-plantea-reformas-en-la-reunion-del-g-7\\\/#article\",\"isPartOf\":{\"@id\":\"https:\\\/\\\/kuali.com.mx\\\/web\\\/2023\\\/05\\\/30\\\/lula-plantea-reformas-en-la-reunion-del-g-7\\\/\"},\"author\":{\"name\":\"Kuali Staff\",\"@id\":\"https:\\\/\\\/kuali.com.mx\\\/web\\\/#\\\/schema\\\/person\\\/6f89ffa8ecba9dae50662357923c5289\"},\"headline\":\"LULA PLANTEA REFORMAS EN LA REUNI\u00d3N DEL G-7\",\"datePublished\":\"2023-05-30T18:55:32+00:00\",\"dateModified\":\"2023-05-31T13:16:15+00:00\",\"mainEntityOfPage\":{\"@id\":\"https:\\\/\\\/kuali.com.mx\\\/web\\\/2023\\\/05\\\/30\\\/lula-plantea-reformas-en-la-reunion-del-g-7\\\/\"},\"wordCount\":759,\"commentCount\":0,\"image\":{\"@id\":\"https:\\\/\\\/kuali.com.mx\\\/web\\\/2023\\\/05\\\/30\\\/lula-plantea-reformas-en-la-reunion-del-g-7\\\/#primaryimage\"},\"thumbnailUrl\":\"https:\\\/\\\/kuali.com.mx\\\/web\\\/wp-content\\\/uploads\\\/2023\\\/05\\\/LULA-DA-SILVA.jpg\",\"articleSection\":[\"Pol\u00edtica\"],\"inLanguage\":\"es\",\"potentialAction\":[{\"@type\":\"CommentAction\",\"name\":\"Comment\",\"target\":[\"https:\\\/\\\/kuali.com.mx\\\/web\\\/2023\\\/05\\\/30\\\/lula-plantea-reformas-en-la-reunion-del-g-7\\\/#respond\"]}]},{\"@type\":\"WebPage\",\"@id\":\"https:\\\/\\\/kuali.com.mx\\\/web\\\/2023\\\/05\\\/30\\\/lula-plantea-reformas-en-la-reunion-del-g-7\\\/\",\"url\":\"https:\\\/\\\/kuali.com.mx\\\/web\\\/2023\\\/05\\\/30\\\/lula-plantea-reformas-en-la-reunion-del-g-7\\\/\",\"name\":\"LULA PLANTEA REFORMAS EN LA REUNI\u00d3N DEL G-7 - Kuali\",\"isPartOf\":{\"@id\":\"https:\\\/\\\/kuali.com.mx\\\/web\\\/#website\"},\"primaryImageOfPage\":{\"@id\":\"https:\\\/\\\/kuali.com.mx\\\/web\\\/2023\\\/05\\\/30\\\/lula-plantea-reformas-en-la-reunion-del-g-7\\\/#primaryimage\"},\"image\":{\"@id\":\"https:\\\/\\\/kuali.com.mx\\\/web\\\/2023\\\/05\\\/30\\\/lula-plantea-reformas-en-la-reunion-del-g-7\\\/#primaryimage\"},\"thumbnailUrl\":\"https:\\\/\\\/kuali.com.mx\\\/web\\\/wp-content\\\/uploads\\\/2023\\\/05\\\/LULA-DA-SILVA.jpg\",\"datePublished\":\"2023-05-30T18:55:32+00:00\",\"dateModified\":\"2023-05-31T13:16:15+00:00\",\"author\":{\"@id\":\"https:\\\/\\\/kuali.com.mx\\\/web\\\/#\\\/schema\\\/person\\\/6f89ffa8ecba9dae50662357923c5289\"},\"breadcrumb\":{\"@id\":\"https:\\\/\\\/kuali.com.mx\\\/web\\\/2023\\\/05\\\/30\\\/lula-plantea-reformas-en-la-reunion-del-g-7\\\/#breadcrumb\"},\"inLanguage\":\"es\",\"potentialAction\":[{\"@type\":\"ReadAction\",\"target\":[\"https:\\\/\\\/kuali.com.mx\\\/web\\\/2023\\\/05\\\/30\\\/lula-plantea-reformas-en-la-reunion-del-g-7\\\/\"]}]},{\"@type\":\"ImageObject\",\"inLanguage\":\"es\",\"@id\":\"https:\\\/\\\/kuali.com.mx\\\/web\\\/2023\\\/05\\\/30\\\/lula-plantea-reformas-en-la-reunion-del-g-7\\\/#primaryimage\",\"url\":\"https:\\\/\\\/kuali.com.mx\\\/web\\\/wp-content\\\/uploads\\\/2023\\\/05\\\/LULA-DA-SILVA.jpg\",\"contentUrl\":\"https:\\\/\\\/kuali.com.mx\\\/web\\\/wp-content\\\/uploads\\\/2023\\\/05\\\/LULA-DA-SILVA.jpg\",\"width\":1408,\"height\":750},{\"@type\":\"BreadcrumbList\",\"@id\":\"https:\\\/\\\/kuali.com.mx\\\/web\\\/2023\\\/05\\\/30\\\/lula-plantea-reformas-en-la-reunion-del-g-7\\\/#breadcrumb\",\"itemListElement\":[{\"@type\":\"ListItem\",\"position\":1,\"name\":\"Inicio\",\"item\":\"https:\\\/\\\/kuali.com.mx\\\/web\\\/\"},{\"@type\":\"ListItem\",\"position\":2,\"name\":\"LULA PLANTEA REFORMAS EN LA REUNI\u00d3N DEL G-7\"}]},{\"@type\":\"WebSite\",\"@id\":\"https:\\\/\\\/kuali.com.mx\\\/web\\\/#website\",\"url\":\"https:\\\/\\\/kuali.com.mx\\\/web\\\/\",\"name\":\"Kuali\",\"description\":\"\",\"potentialAction\":[{\"@type\":\"SearchAction\",\"target\":{\"@type\":\"EntryPoint\",\"urlTemplate\":\"https:\\\/\\\/kuali.com.mx\\\/web\\\/?s={search_term_string}\"},\"query-input\":{\"@type\":\"PropertyValueSpecification\",\"valueRequired\":true,\"valueName\":\"search_term_string\"}}],\"inLanguage\":\"es\"},{\"@type\":\"Person\",\"@id\":\"https:\\\/\\\/kuali.com.mx\\\/web\\\/#\\\/schema\\\/person\\\/6f89ffa8ecba9dae50662357923c5289\",\"name\":\"Kuali Staff\",\"image\":{\"@type\":\"ImageObject\",\"inLanguage\":\"es\",\"@id\":\"https:\\\/\\\/secure.gravatar.com\\\/avatar\\\/f917ad82e5ab71227a733c78b6e60715476f69ee6be59feee4eb5d9920c89e0f?s=96&d=mm&r=g\",\"url\":\"https:\\\/\\\/secure.gravatar.com\\\/avatar\\\/f917ad82e5ab71227a733c78b6e60715476f69ee6be59feee4eb5d9920c89e0f?s=96&d=mm&r=g\",\"contentUrl\":\"https:\\\/\\\/secure.gravatar.com\\\/avatar\\\/f917ad82e5ab71227a733c78b6e60715476f69ee6be59feee4eb5d9920c89e0f?s=96&d=mm&r=g\",\"caption\":\"Kuali Staff\"},\"url\":\"https:\\\/\\\/kuali.com.mx\\\/web\\\/author\\\/lagarto\\\/\"}]}<\/script>\n<!-- \/ Yoast SEO plugin. -->","yoast_head_json":{"title":"LULA PLANTEA REFORMAS EN LA REUNI\u00d3N DEL G-7 - Kuali","robots":{"index":"index","follow":"follow","max-snippet":"max-snippet:-1","max-image-preview":"max-image-preview:large","max-video-preview":"max-video-preview:-1"},"canonical":"https:\/\/kuali.com.mx\/web\/2023\/05\/30\/lula-plantea-reformas-en-la-reunion-del-g-7\/","og_locale":"es_MX","og_type":"article","og_title":"LULA PLANTEA REFORMAS EN LA REUNI\u00d3N DEL G-7 - Kuali","og_description":"ENCUENTRO CON GOROSITO\u2026 El presidente de la Rep\u00fablica Federativa de Brasil, Luis In\u00e1cio Lula da Silva, en la reuni\u00f3n del G-7 en Hiroshima (Jap\u00f3n), una vez m\u00e1s afirm\u00f3 la necesidad de una reforma en el Consejo de Seguridad de las Naciones Unidas (ONU), y record\u00f3 que la soluci\u00f3n a los problemas que enfrenta la humanidad [&hellip;]","og_url":"https:\/\/kuali.com.mx\/web\/2023\/05\/30\/lula-plantea-reformas-en-la-reunion-del-g-7\/","og_site_name":"Kuali","article_publisher":"https:\/\/kuali.com.mx\/web\/wp-content\/uploads\/2018\/04\/cropped-kuali_logo-1-1.png","article_published_time":"2023-05-30T18:55:32+00:00","article_modified_time":"2023-05-31T13:16:15+00:00","og_image":[{"width":1408,"height":750,"url":"https:\/\/kuali.com.mx\/web\/wp-content\/uploads\/2023\/05\/LULA-DA-SILVA.jpg","type":"image\/jpeg"}],"author":"Kuali Staff","twitter_card":"summary_large_image","twitter_creator":"@kuali_noticias","twitter_site":"@kuali_noticias","twitter_misc":{"Escrito por":"Kuali Staff","Tiempo de lectura":"4 minutos"},"schema":{"@context":"https:\/\/schema.org","@graph":[{"@type":"Article","@id":"https:\/\/kuali.com.mx\/web\/2023\/05\/30\/lula-plantea-reformas-en-la-reunion-del-g-7\/#article","isPartOf":{"@id":"https:\/\/kuali.com.mx\/web\/2023\/05\/30\/lula-plantea-reformas-en-la-reunion-del-g-7\/"},"author":{"name":"Kuali Staff","@id":"https:\/\/kuali.com.mx\/web\/#\/schema\/person\/6f89ffa8ecba9dae50662357923c5289"},"headline":"LULA PLANTEA REFORMAS EN LA REUNI\u00d3N DEL G-7","datePublished":"2023-05-30T18:55:32+00:00","dateModified":"2023-05-31T13:16:15+00:00","mainEntityOfPage":{"@id":"https:\/\/kuali.com.mx\/web\/2023\/05\/30\/lula-plantea-reformas-en-la-reunion-del-g-7\/"},"wordCount":759,"commentCount":0,"image":{"@id":"https:\/\/kuali.com.mx\/web\/2023\/05\/30\/lula-plantea-reformas-en-la-reunion-del-g-7\/#primaryimage"},"thumbnailUrl":"https:\/\/kuali.com.mx\/web\/wp-content\/uploads\/2023\/05\/LULA-DA-SILVA.jpg","articleSection":["Pol\u00edtica"],"inLanguage":"es","potentialAction":[{"@type":"CommentAction","name":"Comment","target":["https:\/\/kuali.com.mx\/web\/2023\/05\/30\/lula-plantea-reformas-en-la-reunion-del-g-7\/#respond"]}]},{"@type":"WebPage","@id":"https:\/\/kuali.com.mx\/web\/2023\/05\/30\/lula-plantea-reformas-en-la-reunion-del-g-7\/","url":"https:\/\/kuali.com.mx\/web\/2023\/05\/30\/lula-plantea-reformas-en-la-reunion-del-g-7\/","name":"LULA PLANTEA REFORMAS EN LA REUNI\u00d3N DEL G-7 - Kuali","isPartOf":{"@id":"https:\/\/kuali.com.mx\/web\/#website"},"primaryImageOfPage":{"@id":"https:\/\/kuali.com.mx\/web\/2023\/05\/30\/lula-plantea-reformas-en-la-reunion-del-g-7\/#primaryimage"},"image":{"@id":"https:\/\/kuali.com.mx\/web\/2023\/05\/30\/lula-plantea-reformas-en-la-reunion-del-g-7\/#primaryimage"},"thumbnailUrl":"https:\/\/kuali.com.mx\/web\/wp-content\/uploads\/2023\/05\/LULA-DA-SILVA.jpg","datePublished":"2023-05-30T18:55:32+00:00","dateModified":"2023-05-31T13:16:15+00:00","author":{"@id":"https:\/\/kuali.com.mx\/web\/#\/schema\/person\/6f89ffa8ecba9dae50662357923c5289"},"breadcrumb":{"@id":"https:\/\/kuali.com.mx\/web\/2023\/05\/30\/lula-plantea-reformas-en-la-reunion-del-g-7\/#breadcrumb"},"inLanguage":"es","potentialAction":[{"@type":"ReadAction","target":["https:\/\/kuali.com.mx\/web\/2023\/05\/30\/lula-plantea-reformas-en-la-reunion-del-g-7\/"]}]},{"@type":"ImageObject","inLanguage":"es","@id":"https:\/\/kuali.com.mx\/web\/2023\/05\/30\/lula-plantea-reformas-en-la-reunion-del-g-7\/#primaryimage","url":"https:\/\/kuali.com.mx\/web\/wp-content\/uploads\/2023\/05\/LULA-DA-SILVA.jpg","contentUrl":"https:\/\/kuali.com.mx\/web\/wp-content\/uploads\/2023\/05\/LULA-DA-SILVA.jpg","width":1408,"height":750},{"@type":"BreadcrumbList","@id":"https:\/\/kuali.com.mx\/web\/2023\/05\/30\/lula-plantea-reformas-en-la-reunion-del-g-7\/#breadcrumb","itemListElement":[{"@type":"ListItem","position":1,"name":"Inicio","item":"https:\/\/kuali.com.mx\/web\/"},{"@type":"ListItem","position":2,"name":"LULA PLANTEA REFORMAS EN LA REUNI\u00d3N DEL G-7"}]},{"@type":"WebSite","@id":"https:\/\/kuali.com.mx\/web\/#website","url":"https:\/\/kuali.com.mx\/web\/","name":"Kuali","description":"","potentialAction":[{"@type":"SearchAction","target":{"@type":"EntryPoint","urlTemplate":"https:\/\/kuali.com.mx\/web\/?s={search_term_string}"},"query-input":{"@type":"PropertyValueSpecification","valueRequired":true,"valueName":"search_term_string"}}],"inLanguage":"es"},{"@type":"Person","@id":"https:\/\/kuali.com.mx\/web\/#\/schema\/person\/6f89ffa8ecba9dae50662357923c5289","name":"Kuali Staff","image":{"@type":"ImageObject","inLanguage":"es","@id":"https:\/\/secure.gravatar.com\/avatar\/f917ad82e5ab71227a733c78b6e60715476f69ee6be59feee4eb5d9920c89e0f?s=96&d=mm&r=g","url":"https:\/\/secure.gravatar.com\/avatar\/f917ad82e5ab71227a733c78b6e60715476f69ee6be59feee4eb5d9920c89e0f?s=96&d=mm&r=g","contentUrl":"https:\/\/secure.gravatar.com\/avatar\/f917ad82e5ab71227a733c78b6e60715476f69ee6be59feee4eb5d9920c89e0f?s=96&d=mm&r=g","caption":"Kuali Staff"},"url":"https:\/\/kuali.com.mx\/web\/author\/lagarto\/"}]}},"_links":{"self":[{"href":"https:\/\/kuali.com.mx\/web\/wp-json\/wp\/v2\/posts\/119587","targetHints":{"allow":["GET"]}}],"collection":[{"href":"https:\/\/kuali.com.mx\/web\/wp-json\/wp\/v2\/posts"}],"about":[{"href":"https:\/\/kuali.com.mx\/web\/wp-json\/wp\/v2\/types\/post"}],"author":[{"embeddable":true,"href":"https:\/\/kuali.com.mx\/web\/wp-json\/wp\/v2\/users\/2"}],"replies":[{"embeddable":true,"href":"https:\/\/kuali.com.mx\/web\/wp-json\/wp\/v2\/comments?post=119587"}],"version-history":[{"count":1,"href":"https:\/\/kuali.com.mx\/web\/wp-json\/wp\/v2\/posts\/119587\/revisions"}],"predecessor-version":[{"id":119590,"href":"https:\/\/kuali.com.mx\/web\/wp-json\/wp\/v2\/posts\/119587\/revisions\/119590"}],"wp:featuredmedia":[{"embeddable":true,"href":"https:\/\/kuali.com.mx\/web\/wp-json\/wp\/v2\/media\/119589"}],"wp:attachment":[{"href":"https:\/\/kuali.com.mx\/web\/wp-json\/wp\/v2\/media?parent=119587"}],"wp:term":[{"taxonomy":"category","embeddable":true,"href":"https:\/\/kuali.com.mx\/web\/wp-json\/wp\/v2\/categories?post=119587"},{"taxonomy":"post_tag","embeddable":true,"href":"https:\/\/kuali.com.mx\/web\/wp-json\/wp\/v2\/tags?post=119587"}],"curies":[{"name":"wp","href":"https:\/\/api.w.org\/{rel}","templated":true}]}}