{"id":119555,"date":"2023-05-30T16:11:00","date_gmt":"2023-05-30T22:11:00","guid":{"rendered":"https:\/\/kuali.com.mx\/web\/?p=119555"},"modified":"2023-05-30T17:13:21","modified_gmt":"2023-05-30T23:13:21","slug":"protegeran-a-animales-con-ley-federal","status":"publish","type":"post","link":"https:\/\/kuali.com.mx\/web\/2023\/05\/30\/protegeran-a-animales-con-ley-federal\/","title":{"rendered":"PROTEGER\u00c1N A ANIMALES CON LEY FEDERAL"},"content":{"rendered":"\n<p><strong><em>Kuali\/Ciudad de M\u00e9xico.-<\/em><\/strong>El presidente Andr\u00e9s Manuel L\u00f3pez Obrador conden\u00f3 el violento ataque contra un perro en Tec\u00e1mac, Estado de M\u00e9xico y afirm\u00f3 que el Gobierno de la Cuarta Transformaci\u00f3n analiza reforzar la protecci\u00f3n de los animales a trav\u00e9s de una reforma a la ley federal.<\/p>\n\n\n\n<p>\u201cVamos a ver, sobre este caso, si hay una ley o el art\u00edculo es lo suficientemente eficaz para el castigo o hace falta reformar la legislaci\u00f3n y, lo que est\u00e1n planteando, que se convierta en una ley federal\u201d, subray\u00f3.<\/p>\n\n\n\n<p>En conferencia de prensa matutina llam\u00f3 a hacer conciencia sobre estas conductas y sostuvo que \u201cno deben suceder, no deben de admitirse y tienen que ver mucho con la formaci\u00f3n que se da desde la edad temprana de la vida\u201d.<\/p>\n\n\n\n<p>El mandatario reiter\u00f3 la necesidad de fortalecer valores culturales, morales y espirituales. Adelant\u00f3 que los nuevos contenidos de libros de texto gratuitos incluir\u00e1n materiales did\u00e1cticos que fomenten el respeto y la protecci\u00f3n a los animales y a la naturaleza.<\/p>\n\n\n\n<p>\u201cTenemos que ir haciendo conciencia del amor al pr\u00f3jimo y del amor a los animales, la importancia de la fraternidad. (\u2026) Insistir en que s\u00f3lo siendo buenos podemos ser felices, que no s\u00f3lo de pan vive el hombre, que hay que buscar el bienestar material, pero tambi\u00e9n del alma, por eso tenemos que pensar en el humanismo. (\u2026) Es parte de la concientizaci\u00f3n que se tiene que ir desarrollando, porque antes no se ten\u00eda mucha conciencia sobre la protecci\u00f3n de los animales y se tiene que seguir avanzando\u201d, asever\u00f3.<\/p>\n\n\n\n<p>La secretaria de Seguridad y Protecci\u00f3n Ciudadana, Rosa Icela Rodr\u00edguez Vel\u00e1zquez, inform\u00f3 que los hechos se registraron el pasado domingo cuando un hombre, que se encontraba armado, discuti\u00f3 con el due\u00f1o de una carnicer\u00eda y, antes de huir, caus\u00f3 la muerte del perro debido a las severas quemaduras.<\/p>\n\n\n\n<p>Por el delito de maltrato animal podr\u00eda alcanzar una pena de hasta seis a\u00f1os, de acuerdo con el Art\u00edculo 235 de la legislaci\u00f3n del Estado de M\u00e9xico.<\/p>\n\n\n\n<p>\u201cYa se abri\u00f3 la carpeta de investigaci\u00f3n por estos hechos y se est\u00e1 trabajando en conseguir la orden de aprehensi\u00f3n contra el imputado. (\u2026) Esta acci\u00f3n ha generado cr\u00edticas, reclamos por parte de las diversas organizaciones de protecci\u00f3n animal, por ni\u00f1os, j\u00f3venes y por eso estamos abordando el tema\u201d, puntualiz\u00f3.<\/p>\n\n\n\n<p>La titular de la SSPC afirm\u00f3 que el gobierno federal est\u00e1 en disposici\u00f3n para trabajar en coordinaci\u00f3n con autoridades del Estado de M\u00e9xico a fin de ayudar a detener al responsable, que est\u00e1 plenamente identificado.<\/p>\n\n\n\n<p>\u201cEs una crueldad infinita como procedi\u00f3 a tratar as\u00ed a un animalito, eso no es correcto; nosotros estar\u00edamos trabajando tambi\u00e9n sobre el caso y en los pr\u00f3ximos d\u00edas tendremos algunas jornadas para hacer conciencia en la poblaci\u00f3n sobre la crueldad en contra de los animales\u201d, agreg\u00f3.<\/p>\n","protected":false},"excerpt":{"rendered":"Kuali\/Ciudad de M\u00e9xico.-El presidente Andr\u00e9s Manuel L\u00f3pez Obrador conden\u00f3 el violento ataque contra un perro en Tec\u00e1mac, Estado de M\u00e9xico y afirm\u00f3 que el Gobierno de la Cuarta Transformaci\u00f3n analiza reforzar la protecci\u00f3n de los animales a trav\u00e9s de una reforma a la ley federal. \u201cVamos a ver, sobre este caso, si hay una ley [&hellip;]","protected":false},"author":2,"featured_media":110327,"comment_status":"open","ping_status":"open","sticky":false,"template":"","format":"standard","meta":{"_seopress_robots_primary_cat":"none","_seopress_titles_title":"","_seopress_titles_desc":"","_seopress_robots_index":"","_monsterinsights_skip_tracking":false,"_monsterinsights_sitenote_active":false,"_monsterinsights_sitenote_note":"","_monsterinsights_sitenote_category":0,"footnotes":""},"categories":[3],"tags":[],"class_list":["post-119555","post","type-post","status-publish","format-standard","has-post-thumbnail","hentry","category-politica"],"yoast_head":"<!-- This site is optimized with the Yoast SEO plugin v27.4 - https:\/\/yoast.com\/product\/yoast-seo-wordpress\/ -->\n<title>PROTEGER\u00c1N A ANIMALES CON LEY FEDERAL - Kuali<\/title>\n<meta name=\"robots\" content=\"index, follow, max-snippet:-1, max-image-preview:large, max-video-preview:-1\" \/>\n<link rel=\"canonical\" href=\"https:\/\/kuali.com.mx\/web\/2023\/05\/30\/protegeran-a-animales-con-ley-federal\/\" \/>\n<meta property=\"og:locale\" content=\"es_MX\" \/>\n<meta property=\"og:type\" content=\"article\" \/>\n<meta property=\"og:title\" content=\"PROTEGER\u00c1N A ANIMALES CON LEY FEDERAL - Kuali\" \/>\n<meta property=\"og:description\" content=\"Kuali\/Ciudad de M\u00e9xico.-El presidente Andr\u00e9s Manuel L\u00f3pez Obrador conden\u00f3 el violento ataque contra un perro en Tec\u00e1mac, Estado de M\u00e9xico y afirm\u00f3 que el Gobierno de la Cuarta Transformaci\u00f3n analiza reforzar la protecci\u00f3n de los animales a trav\u00e9s de una reforma a la ley federal. \u201cVamos a ver, sobre este caso, si hay una ley [&hellip;]\" \/>\n<meta property=\"og:url\" content=\"https:\/\/kuali.com.mx\/web\/2023\/05\/30\/protegeran-a-animales-con-ley-federal\/\" \/>\n<meta property=\"og:site_name\" content=\"Kuali\" \/>\n<meta property=\"article:publisher\" content=\"https:\/\/kuali.com.mx\/web\/wp-content\/uploads\/2018\/04\/cropped-kuali_logo-1-1.png\" \/>\n<meta property=\"article:published_time\" content=\"2023-05-30T22:11:00+00:00\" \/>\n<meta property=\"article:modified_time\" content=\"2023-05-30T23:13:21+00:00\" \/>\n<meta property=\"og:image\" content=\"https:\/\/kuali.com.mx\/web\/wp-content\/uploads\/2023\/01\/Maltrato-animal-perros-mascotas.jpg\" \/>\n\t<meta property=\"og:image:width\" content=\"1743\" \/>\n\t<meta property=\"og:image:height\" content=\"750\" \/>\n\t<meta property=\"og:image:type\" content=\"image\/jpeg\" \/>\n<meta name=\"author\" content=\"Kuali Staff\" \/>\n<meta name=\"twitter:card\" content=\"summary_large_image\" \/>\n<meta name=\"twitter:creator\" content=\"@kuali_noticias\" \/>\n<meta name=\"twitter:site\" content=\"@kuali_noticias\" \/>\n<meta name=\"twitter:label1\" content=\"Escrito por\" \/>\n\t<meta name=\"twitter:data1\" content=\"Kuali Staff\" \/>\n\t<meta name=\"twitter:label2\" content=\"Tiempo de lectura\" \/>\n\t<meta name=\"twitter:data2\" content=\"3 minutos\" \/>\n<script type=\"application\/ld+json\" class=\"yoast-schema-graph\">{\"@context\":\"https:\\\/\\\/schema.org\",\"@graph\":[{\"@type\":\"Article\",\"@id\":\"https:\\\/\\\/kuali.com.mx\\\/web\\\/2023\\\/05\\\/30\\\/protegeran-a-animales-con-ley-federal\\\/#article\",\"isPartOf\":{\"@id\":\"https:\\\/\\\/kuali.com.mx\\\/web\\\/2023\\\/05\\\/30\\\/protegeran-a-animales-con-ley-federal\\\/\"},\"author\":{\"name\":\"Kuali Staff\",\"@id\":\"https:\\\/\\\/kuali.com.mx\\\/web\\\/#\\\/schema\\\/person\\\/6f89ffa8ecba9dae50662357923c5289\"},\"headline\":\"PROTEGER\u00c1N A ANIMALES CON LEY FEDERAL\",\"datePublished\":\"2023-05-30T22:11:00+00:00\",\"dateModified\":\"2023-05-30T23:13:21+00:00\",\"mainEntityOfPage\":{\"@id\":\"https:\\\/\\\/kuali.com.mx\\\/web\\\/2023\\\/05\\\/30\\\/protegeran-a-animales-con-ley-federal\\\/\"},\"wordCount\":511,\"commentCount\":0,\"image\":{\"@id\":\"https:\\\/\\\/kuali.com.mx\\\/web\\\/2023\\\/05\\\/30\\\/protegeran-a-animales-con-ley-federal\\\/#primaryimage\"},\"thumbnailUrl\":\"https:\\\/\\\/kuali.com.mx\\\/web\\\/wp-content\\\/uploads\\\/2023\\\/01\\\/Maltrato-animal-perros-mascotas.jpg\",\"articleSection\":[\"Pol\u00edtica\"],\"inLanguage\":\"es\",\"potentialAction\":[{\"@type\":\"CommentAction\",\"name\":\"Comment\",\"target\":[\"https:\\\/\\\/kuali.com.mx\\\/web\\\/2023\\\/05\\\/30\\\/protegeran-a-animales-con-ley-federal\\\/#respond\"]}]},{\"@type\":\"WebPage\",\"@id\":\"https:\\\/\\\/kuali.com.mx\\\/web\\\/2023\\\/05\\\/30\\\/protegeran-a-animales-con-ley-federal\\\/\",\"url\":\"https:\\\/\\\/kuali.com.mx\\\/web\\\/2023\\\/05\\\/30\\\/protegeran-a-animales-con-ley-federal\\\/\",\"name\":\"PROTEGER\u00c1N A ANIMALES CON LEY FEDERAL - Kuali\",\"isPartOf\":{\"@id\":\"https:\\\/\\\/kuali.com.mx\\\/web\\\/#website\"},\"primaryImageOfPage\":{\"@id\":\"https:\\\/\\\/kuali.com.mx\\\/web\\\/2023\\\/05\\\/30\\\/protegeran-a-animales-con-ley-federal\\\/#primaryimage\"},\"image\":{\"@id\":\"https:\\\/\\\/kuali.com.mx\\\/web\\\/2023\\\/05\\\/30\\\/protegeran-a-animales-con-ley-federal\\\/#primaryimage\"},\"thumbnailUrl\":\"https:\\\/\\\/kuali.com.mx\\\/web\\\/wp-content\\\/uploads\\\/2023\\\/01\\\/Maltrato-animal-perros-mascotas.jpg\",\"datePublished\":\"2023-05-30T22:11:00+00:00\",\"dateModified\":\"2023-05-30T23:13:21+00:00\",\"author\":{\"@id\":\"https:\\\/\\\/kuali.com.mx\\\/web\\\/#\\\/schema\\\/person\\\/6f89ffa8ecba9dae50662357923c5289\"},\"breadcrumb\":{\"@id\":\"https:\\\/\\\/kuali.com.mx\\\/web\\\/2023\\\/05\\\/30\\\/protegeran-a-animales-con-ley-federal\\\/#breadcrumb\"},\"inLanguage\":\"es\",\"potentialAction\":[{\"@type\":\"ReadAction\",\"target\":[\"https:\\\/\\\/kuali.com.mx\\\/web\\\/2023\\\/05\\\/30\\\/protegeran-a-animales-con-ley-federal\\\/\"]}]},{\"@type\":\"ImageObject\",\"inLanguage\":\"es\",\"@id\":\"https:\\\/\\\/kuali.com.mx\\\/web\\\/2023\\\/05\\\/30\\\/protegeran-a-animales-con-ley-federal\\\/#primaryimage\",\"url\":\"https:\\\/\\\/kuali.com.mx\\\/web\\\/wp-content\\\/uploads\\\/2023\\\/01\\\/Maltrato-animal-perros-mascotas.jpg\",\"contentUrl\":\"https:\\\/\\\/kuali.com.mx\\\/web\\\/wp-content\\\/uploads\\\/2023\\\/01\\\/Maltrato-animal-perros-mascotas.jpg\",\"width\":1743,\"height\":750},{\"@type\":\"BreadcrumbList\",\"@id\":\"https:\\\/\\\/kuali.com.mx\\\/web\\\/2023\\\/05\\\/30\\\/protegeran-a-animales-con-ley-federal\\\/#breadcrumb\",\"itemListElement\":[{\"@type\":\"ListItem\",\"position\":1,\"name\":\"Inicio\",\"item\":\"https:\\\/\\\/kuali.com.mx\\\/web\\\/\"},{\"@type\":\"ListItem\",\"position\":2,\"name\":\"PROTEGER\u00c1N A ANIMALES CON LEY FEDERAL\"}]},{\"@type\":\"WebSite\",\"@id\":\"https:\\\/\\\/kuali.com.mx\\\/web\\\/#website\",\"url\":\"https:\\\/\\\/kuali.com.mx\\\/web\\\/\",\"name\":\"Kuali\",\"description\":\"\",\"potentialAction\":[{\"@type\":\"SearchAction\",\"target\":{\"@type\":\"EntryPoint\",\"urlTemplate\":\"https:\\\/\\\/kuali.com.mx\\\/web\\\/?s={search_term_string}\"},\"query-input\":{\"@type\":\"PropertyValueSpecification\",\"valueRequired\":true,\"valueName\":\"search_term_string\"}}],\"inLanguage\":\"es\"},{\"@type\":\"Person\",\"@id\":\"https:\\\/\\\/kuali.com.mx\\\/web\\\/#\\\/schema\\\/person\\\/6f89ffa8ecba9dae50662357923c5289\",\"name\":\"Kuali Staff\",\"image\":{\"@type\":\"ImageObject\",\"inLanguage\":\"es\",\"@id\":\"https:\\\/\\\/secure.gravatar.com\\\/avatar\\\/f917ad82e5ab71227a733c78b6e60715476f69ee6be59feee4eb5d9920c89e0f?s=96&d=mm&r=g\",\"url\":\"https:\\\/\\\/secure.gravatar.com\\\/avatar\\\/f917ad82e5ab71227a733c78b6e60715476f69ee6be59feee4eb5d9920c89e0f?s=96&d=mm&r=g\",\"contentUrl\":\"https:\\\/\\\/secure.gravatar.com\\\/avatar\\\/f917ad82e5ab71227a733c78b6e60715476f69ee6be59feee4eb5d9920c89e0f?s=96&d=mm&r=g\",\"caption\":\"Kuali Staff\"},\"url\":\"https:\\\/\\\/kuali.com.mx\\\/web\\\/author\\\/lagarto\\\/\"}]}<\/script>\n<!-- \/ Yoast SEO plugin. -->","yoast_head_json":{"title":"PROTEGER\u00c1N A ANIMALES CON LEY FEDERAL - Kuali","robots":{"index":"index","follow":"follow","max-snippet":"max-snippet:-1","max-image-preview":"max-image-preview:large","max-video-preview":"max-video-preview:-1"},"canonical":"https:\/\/kuali.com.mx\/web\/2023\/05\/30\/protegeran-a-animales-con-ley-federal\/","og_locale":"es_MX","og_type":"article","og_title":"PROTEGER\u00c1N A ANIMALES CON LEY FEDERAL - Kuali","og_description":"Kuali\/Ciudad de M\u00e9xico.-El presidente Andr\u00e9s Manuel L\u00f3pez Obrador conden\u00f3 el violento ataque contra un perro en Tec\u00e1mac, Estado de M\u00e9xico y afirm\u00f3 que el Gobierno de la Cuarta Transformaci\u00f3n analiza reforzar la protecci\u00f3n de los animales a trav\u00e9s de una reforma a la ley federal. \u201cVamos a ver, sobre este caso, si hay una ley [&hellip;]","og_url":"https:\/\/kuali.com.mx\/web\/2023\/05\/30\/protegeran-a-animales-con-ley-federal\/","og_site_name":"Kuali","article_publisher":"https:\/\/kuali.com.mx\/web\/wp-content\/uploads\/2018\/04\/cropped-kuali_logo-1-1.png","article_published_time":"2023-05-30T22:11:00+00:00","article_modified_time":"2023-05-30T23:13:21+00:00","og_image":[{"width":1743,"height":750,"url":"https:\/\/kuali.com.mx\/web\/wp-content\/uploads\/2023\/01\/Maltrato-animal-perros-mascotas.jpg","type":"image\/jpeg"}],"author":"Kuali Staff","twitter_card":"summary_large_image","twitter_creator":"@kuali_noticias","twitter_site":"@kuali_noticias","twitter_misc":{"Escrito por":"Kuali Staff","Tiempo de lectura":"3 minutos"},"schema":{"@context":"https:\/\/schema.org","@graph":[{"@type":"Article","@id":"https:\/\/kuali.com.mx\/web\/2023\/05\/30\/protegeran-a-animales-con-ley-federal\/#article","isPartOf":{"@id":"https:\/\/kuali.com.mx\/web\/2023\/05\/30\/protegeran-a-animales-con-ley-federal\/"},"author":{"name":"Kuali Staff","@id":"https:\/\/kuali.com.mx\/web\/#\/schema\/person\/6f89ffa8ecba9dae50662357923c5289"},"headline":"PROTEGER\u00c1N A ANIMALES CON LEY FEDERAL","datePublished":"2023-05-30T22:11:00+00:00","dateModified":"2023-05-30T23:13:21+00:00","mainEntityOfPage":{"@id":"https:\/\/kuali.com.mx\/web\/2023\/05\/30\/protegeran-a-animales-con-ley-federal\/"},"wordCount":511,"commentCount":0,"image":{"@id":"https:\/\/kuali.com.mx\/web\/2023\/05\/30\/protegeran-a-animales-con-ley-federal\/#primaryimage"},"thumbnailUrl":"https:\/\/kuali.com.mx\/web\/wp-content\/uploads\/2023\/01\/Maltrato-animal-perros-mascotas.jpg","articleSection":["Pol\u00edtica"],"inLanguage":"es","potentialAction":[{"@type":"CommentAction","name":"Comment","target":["https:\/\/kuali.com.mx\/web\/2023\/05\/30\/protegeran-a-animales-con-ley-federal\/#respond"]}]},{"@type":"WebPage","@id":"https:\/\/kuali.com.mx\/web\/2023\/05\/30\/protegeran-a-animales-con-ley-federal\/","url":"https:\/\/kuali.com.mx\/web\/2023\/05\/30\/protegeran-a-animales-con-ley-federal\/","name":"PROTEGER\u00c1N A ANIMALES CON LEY FEDERAL - Kuali","isPartOf":{"@id":"https:\/\/kuali.com.mx\/web\/#website"},"primaryImageOfPage":{"@id":"https:\/\/kuali.com.mx\/web\/2023\/05\/30\/protegeran-a-animales-con-ley-federal\/#primaryimage"},"image":{"@id":"https:\/\/kuali.com.mx\/web\/2023\/05\/30\/protegeran-a-animales-con-ley-federal\/#primaryimage"},"thumbnailUrl":"https:\/\/kuali.com.mx\/web\/wp-content\/uploads\/2023\/01\/Maltrato-animal-perros-mascotas.jpg","datePublished":"2023-05-30T22:11:00+00:00","dateModified":"2023-05-30T23:13:21+00:00","author":{"@id":"https:\/\/kuali.com.mx\/web\/#\/schema\/person\/6f89ffa8ecba9dae50662357923c5289"},"breadcrumb":{"@id":"https:\/\/kuali.com.mx\/web\/2023\/05\/30\/protegeran-a-animales-con-ley-federal\/#breadcrumb"},"inLanguage":"es","potentialAction":[{"@type":"ReadAction","target":["https:\/\/kuali.com.mx\/web\/2023\/05\/30\/protegeran-a-animales-con-ley-federal\/"]}]},{"@type":"ImageObject","inLanguage":"es","@id":"https:\/\/kuali.com.mx\/web\/2023\/05\/30\/protegeran-a-animales-con-ley-federal\/#primaryimage","url":"https:\/\/kuali.com.mx\/web\/wp-content\/uploads\/2023\/01\/Maltrato-animal-perros-mascotas.jpg","contentUrl":"https:\/\/kuali.com.mx\/web\/wp-content\/uploads\/2023\/01\/Maltrato-animal-perros-mascotas.jpg","width":1743,"height":750},{"@type":"BreadcrumbList","@id":"https:\/\/kuali.com.mx\/web\/2023\/05\/30\/protegeran-a-animales-con-ley-federal\/#breadcrumb","itemListElement":[{"@type":"ListItem","position":1,"name":"Inicio","item":"https:\/\/kuali.com.mx\/web\/"},{"@type":"ListItem","position":2,"name":"PROTEGER\u00c1N A ANIMALES CON LEY FEDERAL"}]},{"@type":"WebSite","@id":"https:\/\/kuali.com.mx\/web\/#website","url":"https:\/\/kuali.com.mx\/web\/","name":"Kuali","description":"","potentialAction":[{"@type":"SearchAction","target":{"@type":"EntryPoint","urlTemplate":"https:\/\/kuali.com.mx\/web\/?s={search_term_string}"},"query-input":{"@type":"PropertyValueSpecification","valueRequired":true,"valueName":"search_term_string"}}],"inLanguage":"es"},{"@type":"Person","@id":"https:\/\/kuali.com.mx\/web\/#\/schema\/person\/6f89ffa8ecba9dae50662357923c5289","name":"Kuali Staff","image":{"@type":"ImageObject","inLanguage":"es","@id":"https:\/\/secure.gravatar.com\/avatar\/f917ad82e5ab71227a733c78b6e60715476f69ee6be59feee4eb5d9920c89e0f?s=96&d=mm&r=g","url":"https:\/\/secure.gravatar.com\/avatar\/f917ad82e5ab71227a733c78b6e60715476f69ee6be59feee4eb5d9920c89e0f?s=96&d=mm&r=g","contentUrl":"https:\/\/secure.gravatar.com\/avatar\/f917ad82e5ab71227a733c78b6e60715476f69ee6be59feee4eb5d9920c89e0f?s=96&d=mm&r=g","caption":"Kuali Staff"},"url":"https:\/\/kuali.com.mx\/web\/author\/lagarto\/"}]}},"_links":{"self":[{"href":"https:\/\/kuali.com.mx\/web\/wp-json\/wp\/v2\/posts\/119555","targetHints":{"allow":["GET"]}}],"collection":[{"href":"https:\/\/kuali.com.mx\/web\/wp-json\/wp\/v2\/posts"}],"about":[{"href":"https:\/\/kuali.com.mx\/web\/wp-json\/wp\/v2\/types\/post"}],"author":[{"embeddable":true,"href":"https:\/\/kuali.com.mx\/web\/wp-json\/wp\/v2\/users\/2"}],"replies":[{"embeddable":true,"href":"https:\/\/kuali.com.mx\/web\/wp-json\/wp\/v2\/comments?post=119555"}],"version-history":[{"count":1,"href":"https:\/\/kuali.com.mx\/web\/wp-json\/wp\/v2\/posts\/119555\/revisions"}],"predecessor-version":[{"id":119558,"href":"https:\/\/kuali.com.mx\/web\/wp-json\/wp\/v2\/posts\/119555\/revisions\/119558"}],"wp:featuredmedia":[{"embeddable":true,"href":"https:\/\/kuali.com.mx\/web\/wp-json\/wp\/v2\/media\/110327"}],"wp:attachment":[{"href":"https:\/\/kuali.com.mx\/web\/wp-json\/wp\/v2\/media?parent=119555"}],"wp:term":[{"taxonomy":"category","embeddable":true,"href":"https:\/\/kuali.com.mx\/web\/wp-json\/wp\/v2\/categories?post=119555"},{"taxonomy":"post_tag","embeddable":true,"href":"https:\/\/kuali.com.mx\/web\/wp-json\/wp\/v2\/tags?post=119555"}],"curies":[{"name":"wp","href":"https:\/\/api.w.org\/{rel}","templated":true}]}}