{"id":119519,"date":"2023-05-29T17:03:56","date_gmt":"2023-05-29T23:03:56","guid":{"rendered":"https:\/\/kuali.com.mx\/web\/?p=119519"},"modified":"2023-05-30T07:52:02","modified_gmt":"2023-05-30T13:52:02","slug":"esperan-3-mil-asistentes-al-congreso-internacional-de-carne","status":"publish","type":"post","link":"https:\/\/kuali.com.mx\/web\/2023\/05\/29\/esperan-3-mil-asistentes-al-congreso-internacional-de-carne\/","title":{"rendered":"ESPERAN 3 MIL ASISTENTES AL CONGRESO INTERNACIONAL DE CARNE"},"content":{"rendered":"\n<p><strong>Alicia Arias\/Le\u00f3n, Gto.- <\/strong>Por segundo a\u00f1o consecutivo se reunir\u00e1n en Le\u00f3n los productores de carne m\u00e1s importante del pa\u00eds para participar en el Congreso Internacional de la Carne, al que se espera la asistencia de 3 mil personas.<\/p>\n\n\n\n<p>Participar\u00e1n m\u00e1s de 70 marcas y se abordar\u00e1n temas como &nbsp;\u201cLa ganader\u00eda como parte de la soluci\u00f3n al cambio clim\u00e1tico\u201d, \u201cEstatus del mercado mundial de la carne\u201d, \u201cMercado de carbono: oportunidad de negocio en la ganader\u00eda y econom\u00eda circular\u201d y \u201cEnerg\u00edas renovables para la ganader\u00eda\u201d, entre otros.<\/p>\n\n\n\n<p>El evento fue presentado este lunes en conferencia de prensa por autoridades estatales y municipales y representantes del sector agroalimentario a nivel nacional.<\/p>\n\n\n<div class=\"wp-block-image\">\n<figure class=\"aligncenter size-large\"><img loading=\"lazy\" decoding=\"async\" width=\"1024\" height=\"442\" src=\"https:\/\/kuali.com.mx\/web\/wp-content\/uploads\/2023\/05\/Previo-Congreso-de-la-carne-2023-1024x442.gif\" alt=\"\" class=\"wp-image-119522\" srcset=\"https:\/\/kuali.com.mx\/web\/wp-content\/uploads\/2023\/05\/Previo-Congreso-de-la-carne-2023-1024x442.gif 1024w, https:\/\/kuali.com.mx\/web\/wp-content\/uploads\/2023\/05\/Previo-Congreso-de-la-carne-2023-300x130.gif 300w, https:\/\/kuali.com.mx\/web\/wp-content\/uploads\/2023\/05\/Previo-Congreso-de-la-carne-2023-768x332.gif 768w, https:\/\/kuali.com.mx\/web\/wp-content\/uploads\/2023\/05\/Previo-Congreso-de-la-carne-2023-228x98.gif 228w\" sizes=\"auto, (max-width: 1024px) 100vw, 1024px\" \/><figcaption>El Congreso internacional de la Carne es considerado el evento m\u00e1s importante de producci\u00f3n de carne en M\u00e9xico. FOTO: ALICIA ARIAS<\/figcaption><\/figure>\n<\/div>\n\n\n<p>M\u00e9xico es el sexto productor de carne en el mundo y el d\u00e9cimo exportador con 360 mil toneladas que se env\u00edan a Estados Unidos, Jap\u00f3n, Corea y Canad\u00e1, principalmente.<\/p>\n\n\n\n<p>En este pa\u00eds existen 840 mil ganaderos que producen anualmente 2 millones 176 mil toneladas de carne en canal, y se tiene un inventario de 33 millones de cabezas de ganado distribuidas en 115 millones de hect\u00e1reas de pradera, forraje y monte, donde capturan m\u00e1s carbono del que producen, asegur\u00f3 Enrique L\u00f3pez, director ejecutivo de la Asociaci\u00f3n Mexicana de Productores de Carne (AMEG).<\/p>\n\n\n\n<p>Adem\u00e1s, el sector ganadero genera 3 millones de empleos relacionales y 1 mill\u00f3n de indirectos, asegur\u00f3.<\/p>\n\n\n\n<blockquote class=\"wp-block-quote is-layout-flow wp-block-quote-is-layout-flow\"><p>Actuamos a favor del enfriamiento de la atm\u00f3sfera, contrario a lo que puede escuchar.<\/p><cite>Enrique L\u00f3pez<\/cite><\/blockquote>\n\n\n\n<p>El sector agroalimentario del estado de Guanajuato genera m\u00e1s de 2 mil millones de d\u00f3lares en exportaciones.<\/p>\n\n\n\n<p>El congreso de la carne es un evento importante para Le\u00f3n porque, adem\u00e1s de la atracci\u00f3n de visitantes y la derrama econ\u00f3mica que genera, tambi\u00e9n sirve para \u201centender nuevas pr\u00e1cticas, poderlas compartir, exponer nuevas tecnolog\u00edas y, sobre todo, el tener aqu\u00ed toda la cadena de valor. Aqu\u00ed tendremos el proceso desde que nace el ganado, hasta su consumo final. Eso es lo que le da el valor agregado\u201d, coment\u00f3 la alcaldesa de Le\u00f3n, Alejandra Guti\u00e9rrez Campos.<\/p>\n\n\n\n<p>Enrique L\u00f3pez destac\u00f3 que habr\u00e1 una expo comercial, conferencias, talleres de capacitaci\u00f3n y el festival de la carne.<\/p>\n\n\n\n<p>\u201cEl objetivo es propiciar un ambiente de negocios en el sector pecuario para fortalecer la cadena de valor y mejorar la competitividad de los productores\u201d, manifest\u00f3.<\/p>\n\n\n\n<p>El Congreso Internacional de la Carne est\u00e1 dirigido a los ganaderos, los corrales de engorda intensivos, procesadores, fabricantes, distribuidores y para todos los que prestan el servicio de maquinaria, empaque, restauranteros y carnicer\u00edas de la regi\u00f3n.<\/p>\n\n\n\n<p>Esta es la edici\u00f3n n\u00famero 13 del congreso y exposici\u00f3n internacional y es considerado el evento m\u00e1s importante de producci\u00f3n de carne en todo M\u00e9xico.<\/p>\n\n\n\n<p>Se llevar\u00e1 a cabo los d\u00edas 7 y 8 de junio en las instalaciones del Poliforum Le\u00f3n. El programa puede consultarse en <a href=\"https:\/\/congresodelacarne.com\/2022\/\">https:\/\/congresodelacarne.com\/2022\/<\/a><\/p>\n","protected":false},"excerpt":{"rendered":"Alicia Arias\/Le\u00f3n, Gto.- Por segundo a\u00f1o consecutivo se reunir\u00e1n en Le\u00f3n los productores de carne m\u00e1s importante del pa\u00eds para participar en el Congreso Internacional de la Carne, al que se espera la asistencia de 3 mil personas. Participar\u00e1n m\u00e1s de 70 marcas y se abordar\u00e1n temas como &nbsp;\u201cLa ganader\u00eda como parte de la soluci\u00f3n [&hellip;]","protected":false},"author":2,"featured_media":105392,"comment_status":"open","ping_status":"open","sticky":false,"template":"","format":"standard","meta":{"_seopress_robots_primary_cat":"none","_seopress_titles_title":"","_seopress_titles_desc":"","_seopress_robots_index":"","_monsterinsights_skip_tracking":false,"_monsterinsights_sitenote_active":false,"_monsterinsights_sitenote_note":"","_monsterinsights_sitenote_category":0,"footnotes":""},"categories":[701],"tags":[],"class_list":["post-119519","post","type-post","status-publish","format-standard","has-post-thumbnail","hentry","category-economia"],"yoast_head":"<!-- This site is optimized with the Yoast SEO plugin v27.4 - https:\/\/yoast.com\/product\/yoast-seo-wordpress\/ -->\n<title>ESPERAN 3 MIL ASISTENTES AL CONGRESO INTERNACIONAL DE CARNE - Kuali<\/title>\n<meta name=\"robots\" content=\"index, follow, max-snippet:-1, max-image-preview:large, max-video-preview:-1\" \/>\n<link rel=\"canonical\" href=\"https:\/\/kuali.com.mx\/web\/2023\/05\/29\/esperan-3-mil-asistentes-al-congreso-internacional-de-carne\/\" \/>\n<meta property=\"og:locale\" content=\"es_MX\" \/>\n<meta property=\"og:type\" content=\"article\" \/>\n<meta property=\"og:title\" content=\"ESPERAN 3 MIL ASISTENTES AL CONGRESO INTERNACIONAL DE CARNE - Kuali\" \/>\n<meta property=\"og:description\" content=\"Alicia Arias\/Le\u00f3n, Gto.- Por segundo a\u00f1o consecutivo se reunir\u00e1n en Le\u00f3n los productores de carne m\u00e1s importante del pa\u00eds para participar en el Congreso Internacional de la Carne, al que se espera la asistencia de 3 mil personas. Participar\u00e1n m\u00e1s de 70 marcas y se abordar\u00e1n temas como &nbsp;\u201cLa ganader\u00eda como parte de la soluci\u00f3n [&hellip;]\" \/>\n<meta property=\"og:url\" content=\"https:\/\/kuali.com.mx\/web\/2023\/05\/29\/esperan-3-mil-asistentes-al-congreso-internacional-de-carne\/\" \/>\n<meta property=\"og:site_name\" content=\"Kuali\" \/>\n<meta property=\"article:publisher\" content=\"https:\/\/kuali.com.mx\/web\/wp-content\/uploads\/2018\/04\/cropped-kuali_logo-1-1.png\" \/>\n<meta property=\"article:published_time\" content=\"2023-05-29T23:03:56+00:00\" \/>\n<meta property=\"article:modified_time\" content=\"2023-05-30T13:52:02+00:00\" \/>\n<meta property=\"og:image\" content=\"https:\/\/kuali.com.mx\/web\/wp-content\/uploads\/2022\/10\/costillas-asadas-carne-parrilla.jpg\" \/>\n\t<meta property=\"og:image:width\" content=\"960\" \/>\n\t<meta property=\"og:image:height\" content=\"631\" \/>\n\t<meta property=\"og:image:type\" content=\"image\/jpeg\" \/>\n<meta name=\"author\" content=\"Kuali Staff\" \/>\n<meta name=\"twitter:card\" content=\"summary_large_image\" \/>\n<meta name=\"twitter:creator\" content=\"@kuali_noticias\" \/>\n<meta name=\"twitter:site\" content=\"@kuali_noticias\" \/>\n<meta name=\"twitter:label1\" content=\"Escrito por\" \/>\n\t<meta name=\"twitter:data1\" content=\"Kuali Staff\" \/>\n\t<meta name=\"twitter:label2\" content=\"Tiempo de lectura\" \/>\n\t<meta name=\"twitter:data2\" content=\"3 minutos\" \/>\n<script type=\"application\/ld+json\" class=\"yoast-schema-graph\">{\"@context\":\"https:\\\/\\\/schema.org\",\"@graph\":[{\"@type\":\"Article\",\"@id\":\"https:\\\/\\\/kuali.com.mx\\\/web\\\/2023\\\/05\\\/29\\\/esperan-3-mil-asistentes-al-congreso-internacional-de-carne\\\/#article\",\"isPartOf\":{\"@id\":\"https:\\\/\\\/kuali.com.mx\\\/web\\\/2023\\\/05\\\/29\\\/esperan-3-mil-asistentes-al-congreso-internacional-de-carne\\\/\"},\"author\":{\"name\":\"Kuali Staff\",\"@id\":\"https:\\\/\\\/kuali.com.mx\\\/web\\\/#\\\/schema\\\/person\\\/6f89ffa8ecba9dae50662357923c5289\"},\"headline\":\"ESPERAN 3 MIL ASISTENTES AL CONGRESO INTERNACIONAL DE CARNE\",\"datePublished\":\"2023-05-29T23:03:56+00:00\",\"dateModified\":\"2023-05-30T13:52:02+00:00\",\"mainEntityOfPage\":{\"@id\":\"https:\\\/\\\/kuali.com.mx\\\/web\\\/2023\\\/05\\\/29\\\/esperan-3-mil-asistentes-al-congreso-internacional-de-carne\\\/\"},\"wordCount\":528,\"commentCount\":0,\"image\":{\"@id\":\"https:\\\/\\\/kuali.com.mx\\\/web\\\/2023\\\/05\\\/29\\\/esperan-3-mil-asistentes-al-congreso-internacional-de-carne\\\/#primaryimage\"},\"thumbnailUrl\":\"https:\\\/\\\/kuali.com.mx\\\/web\\\/wp-content\\\/uploads\\\/2022\\\/10\\\/costillas-asadas-carne-parrilla.jpg\",\"articleSection\":[\"Econom\u00eda\"],\"inLanguage\":\"es\",\"potentialAction\":[{\"@type\":\"CommentAction\",\"name\":\"Comment\",\"target\":[\"https:\\\/\\\/kuali.com.mx\\\/web\\\/2023\\\/05\\\/29\\\/esperan-3-mil-asistentes-al-congreso-internacional-de-carne\\\/#respond\"]}]},{\"@type\":\"WebPage\",\"@id\":\"https:\\\/\\\/kuali.com.mx\\\/web\\\/2023\\\/05\\\/29\\\/esperan-3-mil-asistentes-al-congreso-internacional-de-carne\\\/\",\"url\":\"https:\\\/\\\/kuali.com.mx\\\/web\\\/2023\\\/05\\\/29\\\/esperan-3-mil-asistentes-al-congreso-internacional-de-carne\\\/\",\"name\":\"ESPERAN 3 MIL ASISTENTES AL CONGRESO INTERNACIONAL DE CARNE - Kuali\",\"isPartOf\":{\"@id\":\"https:\\\/\\\/kuali.com.mx\\\/web\\\/#website\"},\"primaryImageOfPage\":{\"@id\":\"https:\\\/\\\/kuali.com.mx\\\/web\\\/2023\\\/05\\\/29\\\/esperan-3-mil-asistentes-al-congreso-internacional-de-carne\\\/#primaryimage\"},\"image\":{\"@id\":\"https:\\\/\\\/kuali.com.mx\\\/web\\\/2023\\\/05\\\/29\\\/esperan-3-mil-asistentes-al-congreso-internacional-de-carne\\\/#primaryimage\"},\"thumbnailUrl\":\"https:\\\/\\\/kuali.com.mx\\\/web\\\/wp-content\\\/uploads\\\/2022\\\/10\\\/costillas-asadas-carne-parrilla.jpg\",\"datePublished\":\"2023-05-29T23:03:56+00:00\",\"dateModified\":\"2023-05-30T13:52:02+00:00\",\"author\":{\"@id\":\"https:\\\/\\\/kuali.com.mx\\\/web\\\/#\\\/schema\\\/person\\\/6f89ffa8ecba9dae50662357923c5289\"},\"breadcrumb\":{\"@id\":\"https:\\\/\\\/kuali.com.mx\\\/web\\\/2023\\\/05\\\/29\\\/esperan-3-mil-asistentes-al-congreso-internacional-de-carne\\\/#breadcrumb\"},\"inLanguage\":\"es\",\"potentialAction\":[{\"@type\":\"ReadAction\",\"target\":[\"https:\\\/\\\/kuali.com.mx\\\/web\\\/2023\\\/05\\\/29\\\/esperan-3-mil-asistentes-al-congreso-internacional-de-carne\\\/\"]}]},{\"@type\":\"ImageObject\",\"inLanguage\":\"es\",\"@id\":\"https:\\\/\\\/kuali.com.mx\\\/web\\\/2023\\\/05\\\/29\\\/esperan-3-mil-asistentes-al-congreso-internacional-de-carne\\\/#primaryimage\",\"url\":\"https:\\\/\\\/kuali.com.mx\\\/web\\\/wp-content\\\/uploads\\\/2022\\\/10\\\/costillas-asadas-carne-parrilla.jpg\",\"contentUrl\":\"https:\\\/\\\/kuali.com.mx\\\/web\\\/wp-content\\\/uploads\\\/2022\\\/10\\\/costillas-asadas-carne-parrilla.jpg\",\"width\":960,\"height\":631},{\"@type\":\"BreadcrumbList\",\"@id\":\"https:\\\/\\\/kuali.com.mx\\\/web\\\/2023\\\/05\\\/29\\\/esperan-3-mil-asistentes-al-congreso-internacional-de-carne\\\/#breadcrumb\",\"itemListElement\":[{\"@type\":\"ListItem\",\"position\":1,\"name\":\"Inicio\",\"item\":\"https:\\\/\\\/kuali.com.mx\\\/web\\\/\"},{\"@type\":\"ListItem\",\"position\":2,\"name\":\"ESPERAN 3 MIL ASISTENTES AL CONGRESO INTERNACIONAL DE CARNE\"}]},{\"@type\":\"WebSite\",\"@id\":\"https:\\\/\\\/kuali.com.mx\\\/web\\\/#website\",\"url\":\"https:\\\/\\\/kuali.com.mx\\\/web\\\/\",\"name\":\"Kuali\",\"description\":\"\",\"potentialAction\":[{\"@type\":\"SearchAction\",\"target\":{\"@type\":\"EntryPoint\",\"urlTemplate\":\"https:\\\/\\\/kuali.com.mx\\\/web\\\/?s={search_term_string}\"},\"query-input\":{\"@type\":\"PropertyValueSpecification\",\"valueRequired\":true,\"valueName\":\"search_term_string\"}}],\"inLanguage\":\"es\"},{\"@type\":\"Person\",\"@id\":\"https:\\\/\\\/kuali.com.mx\\\/web\\\/#\\\/schema\\\/person\\\/6f89ffa8ecba9dae50662357923c5289\",\"name\":\"Kuali Staff\",\"image\":{\"@type\":\"ImageObject\",\"inLanguage\":\"es\",\"@id\":\"https:\\\/\\\/secure.gravatar.com\\\/avatar\\\/f917ad82e5ab71227a733c78b6e60715476f69ee6be59feee4eb5d9920c89e0f?s=96&d=mm&r=g\",\"url\":\"https:\\\/\\\/secure.gravatar.com\\\/avatar\\\/f917ad82e5ab71227a733c78b6e60715476f69ee6be59feee4eb5d9920c89e0f?s=96&d=mm&r=g\",\"contentUrl\":\"https:\\\/\\\/secure.gravatar.com\\\/avatar\\\/f917ad82e5ab71227a733c78b6e60715476f69ee6be59feee4eb5d9920c89e0f?s=96&d=mm&r=g\",\"caption\":\"Kuali Staff\"},\"url\":\"https:\\\/\\\/kuali.com.mx\\\/web\\\/author\\\/lagarto\\\/\"}]}<\/script>\n<!-- \/ Yoast SEO plugin. -->","yoast_head_json":{"title":"ESPERAN 3 MIL ASISTENTES AL CONGRESO INTERNACIONAL DE CARNE - Kuali","robots":{"index":"index","follow":"follow","max-snippet":"max-snippet:-1","max-image-preview":"max-image-preview:large","max-video-preview":"max-video-preview:-1"},"canonical":"https:\/\/kuali.com.mx\/web\/2023\/05\/29\/esperan-3-mil-asistentes-al-congreso-internacional-de-carne\/","og_locale":"es_MX","og_type":"article","og_title":"ESPERAN 3 MIL ASISTENTES AL CONGRESO INTERNACIONAL DE CARNE - Kuali","og_description":"Alicia Arias\/Le\u00f3n, Gto.- Por segundo a\u00f1o consecutivo se reunir\u00e1n en Le\u00f3n los productores de carne m\u00e1s importante del pa\u00eds para participar en el Congreso Internacional de la Carne, al que se espera la asistencia de 3 mil personas. Participar\u00e1n m\u00e1s de 70 marcas y se abordar\u00e1n temas como &nbsp;\u201cLa ganader\u00eda como parte de la soluci\u00f3n [&hellip;]","og_url":"https:\/\/kuali.com.mx\/web\/2023\/05\/29\/esperan-3-mil-asistentes-al-congreso-internacional-de-carne\/","og_site_name":"Kuali","article_publisher":"https:\/\/kuali.com.mx\/web\/wp-content\/uploads\/2018\/04\/cropped-kuali_logo-1-1.png","article_published_time":"2023-05-29T23:03:56+00:00","article_modified_time":"2023-05-30T13:52:02+00:00","og_image":[{"width":960,"height":631,"url":"https:\/\/kuali.com.mx\/web\/wp-content\/uploads\/2022\/10\/costillas-asadas-carne-parrilla.jpg","type":"image\/jpeg"}],"author":"Kuali Staff","twitter_card":"summary_large_image","twitter_creator":"@kuali_noticias","twitter_site":"@kuali_noticias","twitter_misc":{"Escrito por":"Kuali Staff","Tiempo de lectura":"3 minutos"},"schema":{"@context":"https:\/\/schema.org","@graph":[{"@type":"Article","@id":"https:\/\/kuali.com.mx\/web\/2023\/05\/29\/esperan-3-mil-asistentes-al-congreso-internacional-de-carne\/#article","isPartOf":{"@id":"https:\/\/kuali.com.mx\/web\/2023\/05\/29\/esperan-3-mil-asistentes-al-congreso-internacional-de-carne\/"},"author":{"name":"Kuali Staff","@id":"https:\/\/kuali.com.mx\/web\/#\/schema\/person\/6f89ffa8ecba9dae50662357923c5289"},"headline":"ESPERAN 3 MIL ASISTENTES AL CONGRESO INTERNACIONAL DE CARNE","datePublished":"2023-05-29T23:03:56+00:00","dateModified":"2023-05-30T13:52:02+00:00","mainEntityOfPage":{"@id":"https:\/\/kuali.com.mx\/web\/2023\/05\/29\/esperan-3-mil-asistentes-al-congreso-internacional-de-carne\/"},"wordCount":528,"commentCount":0,"image":{"@id":"https:\/\/kuali.com.mx\/web\/2023\/05\/29\/esperan-3-mil-asistentes-al-congreso-internacional-de-carne\/#primaryimage"},"thumbnailUrl":"https:\/\/kuali.com.mx\/web\/wp-content\/uploads\/2022\/10\/costillas-asadas-carne-parrilla.jpg","articleSection":["Econom\u00eda"],"inLanguage":"es","potentialAction":[{"@type":"CommentAction","name":"Comment","target":["https:\/\/kuali.com.mx\/web\/2023\/05\/29\/esperan-3-mil-asistentes-al-congreso-internacional-de-carne\/#respond"]}]},{"@type":"WebPage","@id":"https:\/\/kuali.com.mx\/web\/2023\/05\/29\/esperan-3-mil-asistentes-al-congreso-internacional-de-carne\/","url":"https:\/\/kuali.com.mx\/web\/2023\/05\/29\/esperan-3-mil-asistentes-al-congreso-internacional-de-carne\/","name":"ESPERAN 3 MIL ASISTENTES AL CONGRESO INTERNACIONAL DE CARNE - Kuali","isPartOf":{"@id":"https:\/\/kuali.com.mx\/web\/#website"},"primaryImageOfPage":{"@id":"https:\/\/kuali.com.mx\/web\/2023\/05\/29\/esperan-3-mil-asistentes-al-congreso-internacional-de-carne\/#primaryimage"},"image":{"@id":"https:\/\/kuali.com.mx\/web\/2023\/05\/29\/esperan-3-mil-asistentes-al-congreso-internacional-de-carne\/#primaryimage"},"thumbnailUrl":"https:\/\/kuali.com.mx\/web\/wp-content\/uploads\/2022\/10\/costillas-asadas-carne-parrilla.jpg","datePublished":"2023-05-29T23:03:56+00:00","dateModified":"2023-05-30T13:52:02+00:00","author":{"@id":"https:\/\/kuali.com.mx\/web\/#\/schema\/person\/6f89ffa8ecba9dae50662357923c5289"},"breadcrumb":{"@id":"https:\/\/kuali.com.mx\/web\/2023\/05\/29\/esperan-3-mil-asistentes-al-congreso-internacional-de-carne\/#breadcrumb"},"inLanguage":"es","potentialAction":[{"@type":"ReadAction","target":["https:\/\/kuali.com.mx\/web\/2023\/05\/29\/esperan-3-mil-asistentes-al-congreso-internacional-de-carne\/"]}]},{"@type":"ImageObject","inLanguage":"es","@id":"https:\/\/kuali.com.mx\/web\/2023\/05\/29\/esperan-3-mil-asistentes-al-congreso-internacional-de-carne\/#primaryimage","url":"https:\/\/kuali.com.mx\/web\/wp-content\/uploads\/2022\/10\/costillas-asadas-carne-parrilla.jpg","contentUrl":"https:\/\/kuali.com.mx\/web\/wp-content\/uploads\/2022\/10\/costillas-asadas-carne-parrilla.jpg","width":960,"height":631},{"@type":"BreadcrumbList","@id":"https:\/\/kuali.com.mx\/web\/2023\/05\/29\/esperan-3-mil-asistentes-al-congreso-internacional-de-carne\/#breadcrumb","itemListElement":[{"@type":"ListItem","position":1,"name":"Inicio","item":"https:\/\/kuali.com.mx\/web\/"},{"@type":"ListItem","position":2,"name":"ESPERAN 3 MIL ASISTENTES AL CONGRESO INTERNACIONAL DE CARNE"}]},{"@type":"WebSite","@id":"https:\/\/kuali.com.mx\/web\/#website","url":"https:\/\/kuali.com.mx\/web\/","name":"Kuali","description":"","potentialAction":[{"@type":"SearchAction","target":{"@type":"EntryPoint","urlTemplate":"https:\/\/kuali.com.mx\/web\/?s={search_term_string}"},"query-input":{"@type":"PropertyValueSpecification","valueRequired":true,"valueName":"search_term_string"}}],"inLanguage":"es"},{"@type":"Person","@id":"https:\/\/kuali.com.mx\/web\/#\/schema\/person\/6f89ffa8ecba9dae50662357923c5289","name":"Kuali Staff","image":{"@type":"ImageObject","inLanguage":"es","@id":"https:\/\/secure.gravatar.com\/avatar\/f917ad82e5ab71227a733c78b6e60715476f69ee6be59feee4eb5d9920c89e0f?s=96&d=mm&r=g","url":"https:\/\/secure.gravatar.com\/avatar\/f917ad82e5ab71227a733c78b6e60715476f69ee6be59feee4eb5d9920c89e0f?s=96&d=mm&r=g","contentUrl":"https:\/\/secure.gravatar.com\/avatar\/f917ad82e5ab71227a733c78b6e60715476f69ee6be59feee4eb5d9920c89e0f?s=96&d=mm&r=g","caption":"Kuali Staff"},"url":"https:\/\/kuali.com.mx\/web\/author\/lagarto\/"}]}},"_links":{"self":[{"href":"https:\/\/kuali.com.mx\/web\/wp-json\/wp\/v2\/posts\/119519","targetHints":{"allow":["GET"]}}],"collection":[{"href":"https:\/\/kuali.com.mx\/web\/wp-json\/wp\/v2\/posts"}],"about":[{"href":"https:\/\/kuali.com.mx\/web\/wp-json\/wp\/v2\/types\/post"}],"author":[{"embeddable":true,"href":"https:\/\/kuali.com.mx\/web\/wp-json\/wp\/v2\/users\/2"}],"replies":[{"embeddable":true,"href":"https:\/\/kuali.com.mx\/web\/wp-json\/wp\/v2\/comments?post=119519"}],"version-history":[{"count":1,"href":"https:\/\/kuali.com.mx\/web\/wp-json\/wp\/v2\/posts\/119519\/revisions"}],"predecessor-version":[{"id":119523,"href":"https:\/\/kuali.com.mx\/web\/wp-json\/wp\/v2\/posts\/119519\/revisions\/119523"}],"wp:featuredmedia":[{"embeddable":true,"href":"https:\/\/kuali.com.mx\/web\/wp-json\/wp\/v2\/media\/105392"}],"wp:attachment":[{"href":"https:\/\/kuali.com.mx\/web\/wp-json\/wp\/v2\/media?parent=119519"}],"wp:term":[{"taxonomy":"category","embeddable":true,"href":"https:\/\/kuali.com.mx\/web\/wp-json\/wp\/v2\/categories?post=119519"},{"taxonomy":"post_tag","embeddable":true,"href":"https:\/\/kuali.com.mx\/web\/wp-json\/wp\/v2\/tags?post=119519"}],"curies":[{"name":"wp","href":"https:\/\/api.w.org\/{rel}","templated":true}]}}