{"id":119479,"date":"2023-05-29T17:06:06","date_gmt":"2023-05-29T23:06:06","guid":{"rendered":"https:\/\/kuali.com.mx\/web\/?p=119479"},"modified":"2023-05-29T18:50:09","modified_gmt":"2023-05-30T00:50:09","slug":"podria-ser-botello-gobernadora-lorena-villavicencio","status":"publish","type":"post","link":"https:\/\/kuali.com.mx\/web\/2023\/05\/29\/podria-ser-botello-gobernadora-lorena-villavicencio\/","title":{"rendered":"PODR\u00cdA SER BOTELLO GOBERNADORA: LORENA VILLAVICENCIO"},"content":{"rendered":"\n<p><strong><em>Carlos Garc\u00eda\/Le\u00f3n, Gto.- <\/em><\/strong>&nbsp;La ex alcaldesa de Le\u00f3n, B\u00e1rbara Botello Santib\u00e1\u00f1ez, podr\u00eda ser gobernadora de Guanajuato en el a\u00f1o 2024, consider\u00f3 la ex diputada federal, Lorena Villavicencio Ayala, al presentar en el estado el movimiento \u201cPor Ella, por Todas\u201d, que tiene el objetivo de promover a la jefa de gobierno de la Ciudad de M\u00e9xico, Claudia Sheinbaum Pardo, como futura presidenta de M\u00e9xico.<\/p>\n\n\n\n<p>\u201cDesde luego que podr\u00eda ser -candidata a la gubernatura-, y desde luego que las mujeres que hemos peleado el principio de paridad, y en todos los estados que han sido monopolizado por los hombres, tengamos mujeres gobernando\u201d, declar\u00f3 al finalizar el desayuno que sostuvieron con mujeres de Le\u00f3n, Romita, Silao e Irapuato.<\/p>\n\n\n\n<p>La alternancia de g\u00e9nero se tiene que dar en cada uno de los estados de M\u00e9xico, consider\u00f3.<\/p>\n\n\n\n<p>\u201cPor supuesto que creemos que en Guanajuato, en Oaxaca, en Chiapas, en Chihuahua, en todo el pa\u00eds, es tiempo de que las mujeres ocupemos los m\u00e1s altos de responsabilidad pol\u00edtica\u201d, declar\u00f3 la diputada de Oaxaca, Marina Ben\u00edtez Tiburcio, una de las fundadoras del movimiento a favor de Claudia Sheinbaum.<\/p>\n\n\n\n<p>La ex alcaldesa de Le\u00f3n y aspirante a gobernar Guanajuato, B\u00e1rbara Botello Santib\u00e1\u00f1ez, explic\u00f3 que promover\u00e1 en el estado de Guanajuato el movimiento \u201cPor Ella, Por Todas\u201d y que recoger\u00e1 las inquietudes de las mujeres guanajuatenses.<\/p>\n\n\n\n<p>Sobre sus aspiraciones, Botello Santib\u00e1\u00f1ez coment\u00f3 que desconoce cu\u00e1l ser\u00e1 el m\u00e9todo que usar\u00e1 Morena para elegir a la persona que pelear\u00e1 por la gubernatura de Guanajuato.<\/p>\n\n\n\n<p>\u201cSin embargo, yo me sumo al trabajo de toda la militancia de Morena, que ha trabajado por muchos a\u00f1os para presentar un proyecto alternativo en Guanajuato\u201d, adelant\u00f3.<\/p>\n\n\n\n<p>Los gobiernos del PAN han sido un fracaso y han mostrado su desesperaci\u00f3n por conservar Guanajuato al usar programas sociales para posicionar a la secretaria de Desarrollo Social y aspirante a la gubernatura, Libia Garc\u00eda, dijo.<\/p>\n\n\n\n<p>\u201cEstoy puesta desde la trinchera que podamos aportar para que se vaya el PAN de Guanajuato\u201d, sentenci\u00f3.<\/p>\n","protected":false},"excerpt":{"rendered":"Carlos Garc\u00eda\/Le\u00f3n, Gto.- &nbsp;La ex alcaldesa de Le\u00f3n, B\u00e1rbara Botello Santib\u00e1\u00f1ez, podr\u00eda ser gobernadora de Guanajuato en el a\u00f1o 2024, consider\u00f3 la ex diputada federal, Lorena Villavicencio Ayala, al presentar en el estado el movimiento \u201cPor Ella, por Todas\u201d, que tiene el objetivo de promover a la jefa de gobierno de la Ciudad de M\u00e9xico, [&hellip;]","protected":false},"author":2,"featured_media":119483,"comment_status":"open","ping_status":"open","sticky":false,"template":"","format":"standard","meta":{"_seopress_robots_primary_cat":"none","_seopress_titles_title":"","_seopress_titles_desc":"","_seopress_robots_index":"","_monsterinsights_skip_tracking":false,"_monsterinsights_sitenote_active":false,"_monsterinsights_sitenote_note":"","_monsterinsights_sitenote_category":0,"footnotes":""},"categories":[3],"tags":[],"class_list":["post-119479","post","type-post","status-publish","format-standard","has-post-thumbnail","hentry","category-politica"],"yoast_head":"<!-- This site is optimized with the Yoast SEO plugin v27.4 - https:\/\/yoast.com\/product\/yoast-seo-wordpress\/ -->\n<title>PODR\u00cdA SER BOTELLO GOBERNADORA: LORENA VILLAVICENCIO - Kuali<\/title>\n<meta name=\"robots\" content=\"index, follow, max-snippet:-1, max-image-preview:large, max-video-preview:-1\" \/>\n<link rel=\"canonical\" href=\"https:\/\/kuali.com.mx\/web\/2023\/05\/29\/podria-ser-botello-gobernadora-lorena-villavicencio\/\" \/>\n<meta property=\"og:locale\" content=\"es_MX\" \/>\n<meta property=\"og:type\" content=\"article\" \/>\n<meta property=\"og:title\" content=\"PODR\u00cdA SER BOTELLO GOBERNADORA: LORENA VILLAVICENCIO - Kuali\" \/>\n<meta property=\"og:description\" content=\"Carlos Garc\u00eda\/Le\u00f3n, Gto.- &nbsp;La ex alcaldesa de Le\u00f3n, B\u00e1rbara Botello Santib\u00e1\u00f1ez, podr\u00eda ser gobernadora de Guanajuato en el a\u00f1o 2024, consider\u00f3 la ex diputada federal, Lorena Villavicencio Ayala, al presentar en el estado el movimiento \u201cPor Ella, por Todas\u201d, que tiene el objetivo de promover a la jefa de gobierno de la Ciudad de M\u00e9xico, [&hellip;]\" \/>\n<meta property=\"og:url\" content=\"https:\/\/kuali.com.mx\/web\/2023\/05\/29\/podria-ser-botello-gobernadora-lorena-villavicencio\/\" \/>\n<meta property=\"og:site_name\" content=\"Kuali\" \/>\n<meta property=\"article:publisher\" content=\"https:\/\/kuali.com.mx\/web\/wp-content\/uploads\/2018\/04\/cropped-kuali_logo-1-1.png\" \/>\n<meta property=\"article:published_time\" content=\"2023-05-29T23:06:06+00:00\" \/>\n<meta property=\"article:modified_time\" content=\"2023-05-30T00:50:09+00:00\" \/>\n<meta property=\"og:image\" content=\"https:\/\/kuali.com.mx\/web\/wp-content\/uploads\/2023\/05\/Movimiento-Por-Ella-por-Todas..jpeg\" \/>\n\t<meta property=\"og:image:width\" content=\"1280\" \/>\n\t<meta property=\"og:image:height\" content=\"720\" \/>\n\t<meta property=\"og:image:type\" content=\"image\/jpeg\" \/>\n<meta name=\"author\" content=\"Kuali Staff\" \/>\n<meta name=\"twitter:card\" content=\"summary_large_image\" \/>\n<meta name=\"twitter:creator\" content=\"@kuali_noticias\" \/>\n<meta name=\"twitter:site\" content=\"@kuali_noticias\" \/>\n<meta name=\"twitter:label1\" content=\"Escrito por\" \/>\n\t<meta name=\"twitter:data1\" content=\"Kuali Staff\" \/>\n\t<meta name=\"twitter:label2\" content=\"Tiempo de lectura\" \/>\n\t<meta name=\"twitter:data2\" content=\"2 minutos\" \/>\n<script type=\"application\/ld+json\" class=\"yoast-schema-graph\">{\"@context\":\"https:\\\/\\\/schema.org\",\"@graph\":[{\"@type\":\"Article\",\"@id\":\"https:\\\/\\\/kuali.com.mx\\\/web\\\/2023\\\/05\\\/29\\\/podria-ser-botello-gobernadora-lorena-villavicencio\\\/#article\",\"isPartOf\":{\"@id\":\"https:\\\/\\\/kuali.com.mx\\\/web\\\/2023\\\/05\\\/29\\\/podria-ser-botello-gobernadora-lorena-villavicencio\\\/\"},\"author\":{\"name\":\"Kuali Staff\",\"@id\":\"https:\\\/\\\/kuali.com.mx\\\/web\\\/#\\\/schema\\\/person\\\/6f89ffa8ecba9dae50662357923c5289\"},\"headline\":\"PODR\u00cdA SER BOTELLO GOBERNADORA: LORENA VILLAVICENCIO\",\"datePublished\":\"2023-05-29T23:06:06+00:00\",\"dateModified\":\"2023-05-30T00:50:09+00:00\",\"mainEntityOfPage\":{\"@id\":\"https:\\\/\\\/kuali.com.mx\\\/web\\\/2023\\\/05\\\/29\\\/podria-ser-botello-gobernadora-lorena-villavicencio\\\/\"},\"wordCount\":359,\"commentCount\":0,\"image\":{\"@id\":\"https:\\\/\\\/kuali.com.mx\\\/web\\\/2023\\\/05\\\/29\\\/podria-ser-botello-gobernadora-lorena-villavicencio\\\/#primaryimage\"},\"thumbnailUrl\":\"https:\\\/\\\/kuali.com.mx\\\/web\\\/wp-content\\\/uploads\\\/2023\\\/05\\\/Movimiento-Por-Ella-por-Todas..jpeg\",\"articleSection\":[\"Pol\u00edtica\"],\"inLanguage\":\"es\",\"potentialAction\":[{\"@type\":\"CommentAction\",\"name\":\"Comment\",\"target\":[\"https:\\\/\\\/kuali.com.mx\\\/web\\\/2023\\\/05\\\/29\\\/podria-ser-botello-gobernadora-lorena-villavicencio\\\/#respond\"]}]},{\"@type\":\"WebPage\",\"@id\":\"https:\\\/\\\/kuali.com.mx\\\/web\\\/2023\\\/05\\\/29\\\/podria-ser-botello-gobernadora-lorena-villavicencio\\\/\",\"url\":\"https:\\\/\\\/kuali.com.mx\\\/web\\\/2023\\\/05\\\/29\\\/podria-ser-botello-gobernadora-lorena-villavicencio\\\/\",\"name\":\"PODR\u00cdA SER BOTELLO GOBERNADORA: LORENA VILLAVICENCIO - Kuali\",\"isPartOf\":{\"@id\":\"https:\\\/\\\/kuali.com.mx\\\/web\\\/#website\"},\"primaryImageOfPage\":{\"@id\":\"https:\\\/\\\/kuali.com.mx\\\/web\\\/2023\\\/05\\\/29\\\/podria-ser-botello-gobernadora-lorena-villavicencio\\\/#primaryimage\"},\"image\":{\"@id\":\"https:\\\/\\\/kuali.com.mx\\\/web\\\/2023\\\/05\\\/29\\\/podria-ser-botello-gobernadora-lorena-villavicencio\\\/#primaryimage\"},\"thumbnailUrl\":\"https:\\\/\\\/kuali.com.mx\\\/web\\\/wp-content\\\/uploads\\\/2023\\\/05\\\/Movimiento-Por-Ella-por-Todas..jpeg\",\"datePublished\":\"2023-05-29T23:06:06+00:00\",\"dateModified\":\"2023-05-30T00:50:09+00:00\",\"author\":{\"@id\":\"https:\\\/\\\/kuali.com.mx\\\/web\\\/#\\\/schema\\\/person\\\/6f89ffa8ecba9dae50662357923c5289\"},\"breadcrumb\":{\"@id\":\"https:\\\/\\\/kuali.com.mx\\\/web\\\/2023\\\/05\\\/29\\\/podria-ser-botello-gobernadora-lorena-villavicencio\\\/#breadcrumb\"},\"inLanguage\":\"es\",\"potentialAction\":[{\"@type\":\"ReadAction\",\"target\":[\"https:\\\/\\\/kuali.com.mx\\\/web\\\/2023\\\/05\\\/29\\\/podria-ser-botello-gobernadora-lorena-villavicencio\\\/\"]}]},{\"@type\":\"ImageObject\",\"inLanguage\":\"es\",\"@id\":\"https:\\\/\\\/kuali.com.mx\\\/web\\\/2023\\\/05\\\/29\\\/podria-ser-botello-gobernadora-lorena-villavicencio\\\/#primaryimage\",\"url\":\"https:\\\/\\\/kuali.com.mx\\\/web\\\/wp-content\\\/uploads\\\/2023\\\/05\\\/Movimiento-Por-Ella-por-Todas..jpeg\",\"contentUrl\":\"https:\\\/\\\/kuali.com.mx\\\/web\\\/wp-content\\\/uploads\\\/2023\\\/05\\\/Movimiento-Por-Ella-por-Todas..jpeg\",\"width\":1280,\"height\":720},{\"@type\":\"BreadcrumbList\",\"@id\":\"https:\\\/\\\/kuali.com.mx\\\/web\\\/2023\\\/05\\\/29\\\/podria-ser-botello-gobernadora-lorena-villavicencio\\\/#breadcrumb\",\"itemListElement\":[{\"@type\":\"ListItem\",\"position\":1,\"name\":\"Inicio\",\"item\":\"https:\\\/\\\/kuali.com.mx\\\/web\\\/\"},{\"@type\":\"ListItem\",\"position\":2,\"name\":\"PODR\u00cdA SER BOTELLO GOBERNADORA: LORENA VILLAVICENCIO\"}]},{\"@type\":\"WebSite\",\"@id\":\"https:\\\/\\\/kuali.com.mx\\\/web\\\/#website\",\"url\":\"https:\\\/\\\/kuali.com.mx\\\/web\\\/\",\"name\":\"Kuali\",\"description\":\"\",\"potentialAction\":[{\"@type\":\"SearchAction\",\"target\":{\"@type\":\"EntryPoint\",\"urlTemplate\":\"https:\\\/\\\/kuali.com.mx\\\/web\\\/?s={search_term_string}\"},\"query-input\":{\"@type\":\"PropertyValueSpecification\",\"valueRequired\":true,\"valueName\":\"search_term_string\"}}],\"inLanguage\":\"es\"},{\"@type\":\"Person\",\"@id\":\"https:\\\/\\\/kuali.com.mx\\\/web\\\/#\\\/schema\\\/person\\\/6f89ffa8ecba9dae50662357923c5289\",\"name\":\"Kuali Staff\",\"image\":{\"@type\":\"ImageObject\",\"inLanguage\":\"es\",\"@id\":\"https:\\\/\\\/secure.gravatar.com\\\/avatar\\\/f917ad82e5ab71227a733c78b6e60715476f69ee6be59feee4eb5d9920c89e0f?s=96&d=mm&r=g\",\"url\":\"https:\\\/\\\/secure.gravatar.com\\\/avatar\\\/f917ad82e5ab71227a733c78b6e60715476f69ee6be59feee4eb5d9920c89e0f?s=96&d=mm&r=g\",\"contentUrl\":\"https:\\\/\\\/secure.gravatar.com\\\/avatar\\\/f917ad82e5ab71227a733c78b6e60715476f69ee6be59feee4eb5d9920c89e0f?s=96&d=mm&r=g\",\"caption\":\"Kuali Staff\"},\"url\":\"https:\\\/\\\/kuali.com.mx\\\/web\\\/author\\\/lagarto\\\/\"}]}<\/script>\n<!-- \/ Yoast SEO plugin. -->","yoast_head_json":{"title":"PODR\u00cdA SER BOTELLO GOBERNADORA: LORENA VILLAVICENCIO - Kuali","robots":{"index":"index","follow":"follow","max-snippet":"max-snippet:-1","max-image-preview":"max-image-preview:large","max-video-preview":"max-video-preview:-1"},"canonical":"https:\/\/kuali.com.mx\/web\/2023\/05\/29\/podria-ser-botello-gobernadora-lorena-villavicencio\/","og_locale":"es_MX","og_type":"article","og_title":"PODR\u00cdA SER BOTELLO GOBERNADORA: LORENA VILLAVICENCIO - Kuali","og_description":"Carlos Garc\u00eda\/Le\u00f3n, Gto.- &nbsp;La ex alcaldesa de Le\u00f3n, B\u00e1rbara Botello Santib\u00e1\u00f1ez, podr\u00eda ser gobernadora de Guanajuato en el a\u00f1o 2024, consider\u00f3 la ex diputada federal, Lorena Villavicencio Ayala, al presentar en el estado el movimiento \u201cPor Ella, por Todas\u201d, que tiene el objetivo de promover a la jefa de gobierno de la Ciudad de M\u00e9xico, [&hellip;]","og_url":"https:\/\/kuali.com.mx\/web\/2023\/05\/29\/podria-ser-botello-gobernadora-lorena-villavicencio\/","og_site_name":"Kuali","article_publisher":"https:\/\/kuali.com.mx\/web\/wp-content\/uploads\/2018\/04\/cropped-kuali_logo-1-1.png","article_published_time":"2023-05-29T23:06:06+00:00","article_modified_time":"2023-05-30T00:50:09+00:00","og_image":[{"width":1280,"height":720,"url":"https:\/\/kuali.com.mx\/web\/wp-content\/uploads\/2023\/05\/Movimiento-Por-Ella-por-Todas..jpeg","type":"image\/jpeg"}],"author":"Kuali Staff","twitter_card":"summary_large_image","twitter_creator":"@kuali_noticias","twitter_site":"@kuali_noticias","twitter_misc":{"Escrito por":"Kuali Staff","Tiempo de lectura":"2 minutos"},"schema":{"@context":"https:\/\/schema.org","@graph":[{"@type":"Article","@id":"https:\/\/kuali.com.mx\/web\/2023\/05\/29\/podria-ser-botello-gobernadora-lorena-villavicencio\/#article","isPartOf":{"@id":"https:\/\/kuali.com.mx\/web\/2023\/05\/29\/podria-ser-botello-gobernadora-lorena-villavicencio\/"},"author":{"name":"Kuali Staff","@id":"https:\/\/kuali.com.mx\/web\/#\/schema\/person\/6f89ffa8ecba9dae50662357923c5289"},"headline":"PODR\u00cdA SER BOTELLO GOBERNADORA: LORENA VILLAVICENCIO","datePublished":"2023-05-29T23:06:06+00:00","dateModified":"2023-05-30T00:50:09+00:00","mainEntityOfPage":{"@id":"https:\/\/kuali.com.mx\/web\/2023\/05\/29\/podria-ser-botello-gobernadora-lorena-villavicencio\/"},"wordCount":359,"commentCount":0,"image":{"@id":"https:\/\/kuali.com.mx\/web\/2023\/05\/29\/podria-ser-botello-gobernadora-lorena-villavicencio\/#primaryimage"},"thumbnailUrl":"https:\/\/kuali.com.mx\/web\/wp-content\/uploads\/2023\/05\/Movimiento-Por-Ella-por-Todas..jpeg","articleSection":["Pol\u00edtica"],"inLanguage":"es","potentialAction":[{"@type":"CommentAction","name":"Comment","target":["https:\/\/kuali.com.mx\/web\/2023\/05\/29\/podria-ser-botello-gobernadora-lorena-villavicencio\/#respond"]}]},{"@type":"WebPage","@id":"https:\/\/kuali.com.mx\/web\/2023\/05\/29\/podria-ser-botello-gobernadora-lorena-villavicencio\/","url":"https:\/\/kuali.com.mx\/web\/2023\/05\/29\/podria-ser-botello-gobernadora-lorena-villavicencio\/","name":"PODR\u00cdA SER BOTELLO GOBERNADORA: LORENA VILLAVICENCIO - Kuali","isPartOf":{"@id":"https:\/\/kuali.com.mx\/web\/#website"},"primaryImageOfPage":{"@id":"https:\/\/kuali.com.mx\/web\/2023\/05\/29\/podria-ser-botello-gobernadora-lorena-villavicencio\/#primaryimage"},"image":{"@id":"https:\/\/kuali.com.mx\/web\/2023\/05\/29\/podria-ser-botello-gobernadora-lorena-villavicencio\/#primaryimage"},"thumbnailUrl":"https:\/\/kuali.com.mx\/web\/wp-content\/uploads\/2023\/05\/Movimiento-Por-Ella-por-Todas..jpeg","datePublished":"2023-05-29T23:06:06+00:00","dateModified":"2023-05-30T00:50:09+00:00","author":{"@id":"https:\/\/kuali.com.mx\/web\/#\/schema\/person\/6f89ffa8ecba9dae50662357923c5289"},"breadcrumb":{"@id":"https:\/\/kuali.com.mx\/web\/2023\/05\/29\/podria-ser-botello-gobernadora-lorena-villavicencio\/#breadcrumb"},"inLanguage":"es","potentialAction":[{"@type":"ReadAction","target":["https:\/\/kuali.com.mx\/web\/2023\/05\/29\/podria-ser-botello-gobernadora-lorena-villavicencio\/"]}]},{"@type":"ImageObject","inLanguage":"es","@id":"https:\/\/kuali.com.mx\/web\/2023\/05\/29\/podria-ser-botello-gobernadora-lorena-villavicencio\/#primaryimage","url":"https:\/\/kuali.com.mx\/web\/wp-content\/uploads\/2023\/05\/Movimiento-Por-Ella-por-Todas..jpeg","contentUrl":"https:\/\/kuali.com.mx\/web\/wp-content\/uploads\/2023\/05\/Movimiento-Por-Ella-por-Todas..jpeg","width":1280,"height":720},{"@type":"BreadcrumbList","@id":"https:\/\/kuali.com.mx\/web\/2023\/05\/29\/podria-ser-botello-gobernadora-lorena-villavicencio\/#breadcrumb","itemListElement":[{"@type":"ListItem","position":1,"name":"Inicio","item":"https:\/\/kuali.com.mx\/web\/"},{"@type":"ListItem","position":2,"name":"PODR\u00cdA SER BOTELLO GOBERNADORA: LORENA VILLAVICENCIO"}]},{"@type":"WebSite","@id":"https:\/\/kuali.com.mx\/web\/#website","url":"https:\/\/kuali.com.mx\/web\/","name":"Kuali","description":"","potentialAction":[{"@type":"SearchAction","target":{"@type":"EntryPoint","urlTemplate":"https:\/\/kuali.com.mx\/web\/?s={search_term_string}"},"query-input":{"@type":"PropertyValueSpecification","valueRequired":true,"valueName":"search_term_string"}}],"inLanguage":"es"},{"@type":"Person","@id":"https:\/\/kuali.com.mx\/web\/#\/schema\/person\/6f89ffa8ecba9dae50662357923c5289","name":"Kuali Staff","image":{"@type":"ImageObject","inLanguage":"es","@id":"https:\/\/secure.gravatar.com\/avatar\/f917ad82e5ab71227a733c78b6e60715476f69ee6be59feee4eb5d9920c89e0f?s=96&d=mm&r=g","url":"https:\/\/secure.gravatar.com\/avatar\/f917ad82e5ab71227a733c78b6e60715476f69ee6be59feee4eb5d9920c89e0f?s=96&d=mm&r=g","contentUrl":"https:\/\/secure.gravatar.com\/avatar\/f917ad82e5ab71227a733c78b6e60715476f69ee6be59feee4eb5d9920c89e0f?s=96&d=mm&r=g","caption":"Kuali Staff"},"url":"https:\/\/kuali.com.mx\/web\/author\/lagarto\/"}]}},"_links":{"self":[{"href":"https:\/\/kuali.com.mx\/web\/wp-json\/wp\/v2\/posts\/119479","targetHints":{"allow":["GET"]}}],"collection":[{"href":"https:\/\/kuali.com.mx\/web\/wp-json\/wp\/v2\/posts"}],"about":[{"href":"https:\/\/kuali.com.mx\/web\/wp-json\/wp\/v2\/types\/post"}],"author":[{"embeddable":true,"href":"https:\/\/kuali.com.mx\/web\/wp-json\/wp\/v2\/users\/2"}],"replies":[{"embeddable":true,"href":"https:\/\/kuali.com.mx\/web\/wp-json\/wp\/v2\/comments?post=119479"}],"version-history":[{"count":2,"href":"https:\/\/kuali.com.mx\/web\/wp-json\/wp\/v2\/posts\/119479\/revisions"}],"predecessor-version":[{"id":119484,"href":"https:\/\/kuali.com.mx\/web\/wp-json\/wp\/v2\/posts\/119479\/revisions\/119484"}],"wp:featuredmedia":[{"embeddable":true,"href":"https:\/\/kuali.com.mx\/web\/wp-json\/wp\/v2\/media\/119483"}],"wp:attachment":[{"href":"https:\/\/kuali.com.mx\/web\/wp-json\/wp\/v2\/media?parent=119479"}],"wp:term":[{"taxonomy":"category","embeddable":true,"href":"https:\/\/kuali.com.mx\/web\/wp-json\/wp\/v2\/categories?post=119479"},{"taxonomy":"post_tag","embeddable":true,"href":"https:\/\/kuali.com.mx\/web\/wp-json\/wp\/v2\/tags?post=119479"}],"curies":[{"name":"wp","href":"https:\/\/api.w.org\/{rel}","templated":true}]}}