{"id":119469,"date":"2023-05-29T17:36:47","date_gmt":"2023-05-29T23:36:47","guid":{"rendered":"https:\/\/kuali.com.mx\/web\/?p=119469"},"modified":"2023-05-29T17:36:48","modified_gmt":"2023-05-29T23:36:48","slug":"operan-en-el-estado-ex-militares-de-colombia","status":"publish","type":"post","link":"https:\/\/kuali.com.mx\/web\/2023\/05\/29\/operan-en-el-estado-ex-militares-de-colombia\/","title":{"rendered":"OPERAN EN EL ESTADO EX MILITARES DE COLOMBIA"},"content":{"rendered":"\n<p><strong><em>Carlos Garc\u00eda\/Le\u00f3n, Gto.-<\/em><\/strong> \u00a0Es com\u00fan que en el estado Guanajuato operen delincuentes y ex militares de Colombia, de Centroam\u00e9rica y del estado de Tamaulipas, revel\u00f3 el gobernador, Diego Sinhue Rodr\u00edguez Vallejo.<\/p>\n\n\n\n<p>Lo anterior lo manifest\u00f3 al ser entrevistado sobre el ataque armado contra una caseta de la Polic\u00eda de Celaya, perpetrado a las seis de la ma\u00f1ana del lunes, y sobre los dos oficiales asesinados, la semana pasada, en la comunidad de Rinc\u00f3n de Tamayo.<\/p>\n\n\n\n<p>En Celaya han sido detenidos y abatidos ex militares colombianos, tambi\u00e9n hay criminales de Tamaulipas, dijo.<\/p>\n\n\n\n<p>\u00bfEs novedosa la participaci\u00f3n de criminales extranjeros?<\/p>\n\n\n\n<p>-Es com\u00fan, es com\u00fan, todo lo que llevo del sexenio han sido varios centroamericanos y sudamericanos que han sido detenidos y de otros estados, ya ni se diga.<\/p>\n\n\n\n<p>\u201cDe las detenciones que hemos hecho, de debilitamiento a las organizaciones, hay delincuentes que vienen de otros estados\u201d, puntualiz\u00f3.<\/p>\n\n\n\n<p>Record\u00f3 que entre los detenidos hay un kaibil, un soldado de \u00e9lite de Guatemala, y ex militares colombianos.<\/p>\n\n\n\n<p>\u201cMuchos de los sicarios son ex militares o estuvieron trabajando en seguridad p\u00fablica, pero nada de que preocuparse\u201d, sostuvo.<\/p>\n\n\n\n<p>La polic\u00eda de Celaya ha detenido y abatido a muchos delincuentes y el ataque a casetas de seguridad, as\u00ed como a oficiales, son reacciones de grupos criminales, coment\u00f3.<\/p>\n\n\n\n<p>\u201cHay que reforzarlos, estamos con Fiscal\u00eda, FSPE -Fuerzas de Seguridad P\u00fablica del Estado- reforzando, haciendo protocolos y bueno es parte de lo que tenemos que hacer\u201d, manifest\u00f3.<\/p>\n\n\n\n<p>En Celaya ya trabajan unidades especiales del estado con vigilancia a\u00e9rea, precis\u00f3.<\/p>\n\n\n\n<p>Funcionarios de la Secretar\u00eda de Seguridad de Celaya informaron que el C\u00e1rtel Santa Rosa de Lima (CSRL) est\u00e1n contratando a sicarios de \u201cLos Escorpiones\u201d de Tamaulipas y a ex militares de Colombia.<\/p>\n","protected":false},"excerpt":{"rendered":"Carlos Garc\u00eda\/Le\u00f3n, Gto.- \u00a0Es com\u00fan que en el estado Guanajuato operen delincuentes y ex militares de Colombia, de Centroam\u00e9rica y del estado de Tamaulipas, revel\u00f3 el gobernador, Diego Sinhue Rodr\u00edguez Vallejo. Lo anterior lo manifest\u00f3 al ser entrevistado sobre el ataque armado contra una caseta de la Polic\u00eda de Celaya, perpetrado a las seis de [&hellip;]","protected":false},"author":2,"featured_media":39464,"comment_status":"open","ping_status":"open","sticky":false,"template":"","format":"standard","meta":{"_seopress_robots_primary_cat":"none","_seopress_titles_title":"","_seopress_titles_desc":"","_seopress_robots_index":"","_monsterinsights_skip_tracking":false,"_monsterinsights_sitenote_active":false,"_monsterinsights_sitenote_note":"","_monsterinsights_sitenote_category":0,"footnotes":""},"categories":[3,69],"tags":[],"class_list":["post-119469","post","type-post","status-publish","format-standard","has-post-thumbnail","hentry","category-politica","category-slider"],"yoast_head":"<!-- This site is optimized with the Yoast SEO plugin v27.4 - https:\/\/yoast.com\/product\/yoast-seo-wordpress\/ -->\n<title>OPERAN EN EL ESTADO EX MILITARES DE COLOMBIA - Kuali<\/title>\n<meta name=\"robots\" content=\"index, follow, max-snippet:-1, max-image-preview:large, max-video-preview:-1\" \/>\n<link rel=\"canonical\" href=\"https:\/\/kuali.com.mx\/web\/2023\/05\/29\/operan-en-el-estado-ex-militares-de-colombia\/\" \/>\n<meta property=\"og:locale\" content=\"es_MX\" \/>\n<meta property=\"og:type\" content=\"article\" \/>\n<meta property=\"og:title\" content=\"OPERAN EN EL ESTADO EX MILITARES DE COLOMBIA - Kuali\" \/>\n<meta property=\"og:description\" content=\"Carlos Garc\u00eda\/Le\u00f3n, Gto.- \u00a0Es com\u00fan que en el estado Guanajuato operen delincuentes y ex militares de Colombia, de Centroam\u00e9rica y del estado de Tamaulipas, revel\u00f3 el gobernador, Diego Sinhue Rodr\u00edguez Vallejo. Lo anterior lo manifest\u00f3 al ser entrevistado sobre el ataque armado contra una caseta de la Polic\u00eda de Celaya, perpetrado a las seis de [&hellip;]\" \/>\n<meta property=\"og:url\" content=\"https:\/\/kuali.com.mx\/web\/2023\/05\/29\/operan-en-el-estado-ex-militares-de-colombia\/\" \/>\n<meta property=\"og:site_name\" content=\"Kuali\" \/>\n<meta property=\"article:publisher\" content=\"https:\/\/kuali.com.mx\/web\/wp-content\/uploads\/2018\/04\/cropped-kuali_logo-1-1.png\" \/>\n<meta property=\"article:published_time\" content=\"2023-05-29T23:36:47+00:00\" \/>\n<meta property=\"article:modified_time\" content=\"2023-05-29T23:36:48+00:00\" \/>\n<meta property=\"og:image\" content=\"https:\/\/kuali.com.mx\/web\/wp-content\/uploads\/2018\/05\/Soldados-slider.jpg\" \/>\n\t<meta property=\"og:image:width\" content=\"1920\" \/>\n\t<meta property=\"og:image:height\" content=\"718\" \/>\n\t<meta property=\"og:image:type\" content=\"image\/jpeg\" \/>\n<meta name=\"author\" content=\"Kuali Staff\" \/>\n<meta name=\"twitter:card\" content=\"summary_large_image\" \/>\n<meta name=\"twitter:creator\" content=\"@kuali_noticias\" \/>\n<meta name=\"twitter:site\" content=\"@kuali_noticias\" \/>\n<meta name=\"twitter:label1\" content=\"Escrito por\" \/>\n\t<meta name=\"twitter:data1\" content=\"Kuali Staff\" \/>\n\t<meta name=\"twitter:label2\" content=\"Tiempo de lectura\" \/>\n\t<meta name=\"twitter:data2\" content=\"2 minutos\" \/>\n<script type=\"application\/ld+json\" class=\"yoast-schema-graph\">{\"@context\":\"https:\\\/\\\/schema.org\",\"@graph\":[{\"@type\":\"Article\",\"@id\":\"https:\\\/\\\/kuali.com.mx\\\/web\\\/2023\\\/05\\\/29\\\/operan-en-el-estado-ex-militares-de-colombia\\\/#article\",\"isPartOf\":{\"@id\":\"https:\\\/\\\/kuali.com.mx\\\/web\\\/2023\\\/05\\\/29\\\/operan-en-el-estado-ex-militares-de-colombia\\\/\"},\"author\":{\"name\":\"Kuali Staff\",\"@id\":\"https:\\\/\\\/kuali.com.mx\\\/web\\\/#\\\/schema\\\/person\\\/6f89ffa8ecba9dae50662357923c5289\"},\"headline\":\"OPERAN EN EL ESTADO EX MILITARES DE COLOMBIA\",\"datePublished\":\"2023-05-29T23:36:47+00:00\",\"dateModified\":\"2023-05-29T23:36:48+00:00\",\"mainEntityOfPage\":{\"@id\":\"https:\\\/\\\/kuali.com.mx\\\/web\\\/2023\\\/05\\\/29\\\/operan-en-el-estado-ex-militares-de-colombia\\\/\"},\"wordCount\":311,\"commentCount\":0,\"image\":{\"@id\":\"https:\\\/\\\/kuali.com.mx\\\/web\\\/2023\\\/05\\\/29\\\/operan-en-el-estado-ex-militares-de-colombia\\\/#primaryimage\"},\"thumbnailUrl\":\"https:\\\/\\\/kuali.com.mx\\\/web\\\/wp-content\\\/uploads\\\/2018\\\/05\\\/Soldados-slider.jpg\",\"articleSection\":[\"Pol\u00edtica\",\"slider\"],\"inLanguage\":\"es\",\"potentialAction\":[{\"@type\":\"CommentAction\",\"name\":\"Comment\",\"target\":[\"https:\\\/\\\/kuali.com.mx\\\/web\\\/2023\\\/05\\\/29\\\/operan-en-el-estado-ex-militares-de-colombia\\\/#respond\"]}]},{\"@type\":\"WebPage\",\"@id\":\"https:\\\/\\\/kuali.com.mx\\\/web\\\/2023\\\/05\\\/29\\\/operan-en-el-estado-ex-militares-de-colombia\\\/\",\"url\":\"https:\\\/\\\/kuali.com.mx\\\/web\\\/2023\\\/05\\\/29\\\/operan-en-el-estado-ex-militares-de-colombia\\\/\",\"name\":\"OPERAN EN EL ESTADO EX MILITARES DE COLOMBIA - Kuali\",\"isPartOf\":{\"@id\":\"https:\\\/\\\/kuali.com.mx\\\/web\\\/#website\"},\"primaryImageOfPage\":{\"@id\":\"https:\\\/\\\/kuali.com.mx\\\/web\\\/2023\\\/05\\\/29\\\/operan-en-el-estado-ex-militares-de-colombia\\\/#primaryimage\"},\"image\":{\"@id\":\"https:\\\/\\\/kuali.com.mx\\\/web\\\/2023\\\/05\\\/29\\\/operan-en-el-estado-ex-militares-de-colombia\\\/#primaryimage\"},\"thumbnailUrl\":\"https:\\\/\\\/kuali.com.mx\\\/web\\\/wp-content\\\/uploads\\\/2018\\\/05\\\/Soldados-slider.jpg\",\"datePublished\":\"2023-05-29T23:36:47+00:00\",\"dateModified\":\"2023-05-29T23:36:48+00:00\",\"author\":{\"@id\":\"https:\\\/\\\/kuali.com.mx\\\/web\\\/#\\\/schema\\\/person\\\/6f89ffa8ecba9dae50662357923c5289\"},\"breadcrumb\":{\"@id\":\"https:\\\/\\\/kuali.com.mx\\\/web\\\/2023\\\/05\\\/29\\\/operan-en-el-estado-ex-militares-de-colombia\\\/#breadcrumb\"},\"inLanguage\":\"es\",\"potentialAction\":[{\"@type\":\"ReadAction\",\"target\":[\"https:\\\/\\\/kuali.com.mx\\\/web\\\/2023\\\/05\\\/29\\\/operan-en-el-estado-ex-militares-de-colombia\\\/\"]}]},{\"@type\":\"ImageObject\",\"inLanguage\":\"es\",\"@id\":\"https:\\\/\\\/kuali.com.mx\\\/web\\\/2023\\\/05\\\/29\\\/operan-en-el-estado-ex-militares-de-colombia\\\/#primaryimage\",\"url\":\"https:\\\/\\\/kuali.com.mx\\\/web\\\/wp-content\\\/uploads\\\/2018\\\/05\\\/Soldados-slider.jpg\",\"contentUrl\":\"https:\\\/\\\/kuali.com.mx\\\/web\\\/wp-content\\\/uploads\\\/2018\\\/05\\\/Soldados-slider.jpg\",\"width\":1920,\"height\":718},{\"@type\":\"BreadcrumbList\",\"@id\":\"https:\\\/\\\/kuali.com.mx\\\/web\\\/2023\\\/05\\\/29\\\/operan-en-el-estado-ex-militares-de-colombia\\\/#breadcrumb\",\"itemListElement\":[{\"@type\":\"ListItem\",\"position\":1,\"name\":\"Inicio\",\"item\":\"https:\\\/\\\/kuali.com.mx\\\/web\\\/\"},{\"@type\":\"ListItem\",\"position\":2,\"name\":\"OPERAN EN EL ESTADO EX MILITARES DE COLOMBIA\"}]},{\"@type\":\"WebSite\",\"@id\":\"https:\\\/\\\/kuali.com.mx\\\/web\\\/#website\",\"url\":\"https:\\\/\\\/kuali.com.mx\\\/web\\\/\",\"name\":\"Kuali\",\"description\":\"\",\"potentialAction\":[{\"@type\":\"SearchAction\",\"target\":{\"@type\":\"EntryPoint\",\"urlTemplate\":\"https:\\\/\\\/kuali.com.mx\\\/web\\\/?s={search_term_string}\"},\"query-input\":{\"@type\":\"PropertyValueSpecification\",\"valueRequired\":true,\"valueName\":\"search_term_string\"}}],\"inLanguage\":\"es\"},{\"@type\":\"Person\",\"@id\":\"https:\\\/\\\/kuali.com.mx\\\/web\\\/#\\\/schema\\\/person\\\/6f89ffa8ecba9dae50662357923c5289\",\"name\":\"Kuali Staff\",\"image\":{\"@type\":\"ImageObject\",\"inLanguage\":\"es\",\"@id\":\"https:\\\/\\\/secure.gravatar.com\\\/avatar\\\/f917ad82e5ab71227a733c78b6e60715476f69ee6be59feee4eb5d9920c89e0f?s=96&d=mm&r=g\",\"url\":\"https:\\\/\\\/secure.gravatar.com\\\/avatar\\\/f917ad82e5ab71227a733c78b6e60715476f69ee6be59feee4eb5d9920c89e0f?s=96&d=mm&r=g\",\"contentUrl\":\"https:\\\/\\\/secure.gravatar.com\\\/avatar\\\/f917ad82e5ab71227a733c78b6e60715476f69ee6be59feee4eb5d9920c89e0f?s=96&d=mm&r=g\",\"caption\":\"Kuali Staff\"},\"url\":\"https:\\\/\\\/kuali.com.mx\\\/web\\\/author\\\/lagarto\\\/\"}]}<\/script>\n<!-- \/ Yoast SEO plugin. -->","yoast_head_json":{"title":"OPERAN EN EL ESTADO EX MILITARES DE COLOMBIA - Kuali","robots":{"index":"index","follow":"follow","max-snippet":"max-snippet:-1","max-image-preview":"max-image-preview:large","max-video-preview":"max-video-preview:-1"},"canonical":"https:\/\/kuali.com.mx\/web\/2023\/05\/29\/operan-en-el-estado-ex-militares-de-colombia\/","og_locale":"es_MX","og_type":"article","og_title":"OPERAN EN EL ESTADO EX MILITARES DE COLOMBIA - Kuali","og_description":"Carlos Garc\u00eda\/Le\u00f3n, Gto.- \u00a0Es com\u00fan que en el estado Guanajuato operen delincuentes y ex militares de Colombia, de Centroam\u00e9rica y del estado de Tamaulipas, revel\u00f3 el gobernador, Diego Sinhue Rodr\u00edguez Vallejo. Lo anterior lo manifest\u00f3 al ser entrevistado sobre el ataque armado contra una caseta de la Polic\u00eda de Celaya, perpetrado a las seis de [&hellip;]","og_url":"https:\/\/kuali.com.mx\/web\/2023\/05\/29\/operan-en-el-estado-ex-militares-de-colombia\/","og_site_name":"Kuali","article_publisher":"https:\/\/kuali.com.mx\/web\/wp-content\/uploads\/2018\/04\/cropped-kuali_logo-1-1.png","article_published_time":"2023-05-29T23:36:47+00:00","article_modified_time":"2023-05-29T23:36:48+00:00","og_image":[{"width":1920,"height":718,"url":"https:\/\/kuali.com.mx\/web\/wp-content\/uploads\/2018\/05\/Soldados-slider.jpg","type":"image\/jpeg"}],"author":"Kuali Staff","twitter_card":"summary_large_image","twitter_creator":"@kuali_noticias","twitter_site":"@kuali_noticias","twitter_misc":{"Escrito por":"Kuali Staff","Tiempo de lectura":"2 minutos"},"schema":{"@context":"https:\/\/schema.org","@graph":[{"@type":"Article","@id":"https:\/\/kuali.com.mx\/web\/2023\/05\/29\/operan-en-el-estado-ex-militares-de-colombia\/#article","isPartOf":{"@id":"https:\/\/kuali.com.mx\/web\/2023\/05\/29\/operan-en-el-estado-ex-militares-de-colombia\/"},"author":{"name":"Kuali Staff","@id":"https:\/\/kuali.com.mx\/web\/#\/schema\/person\/6f89ffa8ecba9dae50662357923c5289"},"headline":"OPERAN EN EL ESTADO EX MILITARES DE COLOMBIA","datePublished":"2023-05-29T23:36:47+00:00","dateModified":"2023-05-29T23:36:48+00:00","mainEntityOfPage":{"@id":"https:\/\/kuali.com.mx\/web\/2023\/05\/29\/operan-en-el-estado-ex-militares-de-colombia\/"},"wordCount":311,"commentCount":0,"image":{"@id":"https:\/\/kuali.com.mx\/web\/2023\/05\/29\/operan-en-el-estado-ex-militares-de-colombia\/#primaryimage"},"thumbnailUrl":"https:\/\/kuali.com.mx\/web\/wp-content\/uploads\/2018\/05\/Soldados-slider.jpg","articleSection":["Pol\u00edtica","slider"],"inLanguage":"es","potentialAction":[{"@type":"CommentAction","name":"Comment","target":["https:\/\/kuali.com.mx\/web\/2023\/05\/29\/operan-en-el-estado-ex-militares-de-colombia\/#respond"]}]},{"@type":"WebPage","@id":"https:\/\/kuali.com.mx\/web\/2023\/05\/29\/operan-en-el-estado-ex-militares-de-colombia\/","url":"https:\/\/kuali.com.mx\/web\/2023\/05\/29\/operan-en-el-estado-ex-militares-de-colombia\/","name":"OPERAN EN EL ESTADO EX MILITARES DE COLOMBIA - Kuali","isPartOf":{"@id":"https:\/\/kuali.com.mx\/web\/#website"},"primaryImageOfPage":{"@id":"https:\/\/kuali.com.mx\/web\/2023\/05\/29\/operan-en-el-estado-ex-militares-de-colombia\/#primaryimage"},"image":{"@id":"https:\/\/kuali.com.mx\/web\/2023\/05\/29\/operan-en-el-estado-ex-militares-de-colombia\/#primaryimage"},"thumbnailUrl":"https:\/\/kuali.com.mx\/web\/wp-content\/uploads\/2018\/05\/Soldados-slider.jpg","datePublished":"2023-05-29T23:36:47+00:00","dateModified":"2023-05-29T23:36:48+00:00","author":{"@id":"https:\/\/kuali.com.mx\/web\/#\/schema\/person\/6f89ffa8ecba9dae50662357923c5289"},"breadcrumb":{"@id":"https:\/\/kuali.com.mx\/web\/2023\/05\/29\/operan-en-el-estado-ex-militares-de-colombia\/#breadcrumb"},"inLanguage":"es","potentialAction":[{"@type":"ReadAction","target":["https:\/\/kuali.com.mx\/web\/2023\/05\/29\/operan-en-el-estado-ex-militares-de-colombia\/"]}]},{"@type":"ImageObject","inLanguage":"es","@id":"https:\/\/kuali.com.mx\/web\/2023\/05\/29\/operan-en-el-estado-ex-militares-de-colombia\/#primaryimage","url":"https:\/\/kuali.com.mx\/web\/wp-content\/uploads\/2018\/05\/Soldados-slider.jpg","contentUrl":"https:\/\/kuali.com.mx\/web\/wp-content\/uploads\/2018\/05\/Soldados-slider.jpg","width":1920,"height":718},{"@type":"BreadcrumbList","@id":"https:\/\/kuali.com.mx\/web\/2023\/05\/29\/operan-en-el-estado-ex-militares-de-colombia\/#breadcrumb","itemListElement":[{"@type":"ListItem","position":1,"name":"Inicio","item":"https:\/\/kuali.com.mx\/web\/"},{"@type":"ListItem","position":2,"name":"OPERAN EN EL ESTADO EX MILITARES DE COLOMBIA"}]},{"@type":"WebSite","@id":"https:\/\/kuali.com.mx\/web\/#website","url":"https:\/\/kuali.com.mx\/web\/","name":"Kuali","description":"","potentialAction":[{"@type":"SearchAction","target":{"@type":"EntryPoint","urlTemplate":"https:\/\/kuali.com.mx\/web\/?s={search_term_string}"},"query-input":{"@type":"PropertyValueSpecification","valueRequired":true,"valueName":"search_term_string"}}],"inLanguage":"es"},{"@type":"Person","@id":"https:\/\/kuali.com.mx\/web\/#\/schema\/person\/6f89ffa8ecba9dae50662357923c5289","name":"Kuali Staff","image":{"@type":"ImageObject","inLanguage":"es","@id":"https:\/\/secure.gravatar.com\/avatar\/f917ad82e5ab71227a733c78b6e60715476f69ee6be59feee4eb5d9920c89e0f?s=96&d=mm&r=g","url":"https:\/\/secure.gravatar.com\/avatar\/f917ad82e5ab71227a733c78b6e60715476f69ee6be59feee4eb5d9920c89e0f?s=96&d=mm&r=g","contentUrl":"https:\/\/secure.gravatar.com\/avatar\/f917ad82e5ab71227a733c78b6e60715476f69ee6be59feee4eb5d9920c89e0f?s=96&d=mm&r=g","caption":"Kuali Staff"},"url":"https:\/\/kuali.com.mx\/web\/author\/lagarto\/"}]}},"_links":{"self":[{"href":"https:\/\/kuali.com.mx\/web\/wp-json\/wp\/v2\/posts\/119469","targetHints":{"allow":["GET"]}}],"collection":[{"href":"https:\/\/kuali.com.mx\/web\/wp-json\/wp\/v2\/posts"}],"about":[{"href":"https:\/\/kuali.com.mx\/web\/wp-json\/wp\/v2\/types\/post"}],"author":[{"embeddable":true,"href":"https:\/\/kuali.com.mx\/web\/wp-json\/wp\/v2\/users\/2"}],"replies":[{"embeddable":true,"href":"https:\/\/kuali.com.mx\/web\/wp-json\/wp\/v2\/comments?post=119469"}],"version-history":[{"count":1,"href":"https:\/\/kuali.com.mx\/web\/wp-json\/wp\/v2\/posts\/119469\/revisions"}],"predecessor-version":[{"id":119472,"href":"https:\/\/kuali.com.mx\/web\/wp-json\/wp\/v2\/posts\/119469\/revisions\/119472"}],"wp:featuredmedia":[{"embeddable":true,"href":"https:\/\/kuali.com.mx\/web\/wp-json\/wp\/v2\/media\/39464"}],"wp:attachment":[{"href":"https:\/\/kuali.com.mx\/web\/wp-json\/wp\/v2\/media?parent=119469"}],"wp:term":[{"taxonomy":"category","embeddable":true,"href":"https:\/\/kuali.com.mx\/web\/wp-json\/wp\/v2\/categories?post=119469"},{"taxonomy":"post_tag","embeddable":true,"href":"https:\/\/kuali.com.mx\/web\/wp-json\/wp\/v2\/tags?post=119469"}],"curies":[{"name":"wp","href":"https:\/\/api.w.org\/{rel}","templated":true}]}}