{"id":118911,"date":"2023-05-20T10:46:27","date_gmt":"2023-05-20T16:46:27","guid":{"rendered":"https:\/\/kuali.com.mx\/web\/?p=118911"},"modified":"2023-05-20T10:46:29","modified_gmt":"2023-05-20T16:46:29","slug":"el-cedro-y-la-flor-una-promesa-hecha-homenaje","status":"publish","type":"post","link":"https:\/\/kuali.com.mx\/web\/2023\/05\/20\/el-cedro-y-la-flor-una-promesa-hecha-homenaje\/","title":{"rendered":"&#8220;EL CEDRO Y LA FLOR\u201d, UNA PROMESA HECHA HOMENAJE"},"content":{"rendered":"\n<p class=\"has-text-align-right\"><strong>\u201cNadie puede perder su hogar mientras recuerde de d\u00f3nde viene\u201d<\/strong><\/p>\n\n\n\n<p class=\"has-text-align-right\"><em>Hissam Abdala Majamad<\/em><\/p>\n\n\n\n<p><strong>Alicia Arias\/Le\u00f3n, Gto.- <\/strong>El d\u00eda que Hassan muri\u00f3 Hissan se propuso escribir la historia de su padre, un migrante liban\u00e9s que se estableci\u00f3 en Veracruz, donde muri\u00f3 en una sala del seguro social a falta de atenci\u00f3n un d\u00eda de carnaval.<\/p>\n\n\n\n<p>As\u00ed comienza la historia que cuenta Hissam Abdala Majamad en la novela biogr\u00e1fica \u201cEl cedro y la flor\u201d. Una historia que se desarrolla en M\u00e9xico: \"este pa\u00eds maravilloso le brind\u00f3 la oportunidad a mi padre que su propio pa\u00eds no le pudo dar\u201d.<\/p>\n\n\n\n<p>Poeta hijo de libaneses nacido en C\u00f3rdoba, Veracruz, Hissam Abdala vino a presentar su primera novela a la Feria Nacional del Libro de Le\u00f3n (Fenal). La ciudad zapatera no le es ajena porque la visita desde hace 45 a\u00f1os para convivir con su hermana que vive aqu\u00ed.<\/p>\n\n\n\n<iframe loading=\"lazy\" src=\"https:\/\/www.facebook.com\/plugins\/video.php?height=314&href=https%3A%2F%2Fwww.facebook.com%2FKualiNoticias%2Fvideos%2F163869713086042%2F&show_text=false&width=560&t=0\" width=\"560\" height=\"314\" style=\"border:none;overflow:hidden\" scrolling=\"no\" frameborder=\"0\" allowfullscreen=\"true\" allow=\"autoplay; clipboard-write; encrypted-media; picture-in-picture; web-share\" allowFullScreen=\"true\"><\/iframe>\n\n\n\n<p>\u201cEl cedro y la flor\u201d es la promesa que se hizo Hissam a la edad de 22 a\u00f1os, cuando su padre muri\u00f3. De la partida de su padre a la publicaci\u00f3n de la obra pasaron casi 50 a\u00f1os.<\/p>\n\n\n\n<p>La historia comienza cuando Hassan es enviado por su padre, el abuelo de Hissam, al continente americano para ponerlo a salvo de los tucos.<\/p>\n\n\n\n<p>\u201cUn amigo de mi abuelo le dijo que los soldados del Imperio Otomano ir\u00edan por \u00e9l \u2013por Hassan- y mi abuelo le dijo: \u2018nunca vas a usar el uniforme turco. Ya me hablaron de Am\u00e9rica. \u00bfQu\u00e9 es Am\u00e9rica? \u00bfD\u00f3nde queda Am\u00e9rica? Pero te vas a ir a Am\u00e9rica. Prefiero no volverte a ver a que est\u00e9s bajo control de ellos\u201d. Y lo mand\u00f3 a Am\u00e9rica. El barco sali\u00f3 de Beirut y lleg\u00f3 a Veracruz donde pas\u00f3 su vida.<\/p>\n\n\n\n<p>El 8 de marzo de 1973 Hissan enferm\u00f3 y muri\u00f3 en una sala del seguro social del Puerto de Veracruz a falta de atenci\u00f3n porque era la temporada de carnaval y no hab\u00eda m\u00e9dicos.<\/p>\n\n\n\n<p>Casi cinco d\u00e9cadas despu\u00e9s, el 18 de noviembre de 2022, sali\u00f3 a la luz la biograf\u00eda novelada que narra su vida, la de un hombre \u201cde carne y hueso con errores, con virtudes, con defectos y con aciertos. Es un hombre como cualquier otro en circunstancias muy especiales, y \u00e9l sobrevivi\u00f3 y eso es muy importante\u201d, comenta Hissam.<\/p>\n\n\n\n<p>El libro, a\u00f1ade, \u201ces un reconocimiento a todos los emigrantes de todos los pa\u00edses que han llegado a M\u00e9xico y los que est\u00e1n en el mundo hoy en d\u00eda\u201d.<\/p>\n\n\n<div class=\"wp-block-image\">\n<figure class=\"aligncenter size-full\"><img loading=\"lazy\" decoding=\"async\" width=\"1023\" height=\"750\" src=\"https:\/\/kuali.com.mx\/web\/wp-content\/uploads\/2023\/05\/Hissam-Abdala-1.gif\" alt=\"\" class=\"wp-image-118916\"\/><figcaption>Hissam Abdala Majamad. FOTO: ALICIA ARIAS<\/figcaption><\/figure>\n<\/div>\n\n\n<p>\u201cYo quiero que se reconozca al emigrante que vino, que dej\u00f3 todo para venir a un pa\u00eds como este; sin embargo, lo que m\u00e1s ense\u00f1a este libro es que este pa\u00eds maravilloso, que es M\u00e9xico, le brind\u00f3 la oportunidad a mi padre que su propio pa\u00eds no le pudo dar, De ah\u00ed mi agradecimiento infinito a este pa\u00eds, siendo mexicano por nacimiento y mexicano por agradecimiento\u201d.<\/p>\n\n\n\n<p>El cedro y la flor se encuentra en la mayor\u00eda de las librer\u00edas del pa\u00eds, en plataformas digitales y tambi\u00e9n est\u00e1 disponible en audiolibro.<\/p>\n\n\n\n<figure class=\"wp-block-gallery has-nested-images columns-default is-cropped wp-block-gallery-1 is-layout-flex wp-block-gallery-is-layout-flex\"><\/figure>\n\n\n\n<p>\u201cMe mandaron un audiolibro para que lo escuchara. No pude. Aguant\u00e9 cinco minutos y me puse a llorar porque, no se parece a la voz de mi padre, pero era mi padre el que me estaba hablando y eso me hizo llorar. Por eso no quiero escuchar el audiolibro porque a m\u00ed me afect\u00f3 mucho\u201d, comenta Hissam Abdala.<\/p>\n\n\n\n<p>\u201cYo sent\u00eda que era mi padre el que me estaba hablando exactamente a m\u00ed. No a su padre, si no a m\u00ed, su hijo\u201d.<\/p>\n\n\n\n<p><em>\u00bfEscribiste un libro en el haces que tu padre te hable?<\/em><\/p>\n\n\n\n<p>S\u00ed y no. Yo hago que mi padre hable a su padre con mi voz. Lo que mi padre le dice a su padre es mi voz, lo que yo le hubiera dicho al m\u00edo, Yo le prest\u00e9 la voz a \u00e9l.<\/p>\n\n\n\n<p><strong>El cedro y la flor, La Flor y el cedro<\/strong><\/p>\n\n\n\n<p>Adem\u00e1s de haber cumplido la promesa que se hizo cuando ten\u00eda 22 a\u00f1os, el libro le ense\u00f1\u00f3 a Hissam que \u201cs\u00ed se puede\u201d, que a sus 72 a\u00f1os pudo publicar su primera novela.<\/p>\n\n\n\n<p>\u201cNunca me imagin\u00e9 la satisfacci\u00f3n que para m\u00ed fue escribir el libro porque, por un lado, fue cat\u00e1rtico, liber\u00e9 lozas muy pesadas\u201d y \u201cme ense\u00f1\u00f3 que s\u00ed se puede. Mi padre lleg\u00f3 a los 17 a\u00f1os sin el idioma, sin dinero, con un pantal\u00f3n y unos zapatos. Yo, a mis 72 a\u00f1os, pude imprimir mi novela. Quiere decir que tambi\u00e9n yo pude y, con entusiasmo y ganas, las cosas se pueden hacer\u201d.<\/p>\n\n\n<div class=\"wp-block-image\">\n<figure class=\"aligncenter size-full\"><img loading=\"lazy\" decoding=\"async\" width=\"250\" height=\"385\" src=\"https:\/\/kuali.com.mx\/web\/wp-content\/uploads\/2023\/05\/El-cedro-y-la-flor_libro.gif\" alt=\"\" class=\"wp-image-118914\"\/><\/figure>\n<\/div>\n\n\n<p>El libro est\u00e1 a punto de agotarse, la semana pasada le informaron que s\u00f3lo quedaban 100 ejemplares impresos.<\/p>\n\n\n\n<p>En M\u00e9xico la poblaci\u00f3n descendiente de libaneses es de 1 mill\u00f3n 200 mil personas. \u201cLa di\u00e1spora libanesa eso es lo que vale en todo el pa\u00eds\u201d.<\/p>\n\n\n\n<blockquote class=\"wp-block-quote is-layout-flow wp-block-quote-is-layout-flow\"><p>Es un reconocimiento a todos los emigrantes de todos los pa\u00edses que han llegado a M\u00e9xico y los que est\u00e1n en el mundo hoy en d\u00eda<\/p><cite>Hissam Abdala Majamad<\/cite><\/blockquote>\n\n\n\n<p>Hissam es poeta pero ya comenz\u00f3 a escribir una segunda novela ante la exigencia de sus lectores que le preguntan qu\u00e9 sigue.<\/p>\n\n\n\n<p>\u201cMi gran pesar es que yo me tengo que convertir en un personaje; adem\u00e1s de escribirlo voy a minimizar mi participaci\u00f3n porque si este es El cedro y la flor, mi padre es el cedro, mi madre es la flor; el otro libro podr\u00eda llamarse la flor y el cedro. La parte principal ser\u00eda mi madre y mi padre ser\u00eda un acompa\u00f1amiento. En eso estoy\u201d.<\/p>\n\n\n\n<p>Aunque est\u00e1 centrado en una segunda novela, el escritor no abandona la poes\u00eda, que para \u00e9l \u201ces la cereza del pastel de la literatura\u201d.<\/p>\n\n\n\n<p>\u201cPara m\u00ed est\u00e1 olvidada, no est\u00e1 reconocida, no est\u00e1 valorada. Para que alguien lea lo m\u00edo prefer\u00ed irme primero por la novela. Cuando la gente me empiece a conocer, quiz\u00e1, lea mis textos de poes\u00eda\u201d.<\/p>\n\n\n\n<p>Como poeta, Hissam hizo de El cedro y la flor una novela de prosa po\u00e9tica enriquecida con met\u00e1foras. \u00a0\u201cHay un sentimiento muy importante explicado ah\u00ed. Es muy po\u00e9tico el libro, por cierto\u201d.<\/p>\n\n\n\n<p>\u201cYo, si tengo dos eventos s\u00f3lidos no hay nada que los vincule, la vinculaci\u00f3n es novelada. Te llevo del punto A al punto B a trav\u00e9s de mi novela y as\u00ed voy armando los diferentes puntos que s\u00ed son s\u00f3lidos\u201d.<\/p>\n\n\n\n<p>A seis meses de su publicaci\u00f3n El cedro y la flor est\u00e1 por agotarse \u201ca pesar de que nadie me conoce a m\u00ed y nadie conoce el t\u00edtulo\u201d.<\/p>\n","protected":false},"excerpt":{"rendered":"\u201cNadie puede perder su hogar mientras recuerde de d\u00f3nde viene\u201d Hissam Abdala Majamad Alicia Arias\/Le\u00f3n, Gto.- El d\u00eda que Hassan muri\u00f3 Hissan se propuso escribir la historia de su padre, un migrante liban\u00e9s que se estableci\u00f3 en Veracruz, donde muri\u00f3 en una sala del seguro social a falta de atenci\u00f3n un d\u00eda de carnaval. As\u00ed [&hellip;]","protected":false},"author":2,"featured_media":118915,"comment_status":"open","ping_status":"open","sticky":false,"template":"","format":"standard","meta":{"_seopress_robots_primary_cat":"none","_seopress_titles_title":"","_seopress_titles_desc":"","_seopress_robots_index":"","_monsterinsights_skip_tracking":false,"_monsterinsights_sitenote_active":false,"_monsterinsights_sitenote_note":"","_monsterinsights_sitenote_category":0,"footnotes":""},"categories":[8],"tags":[127,2357,164,689,2358,652,2354],"class_list":["post-118911","post","type-post","status-publish","format-standard","has-post-thumbnail","hentry","category-espectaculos","tag-arte-y-cultura","tag-el-cedro-y-la-flor","tag-fenal","tag-feria-de-libro","tag-hissam-abdala","tag-migracion","tag-novela"],"yoast_head":"<!-- This site is optimized with the Yoast SEO plugin v27.4 - https:\/\/yoast.com\/product\/yoast-seo-wordpress\/ -->\n<title>&quot;EL CEDRO Y LA FLOR\u201d, UNA PROMESA HECHA HOMENAJE - Kuali<\/title>\n<meta name=\"robots\" content=\"index, follow, max-snippet:-1, max-image-preview:large, max-video-preview:-1\" \/>\n<link rel=\"canonical\" href=\"https:\/\/kuali.com.mx\/web\/2023\/05\/20\/el-cedro-y-la-flor-una-promesa-hecha-homenaje\/\" \/>\n<meta property=\"og:locale\" content=\"es_MX\" \/>\n<meta property=\"og:type\" content=\"article\" \/>\n<meta property=\"og:title\" content=\"&quot;EL CEDRO Y LA FLOR\u201d, UNA PROMESA HECHA HOMENAJE - Kuali\" \/>\n<meta property=\"og:description\" content=\"\u201cNadie puede perder su hogar mientras recuerde de d\u00f3nde viene\u201d Hissam Abdala Majamad Alicia Arias\/Le\u00f3n, Gto.- El d\u00eda que Hassan muri\u00f3 Hissan se propuso escribir la historia de su padre, un migrante liban\u00e9s que se estableci\u00f3 en Veracruz, donde muri\u00f3 en una sala del seguro social a falta de atenci\u00f3n un d\u00eda de carnaval. As\u00ed [&hellip;]\" \/>\n<meta property=\"og:url\" content=\"https:\/\/kuali.com.mx\/web\/2023\/05\/20\/el-cedro-y-la-flor-una-promesa-hecha-homenaje\/\" \/>\n<meta property=\"og:site_name\" content=\"Kuali\" \/>\n<meta property=\"article:publisher\" content=\"https:\/\/kuali.com.mx\/web\/wp-content\/uploads\/2018\/04\/cropped-kuali_logo-1-1.png\" \/>\n<meta property=\"article:published_time\" content=\"2023-05-20T16:46:27+00:00\" \/>\n<meta property=\"article:modified_time\" content=\"2023-05-20T16:46:29+00:00\" \/>\n<meta property=\"og:image\" content=\"https:\/\/kuali.com.mx\/web\/wp-content\/uploads\/2023\/05\/Hissam-Abdala.gif\" \/>\n\t<meta property=\"og:image:width\" content=\"1734\" \/>\n\t<meta property=\"og:image:height\" content=\"750\" \/>\n\t<meta property=\"og:image:type\" content=\"image\/gif\" \/>\n<meta name=\"author\" content=\"Kuali Staff\" \/>\n<meta name=\"twitter:card\" content=\"summary_large_image\" \/>\n<meta name=\"twitter:creator\" content=\"@kuali_noticias\" \/>\n<meta name=\"twitter:site\" content=\"@kuali_noticias\" \/>\n<meta name=\"twitter:label1\" content=\"Escrito por\" \/>\n\t<meta name=\"twitter:data1\" content=\"Kuali Staff\" \/>\n\t<meta name=\"twitter:label2\" content=\"Tiempo de lectura\" \/>\n\t<meta name=\"twitter:data2\" content=\"6 minutos\" \/>\n<script type=\"application\/ld+json\" class=\"yoast-schema-graph\">{\"@context\":\"https:\\\/\\\/schema.org\",\"@graph\":[{\"@type\":\"Article\",\"@id\":\"https:\\\/\\\/kuali.com.mx\\\/web\\\/2023\\\/05\\\/20\\\/el-cedro-y-la-flor-una-promesa-hecha-homenaje\\\/#article\",\"isPartOf\":{\"@id\":\"https:\\\/\\\/kuali.com.mx\\\/web\\\/2023\\\/05\\\/20\\\/el-cedro-y-la-flor-una-promesa-hecha-homenaje\\\/\"},\"author\":{\"name\":\"Kuali Staff\",\"@id\":\"https:\\\/\\\/kuali.com.mx\\\/web\\\/#\\\/schema\\\/person\\\/6f89ffa8ecba9dae50662357923c5289\"},\"headline\":\"&#8220;EL CEDRO Y LA FLOR\u201d, UNA PROMESA HECHA HOMENAJE\",\"datePublished\":\"2023-05-20T16:46:27+00:00\",\"dateModified\":\"2023-05-20T16:46:29+00:00\",\"mainEntityOfPage\":{\"@id\":\"https:\\\/\\\/kuali.com.mx\\\/web\\\/2023\\\/05\\\/20\\\/el-cedro-y-la-flor-una-promesa-hecha-homenaje\\\/\"},\"wordCount\":1153,\"commentCount\":0,\"image\":{\"@id\":\"https:\\\/\\\/kuali.com.mx\\\/web\\\/2023\\\/05\\\/20\\\/el-cedro-y-la-flor-una-promesa-hecha-homenaje\\\/#primaryimage\"},\"thumbnailUrl\":\"https:\\\/\\\/kuali.com.mx\\\/web\\\/wp-content\\\/uploads\\\/2023\\\/05\\\/Hissam-Abdala.gif\",\"keywords\":[\"Arte y cultura\",\"El Cedro y la flor\",\"Fenal\",\"Feria de libro\",\"Hissam Abdala\",\"Migraci\u00f3n\",\"Novela\"],\"articleSection\":[\"Cultura\"],\"inLanguage\":\"es\",\"potentialAction\":[{\"@type\":\"CommentAction\",\"name\":\"Comment\",\"target\":[\"https:\\\/\\\/kuali.com.mx\\\/web\\\/2023\\\/05\\\/20\\\/el-cedro-y-la-flor-una-promesa-hecha-homenaje\\\/#respond\"]}]},{\"@type\":\"WebPage\",\"@id\":\"https:\\\/\\\/kuali.com.mx\\\/web\\\/2023\\\/05\\\/20\\\/el-cedro-y-la-flor-una-promesa-hecha-homenaje\\\/\",\"url\":\"https:\\\/\\\/kuali.com.mx\\\/web\\\/2023\\\/05\\\/20\\\/el-cedro-y-la-flor-una-promesa-hecha-homenaje\\\/\",\"name\":\"\\\"EL CEDRO Y LA FLOR\u201d, UNA PROMESA HECHA HOMENAJE - Kuali\",\"isPartOf\":{\"@id\":\"https:\\\/\\\/kuali.com.mx\\\/web\\\/#website\"},\"primaryImageOfPage\":{\"@id\":\"https:\\\/\\\/kuali.com.mx\\\/web\\\/2023\\\/05\\\/20\\\/el-cedro-y-la-flor-una-promesa-hecha-homenaje\\\/#primaryimage\"},\"image\":{\"@id\":\"https:\\\/\\\/kuali.com.mx\\\/web\\\/2023\\\/05\\\/20\\\/el-cedro-y-la-flor-una-promesa-hecha-homenaje\\\/#primaryimage\"},\"thumbnailUrl\":\"https:\\\/\\\/kuali.com.mx\\\/web\\\/wp-content\\\/uploads\\\/2023\\\/05\\\/Hissam-Abdala.gif\",\"datePublished\":\"2023-05-20T16:46:27+00:00\",\"dateModified\":\"2023-05-20T16:46:29+00:00\",\"author\":{\"@id\":\"https:\\\/\\\/kuali.com.mx\\\/web\\\/#\\\/schema\\\/person\\\/6f89ffa8ecba9dae50662357923c5289\"},\"breadcrumb\":{\"@id\":\"https:\\\/\\\/kuali.com.mx\\\/web\\\/2023\\\/05\\\/20\\\/el-cedro-y-la-flor-una-promesa-hecha-homenaje\\\/#breadcrumb\"},\"inLanguage\":\"es\",\"potentialAction\":[{\"@type\":\"ReadAction\",\"target\":[\"https:\\\/\\\/kuali.com.mx\\\/web\\\/2023\\\/05\\\/20\\\/el-cedro-y-la-flor-una-promesa-hecha-homenaje\\\/\"]}]},{\"@type\":\"ImageObject\",\"inLanguage\":\"es\",\"@id\":\"https:\\\/\\\/kuali.com.mx\\\/web\\\/2023\\\/05\\\/20\\\/el-cedro-y-la-flor-una-promesa-hecha-homenaje\\\/#primaryimage\",\"url\":\"https:\\\/\\\/kuali.com.mx\\\/web\\\/wp-content\\\/uploads\\\/2023\\\/05\\\/Hissam-Abdala.gif\",\"contentUrl\":\"https:\\\/\\\/kuali.com.mx\\\/web\\\/wp-content\\\/uploads\\\/2023\\\/05\\\/Hissam-Abdala.gif\",\"width\":1734,\"height\":750},{\"@type\":\"BreadcrumbList\",\"@id\":\"https:\\\/\\\/kuali.com.mx\\\/web\\\/2023\\\/05\\\/20\\\/el-cedro-y-la-flor-una-promesa-hecha-homenaje\\\/#breadcrumb\",\"itemListElement\":[{\"@type\":\"ListItem\",\"position\":1,\"name\":\"Inicio\",\"item\":\"https:\\\/\\\/kuali.com.mx\\\/web\\\/\"},{\"@type\":\"ListItem\",\"position\":2,\"name\":\"&#8220;EL CEDRO Y LA FLOR\u201d, UNA PROMESA HECHA HOMENAJE\"}]},{\"@type\":\"WebSite\",\"@id\":\"https:\\\/\\\/kuali.com.mx\\\/web\\\/#website\",\"url\":\"https:\\\/\\\/kuali.com.mx\\\/web\\\/\",\"name\":\"Kuali\",\"description\":\"\",\"potentialAction\":[{\"@type\":\"SearchAction\",\"target\":{\"@type\":\"EntryPoint\",\"urlTemplate\":\"https:\\\/\\\/kuali.com.mx\\\/web\\\/?s={search_term_string}\"},\"query-input\":{\"@type\":\"PropertyValueSpecification\",\"valueRequired\":true,\"valueName\":\"search_term_string\"}}],\"inLanguage\":\"es\"},{\"@type\":\"Person\",\"@id\":\"https:\\\/\\\/kuali.com.mx\\\/web\\\/#\\\/schema\\\/person\\\/6f89ffa8ecba9dae50662357923c5289\",\"name\":\"Kuali Staff\",\"image\":{\"@type\":\"ImageObject\",\"inLanguage\":\"es\",\"@id\":\"https:\\\/\\\/secure.gravatar.com\\\/avatar\\\/f917ad82e5ab71227a733c78b6e60715476f69ee6be59feee4eb5d9920c89e0f?s=96&d=mm&r=g\",\"url\":\"https:\\\/\\\/secure.gravatar.com\\\/avatar\\\/f917ad82e5ab71227a733c78b6e60715476f69ee6be59feee4eb5d9920c89e0f?s=96&d=mm&r=g\",\"contentUrl\":\"https:\\\/\\\/secure.gravatar.com\\\/avatar\\\/f917ad82e5ab71227a733c78b6e60715476f69ee6be59feee4eb5d9920c89e0f?s=96&d=mm&r=g\",\"caption\":\"Kuali Staff\"},\"url\":\"https:\\\/\\\/kuali.com.mx\\\/web\\\/author\\\/lagarto\\\/\"}]}<\/script>\n<!-- \/ Yoast SEO plugin. -->","yoast_head_json":{"title":"\"EL CEDRO Y LA FLOR\u201d, UNA PROMESA HECHA HOMENAJE - Kuali","robots":{"index":"index","follow":"follow","max-snippet":"max-snippet:-1","max-image-preview":"max-image-preview:large","max-video-preview":"max-video-preview:-1"},"canonical":"https:\/\/kuali.com.mx\/web\/2023\/05\/20\/el-cedro-y-la-flor-una-promesa-hecha-homenaje\/","og_locale":"es_MX","og_type":"article","og_title":"\"EL CEDRO Y LA FLOR\u201d, UNA PROMESA HECHA HOMENAJE - Kuali","og_description":"\u201cNadie puede perder su hogar mientras recuerde de d\u00f3nde viene\u201d Hissam Abdala Majamad Alicia Arias\/Le\u00f3n, Gto.- El d\u00eda que Hassan muri\u00f3 Hissan se propuso escribir la historia de su padre, un migrante liban\u00e9s que se estableci\u00f3 en Veracruz, donde muri\u00f3 en una sala del seguro social a falta de atenci\u00f3n un d\u00eda de carnaval. As\u00ed [&hellip;]","og_url":"https:\/\/kuali.com.mx\/web\/2023\/05\/20\/el-cedro-y-la-flor-una-promesa-hecha-homenaje\/","og_site_name":"Kuali","article_publisher":"https:\/\/kuali.com.mx\/web\/wp-content\/uploads\/2018\/04\/cropped-kuali_logo-1-1.png","article_published_time":"2023-05-20T16:46:27+00:00","article_modified_time":"2023-05-20T16:46:29+00:00","og_image":[{"width":1734,"height":750,"url":"https:\/\/kuali.com.mx\/web\/wp-content\/uploads\/2023\/05\/Hissam-Abdala.gif","type":"image\/gif"}],"author":"Kuali Staff","twitter_card":"summary_large_image","twitter_creator":"@kuali_noticias","twitter_site":"@kuali_noticias","twitter_misc":{"Escrito por":"Kuali Staff","Tiempo de lectura":"6 minutos"},"schema":{"@context":"https:\/\/schema.org","@graph":[{"@type":"Article","@id":"https:\/\/kuali.com.mx\/web\/2023\/05\/20\/el-cedro-y-la-flor-una-promesa-hecha-homenaje\/#article","isPartOf":{"@id":"https:\/\/kuali.com.mx\/web\/2023\/05\/20\/el-cedro-y-la-flor-una-promesa-hecha-homenaje\/"},"author":{"name":"Kuali Staff","@id":"https:\/\/kuali.com.mx\/web\/#\/schema\/person\/6f89ffa8ecba9dae50662357923c5289"},"headline":"&#8220;EL CEDRO Y LA FLOR\u201d, UNA PROMESA HECHA HOMENAJE","datePublished":"2023-05-20T16:46:27+00:00","dateModified":"2023-05-20T16:46:29+00:00","mainEntityOfPage":{"@id":"https:\/\/kuali.com.mx\/web\/2023\/05\/20\/el-cedro-y-la-flor-una-promesa-hecha-homenaje\/"},"wordCount":1153,"commentCount":0,"image":{"@id":"https:\/\/kuali.com.mx\/web\/2023\/05\/20\/el-cedro-y-la-flor-una-promesa-hecha-homenaje\/#primaryimage"},"thumbnailUrl":"https:\/\/kuali.com.mx\/web\/wp-content\/uploads\/2023\/05\/Hissam-Abdala.gif","keywords":["Arte y cultura","El Cedro y la flor","Fenal","Feria de libro","Hissam Abdala","Migraci\u00f3n","Novela"],"articleSection":["Cultura"],"inLanguage":"es","potentialAction":[{"@type":"CommentAction","name":"Comment","target":["https:\/\/kuali.com.mx\/web\/2023\/05\/20\/el-cedro-y-la-flor-una-promesa-hecha-homenaje\/#respond"]}]},{"@type":"WebPage","@id":"https:\/\/kuali.com.mx\/web\/2023\/05\/20\/el-cedro-y-la-flor-una-promesa-hecha-homenaje\/","url":"https:\/\/kuali.com.mx\/web\/2023\/05\/20\/el-cedro-y-la-flor-una-promesa-hecha-homenaje\/","name":"\"EL CEDRO Y LA FLOR\u201d, UNA PROMESA HECHA HOMENAJE - Kuali","isPartOf":{"@id":"https:\/\/kuali.com.mx\/web\/#website"},"primaryImageOfPage":{"@id":"https:\/\/kuali.com.mx\/web\/2023\/05\/20\/el-cedro-y-la-flor-una-promesa-hecha-homenaje\/#primaryimage"},"image":{"@id":"https:\/\/kuali.com.mx\/web\/2023\/05\/20\/el-cedro-y-la-flor-una-promesa-hecha-homenaje\/#primaryimage"},"thumbnailUrl":"https:\/\/kuali.com.mx\/web\/wp-content\/uploads\/2023\/05\/Hissam-Abdala.gif","datePublished":"2023-05-20T16:46:27+00:00","dateModified":"2023-05-20T16:46:29+00:00","author":{"@id":"https:\/\/kuali.com.mx\/web\/#\/schema\/person\/6f89ffa8ecba9dae50662357923c5289"},"breadcrumb":{"@id":"https:\/\/kuali.com.mx\/web\/2023\/05\/20\/el-cedro-y-la-flor-una-promesa-hecha-homenaje\/#breadcrumb"},"inLanguage":"es","potentialAction":[{"@type":"ReadAction","target":["https:\/\/kuali.com.mx\/web\/2023\/05\/20\/el-cedro-y-la-flor-una-promesa-hecha-homenaje\/"]}]},{"@type":"ImageObject","inLanguage":"es","@id":"https:\/\/kuali.com.mx\/web\/2023\/05\/20\/el-cedro-y-la-flor-una-promesa-hecha-homenaje\/#primaryimage","url":"https:\/\/kuali.com.mx\/web\/wp-content\/uploads\/2023\/05\/Hissam-Abdala.gif","contentUrl":"https:\/\/kuali.com.mx\/web\/wp-content\/uploads\/2023\/05\/Hissam-Abdala.gif","width":1734,"height":750},{"@type":"BreadcrumbList","@id":"https:\/\/kuali.com.mx\/web\/2023\/05\/20\/el-cedro-y-la-flor-una-promesa-hecha-homenaje\/#breadcrumb","itemListElement":[{"@type":"ListItem","position":1,"name":"Inicio","item":"https:\/\/kuali.com.mx\/web\/"},{"@type":"ListItem","position":2,"name":"&#8220;EL CEDRO Y LA FLOR\u201d, UNA PROMESA HECHA HOMENAJE"}]},{"@type":"WebSite","@id":"https:\/\/kuali.com.mx\/web\/#website","url":"https:\/\/kuali.com.mx\/web\/","name":"Kuali","description":"","potentialAction":[{"@type":"SearchAction","target":{"@type":"EntryPoint","urlTemplate":"https:\/\/kuali.com.mx\/web\/?s={search_term_string}"},"query-input":{"@type":"PropertyValueSpecification","valueRequired":true,"valueName":"search_term_string"}}],"inLanguage":"es"},{"@type":"Person","@id":"https:\/\/kuali.com.mx\/web\/#\/schema\/person\/6f89ffa8ecba9dae50662357923c5289","name":"Kuali Staff","image":{"@type":"ImageObject","inLanguage":"es","@id":"https:\/\/secure.gravatar.com\/avatar\/f917ad82e5ab71227a733c78b6e60715476f69ee6be59feee4eb5d9920c89e0f?s=96&d=mm&r=g","url":"https:\/\/secure.gravatar.com\/avatar\/f917ad82e5ab71227a733c78b6e60715476f69ee6be59feee4eb5d9920c89e0f?s=96&d=mm&r=g","contentUrl":"https:\/\/secure.gravatar.com\/avatar\/f917ad82e5ab71227a733c78b6e60715476f69ee6be59feee4eb5d9920c89e0f?s=96&d=mm&r=g","caption":"Kuali Staff"},"url":"https:\/\/kuali.com.mx\/web\/author\/lagarto\/"}]}},"_links":{"self":[{"href":"https:\/\/kuali.com.mx\/web\/wp-json\/wp\/v2\/posts\/118911","targetHints":{"allow":["GET"]}}],"collection":[{"href":"https:\/\/kuali.com.mx\/web\/wp-json\/wp\/v2\/posts"}],"about":[{"href":"https:\/\/kuali.com.mx\/web\/wp-json\/wp\/v2\/types\/post"}],"author":[{"embeddable":true,"href":"https:\/\/kuali.com.mx\/web\/wp-json\/wp\/v2\/users\/2"}],"replies":[{"embeddable":true,"href":"https:\/\/kuali.com.mx\/web\/wp-json\/wp\/v2\/comments?post=118911"}],"version-history":[{"count":1,"href":"https:\/\/kuali.com.mx\/web\/wp-json\/wp\/v2\/posts\/118911\/revisions"}],"predecessor-version":[{"id":118917,"href":"https:\/\/kuali.com.mx\/web\/wp-json\/wp\/v2\/posts\/118911\/revisions\/118917"}],"wp:featuredmedia":[{"embeddable":true,"href":"https:\/\/kuali.com.mx\/web\/wp-json\/wp\/v2\/media\/118915"}],"wp:attachment":[{"href":"https:\/\/kuali.com.mx\/web\/wp-json\/wp\/v2\/media?parent=118911"}],"wp:term":[{"taxonomy":"category","embeddable":true,"href":"https:\/\/kuali.com.mx\/web\/wp-json\/wp\/v2\/categories?post=118911"},{"taxonomy":"post_tag","embeddable":true,"href":"https:\/\/kuali.com.mx\/web\/wp-json\/wp\/v2\/tags?post=118911"}],"curies":[{"name":"wp","href":"https:\/\/api.w.org\/{rel}","templated":true}]}}