{"id":118627,"date":"2023-05-16T15:44:26","date_gmt":"2023-05-16T21:44:26","guid":{"rendered":"https:\/\/kuali.com.mx\/web\/?p=118627"},"modified":"2023-05-16T15:50:40","modified_gmt":"2023-05-16T21:50:40","slug":"carece-federacion-de-sensibilidad-con-los-migrantes-pan","status":"publish","type":"post","link":"https:\/\/kuali.com.mx\/web\/2023\/05\/16\/carece-federacion-de-sensibilidad-con-los-migrantes-pan\/","title":{"rendered":"CARECE FEDERACI\u00d3N DE SENSIBILIDAD CON LOS MIGRANTES: PAN"},"content":{"rendered":"\n<p><strong><em>Kuali\/Le\u00f3n, Gto.-<\/em><\/strong>Con la suspensi\u00f3n de 33 estancias migratorias por parte del Instituto Nacional de Migraci\u00f3n, se exhibe un ejemplo m\u00e1s de que el gobierno federal carece de sensibilidad y respeto hacia los derechos humanos de las personas que viajan en busca de una vida mejor, acus\u00f3 el presidente del Comit\u00e9 Directivo Estatal del PAN Guanajuato, Eduardo L\u00f3pez Mares.<\/p>\n\n\n\n<p>Expuso la situaci\u00f3n de crisis humanitaria con la que cuenta la naci\u00f3n, que coincide con la entrada en vigor del T\u00edtulo 8 en Estados Unidos que es una medida que impide a los inmigrantes cruzar la l\u00ednea fronteriza ente M\u00e9xico y el pa\u00eds vecino, expulsando a los que lo intentan.<\/p>\n\n\n\n<p>La suspensi\u00f3n de las estancias migratorias \u201cno s\u00f3lo trata de una falta de sensibilidad, sino adem\u00e1s de una clara falta de capacidad para garantizar condiciones dignas y seguras para quienes vienen de paso\u201d, explic\u00f3 L\u00f3pez Mares.<\/p>\n\n\n\n<p>Asimismo, el dirigente estatal se\u00f1al\u00f3 que esta medida es una respuesta reactiva ante desastres que se pudieron haber evitado con acciones de prevenci\u00f3n, como lo fue el incendio ocurrido en Ciudad Ju\u00e1rez donde perdieron la vida 39 migrantes.<\/p>\n\n\n\n<p>\u201cEs inconcebible que prevalezcan las condiciones precarias y peligrosas en las que los migrantes no solamente son vulnerables a una tragedia, sino que adem\u00e1s su dignidad queda arrollada\u201d agreg\u00f3 el l\u00edder de Acci\u00f3n Nacional en Guanajuato.<\/p>\n\n\n\n<p>Por su parte, la diputada federal Itzel Balderas afirm\u00f3 que la 4ta transformaci\u00f3n ha resultado ser un gobierno ineficiente que no ha logrado el respeto a los derechos humanos y al trago digno, precisando que actualmente la federaci\u00f3n confirma que hay aproximadamente mil deportados diarios arribando a territorio nacional, mismos que no puede ser atendidos de manera integral por la carencia de infraestructura para recibirles.<\/p>\n\n\n\n<p>\u201cLa 4T ha convertido a M\u00e9xico en un patio trasero en el tema migratorio. Ha mostrado el gobierno mexicano su incapacidad para trazar una pol\u00edtica migratoria\u201d, a\u00f1adi\u00f3.<\/p>\n\n\n\n<p>Desde el PAN estatal se exige a la federaci\u00f3n que tomen medidas concretas para abordar esta crisis, tales como mejorar las condiciones de las estancias; que se aseguren procedimientos justos de asilo; as\u00ed como el trabajo en conjunto con organismos internacionales en busca de un objetivo en com\u00fan.<br><\/p>\n","protected":false},"excerpt":{"rendered":"Kuali\/Le\u00f3n, Gto.-Con la suspensi\u00f3n de 33 estancias migratorias por parte del Instituto Nacional de Migraci\u00f3n, se exhibe un ejemplo m\u00e1s de que el gobierno federal carece de sensibilidad y respeto hacia los derechos humanos de las personas que viajan en busca de una vida mejor, acus\u00f3 el presidente del Comit\u00e9 Directivo Estatal del PAN Guanajuato, [&hellip;]","protected":false},"author":2,"featured_media":115434,"comment_status":"open","ping_status":"open","sticky":false,"template":"","format":"standard","meta":{"_seopress_robots_primary_cat":"none","_seopress_titles_title":"","_seopress_titles_desc":"","_seopress_robots_index":"","_monsterinsights_skip_tracking":false,"_monsterinsights_sitenote_active":false,"_monsterinsights_sitenote_note":"","_monsterinsights_sitenote_category":0,"footnotes":""},"categories":[3,69],"tags":[],"class_list":["post-118627","post","type-post","status-publish","format-standard","has-post-thumbnail","hentry","category-politica","category-slider"],"yoast_head":"<!-- This site is optimized with the Yoast SEO plugin v27.4 - https:\/\/yoast.com\/product\/yoast-seo-wordpress\/ -->\n<title>CARECE FEDERACI\u00d3N DE SENSIBILIDAD CON LOS MIGRANTES: PAN - Kuali<\/title>\n<meta name=\"robots\" content=\"index, follow, max-snippet:-1, max-image-preview:large, max-video-preview:-1\" \/>\n<link rel=\"canonical\" href=\"https:\/\/kuali.com.mx\/web\/2023\/05\/16\/carece-federacion-de-sensibilidad-con-los-migrantes-pan\/\" \/>\n<meta property=\"og:locale\" content=\"es_MX\" \/>\n<meta property=\"og:type\" content=\"article\" \/>\n<meta property=\"og:title\" content=\"CARECE FEDERACI\u00d3N DE SENSIBILIDAD CON LOS MIGRANTES: PAN - Kuali\" \/>\n<meta property=\"og:description\" content=\"Kuali\/Le\u00f3n, Gto.-Con la suspensi\u00f3n de 33 estancias migratorias por parte del Instituto Nacional de Migraci\u00f3n, se exhibe un ejemplo m\u00e1s de que el gobierno federal carece de sensibilidad y respeto hacia los derechos humanos de las personas que viajan en busca de una vida mejor, acus\u00f3 el presidente del Comit\u00e9 Directivo Estatal del PAN Guanajuato, [&hellip;]\" \/>\n<meta property=\"og:url\" content=\"https:\/\/kuali.com.mx\/web\/2023\/05\/16\/carece-federacion-de-sensibilidad-con-los-migrantes-pan\/\" \/>\n<meta property=\"og:site_name\" content=\"Kuali\" \/>\n<meta property=\"article:publisher\" content=\"https:\/\/kuali.com.mx\/web\/wp-content\/uploads\/2018\/04\/cropped-kuali_logo-1-1.png\" \/>\n<meta property=\"article:published_time\" content=\"2023-05-16T21:44:26+00:00\" \/>\n<meta property=\"article:modified_time\" content=\"2023-05-16T21:50:40+00:00\" \/>\n<meta property=\"og:image\" content=\"https:\/\/kuali.com.mx\/web\/wp-content\/uploads\/2023\/03\/Lalo-Lopez-Mares.gif\" \/>\n\t<meta property=\"og:image:width\" content=\"1700\" \/>\n\t<meta property=\"og:image:height\" content=\"750\" \/>\n\t<meta property=\"og:image:type\" content=\"image\/gif\" \/>\n<meta name=\"author\" content=\"Kuali Staff\" \/>\n<meta name=\"twitter:card\" content=\"summary_large_image\" \/>\n<meta name=\"twitter:creator\" content=\"@kuali_noticias\" \/>\n<meta name=\"twitter:site\" content=\"@kuali_noticias\" \/>\n<meta name=\"twitter:label1\" content=\"Escrito por\" \/>\n\t<meta name=\"twitter:data1\" content=\"Kuali Staff\" \/>\n\t<meta name=\"twitter:label2\" content=\"Tiempo de lectura\" \/>\n\t<meta name=\"twitter:data2\" content=\"2 minutos\" \/>\n<script type=\"application\/ld+json\" class=\"yoast-schema-graph\">{\"@context\":\"https:\\\/\\\/schema.org\",\"@graph\":[{\"@type\":\"Article\",\"@id\":\"https:\\\/\\\/kuali.com.mx\\\/web\\\/2023\\\/05\\\/16\\\/carece-federacion-de-sensibilidad-con-los-migrantes-pan\\\/#article\",\"isPartOf\":{\"@id\":\"https:\\\/\\\/kuali.com.mx\\\/web\\\/2023\\\/05\\\/16\\\/carece-federacion-de-sensibilidad-con-los-migrantes-pan\\\/\"},\"author\":{\"name\":\"Kuali Staff\",\"@id\":\"https:\\\/\\\/kuali.com.mx\\\/web\\\/#\\\/schema\\\/person\\\/6f89ffa8ecba9dae50662357923c5289\"},\"headline\":\"CARECE FEDERACI\u00d3N DE SENSIBILIDAD CON LOS MIGRANTES: PAN\",\"datePublished\":\"2023-05-16T21:44:26+00:00\",\"dateModified\":\"2023-05-16T21:50:40+00:00\",\"mainEntityOfPage\":{\"@id\":\"https:\\\/\\\/kuali.com.mx\\\/web\\\/2023\\\/05\\\/16\\\/carece-federacion-de-sensibilidad-con-los-migrantes-pan\\\/\"},\"wordCount\":395,\"commentCount\":0,\"image\":{\"@id\":\"https:\\\/\\\/kuali.com.mx\\\/web\\\/2023\\\/05\\\/16\\\/carece-federacion-de-sensibilidad-con-los-migrantes-pan\\\/#primaryimage\"},\"thumbnailUrl\":\"https:\\\/\\\/kuali.com.mx\\\/web\\\/wp-content\\\/uploads\\\/2023\\\/03\\\/Lalo-Lopez-Mares.gif\",\"articleSection\":[\"Pol\u00edtica\",\"slider\"],\"inLanguage\":\"es\",\"potentialAction\":[{\"@type\":\"CommentAction\",\"name\":\"Comment\",\"target\":[\"https:\\\/\\\/kuali.com.mx\\\/web\\\/2023\\\/05\\\/16\\\/carece-federacion-de-sensibilidad-con-los-migrantes-pan\\\/#respond\"]}]},{\"@type\":\"WebPage\",\"@id\":\"https:\\\/\\\/kuali.com.mx\\\/web\\\/2023\\\/05\\\/16\\\/carece-federacion-de-sensibilidad-con-los-migrantes-pan\\\/\",\"url\":\"https:\\\/\\\/kuali.com.mx\\\/web\\\/2023\\\/05\\\/16\\\/carece-federacion-de-sensibilidad-con-los-migrantes-pan\\\/\",\"name\":\"CARECE FEDERACI\u00d3N DE SENSIBILIDAD CON LOS MIGRANTES: PAN - Kuali\",\"isPartOf\":{\"@id\":\"https:\\\/\\\/kuali.com.mx\\\/web\\\/#website\"},\"primaryImageOfPage\":{\"@id\":\"https:\\\/\\\/kuali.com.mx\\\/web\\\/2023\\\/05\\\/16\\\/carece-federacion-de-sensibilidad-con-los-migrantes-pan\\\/#primaryimage\"},\"image\":{\"@id\":\"https:\\\/\\\/kuali.com.mx\\\/web\\\/2023\\\/05\\\/16\\\/carece-federacion-de-sensibilidad-con-los-migrantes-pan\\\/#primaryimage\"},\"thumbnailUrl\":\"https:\\\/\\\/kuali.com.mx\\\/web\\\/wp-content\\\/uploads\\\/2023\\\/03\\\/Lalo-Lopez-Mares.gif\",\"datePublished\":\"2023-05-16T21:44:26+00:00\",\"dateModified\":\"2023-05-16T21:50:40+00:00\",\"author\":{\"@id\":\"https:\\\/\\\/kuali.com.mx\\\/web\\\/#\\\/schema\\\/person\\\/6f89ffa8ecba9dae50662357923c5289\"},\"breadcrumb\":{\"@id\":\"https:\\\/\\\/kuali.com.mx\\\/web\\\/2023\\\/05\\\/16\\\/carece-federacion-de-sensibilidad-con-los-migrantes-pan\\\/#breadcrumb\"},\"inLanguage\":\"es\",\"potentialAction\":[{\"@type\":\"ReadAction\",\"target\":[\"https:\\\/\\\/kuali.com.mx\\\/web\\\/2023\\\/05\\\/16\\\/carece-federacion-de-sensibilidad-con-los-migrantes-pan\\\/\"]}]},{\"@type\":\"ImageObject\",\"inLanguage\":\"es\",\"@id\":\"https:\\\/\\\/kuali.com.mx\\\/web\\\/2023\\\/05\\\/16\\\/carece-federacion-de-sensibilidad-con-los-migrantes-pan\\\/#primaryimage\",\"url\":\"https:\\\/\\\/kuali.com.mx\\\/web\\\/wp-content\\\/uploads\\\/2023\\\/03\\\/Lalo-Lopez-Mares.gif\",\"contentUrl\":\"https:\\\/\\\/kuali.com.mx\\\/web\\\/wp-content\\\/uploads\\\/2023\\\/03\\\/Lalo-Lopez-Mares.gif\",\"width\":1700,\"height\":750},{\"@type\":\"BreadcrumbList\",\"@id\":\"https:\\\/\\\/kuali.com.mx\\\/web\\\/2023\\\/05\\\/16\\\/carece-federacion-de-sensibilidad-con-los-migrantes-pan\\\/#breadcrumb\",\"itemListElement\":[{\"@type\":\"ListItem\",\"position\":1,\"name\":\"Inicio\",\"item\":\"https:\\\/\\\/kuali.com.mx\\\/web\\\/\"},{\"@type\":\"ListItem\",\"position\":2,\"name\":\"CARECE FEDERACI\u00d3N DE SENSIBILIDAD CON LOS MIGRANTES: PAN\"}]},{\"@type\":\"WebSite\",\"@id\":\"https:\\\/\\\/kuali.com.mx\\\/web\\\/#website\",\"url\":\"https:\\\/\\\/kuali.com.mx\\\/web\\\/\",\"name\":\"Kuali\",\"description\":\"\",\"potentialAction\":[{\"@type\":\"SearchAction\",\"target\":{\"@type\":\"EntryPoint\",\"urlTemplate\":\"https:\\\/\\\/kuali.com.mx\\\/web\\\/?s={search_term_string}\"},\"query-input\":{\"@type\":\"PropertyValueSpecification\",\"valueRequired\":true,\"valueName\":\"search_term_string\"}}],\"inLanguage\":\"es\"},{\"@type\":\"Person\",\"@id\":\"https:\\\/\\\/kuali.com.mx\\\/web\\\/#\\\/schema\\\/person\\\/6f89ffa8ecba9dae50662357923c5289\",\"name\":\"Kuali Staff\",\"image\":{\"@type\":\"ImageObject\",\"inLanguage\":\"es\",\"@id\":\"https:\\\/\\\/secure.gravatar.com\\\/avatar\\\/f917ad82e5ab71227a733c78b6e60715476f69ee6be59feee4eb5d9920c89e0f?s=96&d=mm&r=g\",\"url\":\"https:\\\/\\\/secure.gravatar.com\\\/avatar\\\/f917ad82e5ab71227a733c78b6e60715476f69ee6be59feee4eb5d9920c89e0f?s=96&d=mm&r=g\",\"contentUrl\":\"https:\\\/\\\/secure.gravatar.com\\\/avatar\\\/f917ad82e5ab71227a733c78b6e60715476f69ee6be59feee4eb5d9920c89e0f?s=96&d=mm&r=g\",\"caption\":\"Kuali Staff\"},\"url\":\"https:\\\/\\\/kuali.com.mx\\\/web\\\/author\\\/lagarto\\\/\"}]}<\/script>\n<!-- \/ Yoast SEO plugin. -->","yoast_head_json":{"title":"CARECE FEDERACI\u00d3N DE SENSIBILIDAD CON LOS MIGRANTES: PAN - Kuali","robots":{"index":"index","follow":"follow","max-snippet":"max-snippet:-1","max-image-preview":"max-image-preview:large","max-video-preview":"max-video-preview:-1"},"canonical":"https:\/\/kuali.com.mx\/web\/2023\/05\/16\/carece-federacion-de-sensibilidad-con-los-migrantes-pan\/","og_locale":"es_MX","og_type":"article","og_title":"CARECE FEDERACI\u00d3N DE SENSIBILIDAD CON LOS MIGRANTES: PAN - Kuali","og_description":"Kuali\/Le\u00f3n, Gto.-Con la suspensi\u00f3n de 33 estancias migratorias por parte del Instituto Nacional de Migraci\u00f3n, se exhibe un ejemplo m\u00e1s de que el gobierno federal carece de sensibilidad y respeto hacia los derechos humanos de las personas que viajan en busca de una vida mejor, acus\u00f3 el presidente del Comit\u00e9 Directivo Estatal del PAN Guanajuato, [&hellip;]","og_url":"https:\/\/kuali.com.mx\/web\/2023\/05\/16\/carece-federacion-de-sensibilidad-con-los-migrantes-pan\/","og_site_name":"Kuali","article_publisher":"https:\/\/kuali.com.mx\/web\/wp-content\/uploads\/2018\/04\/cropped-kuali_logo-1-1.png","article_published_time":"2023-05-16T21:44:26+00:00","article_modified_time":"2023-05-16T21:50:40+00:00","og_image":[{"width":1700,"height":750,"url":"https:\/\/kuali.com.mx\/web\/wp-content\/uploads\/2023\/03\/Lalo-Lopez-Mares.gif","type":"image\/gif"}],"author":"Kuali Staff","twitter_card":"summary_large_image","twitter_creator":"@kuali_noticias","twitter_site":"@kuali_noticias","twitter_misc":{"Escrito por":"Kuali Staff","Tiempo de lectura":"2 minutos"},"schema":{"@context":"https:\/\/schema.org","@graph":[{"@type":"Article","@id":"https:\/\/kuali.com.mx\/web\/2023\/05\/16\/carece-federacion-de-sensibilidad-con-los-migrantes-pan\/#article","isPartOf":{"@id":"https:\/\/kuali.com.mx\/web\/2023\/05\/16\/carece-federacion-de-sensibilidad-con-los-migrantes-pan\/"},"author":{"name":"Kuali Staff","@id":"https:\/\/kuali.com.mx\/web\/#\/schema\/person\/6f89ffa8ecba9dae50662357923c5289"},"headline":"CARECE FEDERACI\u00d3N DE SENSIBILIDAD CON LOS MIGRANTES: PAN","datePublished":"2023-05-16T21:44:26+00:00","dateModified":"2023-05-16T21:50:40+00:00","mainEntityOfPage":{"@id":"https:\/\/kuali.com.mx\/web\/2023\/05\/16\/carece-federacion-de-sensibilidad-con-los-migrantes-pan\/"},"wordCount":395,"commentCount":0,"image":{"@id":"https:\/\/kuali.com.mx\/web\/2023\/05\/16\/carece-federacion-de-sensibilidad-con-los-migrantes-pan\/#primaryimage"},"thumbnailUrl":"https:\/\/kuali.com.mx\/web\/wp-content\/uploads\/2023\/03\/Lalo-Lopez-Mares.gif","articleSection":["Pol\u00edtica","slider"],"inLanguage":"es","potentialAction":[{"@type":"CommentAction","name":"Comment","target":["https:\/\/kuali.com.mx\/web\/2023\/05\/16\/carece-federacion-de-sensibilidad-con-los-migrantes-pan\/#respond"]}]},{"@type":"WebPage","@id":"https:\/\/kuali.com.mx\/web\/2023\/05\/16\/carece-federacion-de-sensibilidad-con-los-migrantes-pan\/","url":"https:\/\/kuali.com.mx\/web\/2023\/05\/16\/carece-federacion-de-sensibilidad-con-los-migrantes-pan\/","name":"CARECE FEDERACI\u00d3N DE SENSIBILIDAD CON LOS MIGRANTES: PAN - Kuali","isPartOf":{"@id":"https:\/\/kuali.com.mx\/web\/#website"},"primaryImageOfPage":{"@id":"https:\/\/kuali.com.mx\/web\/2023\/05\/16\/carece-federacion-de-sensibilidad-con-los-migrantes-pan\/#primaryimage"},"image":{"@id":"https:\/\/kuali.com.mx\/web\/2023\/05\/16\/carece-federacion-de-sensibilidad-con-los-migrantes-pan\/#primaryimage"},"thumbnailUrl":"https:\/\/kuali.com.mx\/web\/wp-content\/uploads\/2023\/03\/Lalo-Lopez-Mares.gif","datePublished":"2023-05-16T21:44:26+00:00","dateModified":"2023-05-16T21:50:40+00:00","author":{"@id":"https:\/\/kuali.com.mx\/web\/#\/schema\/person\/6f89ffa8ecba9dae50662357923c5289"},"breadcrumb":{"@id":"https:\/\/kuali.com.mx\/web\/2023\/05\/16\/carece-federacion-de-sensibilidad-con-los-migrantes-pan\/#breadcrumb"},"inLanguage":"es","potentialAction":[{"@type":"ReadAction","target":["https:\/\/kuali.com.mx\/web\/2023\/05\/16\/carece-federacion-de-sensibilidad-con-los-migrantes-pan\/"]}]},{"@type":"ImageObject","inLanguage":"es","@id":"https:\/\/kuali.com.mx\/web\/2023\/05\/16\/carece-federacion-de-sensibilidad-con-los-migrantes-pan\/#primaryimage","url":"https:\/\/kuali.com.mx\/web\/wp-content\/uploads\/2023\/03\/Lalo-Lopez-Mares.gif","contentUrl":"https:\/\/kuali.com.mx\/web\/wp-content\/uploads\/2023\/03\/Lalo-Lopez-Mares.gif","width":1700,"height":750},{"@type":"BreadcrumbList","@id":"https:\/\/kuali.com.mx\/web\/2023\/05\/16\/carece-federacion-de-sensibilidad-con-los-migrantes-pan\/#breadcrumb","itemListElement":[{"@type":"ListItem","position":1,"name":"Inicio","item":"https:\/\/kuali.com.mx\/web\/"},{"@type":"ListItem","position":2,"name":"CARECE FEDERACI\u00d3N DE SENSIBILIDAD CON LOS MIGRANTES: PAN"}]},{"@type":"WebSite","@id":"https:\/\/kuali.com.mx\/web\/#website","url":"https:\/\/kuali.com.mx\/web\/","name":"Kuali","description":"","potentialAction":[{"@type":"SearchAction","target":{"@type":"EntryPoint","urlTemplate":"https:\/\/kuali.com.mx\/web\/?s={search_term_string}"},"query-input":{"@type":"PropertyValueSpecification","valueRequired":true,"valueName":"search_term_string"}}],"inLanguage":"es"},{"@type":"Person","@id":"https:\/\/kuali.com.mx\/web\/#\/schema\/person\/6f89ffa8ecba9dae50662357923c5289","name":"Kuali Staff","image":{"@type":"ImageObject","inLanguage":"es","@id":"https:\/\/secure.gravatar.com\/avatar\/f917ad82e5ab71227a733c78b6e60715476f69ee6be59feee4eb5d9920c89e0f?s=96&d=mm&r=g","url":"https:\/\/secure.gravatar.com\/avatar\/f917ad82e5ab71227a733c78b6e60715476f69ee6be59feee4eb5d9920c89e0f?s=96&d=mm&r=g","contentUrl":"https:\/\/secure.gravatar.com\/avatar\/f917ad82e5ab71227a733c78b6e60715476f69ee6be59feee4eb5d9920c89e0f?s=96&d=mm&r=g","caption":"Kuali Staff"},"url":"https:\/\/kuali.com.mx\/web\/author\/lagarto\/"}]}},"_links":{"self":[{"href":"https:\/\/kuali.com.mx\/web\/wp-json\/wp\/v2\/posts\/118627","targetHints":{"allow":["GET"]}}],"collection":[{"href":"https:\/\/kuali.com.mx\/web\/wp-json\/wp\/v2\/posts"}],"about":[{"href":"https:\/\/kuali.com.mx\/web\/wp-json\/wp\/v2\/types\/post"}],"author":[{"embeddable":true,"href":"https:\/\/kuali.com.mx\/web\/wp-json\/wp\/v2\/users\/2"}],"replies":[{"embeddable":true,"href":"https:\/\/kuali.com.mx\/web\/wp-json\/wp\/v2\/comments?post=118627"}],"version-history":[{"count":1,"href":"https:\/\/kuali.com.mx\/web\/wp-json\/wp\/v2\/posts\/118627\/revisions"}],"predecessor-version":[{"id":118630,"href":"https:\/\/kuali.com.mx\/web\/wp-json\/wp\/v2\/posts\/118627\/revisions\/118630"}],"wp:featuredmedia":[{"embeddable":true,"href":"https:\/\/kuali.com.mx\/web\/wp-json\/wp\/v2\/media\/115434"}],"wp:attachment":[{"href":"https:\/\/kuali.com.mx\/web\/wp-json\/wp\/v2\/media?parent=118627"}],"wp:term":[{"taxonomy":"category","embeddable":true,"href":"https:\/\/kuali.com.mx\/web\/wp-json\/wp\/v2\/categories?post=118627"},{"taxonomy":"post_tag","embeddable":true,"href":"https:\/\/kuali.com.mx\/web\/wp-json\/wp\/v2\/tags?post=118627"}],"curies":[{"name":"wp","href":"https:\/\/api.w.org\/{rel}","templated":true}]}}