{"id":118622,"date":"2023-05-16T15:45:56","date_gmt":"2023-05-16T21:45:56","guid":{"rendered":"https:\/\/kuali.com.mx\/web\/?p=118622"},"modified":"2023-05-17T09:21:39","modified_gmt":"2023-05-17T15:21:39","slug":"llegara-a-guanajuato-el-aire-de-cambio-ebrard","status":"publish","type":"post","link":"https:\/\/kuali.com.mx\/web\/2023\/05\/16\/llegara-a-guanajuato-el-aire-de-cambio-ebrard\/","title":{"rendered":"LLEGAR\u00c1 A GUANAJUATO EL &#8220;AIRE DE CAMBIO&#8221;: EBRARD"},"content":{"rendered":"\n<p><strong><em>Carlos Garc\u00eda\/Salamanca, Gto.-<\/em><\/strong> Al estado de Guanajuato llegar\u00e1 el \u201caire de cambio\u201d porque la gente quiere una transformaci\u00f3n, quiere que llegue la Cuarta Transformaci\u00f3n, quiere igualdad social, seguridad y otras condiciones de gobierno, consider\u00f3 el el titular de la Secretar\u00eda de Relaciones Exteriores (SRE), Marcelo Ebrard Casaub\u00f3n.<\/p>\n\n\n\n<p>\u201cVa a llegar, es lo que pronosticar\u00eda\u201d, vaticin\u00f3 en el marco de la inaguraci\u00f3n de la oficina de la SRE en el municipio de Salamanca.<\/p>\n\n\n\n<p> Anunci\u00f3 que el gobierno de M\u00e9xico promover\u00e1 recursos legales contra la Ley Antinmigrantes de Florida para impedir arbitrariedades de las autoridades contra mexicanos.<\/p>\n\n\n\n<p>\u201cEn el caso de Florida, ya revisamos la ley, voy estar ah\u00ed el domingo, me voy a entrevistar con los compatriotas y los c\u00f3nsules, para interponer todos los recursos de ley que tengamos para impedir alguna arbitrariedad de las autoridades\u201d, declar\u00f3.<\/p>\n\n\n\n<p>El canciller resalt\u00f3 que respeta la vida interna de Estados Unidos, pero su trabajo es proteger a los mexicanos.<\/p>\n\n\n\n<p>Estados unidos sostiene que es una naci\u00f3n que defiende los derechos humanos, pero leyes como las de Florida son inhumanas y contrarias al derecho esencial de las personas, consider\u00f3.<\/p>\n\n\n\n<p>El gobernador Ron DeSantis quiere ganar popularidad en los sectores m\u00e1s m\u00e1s racistas del estado de Florida en base a una legislaci\u00f3n racista, lament\u00f3.<\/p>\n\n\n\n<p>\u201cEstados Unidos le debe mucho a los migrantes, incluso todo, todo se lo debe a los migrantes\u201d, acot\u00f3.<\/p>\n\n\n\n<p>Agreg\u00f3 que los migrantes de habla hispana son los que mueven a Florida y si no estuvieran tendr\u00edan un colapso en su econom\u00eda.<\/p>\n\n\n\n<p>La ley firmada por DeSantis estable penas para las empresas que contraten a migrantes y para las personas que transporten en sus veh\u00edculos a personas sin documentos.<\/p>\n\n\n\n<p>Tambi\u00e9n proh\u00edbe a los condados y municipio destinar fondos a organizaciones para la expedici\u00f3n de documentos de identidad y obliga a los hospitales a informar si atiende a migrantes.<\/p>\n\n\n\n<p>La nueva norma de Florida tiene una mentalidad esclavista y de supremacismo blanco, que ha generado masacres como la ocurrida, en el a\u00f1o 2019, en El Paso Texas, se\u00f1al\u00f3.<\/p>\n\n\n\n<p>Electoral<\/p>\n\n\n\n<p>El secretario de Relaciones Exteriores conf\u00edo que habr\u00e1 piso parejo para la selecci\u00f3n del candidato presidencial de Morena.<\/p>\n\n\n\n<p>Record\u00f3 que en una conferencia \u201cma\u00f1anera\u201d, el presidente de M\u00e9xico, Andr\u00e9s Manuel L\u00f3pez Obrador, asegur\u00f3 que \u00e9l no inclinar\u00eda la balanza y que a trav\u00e9s de una encuesta el pueblo decidir\u00e1 qui\u00e9n ser\u00e1 el candidato.<\/p>\n\n\n\n<p>Marcelo Ebrard revel\u00f3 que tiene una amistad con el presidente y \u00e9l nunca \u201cme ha mentido, yo si le creo\u201d.<\/p>\n\n\n\n<p>El aspirante a presidente de la Rep\u00fablica record\u00f3 que escribi\u00f3 el libro \u201cCamino en M\u00e9xico\u201d para que la gente conozca su trayectoria personal y pol\u00edtica.<\/p>\n\n\n\n<p><\/p>\n","protected":false},"excerpt":{"rendered":"Carlos Garc\u00eda\/Salamanca, Gto.- Al estado de Guanajuato llegar\u00e1 el \u201caire de cambio\u201d porque la gente quiere una transformaci\u00f3n, quiere que llegue la Cuarta Transformaci\u00f3n, quiere igualdad social, seguridad y otras condiciones de gobierno, consider\u00f3 el el titular de la Secretar\u00eda de Relaciones Exteriores (SRE), Marcelo Ebrard Casaub\u00f3n. \u201cVa a llegar, es lo que pronosticar\u00eda\u201d, vaticin\u00f3 [&hellip;]","protected":false},"author":2,"featured_media":118625,"comment_status":"open","ping_status":"open","sticky":false,"template":"","format":"standard","meta":{"_seopress_robots_primary_cat":"none","_seopress_titles_title":"","_seopress_titles_desc":"","_seopress_robots_index":"","_monsterinsights_skip_tracking":false,"_monsterinsights_sitenote_active":false,"_monsterinsights_sitenote_note":"","_monsterinsights_sitenote_category":0,"footnotes":""},"categories":[3,69],"tags":[],"class_list":["post-118622","post","type-post","status-publish","format-standard","has-post-thumbnail","hentry","category-politica","category-slider"],"yoast_head":"<!-- This site is optimized with the Yoast SEO plugin v27.4 - https:\/\/yoast.com\/product\/yoast-seo-wordpress\/ -->\n<title>LLEGAR\u00c1 A GUANAJUATO EL &quot;AIRE DE CAMBIO&quot;: EBRARD - Kuali<\/title>\n<meta name=\"robots\" content=\"index, follow, max-snippet:-1, max-image-preview:large, max-video-preview:-1\" \/>\n<link rel=\"canonical\" href=\"https:\/\/kuali.com.mx\/web\/2023\/05\/16\/llegara-a-guanajuato-el-aire-de-cambio-ebrard\/\" \/>\n<meta property=\"og:locale\" content=\"es_MX\" \/>\n<meta property=\"og:type\" content=\"article\" \/>\n<meta property=\"og:title\" content=\"LLEGAR\u00c1 A GUANAJUATO EL &quot;AIRE DE CAMBIO&quot;: EBRARD - Kuali\" \/>\n<meta property=\"og:description\" content=\"Carlos Garc\u00eda\/Salamanca, Gto.- Al estado de Guanajuato llegar\u00e1 el \u201caire de cambio\u201d porque la gente quiere una transformaci\u00f3n, quiere que llegue la Cuarta Transformaci\u00f3n, quiere igualdad social, seguridad y otras condiciones de gobierno, consider\u00f3 el el titular de la Secretar\u00eda de Relaciones Exteriores (SRE), Marcelo Ebrard Casaub\u00f3n. \u201cVa a llegar, es lo que pronosticar\u00eda\u201d, vaticin\u00f3 [&hellip;]\" \/>\n<meta property=\"og:url\" content=\"https:\/\/kuali.com.mx\/web\/2023\/05\/16\/llegara-a-guanajuato-el-aire-de-cambio-ebrard\/\" \/>\n<meta property=\"og:site_name\" content=\"Kuali\" \/>\n<meta property=\"article:publisher\" content=\"https:\/\/kuali.com.mx\/web\/wp-content\/uploads\/2018\/04\/cropped-kuali_logo-1-1.png\" \/>\n<meta property=\"article:published_time\" content=\"2023-05-16T21:45:56+00:00\" \/>\n<meta property=\"article:modified_time\" content=\"2023-05-17T15:21:39+00:00\" \/>\n<meta property=\"og:image\" content=\"https:\/\/kuali.com.mx\/web\/wp-content\/uploads\/2023\/05\/Marcelo-Ebrard-Salamanca.jpeg\" \/>\n\t<meta property=\"og:image:width\" content=\"1786\" \/>\n\t<meta property=\"og:image:height\" content=\"750\" \/>\n\t<meta property=\"og:image:type\" content=\"image\/jpeg\" \/>\n<meta name=\"author\" content=\"Kuali Staff\" \/>\n<meta name=\"twitter:card\" content=\"summary_large_image\" \/>\n<meta name=\"twitter:creator\" content=\"@kuali_noticias\" \/>\n<meta name=\"twitter:site\" content=\"@kuali_noticias\" \/>\n<meta name=\"twitter:label1\" content=\"Escrito por\" \/>\n\t<meta name=\"twitter:data1\" content=\"Kuali Staff\" \/>\n\t<meta name=\"twitter:label2\" content=\"Tiempo de lectura\" \/>\n\t<meta name=\"twitter:data2\" content=\"2 minutos\" \/>\n<script type=\"application\/ld+json\" class=\"yoast-schema-graph\">{\"@context\":\"https:\\\/\\\/schema.org\",\"@graph\":[{\"@type\":\"Article\",\"@id\":\"https:\\\/\\\/kuali.com.mx\\\/web\\\/2023\\\/05\\\/16\\\/llegara-a-guanajuato-el-aire-de-cambio-ebrard\\\/#article\",\"isPartOf\":{\"@id\":\"https:\\\/\\\/kuali.com.mx\\\/web\\\/2023\\\/05\\\/16\\\/llegara-a-guanajuato-el-aire-de-cambio-ebrard\\\/\"},\"author\":{\"name\":\"Kuali Staff\",\"@id\":\"https:\\\/\\\/kuali.com.mx\\\/web\\\/#\\\/schema\\\/person\\\/6f89ffa8ecba9dae50662357923c5289\"},\"headline\":\"LLEGAR\u00c1 A GUANAJUATO EL &#8220;AIRE DE CAMBIO&#8221;: EBRARD\",\"datePublished\":\"2023-05-16T21:45:56+00:00\",\"dateModified\":\"2023-05-17T15:21:39+00:00\",\"mainEntityOfPage\":{\"@id\":\"https:\\\/\\\/kuali.com.mx\\\/web\\\/2023\\\/05\\\/16\\\/llegara-a-guanajuato-el-aire-de-cambio-ebrard\\\/\"},\"wordCount\":475,\"commentCount\":0,\"image\":{\"@id\":\"https:\\\/\\\/kuali.com.mx\\\/web\\\/2023\\\/05\\\/16\\\/llegara-a-guanajuato-el-aire-de-cambio-ebrard\\\/#primaryimage\"},\"thumbnailUrl\":\"https:\\\/\\\/kuali.com.mx\\\/web\\\/wp-content\\\/uploads\\\/2023\\\/05\\\/Marcelo-Ebrard-Salamanca.jpeg\",\"articleSection\":[\"Pol\u00edtica\",\"slider\"],\"inLanguage\":\"es\",\"potentialAction\":[{\"@type\":\"CommentAction\",\"name\":\"Comment\",\"target\":[\"https:\\\/\\\/kuali.com.mx\\\/web\\\/2023\\\/05\\\/16\\\/llegara-a-guanajuato-el-aire-de-cambio-ebrard\\\/#respond\"]}]},{\"@type\":\"WebPage\",\"@id\":\"https:\\\/\\\/kuali.com.mx\\\/web\\\/2023\\\/05\\\/16\\\/llegara-a-guanajuato-el-aire-de-cambio-ebrard\\\/\",\"url\":\"https:\\\/\\\/kuali.com.mx\\\/web\\\/2023\\\/05\\\/16\\\/llegara-a-guanajuato-el-aire-de-cambio-ebrard\\\/\",\"name\":\"LLEGAR\u00c1 A GUANAJUATO EL \\\"AIRE DE CAMBIO\\\": EBRARD - Kuali\",\"isPartOf\":{\"@id\":\"https:\\\/\\\/kuali.com.mx\\\/web\\\/#website\"},\"primaryImageOfPage\":{\"@id\":\"https:\\\/\\\/kuali.com.mx\\\/web\\\/2023\\\/05\\\/16\\\/llegara-a-guanajuato-el-aire-de-cambio-ebrard\\\/#primaryimage\"},\"image\":{\"@id\":\"https:\\\/\\\/kuali.com.mx\\\/web\\\/2023\\\/05\\\/16\\\/llegara-a-guanajuato-el-aire-de-cambio-ebrard\\\/#primaryimage\"},\"thumbnailUrl\":\"https:\\\/\\\/kuali.com.mx\\\/web\\\/wp-content\\\/uploads\\\/2023\\\/05\\\/Marcelo-Ebrard-Salamanca.jpeg\",\"datePublished\":\"2023-05-16T21:45:56+00:00\",\"dateModified\":\"2023-05-17T15:21:39+00:00\",\"author\":{\"@id\":\"https:\\\/\\\/kuali.com.mx\\\/web\\\/#\\\/schema\\\/person\\\/6f89ffa8ecba9dae50662357923c5289\"},\"breadcrumb\":{\"@id\":\"https:\\\/\\\/kuali.com.mx\\\/web\\\/2023\\\/05\\\/16\\\/llegara-a-guanajuato-el-aire-de-cambio-ebrard\\\/#breadcrumb\"},\"inLanguage\":\"es\",\"potentialAction\":[{\"@type\":\"ReadAction\",\"target\":[\"https:\\\/\\\/kuali.com.mx\\\/web\\\/2023\\\/05\\\/16\\\/llegara-a-guanajuato-el-aire-de-cambio-ebrard\\\/\"]}]},{\"@type\":\"ImageObject\",\"inLanguage\":\"es\",\"@id\":\"https:\\\/\\\/kuali.com.mx\\\/web\\\/2023\\\/05\\\/16\\\/llegara-a-guanajuato-el-aire-de-cambio-ebrard\\\/#primaryimage\",\"url\":\"https:\\\/\\\/kuali.com.mx\\\/web\\\/wp-content\\\/uploads\\\/2023\\\/05\\\/Marcelo-Ebrard-Salamanca.jpeg\",\"contentUrl\":\"https:\\\/\\\/kuali.com.mx\\\/web\\\/wp-content\\\/uploads\\\/2023\\\/05\\\/Marcelo-Ebrard-Salamanca.jpeg\",\"width\":1786,\"height\":750},{\"@type\":\"BreadcrumbList\",\"@id\":\"https:\\\/\\\/kuali.com.mx\\\/web\\\/2023\\\/05\\\/16\\\/llegara-a-guanajuato-el-aire-de-cambio-ebrard\\\/#breadcrumb\",\"itemListElement\":[{\"@type\":\"ListItem\",\"position\":1,\"name\":\"Inicio\",\"item\":\"https:\\\/\\\/kuali.com.mx\\\/web\\\/\"},{\"@type\":\"ListItem\",\"position\":2,\"name\":\"LLEGAR\u00c1 A GUANAJUATO EL &#8220;AIRE DE CAMBIO&#8221;: EBRARD\"}]},{\"@type\":\"WebSite\",\"@id\":\"https:\\\/\\\/kuali.com.mx\\\/web\\\/#website\",\"url\":\"https:\\\/\\\/kuali.com.mx\\\/web\\\/\",\"name\":\"Kuali\",\"description\":\"\",\"potentialAction\":[{\"@type\":\"SearchAction\",\"target\":{\"@type\":\"EntryPoint\",\"urlTemplate\":\"https:\\\/\\\/kuali.com.mx\\\/web\\\/?s={search_term_string}\"},\"query-input\":{\"@type\":\"PropertyValueSpecification\",\"valueRequired\":true,\"valueName\":\"search_term_string\"}}],\"inLanguage\":\"es\"},{\"@type\":\"Person\",\"@id\":\"https:\\\/\\\/kuali.com.mx\\\/web\\\/#\\\/schema\\\/person\\\/6f89ffa8ecba9dae50662357923c5289\",\"name\":\"Kuali Staff\",\"image\":{\"@type\":\"ImageObject\",\"inLanguage\":\"es\",\"@id\":\"https:\\\/\\\/secure.gravatar.com\\\/avatar\\\/f917ad82e5ab71227a733c78b6e60715476f69ee6be59feee4eb5d9920c89e0f?s=96&d=mm&r=g\",\"url\":\"https:\\\/\\\/secure.gravatar.com\\\/avatar\\\/f917ad82e5ab71227a733c78b6e60715476f69ee6be59feee4eb5d9920c89e0f?s=96&d=mm&r=g\",\"contentUrl\":\"https:\\\/\\\/secure.gravatar.com\\\/avatar\\\/f917ad82e5ab71227a733c78b6e60715476f69ee6be59feee4eb5d9920c89e0f?s=96&d=mm&r=g\",\"caption\":\"Kuali Staff\"},\"url\":\"https:\\\/\\\/kuali.com.mx\\\/web\\\/author\\\/lagarto\\\/\"}]}<\/script>\n<!-- \/ Yoast SEO plugin. -->","yoast_head_json":{"title":"LLEGAR\u00c1 A GUANAJUATO EL \"AIRE DE CAMBIO\": EBRARD - Kuali","robots":{"index":"index","follow":"follow","max-snippet":"max-snippet:-1","max-image-preview":"max-image-preview:large","max-video-preview":"max-video-preview:-1"},"canonical":"https:\/\/kuali.com.mx\/web\/2023\/05\/16\/llegara-a-guanajuato-el-aire-de-cambio-ebrard\/","og_locale":"es_MX","og_type":"article","og_title":"LLEGAR\u00c1 A GUANAJUATO EL \"AIRE DE CAMBIO\": EBRARD - Kuali","og_description":"Carlos Garc\u00eda\/Salamanca, Gto.- Al estado de Guanajuato llegar\u00e1 el \u201caire de cambio\u201d porque la gente quiere una transformaci\u00f3n, quiere que llegue la Cuarta Transformaci\u00f3n, quiere igualdad social, seguridad y otras condiciones de gobierno, consider\u00f3 el el titular de la Secretar\u00eda de Relaciones Exteriores (SRE), Marcelo Ebrard Casaub\u00f3n. \u201cVa a llegar, es lo que pronosticar\u00eda\u201d, vaticin\u00f3 [&hellip;]","og_url":"https:\/\/kuali.com.mx\/web\/2023\/05\/16\/llegara-a-guanajuato-el-aire-de-cambio-ebrard\/","og_site_name":"Kuali","article_publisher":"https:\/\/kuali.com.mx\/web\/wp-content\/uploads\/2018\/04\/cropped-kuali_logo-1-1.png","article_published_time":"2023-05-16T21:45:56+00:00","article_modified_time":"2023-05-17T15:21:39+00:00","og_image":[{"width":1786,"height":750,"url":"https:\/\/kuali.com.mx\/web\/wp-content\/uploads\/2023\/05\/Marcelo-Ebrard-Salamanca.jpeg","type":"image\/jpeg"}],"author":"Kuali Staff","twitter_card":"summary_large_image","twitter_creator":"@kuali_noticias","twitter_site":"@kuali_noticias","twitter_misc":{"Escrito por":"Kuali Staff","Tiempo de lectura":"2 minutos"},"schema":{"@context":"https:\/\/schema.org","@graph":[{"@type":"Article","@id":"https:\/\/kuali.com.mx\/web\/2023\/05\/16\/llegara-a-guanajuato-el-aire-de-cambio-ebrard\/#article","isPartOf":{"@id":"https:\/\/kuali.com.mx\/web\/2023\/05\/16\/llegara-a-guanajuato-el-aire-de-cambio-ebrard\/"},"author":{"name":"Kuali Staff","@id":"https:\/\/kuali.com.mx\/web\/#\/schema\/person\/6f89ffa8ecba9dae50662357923c5289"},"headline":"LLEGAR\u00c1 A GUANAJUATO EL &#8220;AIRE DE CAMBIO&#8221;: EBRARD","datePublished":"2023-05-16T21:45:56+00:00","dateModified":"2023-05-17T15:21:39+00:00","mainEntityOfPage":{"@id":"https:\/\/kuali.com.mx\/web\/2023\/05\/16\/llegara-a-guanajuato-el-aire-de-cambio-ebrard\/"},"wordCount":475,"commentCount":0,"image":{"@id":"https:\/\/kuali.com.mx\/web\/2023\/05\/16\/llegara-a-guanajuato-el-aire-de-cambio-ebrard\/#primaryimage"},"thumbnailUrl":"https:\/\/kuali.com.mx\/web\/wp-content\/uploads\/2023\/05\/Marcelo-Ebrard-Salamanca.jpeg","articleSection":["Pol\u00edtica","slider"],"inLanguage":"es","potentialAction":[{"@type":"CommentAction","name":"Comment","target":["https:\/\/kuali.com.mx\/web\/2023\/05\/16\/llegara-a-guanajuato-el-aire-de-cambio-ebrard\/#respond"]}]},{"@type":"WebPage","@id":"https:\/\/kuali.com.mx\/web\/2023\/05\/16\/llegara-a-guanajuato-el-aire-de-cambio-ebrard\/","url":"https:\/\/kuali.com.mx\/web\/2023\/05\/16\/llegara-a-guanajuato-el-aire-de-cambio-ebrard\/","name":"LLEGAR\u00c1 A GUANAJUATO EL \"AIRE DE CAMBIO\": EBRARD - Kuali","isPartOf":{"@id":"https:\/\/kuali.com.mx\/web\/#website"},"primaryImageOfPage":{"@id":"https:\/\/kuali.com.mx\/web\/2023\/05\/16\/llegara-a-guanajuato-el-aire-de-cambio-ebrard\/#primaryimage"},"image":{"@id":"https:\/\/kuali.com.mx\/web\/2023\/05\/16\/llegara-a-guanajuato-el-aire-de-cambio-ebrard\/#primaryimage"},"thumbnailUrl":"https:\/\/kuali.com.mx\/web\/wp-content\/uploads\/2023\/05\/Marcelo-Ebrard-Salamanca.jpeg","datePublished":"2023-05-16T21:45:56+00:00","dateModified":"2023-05-17T15:21:39+00:00","author":{"@id":"https:\/\/kuali.com.mx\/web\/#\/schema\/person\/6f89ffa8ecba9dae50662357923c5289"},"breadcrumb":{"@id":"https:\/\/kuali.com.mx\/web\/2023\/05\/16\/llegara-a-guanajuato-el-aire-de-cambio-ebrard\/#breadcrumb"},"inLanguage":"es","potentialAction":[{"@type":"ReadAction","target":["https:\/\/kuali.com.mx\/web\/2023\/05\/16\/llegara-a-guanajuato-el-aire-de-cambio-ebrard\/"]}]},{"@type":"ImageObject","inLanguage":"es","@id":"https:\/\/kuali.com.mx\/web\/2023\/05\/16\/llegara-a-guanajuato-el-aire-de-cambio-ebrard\/#primaryimage","url":"https:\/\/kuali.com.mx\/web\/wp-content\/uploads\/2023\/05\/Marcelo-Ebrard-Salamanca.jpeg","contentUrl":"https:\/\/kuali.com.mx\/web\/wp-content\/uploads\/2023\/05\/Marcelo-Ebrard-Salamanca.jpeg","width":1786,"height":750},{"@type":"BreadcrumbList","@id":"https:\/\/kuali.com.mx\/web\/2023\/05\/16\/llegara-a-guanajuato-el-aire-de-cambio-ebrard\/#breadcrumb","itemListElement":[{"@type":"ListItem","position":1,"name":"Inicio","item":"https:\/\/kuali.com.mx\/web\/"},{"@type":"ListItem","position":2,"name":"LLEGAR\u00c1 A GUANAJUATO EL &#8220;AIRE DE CAMBIO&#8221;: EBRARD"}]},{"@type":"WebSite","@id":"https:\/\/kuali.com.mx\/web\/#website","url":"https:\/\/kuali.com.mx\/web\/","name":"Kuali","description":"","potentialAction":[{"@type":"SearchAction","target":{"@type":"EntryPoint","urlTemplate":"https:\/\/kuali.com.mx\/web\/?s={search_term_string}"},"query-input":{"@type":"PropertyValueSpecification","valueRequired":true,"valueName":"search_term_string"}}],"inLanguage":"es"},{"@type":"Person","@id":"https:\/\/kuali.com.mx\/web\/#\/schema\/person\/6f89ffa8ecba9dae50662357923c5289","name":"Kuali Staff","image":{"@type":"ImageObject","inLanguage":"es","@id":"https:\/\/secure.gravatar.com\/avatar\/f917ad82e5ab71227a733c78b6e60715476f69ee6be59feee4eb5d9920c89e0f?s=96&d=mm&r=g","url":"https:\/\/secure.gravatar.com\/avatar\/f917ad82e5ab71227a733c78b6e60715476f69ee6be59feee4eb5d9920c89e0f?s=96&d=mm&r=g","contentUrl":"https:\/\/secure.gravatar.com\/avatar\/f917ad82e5ab71227a733c78b6e60715476f69ee6be59feee4eb5d9920c89e0f?s=96&d=mm&r=g","caption":"Kuali Staff"},"url":"https:\/\/kuali.com.mx\/web\/author\/lagarto\/"}]}},"_links":{"self":[{"href":"https:\/\/kuali.com.mx\/web\/wp-json\/wp\/v2\/posts\/118622","targetHints":{"allow":["GET"]}}],"collection":[{"href":"https:\/\/kuali.com.mx\/web\/wp-json\/wp\/v2\/posts"}],"about":[{"href":"https:\/\/kuali.com.mx\/web\/wp-json\/wp\/v2\/types\/post"}],"author":[{"embeddable":true,"href":"https:\/\/kuali.com.mx\/web\/wp-json\/wp\/v2\/users\/2"}],"replies":[{"embeddable":true,"href":"https:\/\/kuali.com.mx\/web\/wp-json\/wp\/v2\/comments?post=118622"}],"version-history":[{"count":2,"href":"https:\/\/kuali.com.mx\/web\/wp-json\/wp\/v2\/posts\/118622\/revisions"}],"predecessor-version":[{"id":118673,"href":"https:\/\/kuali.com.mx\/web\/wp-json\/wp\/v2\/posts\/118622\/revisions\/118673"}],"wp:featuredmedia":[{"embeddable":true,"href":"https:\/\/kuali.com.mx\/web\/wp-json\/wp\/v2\/media\/118625"}],"wp:attachment":[{"href":"https:\/\/kuali.com.mx\/web\/wp-json\/wp\/v2\/media?parent=118622"}],"wp:term":[{"taxonomy":"category","embeddable":true,"href":"https:\/\/kuali.com.mx\/web\/wp-json\/wp\/v2\/categories?post=118622"},{"taxonomy":"post_tag","embeddable":true,"href":"https:\/\/kuali.com.mx\/web\/wp-json\/wp\/v2\/tags?post=118622"}],"curies":[{"name":"wp","href":"https:\/\/api.w.org\/{rel}","templated":true}]}}