{"id":118532,"date":"2023-05-14T14:05:08","date_gmt":"2023-05-14T20:05:08","guid":{"rendered":"https:\/\/kuali.com.mx\/web\/?p=118532"},"modified":"2023-05-15T08:29:38","modified_gmt":"2023-05-15T14:29:38","slug":"alcalde-reconoce-a-maestros-de-purisima","status":"publish","type":"post","link":"https:\/\/kuali.com.mx\/web\/2023\/05\/14\/alcalde-reconoce-a-maestros-de-purisima\/","title":{"rendered":"ALCALDE RECONOCE A MAESTROS DE PUR\u00cdSIMA"},"content":{"rendered":"\n<p><strong>Kuali\/Pur\u00edsima del Rinc\u00f3n, Gto.- <\/strong>El presidente municipal de Pur\u00edsima del Rinc\u00f3n, Roberto Garc\u00eda Urbano, reconoci\u00f3 la labor de los profesores. Dijo que \u201cayer, hoy y despu\u00e9s de la pandemia siguen cumpliendo\u201d.<\/p>\n\n\n\n<p>Personal docente de ocho zonas escolares as\u00ed como de la Secundaria T\u00e9cnica Diego Rivera,&nbsp; Fortino L\u00f3pez y de Educaci\u00f3n Especial celebraron con un convivio el D\u00eda del Maestro que se festeja el 15 de mayo de cada a\u00f1o.<\/p>\n\n\n\n<p>La ceremonia estuvo encabezada por integrantes del Ayuntamiento de Pur\u00edsima del Rinc\u00f3n y personal de la Presidencia Municipal y de la Secretar\u00eda de Educaci\u00f3n de Guanajuato (SEG). El objetivo fue reconocer al equipo de 925 docentes que laboran en los planteles particulares, federales y estatales de este municipio.<\/p>\n\n\n\n<p>El alcalde Roberto Garc\u00eda destac\u00f3 la importancia de su labor porque que trasciende m\u00e1s all\u00e1 del sal\u00f3n de clases.<\/p>\n\n\n\n<p>\u201cCuando todos aspiramos a ser mejores seres humanos, en los primeros que respaldamos ese ideal es en los maestros\u201d, dijo.<\/p>\n\n\n\n<p>\u201cLos maestros y maestras tienen una funci\u00f3n especial en el desarrollo de los talentos y las habilidades. Hoy en d\u00eda, incluso, es m\u00e1s evidente su alcance en la atenci\u00f3n y apertura en la expresi\u00f3n de los sentimientos de la persona, por eso es vital saber apreciar la presencia de los docentes en la formaci\u00f3n de los educandos\u201d, expres\u00f3.<\/p>\n\n\n\n<p>Juan Luis Salda\u00f1a L\u00f3pez, delegado de la Regi\u00f3n IV de la SEG, coment\u00f3 que la satisfacci\u00f3n y gratitud de las infancias es vital y \u201cdespu\u00e9s de la pandemia tenemos retos m\u00e1s grandes de educar a generaciones de seres humanos que pasamos por circunstancias complejas\u201d.<\/p>\n","protected":false},"excerpt":{"rendered":"Kuali\/Pur\u00edsima del Rinc\u00f3n, Gto.- El presidente municipal de Pur\u00edsima del Rinc\u00f3n, Roberto Garc\u00eda Urbano, reconoci\u00f3 la labor de los profesores. Dijo que \u201cayer, hoy y despu\u00e9s de la pandemia siguen cumpliendo\u201d. Personal docente de ocho zonas escolares as\u00ed como de la Secundaria T\u00e9cnica Diego Rivera,&nbsp; Fortino L\u00f3pez y de Educaci\u00f3n Especial celebraron con un convivio [&hellip;]","protected":false},"author":2,"featured_media":118535,"comment_status":"open","ping_status":"open","sticky":false,"template":"","format":"standard","meta":{"_seopress_robots_primary_cat":"none","_seopress_titles_title":"","_seopress_titles_desc":"","_seopress_robots_index":"","_monsterinsights_skip_tracking":false,"_monsterinsights_sitenote_active":false,"_monsterinsights_sitenote_note":"","_monsterinsights_sitenote_category":0,"footnotes":""},"categories":[4],"tags":[2330,2328,2329,1115],"class_list":["post-118532","post","type-post","status-publish","format-standard","has-post-thumbnail","hentry","category-educacion","tag-celebraciones","tag-dia-del-maestro","tag-festejos","tag-purisima-del-rincon"],"yoast_head":"<!-- This site is optimized with the Yoast SEO plugin v27.4 - https:\/\/yoast.com\/product\/yoast-seo-wordpress\/ -->\n<title>ALCALDE RECONOCE A MAESTROS DE PUR\u00cdSIMA - Kuali<\/title>\n<meta name=\"robots\" content=\"index, follow, max-snippet:-1, max-image-preview:large, max-video-preview:-1\" \/>\n<link rel=\"canonical\" href=\"https:\/\/kuali.com.mx\/web\/2023\/05\/14\/alcalde-reconoce-a-maestros-de-purisima\/\" \/>\n<meta property=\"og:locale\" content=\"es_MX\" \/>\n<meta property=\"og:type\" content=\"article\" \/>\n<meta property=\"og:title\" content=\"ALCALDE RECONOCE A MAESTROS DE PUR\u00cdSIMA - Kuali\" \/>\n<meta property=\"og:description\" content=\"Kuali\/Pur\u00edsima del Rinc\u00f3n, Gto.- El presidente municipal de Pur\u00edsima del Rinc\u00f3n, Roberto Garc\u00eda Urbano, reconoci\u00f3 la labor de los profesores. Dijo que \u201cayer, hoy y despu\u00e9s de la pandemia siguen cumpliendo\u201d. Personal docente de ocho zonas escolares as\u00ed como de la Secundaria T\u00e9cnica Diego Rivera,&nbsp; Fortino L\u00f3pez y de Educaci\u00f3n Especial celebraron con un convivio [&hellip;]\" \/>\n<meta property=\"og:url\" content=\"https:\/\/kuali.com.mx\/web\/2023\/05\/14\/alcalde-reconoce-a-maestros-de-purisima\/\" \/>\n<meta property=\"og:site_name\" content=\"Kuali\" \/>\n<meta property=\"article:publisher\" content=\"https:\/\/kuali.com.mx\/web\/wp-content\/uploads\/2018\/04\/cropped-kuali_logo-1-1.png\" \/>\n<meta property=\"article:published_time\" content=\"2023-05-14T20:05:08+00:00\" \/>\n<meta property=\"article:modified_time\" content=\"2023-05-15T14:29:38+00:00\" \/>\n<meta property=\"og:image\" content=\"https:\/\/kuali.com.mx\/web\/wp-content\/uploads\/2023\/05\/Festeja-Purisima-a-maestros.gif\" \/>\n\t<meta property=\"og:image:width\" content=\"1700\" \/>\n\t<meta property=\"og:image:height\" content=\"750\" \/>\n\t<meta property=\"og:image:type\" content=\"image\/gif\" \/>\n<meta name=\"author\" content=\"Kuali Staff\" \/>\n<meta name=\"twitter:card\" content=\"summary_large_image\" \/>\n<meta name=\"twitter:creator\" content=\"@kuali_noticias\" \/>\n<meta name=\"twitter:site\" content=\"@kuali_noticias\" \/>\n<meta name=\"twitter:label1\" content=\"Escrito por\" \/>\n\t<meta name=\"twitter:data1\" content=\"Kuali Staff\" \/>\n\t<meta name=\"twitter:label2\" content=\"Tiempo de lectura\" \/>\n\t<meta name=\"twitter:data2\" content=\"1 minuto\" \/>\n<script type=\"application\/ld+json\" class=\"yoast-schema-graph\">{\"@context\":\"https:\\\/\\\/schema.org\",\"@graph\":[{\"@type\":\"Article\",\"@id\":\"https:\\\/\\\/kuali.com.mx\\\/web\\\/2023\\\/05\\\/14\\\/alcalde-reconoce-a-maestros-de-purisima\\\/#article\",\"isPartOf\":{\"@id\":\"https:\\\/\\\/kuali.com.mx\\\/web\\\/2023\\\/05\\\/14\\\/alcalde-reconoce-a-maestros-de-purisima\\\/\"},\"author\":{\"name\":\"Kuali Staff\",\"@id\":\"https:\\\/\\\/kuali.com.mx\\\/web\\\/#\\\/schema\\\/person\\\/6f89ffa8ecba9dae50662357923c5289\"},\"headline\":\"ALCALDE RECONOCE A MAESTROS DE PUR\u00cdSIMA\",\"datePublished\":\"2023-05-14T20:05:08+00:00\",\"dateModified\":\"2023-05-15T14:29:38+00:00\",\"mainEntityOfPage\":{\"@id\":\"https:\\\/\\\/kuali.com.mx\\\/web\\\/2023\\\/05\\\/14\\\/alcalde-reconoce-a-maestros-de-purisima\\\/\"},\"wordCount\":296,\"commentCount\":0,\"image\":{\"@id\":\"https:\\\/\\\/kuali.com.mx\\\/web\\\/2023\\\/05\\\/14\\\/alcalde-reconoce-a-maestros-de-purisima\\\/#primaryimage\"},\"thumbnailUrl\":\"https:\\\/\\\/kuali.com.mx\\\/web\\\/wp-content\\\/uploads\\\/2023\\\/05\\\/Festeja-Purisima-a-maestros.gif\",\"keywords\":[\"Celebraciones\",\"D\u00eda del Maestro\",\"Festejos\",\"Pur\u00edsima del Rinc\u00f3n\"],\"articleSection\":[\"Educaci\u00f3n\"],\"inLanguage\":\"es\",\"potentialAction\":[{\"@type\":\"CommentAction\",\"name\":\"Comment\",\"target\":[\"https:\\\/\\\/kuali.com.mx\\\/web\\\/2023\\\/05\\\/14\\\/alcalde-reconoce-a-maestros-de-purisima\\\/#respond\"]}]},{\"@type\":\"WebPage\",\"@id\":\"https:\\\/\\\/kuali.com.mx\\\/web\\\/2023\\\/05\\\/14\\\/alcalde-reconoce-a-maestros-de-purisima\\\/\",\"url\":\"https:\\\/\\\/kuali.com.mx\\\/web\\\/2023\\\/05\\\/14\\\/alcalde-reconoce-a-maestros-de-purisima\\\/\",\"name\":\"ALCALDE RECONOCE A MAESTROS DE PUR\u00cdSIMA - Kuali\",\"isPartOf\":{\"@id\":\"https:\\\/\\\/kuali.com.mx\\\/web\\\/#website\"},\"primaryImageOfPage\":{\"@id\":\"https:\\\/\\\/kuali.com.mx\\\/web\\\/2023\\\/05\\\/14\\\/alcalde-reconoce-a-maestros-de-purisima\\\/#primaryimage\"},\"image\":{\"@id\":\"https:\\\/\\\/kuali.com.mx\\\/web\\\/2023\\\/05\\\/14\\\/alcalde-reconoce-a-maestros-de-purisima\\\/#primaryimage\"},\"thumbnailUrl\":\"https:\\\/\\\/kuali.com.mx\\\/web\\\/wp-content\\\/uploads\\\/2023\\\/05\\\/Festeja-Purisima-a-maestros.gif\",\"datePublished\":\"2023-05-14T20:05:08+00:00\",\"dateModified\":\"2023-05-15T14:29:38+00:00\",\"author\":{\"@id\":\"https:\\\/\\\/kuali.com.mx\\\/web\\\/#\\\/schema\\\/person\\\/6f89ffa8ecba9dae50662357923c5289\"},\"breadcrumb\":{\"@id\":\"https:\\\/\\\/kuali.com.mx\\\/web\\\/2023\\\/05\\\/14\\\/alcalde-reconoce-a-maestros-de-purisima\\\/#breadcrumb\"},\"inLanguage\":\"es\",\"potentialAction\":[{\"@type\":\"ReadAction\",\"target\":[\"https:\\\/\\\/kuali.com.mx\\\/web\\\/2023\\\/05\\\/14\\\/alcalde-reconoce-a-maestros-de-purisima\\\/\"]}]},{\"@type\":\"ImageObject\",\"inLanguage\":\"es\",\"@id\":\"https:\\\/\\\/kuali.com.mx\\\/web\\\/2023\\\/05\\\/14\\\/alcalde-reconoce-a-maestros-de-purisima\\\/#primaryimage\",\"url\":\"https:\\\/\\\/kuali.com.mx\\\/web\\\/wp-content\\\/uploads\\\/2023\\\/05\\\/Festeja-Purisima-a-maestros.gif\",\"contentUrl\":\"https:\\\/\\\/kuali.com.mx\\\/web\\\/wp-content\\\/uploads\\\/2023\\\/05\\\/Festeja-Purisima-a-maestros.gif\",\"width\":1700,\"height\":750},{\"@type\":\"BreadcrumbList\",\"@id\":\"https:\\\/\\\/kuali.com.mx\\\/web\\\/2023\\\/05\\\/14\\\/alcalde-reconoce-a-maestros-de-purisima\\\/#breadcrumb\",\"itemListElement\":[{\"@type\":\"ListItem\",\"position\":1,\"name\":\"Inicio\",\"item\":\"https:\\\/\\\/kuali.com.mx\\\/web\\\/\"},{\"@type\":\"ListItem\",\"position\":2,\"name\":\"ALCALDE RECONOCE A MAESTROS DE PUR\u00cdSIMA\"}]},{\"@type\":\"WebSite\",\"@id\":\"https:\\\/\\\/kuali.com.mx\\\/web\\\/#website\",\"url\":\"https:\\\/\\\/kuali.com.mx\\\/web\\\/\",\"name\":\"Kuali\",\"description\":\"\",\"potentialAction\":[{\"@type\":\"SearchAction\",\"target\":{\"@type\":\"EntryPoint\",\"urlTemplate\":\"https:\\\/\\\/kuali.com.mx\\\/web\\\/?s={search_term_string}\"},\"query-input\":{\"@type\":\"PropertyValueSpecification\",\"valueRequired\":true,\"valueName\":\"search_term_string\"}}],\"inLanguage\":\"es\"},{\"@type\":\"Person\",\"@id\":\"https:\\\/\\\/kuali.com.mx\\\/web\\\/#\\\/schema\\\/person\\\/6f89ffa8ecba9dae50662357923c5289\",\"name\":\"Kuali Staff\",\"image\":{\"@type\":\"ImageObject\",\"inLanguage\":\"es\",\"@id\":\"https:\\\/\\\/secure.gravatar.com\\\/avatar\\\/f917ad82e5ab71227a733c78b6e60715476f69ee6be59feee4eb5d9920c89e0f?s=96&d=mm&r=g\",\"url\":\"https:\\\/\\\/secure.gravatar.com\\\/avatar\\\/f917ad82e5ab71227a733c78b6e60715476f69ee6be59feee4eb5d9920c89e0f?s=96&d=mm&r=g\",\"contentUrl\":\"https:\\\/\\\/secure.gravatar.com\\\/avatar\\\/f917ad82e5ab71227a733c78b6e60715476f69ee6be59feee4eb5d9920c89e0f?s=96&d=mm&r=g\",\"caption\":\"Kuali Staff\"},\"url\":\"https:\\\/\\\/kuali.com.mx\\\/web\\\/author\\\/lagarto\\\/\"}]}<\/script>\n<!-- \/ Yoast SEO plugin. -->","yoast_head_json":{"title":"ALCALDE RECONOCE A MAESTROS DE PUR\u00cdSIMA - Kuali","robots":{"index":"index","follow":"follow","max-snippet":"max-snippet:-1","max-image-preview":"max-image-preview:large","max-video-preview":"max-video-preview:-1"},"canonical":"https:\/\/kuali.com.mx\/web\/2023\/05\/14\/alcalde-reconoce-a-maestros-de-purisima\/","og_locale":"es_MX","og_type":"article","og_title":"ALCALDE RECONOCE A MAESTROS DE PUR\u00cdSIMA - Kuali","og_description":"Kuali\/Pur\u00edsima del Rinc\u00f3n, Gto.- El presidente municipal de Pur\u00edsima del Rinc\u00f3n, Roberto Garc\u00eda Urbano, reconoci\u00f3 la labor de los profesores. Dijo que \u201cayer, hoy y despu\u00e9s de la pandemia siguen cumpliendo\u201d. Personal docente de ocho zonas escolares as\u00ed como de la Secundaria T\u00e9cnica Diego Rivera,&nbsp; Fortino L\u00f3pez y de Educaci\u00f3n Especial celebraron con un convivio [&hellip;]","og_url":"https:\/\/kuali.com.mx\/web\/2023\/05\/14\/alcalde-reconoce-a-maestros-de-purisima\/","og_site_name":"Kuali","article_publisher":"https:\/\/kuali.com.mx\/web\/wp-content\/uploads\/2018\/04\/cropped-kuali_logo-1-1.png","article_published_time":"2023-05-14T20:05:08+00:00","article_modified_time":"2023-05-15T14:29:38+00:00","og_image":[{"width":1700,"height":750,"url":"https:\/\/kuali.com.mx\/web\/wp-content\/uploads\/2023\/05\/Festeja-Purisima-a-maestros.gif","type":"image\/gif"}],"author":"Kuali Staff","twitter_card":"summary_large_image","twitter_creator":"@kuali_noticias","twitter_site":"@kuali_noticias","twitter_misc":{"Escrito por":"Kuali Staff","Tiempo de lectura":"1 minuto"},"schema":{"@context":"https:\/\/schema.org","@graph":[{"@type":"Article","@id":"https:\/\/kuali.com.mx\/web\/2023\/05\/14\/alcalde-reconoce-a-maestros-de-purisima\/#article","isPartOf":{"@id":"https:\/\/kuali.com.mx\/web\/2023\/05\/14\/alcalde-reconoce-a-maestros-de-purisima\/"},"author":{"name":"Kuali Staff","@id":"https:\/\/kuali.com.mx\/web\/#\/schema\/person\/6f89ffa8ecba9dae50662357923c5289"},"headline":"ALCALDE RECONOCE A MAESTROS DE PUR\u00cdSIMA","datePublished":"2023-05-14T20:05:08+00:00","dateModified":"2023-05-15T14:29:38+00:00","mainEntityOfPage":{"@id":"https:\/\/kuali.com.mx\/web\/2023\/05\/14\/alcalde-reconoce-a-maestros-de-purisima\/"},"wordCount":296,"commentCount":0,"image":{"@id":"https:\/\/kuali.com.mx\/web\/2023\/05\/14\/alcalde-reconoce-a-maestros-de-purisima\/#primaryimage"},"thumbnailUrl":"https:\/\/kuali.com.mx\/web\/wp-content\/uploads\/2023\/05\/Festeja-Purisima-a-maestros.gif","keywords":["Celebraciones","D\u00eda del Maestro","Festejos","Pur\u00edsima del Rinc\u00f3n"],"articleSection":["Educaci\u00f3n"],"inLanguage":"es","potentialAction":[{"@type":"CommentAction","name":"Comment","target":["https:\/\/kuali.com.mx\/web\/2023\/05\/14\/alcalde-reconoce-a-maestros-de-purisima\/#respond"]}]},{"@type":"WebPage","@id":"https:\/\/kuali.com.mx\/web\/2023\/05\/14\/alcalde-reconoce-a-maestros-de-purisima\/","url":"https:\/\/kuali.com.mx\/web\/2023\/05\/14\/alcalde-reconoce-a-maestros-de-purisima\/","name":"ALCALDE RECONOCE A MAESTROS DE PUR\u00cdSIMA - Kuali","isPartOf":{"@id":"https:\/\/kuali.com.mx\/web\/#website"},"primaryImageOfPage":{"@id":"https:\/\/kuali.com.mx\/web\/2023\/05\/14\/alcalde-reconoce-a-maestros-de-purisima\/#primaryimage"},"image":{"@id":"https:\/\/kuali.com.mx\/web\/2023\/05\/14\/alcalde-reconoce-a-maestros-de-purisima\/#primaryimage"},"thumbnailUrl":"https:\/\/kuali.com.mx\/web\/wp-content\/uploads\/2023\/05\/Festeja-Purisima-a-maestros.gif","datePublished":"2023-05-14T20:05:08+00:00","dateModified":"2023-05-15T14:29:38+00:00","author":{"@id":"https:\/\/kuali.com.mx\/web\/#\/schema\/person\/6f89ffa8ecba9dae50662357923c5289"},"breadcrumb":{"@id":"https:\/\/kuali.com.mx\/web\/2023\/05\/14\/alcalde-reconoce-a-maestros-de-purisima\/#breadcrumb"},"inLanguage":"es","potentialAction":[{"@type":"ReadAction","target":["https:\/\/kuali.com.mx\/web\/2023\/05\/14\/alcalde-reconoce-a-maestros-de-purisima\/"]}]},{"@type":"ImageObject","inLanguage":"es","@id":"https:\/\/kuali.com.mx\/web\/2023\/05\/14\/alcalde-reconoce-a-maestros-de-purisima\/#primaryimage","url":"https:\/\/kuali.com.mx\/web\/wp-content\/uploads\/2023\/05\/Festeja-Purisima-a-maestros.gif","contentUrl":"https:\/\/kuali.com.mx\/web\/wp-content\/uploads\/2023\/05\/Festeja-Purisima-a-maestros.gif","width":1700,"height":750},{"@type":"BreadcrumbList","@id":"https:\/\/kuali.com.mx\/web\/2023\/05\/14\/alcalde-reconoce-a-maestros-de-purisima\/#breadcrumb","itemListElement":[{"@type":"ListItem","position":1,"name":"Inicio","item":"https:\/\/kuali.com.mx\/web\/"},{"@type":"ListItem","position":2,"name":"ALCALDE RECONOCE A MAESTROS DE PUR\u00cdSIMA"}]},{"@type":"WebSite","@id":"https:\/\/kuali.com.mx\/web\/#website","url":"https:\/\/kuali.com.mx\/web\/","name":"Kuali","description":"","potentialAction":[{"@type":"SearchAction","target":{"@type":"EntryPoint","urlTemplate":"https:\/\/kuali.com.mx\/web\/?s={search_term_string}"},"query-input":{"@type":"PropertyValueSpecification","valueRequired":true,"valueName":"search_term_string"}}],"inLanguage":"es"},{"@type":"Person","@id":"https:\/\/kuali.com.mx\/web\/#\/schema\/person\/6f89ffa8ecba9dae50662357923c5289","name":"Kuali Staff","image":{"@type":"ImageObject","inLanguage":"es","@id":"https:\/\/secure.gravatar.com\/avatar\/f917ad82e5ab71227a733c78b6e60715476f69ee6be59feee4eb5d9920c89e0f?s=96&d=mm&r=g","url":"https:\/\/secure.gravatar.com\/avatar\/f917ad82e5ab71227a733c78b6e60715476f69ee6be59feee4eb5d9920c89e0f?s=96&d=mm&r=g","contentUrl":"https:\/\/secure.gravatar.com\/avatar\/f917ad82e5ab71227a733c78b6e60715476f69ee6be59feee4eb5d9920c89e0f?s=96&d=mm&r=g","caption":"Kuali Staff"},"url":"https:\/\/kuali.com.mx\/web\/author\/lagarto\/"}]}},"_links":{"self":[{"href":"https:\/\/kuali.com.mx\/web\/wp-json\/wp\/v2\/posts\/118532","targetHints":{"allow":["GET"]}}],"collection":[{"href":"https:\/\/kuali.com.mx\/web\/wp-json\/wp\/v2\/posts"}],"about":[{"href":"https:\/\/kuali.com.mx\/web\/wp-json\/wp\/v2\/types\/post"}],"author":[{"embeddable":true,"href":"https:\/\/kuali.com.mx\/web\/wp-json\/wp\/v2\/users\/2"}],"replies":[{"embeddable":true,"href":"https:\/\/kuali.com.mx\/web\/wp-json\/wp\/v2\/comments?post=118532"}],"version-history":[{"count":1,"href":"https:\/\/kuali.com.mx\/web\/wp-json\/wp\/v2\/posts\/118532\/revisions"}],"predecessor-version":[{"id":118536,"href":"https:\/\/kuali.com.mx\/web\/wp-json\/wp\/v2\/posts\/118532\/revisions\/118536"}],"wp:featuredmedia":[{"embeddable":true,"href":"https:\/\/kuali.com.mx\/web\/wp-json\/wp\/v2\/media\/118535"}],"wp:attachment":[{"href":"https:\/\/kuali.com.mx\/web\/wp-json\/wp\/v2\/media?parent=118532"}],"wp:term":[{"taxonomy":"category","embeddable":true,"href":"https:\/\/kuali.com.mx\/web\/wp-json\/wp\/v2\/categories?post=118532"},{"taxonomy":"post_tag","embeddable":true,"href":"https:\/\/kuali.com.mx\/web\/wp-json\/wp\/v2\/tags?post=118532"}],"curies":[{"name":"wp","href":"https:\/\/api.w.org\/{rel}","templated":true}]}}