{"id":118461,"date":"2023-05-13T19:32:53","date_gmt":"2023-05-14T01:32:53","guid":{"rendered":"https:\/\/kuali.com.mx\/web\/?p=118461"},"modified":"2023-05-14T07:45:25","modified_gmt":"2023-05-14T13:45:25","slug":"mil-estudiantes-se-graduan-en-lengua-de-senas","status":"publish","type":"post","link":"https:\/\/kuali.com.mx\/web\/2023\/05\/13\/mil-estudiantes-se-graduan-en-lengua-de-senas\/","title":{"rendered":"MIL ESTUDIANTES SE   GRAD\u00daAN EN LENGUA DE SE\u00d1AS"},"content":{"rendered":"\n<p><strong><em>&nbsp;Kuali\/Guanajuato, Gto.-<\/em><\/strong>Con el compromiso de la inclusi\u00f3n de todas las personas de la comunidad universitaria con alguna discapacidad, el Grupo Organizado (GO) \u201cHabla en Se\u00f1as\u201d de la Universidad de Guanajuato (UG) celebr\u00f3 la clausura semestral y renovaci\u00f3n de presidencia.<\/p>\n\n\n\n<p>El evento se realiz\u00f3 en presencia de familiares, amistades, as\u00ed como de autoridades universitarias que les acompa\u00f1aron en el emblem\u00e1tico Auditorio General de la UG.&nbsp;&nbsp;<\/p>\n\n\n\n<p>Con la graduaci\u00f3n de m\u00e1s de mil estudiantes quienes tomaron clases de nivel b\u00e1sico y nivel intermedio de Lengua de Se\u00f1as Mexicana (LSM) a lo largo de a\u00f1o y medio, fue que el estudiante Nahum Eli\u00fa Reyes Caudillo culmin\u00f3 su periodo como presidente fundador del GO, para pasar el nombramiento a la estudiante Alondra Uribe Cervantes, nueva Presidenta de \u201cHabla en Se\u00f1as\u201d.&nbsp;&nbsp;&nbsp;<\/p>\n\n\n\n<p>En el evento estuvo presente el Rector General de la UG, Dr. Luis Felipe Guerrero Agripino, quien dijo, refrend\u00f3 su confianza en la juventud universitaria, al ver el impacto de las iniciativas estudiantiles, a la par de hacer un llamado a la reflexi\u00f3n desde diversas perspectivas:&nbsp;&nbsp;<\/p>\n\n\n\n<p>Sostuvo que \u201cLas universidades p\u00fablicas tenemos el enorme compromiso social de unir esfuerzos\u201d para que los espacios universitarios est\u00e9n disponibles para personas con una gran diversidad, \u201cy generar pol\u00edticas de equidad y de inclusi\u00f3n. Asimismo, recalc\u00f3 que desde la Universidad se debe incidir en la sociedad para que todas las personas tengan las mismas oportunidades de desarrollo, \u201cpara que todas las personas independientemente de nuestra condici\u00f3n nos encontremos en un plano de igualdad.\u201d&nbsp;&nbsp;&nbsp;&nbsp;<\/p>\n\n\n\n<p>El evento se caracteriz\u00f3 por contar con narraci\u00f3n descriptiva, audio descripci\u00f3n con el prop\u00f3sito de comunicar aquello que la persona ciega o con discapacidad visual no puede percibir en el evento; tambi\u00e9n se cont\u00f3 con la interpretaci\u00f3n simult\u00e1nea en LSM, y realizaron interpretaciones de canciones en Lengua de Se\u00f1as.&nbsp;<\/p>\n\n\n\n<p>El Presidente saliente Nahum Eli\u00fa Reyes Caudillo expres\u00f3 que desde el GO se busca visibilizar la violencia \u201caudionormativa\u201d que sufre la comunidad sorda, de esta manera se\u00f1al\u00f3 su actividad primordial \u201ces la ense\u00f1anza gratuita de las nociones b\u00e1sicas de Lengua de Se\u00f1as\u201d trabajo que se ha extendido a los campus universitarios, el Colegio del Nivel Medio Superior, as\u00ed como sociedad en general.&nbsp;&nbsp;<\/p>\n\n\n\n<p>Cabe recordar, que \u201cHabla en Se\u00f1as\u201d se sum\u00f3 a la Estrategia de comunicaci\u00f3n Institucional 2021-2026 que prev\u00e9 en su enfoque&nbsp;inclusivo una comunicaci\u00f3n incluyente, por lo que trabaja en coordinaci\u00f3n con la Direcci\u00f3n de Comunicaci\u00f3n y Enlace de la UG. De igual manera, realiza un trabajo estrecho con la Divisi\u00f3n de Derecho Pol\u00edtica y Gobierno, y recientemente form\u00f3 una la alianza con el Instituto Guanajuatense para las Personas con Discapacidad.&nbsp;&nbsp;<\/p>\n","protected":false},"excerpt":{"rendered":"&nbsp;Kuali\/Guanajuato, Gto.-Con el compromiso de la inclusi\u00f3n de todas las personas de la comunidad universitaria con alguna discapacidad, el Grupo Organizado (GO) \u201cHabla en Se\u00f1as\u201d de la Universidad de Guanajuato (UG) celebr\u00f3 la clausura semestral y renovaci\u00f3n de presidencia. El evento se realiz\u00f3 en presencia de familiares, amistades, as\u00ed como de autoridades universitarias que les [&hellip;]","protected":false},"author":2,"featured_media":118466,"comment_status":"open","ping_status":"open","sticky":false,"template":"","format":"standard","meta":{"_seopress_robots_primary_cat":"none","_seopress_titles_title":"","_seopress_titles_desc":"","_seopress_robots_index":"","_monsterinsights_skip_tracking":false,"_monsterinsights_sitenote_active":false,"_monsterinsights_sitenote_note":"","_monsterinsights_sitenote_category":0,"footnotes":""},"categories":[4],"tags":[],"class_list":["post-118461","post","type-post","status-publish","format-standard","has-post-thumbnail","hentry","category-educacion"],"yoast_head":"<!-- This site is optimized with the Yoast SEO plugin v27.4 - https:\/\/yoast.com\/product\/yoast-seo-wordpress\/ -->\n<title>MIL ESTUDIANTES SE  GRAD\u00daAN EN LENGUA DE SE\u00d1AS - Kuali<\/title>\n<meta name=\"robots\" content=\"index, follow, max-snippet:-1, max-image-preview:large, max-video-preview:-1\" \/>\n<link rel=\"canonical\" href=\"https:\/\/kuali.com.mx\/web\/2023\/05\/13\/mil-estudiantes-se-graduan-en-lengua-de-senas\/\" \/>\n<meta property=\"og:locale\" content=\"es_MX\" \/>\n<meta property=\"og:type\" content=\"article\" \/>\n<meta property=\"og:title\" content=\"MIL ESTUDIANTES SE  GRAD\u00daAN EN LENGUA DE SE\u00d1AS - Kuali\" \/>\n<meta property=\"og:description\" content=\"&nbsp;Kuali\/Guanajuato, Gto.-Con el compromiso de la inclusi\u00f3n de todas las personas de la comunidad universitaria con alguna discapacidad, el Grupo Organizado (GO) \u201cHabla en Se\u00f1as\u201d de la Universidad de Guanajuato (UG) celebr\u00f3 la clausura semestral y renovaci\u00f3n de presidencia. El evento se realiz\u00f3 en presencia de familiares, amistades, as\u00ed como de autoridades universitarias que les [&hellip;]\" \/>\n<meta property=\"og:url\" content=\"https:\/\/kuali.com.mx\/web\/2023\/05\/13\/mil-estudiantes-se-graduan-en-lengua-de-senas\/\" \/>\n<meta property=\"og:site_name\" content=\"Kuali\" \/>\n<meta property=\"article:publisher\" content=\"https:\/\/kuali.com.mx\/web\/wp-content\/uploads\/2018\/04\/cropped-kuali_logo-1-1.png\" \/>\n<meta property=\"article:published_time\" content=\"2023-05-14T01:32:53+00:00\" \/>\n<meta property=\"article:modified_time\" content=\"2023-05-14T13:45:25+00:00\" \/>\n<meta property=\"og:image\" content=\"https:\/\/kuali.com.mx\/web\/wp-content\/uploads\/2023\/05\/Habla-en-Senas-2.jpeg\" \/>\n\t<meta property=\"og:image:width\" content=\"1560\" \/>\n\t<meta property=\"og:image:height\" content=\"1040\" \/>\n\t<meta property=\"og:image:type\" content=\"image\/jpeg\" \/>\n<meta name=\"author\" content=\"Kuali Staff\" \/>\n<meta name=\"twitter:card\" content=\"summary_large_image\" \/>\n<meta name=\"twitter:creator\" content=\"@kuali_noticias\" \/>\n<meta name=\"twitter:site\" content=\"@kuali_noticias\" \/>\n<meta name=\"twitter:label1\" content=\"Escrito por\" \/>\n\t<meta name=\"twitter:data1\" content=\"Kuali Staff\" \/>\n\t<meta name=\"twitter:label2\" content=\"Tiempo de lectura\" \/>\n\t<meta name=\"twitter:data2\" content=\"2 minutos\" \/>\n<script type=\"application\/ld+json\" class=\"yoast-schema-graph\">{\"@context\":\"https:\\\/\\\/schema.org\",\"@graph\":[{\"@type\":\"Article\",\"@id\":\"https:\\\/\\\/kuali.com.mx\\\/web\\\/2023\\\/05\\\/13\\\/mil-estudiantes-se-graduan-en-lengua-de-senas\\\/#article\",\"isPartOf\":{\"@id\":\"https:\\\/\\\/kuali.com.mx\\\/web\\\/2023\\\/05\\\/13\\\/mil-estudiantes-se-graduan-en-lengua-de-senas\\\/\"},\"author\":{\"name\":\"Kuali Staff\",\"@id\":\"https:\\\/\\\/kuali.com.mx\\\/web\\\/#\\\/schema\\\/person\\\/6f89ffa8ecba9dae50662357923c5289\"},\"headline\":\"MIL ESTUDIANTES SE GRAD\u00daAN EN LENGUA DE SE\u00d1AS\",\"datePublished\":\"2023-05-14T01:32:53+00:00\",\"dateModified\":\"2023-05-14T13:45:25+00:00\",\"mainEntityOfPage\":{\"@id\":\"https:\\\/\\\/kuali.com.mx\\\/web\\\/2023\\\/05\\\/13\\\/mil-estudiantes-se-graduan-en-lengua-de-senas\\\/\"},\"wordCount\":493,\"commentCount\":0,\"image\":{\"@id\":\"https:\\\/\\\/kuali.com.mx\\\/web\\\/2023\\\/05\\\/13\\\/mil-estudiantes-se-graduan-en-lengua-de-senas\\\/#primaryimage\"},\"thumbnailUrl\":\"https:\\\/\\\/kuali.com.mx\\\/web\\\/wp-content\\\/uploads\\\/2023\\\/05\\\/Habla-en-Senas-2.jpeg\",\"articleSection\":[\"Educaci\u00f3n\"],\"inLanguage\":\"es\",\"potentialAction\":[{\"@type\":\"CommentAction\",\"name\":\"Comment\",\"target\":[\"https:\\\/\\\/kuali.com.mx\\\/web\\\/2023\\\/05\\\/13\\\/mil-estudiantes-se-graduan-en-lengua-de-senas\\\/#respond\"]}]},{\"@type\":\"WebPage\",\"@id\":\"https:\\\/\\\/kuali.com.mx\\\/web\\\/2023\\\/05\\\/13\\\/mil-estudiantes-se-graduan-en-lengua-de-senas\\\/\",\"url\":\"https:\\\/\\\/kuali.com.mx\\\/web\\\/2023\\\/05\\\/13\\\/mil-estudiantes-se-graduan-en-lengua-de-senas\\\/\",\"name\":\"MIL ESTUDIANTES SE GRAD\u00daAN EN LENGUA DE SE\u00d1AS - Kuali\",\"isPartOf\":{\"@id\":\"https:\\\/\\\/kuali.com.mx\\\/web\\\/#website\"},\"primaryImageOfPage\":{\"@id\":\"https:\\\/\\\/kuali.com.mx\\\/web\\\/2023\\\/05\\\/13\\\/mil-estudiantes-se-graduan-en-lengua-de-senas\\\/#primaryimage\"},\"image\":{\"@id\":\"https:\\\/\\\/kuali.com.mx\\\/web\\\/2023\\\/05\\\/13\\\/mil-estudiantes-se-graduan-en-lengua-de-senas\\\/#primaryimage\"},\"thumbnailUrl\":\"https:\\\/\\\/kuali.com.mx\\\/web\\\/wp-content\\\/uploads\\\/2023\\\/05\\\/Habla-en-Senas-2.jpeg\",\"datePublished\":\"2023-05-14T01:32:53+00:00\",\"dateModified\":\"2023-05-14T13:45:25+00:00\",\"author\":{\"@id\":\"https:\\\/\\\/kuali.com.mx\\\/web\\\/#\\\/schema\\\/person\\\/6f89ffa8ecba9dae50662357923c5289\"},\"breadcrumb\":{\"@id\":\"https:\\\/\\\/kuali.com.mx\\\/web\\\/2023\\\/05\\\/13\\\/mil-estudiantes-se-graduan-en-lengua-de-senas\\\/#breadcrumb\"},\"inLanguage\":\"es\",\"potentialAction\":[{\"@type\":\"ReadAction\",\"target\":[\"https:\\\/\\\/kuali.com.mx\\\/web\\\/2023\\\/05\\\/13\\\/mil-estudiantes-se-graduan-en-lengua-de-senas\\\/\"]}]},{\"@type\":\"ImageObject\",\"inLanguage\":\"es\",\"@id\":\"https:\\\/\\\/kuali.com.mx\\\/web\\\/2023\\\/05\\\/13\\\/mil-estudiantes-se-graduan-en-lengua-de-senas\\\/#primaryimage\",\"url\":\"https:\\\/\\\/kuali.com.mx\\\/web\\\/wp-content\\\/uploads\\\/2023\\\/05\\\/Habla-en-Senas-2.jpeg\",\"contentUrl\":\"https:\\\/\\\/kuali.com.mx\\\/web\\\/wp-content\\\/uploads\\\/2023\\\/05\\\/Habla-en-Senas-2.jpeg\",\"width\":1560,\"height\":1040},{\"@type\":\"BreadcrumbList\",\"@id\":\"https:\\\/\\\/kuali.com.mx\\\/web\\\/2023\\\/05\\\/13\\\/mil-estudiantes-se-graduan-en-lengua-de-senas\\\/#breadcrumb\",\"itemListElement\":[{\"@type\":\"ListItem\",\"position\":1,\"name\":\"Inicio\",\"item\":\"https:\\\/\\\/kuali.com.mx\\\/web\\\/\"},{\"@type\":\"ListItem\",\"position\":2,\"name\":\"MIL ESTUDIANTES SE GRAD\u00daAN EN LENGUA DE SE\u00d1AS\"}]},{\"@type\":\"WebSite\",\"@id\":\"https:\\\/\\\/kuali.com.mx\\\/web\\\/#website\",\"url\":\"https:\\\/\\\/kuali.com.mx\\\/web\\\/\",\"name\":\"Kuali\",\"description\":\"\",\"potentialAction\":[{\"@type\":\"SearchAction\",\"target\":{\"@type\":\"EntryPoint\",\"urlTemplate\":\"https:\\\/\\\/kuali.com.mx\\\/web\\\/?s={search_term_string}\"},\"query-input\":{\"@type\":\"PropertyValueSpecification\",\"valueRequired\":true,\"valueName\":\"search_term_string\"}}],\"inLanguage\":\"es\"},{\"@type\":\"Person\",\"@id\":\"https:\\\/\\\/kuali.com.mx\\\/web\\\/#\\\/schema\\\/person\\\/6f89ffa8ecba9dae50662357923c5289\",\"name\":\"Kuali Staff\",\"image\":{\"@type\":\"ImageObject\",\"inLanguage\":\"es\",\"@id\":\"https:\\\/\\\/secure.gravatar.com\\\/avatar\\\/f917ad82e5ab71227a733c78b6e60715476f69ee6be59feee4eb5d9920c89e0f?s=96&d=mm&r=g\",\"url\":\"https:\\\/\\\/secure.gravatar.com\\\/avatar\\\/f917ad82e5ab71227a733c78b6e60715476f69ee6be59feee4eb5d9920c89e0f?s=96&d=mm&r=g\",\"contentUrl\":\"https:\\\/\\\/secure.gravatar.com\\\/avatar\\\/f917ad82e5ab71227a733c78b6e60715476f69ee6be59feee4eb5d9920c89e0f?s=96&d=mm&r=g\",\"caption\":\"Kuali Staff\"},\"url\":\"https:\\\/\\\/kuali.com.mx\\\/web\\\/author\\\/lagarto\\\/\"}]}<\/script>\n<!-- \/ Yoast SEO plugin. -->","yoast_head_json":{"title":"MIL ESTUDIANTES SE  GRAD\u00daAN EN LENGUA DE SE\u00d1AS - Kuali","robots":{"index":"index","follow":"follow","max-snippet":"max-snippet:-1","max-image-preview":"max-image-preview:large","max-video-preview":"max-video-preview:-1"},"canonical":"https:\/\/kuali.com.mx\/web\/2023\/05\/13\/mil-estudiantes-se-graduan-en-lengua-de-senas\/","og_locale":"es_MX","og_type":"article","og_title":"MIL ESTUDIANTES SE  GRAD\u00daAN EN LENGUA DE SE\u00d1AS - Kuali","og_description":"&nbsp;Kuali\/Guanajuato, Gto.-Con el compromiso de la inclusi\u00f3n de todas las personas de la comunidad universitaria con alguna discapacidad, el Grupo Organizado (GO) \u201cHabla en Se\u00f1as\u201d de la Universidad de Guanajuato (UG) celebr\u00f3 la clausura semestral y renovaci\u00f3n de presidencia. El evento se realiz\u00f3 en presencia de familiares, amistades, as\u00ed como de autoridades universitarias que les [&hellip;]","og_url":"https:\/\/kuali.com.mx\/web\/2023\/05\/13\/mil-estudiantes-se-graduan-en-lengua-de-senas\/","og_site_name":"Kuali","article_publisher":"https:\/\/kuali.com.mx\/web\/wp-content\/uploads\/2018\/04\/cropped-kuali_logo-1-1.png","article_published_time":"2023-05-14T01:32:53+00:00","article_modified_time":"2023-05-14T13:45:25+00:00","og_image":[{"width":1560,"height":1040,"url":"https:\/\/kuali.com.mx\/web\/wp-content\/uploads\/2023\/05\/Habla-en-Senas-2.jpeg","type":"image\/jpeg"}],"author":"Kuali Staff","twitter_card":"summary_large_image","twitter_creator":"@kuali_noticias","twitter_site":"@kuali_noticias","twitter_misc":{"Escrito por":"Kuali Staff","Tiempo de lectura":"2 minutos"},"schema":{"@context":"https:\/\/schema.org","@graph":[{"@type":"Article","@id":"https:\/\/kuali.com.mx\/web\/2023\/05\/13\/mil-estudiantes-se-graduan-en-lengua-de-senas\/#article","isPartOf":{"@id":"https:\/\/kuali.com.mx\/web\/2023\/05\/13\/mil-estudiantes-se-graduan-en-lengua-de-senas\/"},"author":{"name":"Kuali Staff","@id":"https:\/\/kuali.com.mx\/web\/#\/schema\/person\/6f89ffa8ecba9dae50662357923c5289"},"headline":"MIL ESTUDIANTES SE GRAD\u00daAN EN LENGUA DE SE\u00d1AS","datePublished":"2023-05-14T01:32:53+00:00","dateModified":"2023-05-14T13:45:25+00:00","mainEntityOfPage":{"@id":"https:\/\/kuali.com.mx\/web\/2023\/05\/13\/mil-estudiantes-se-graduan-en-lengua-de-senas\/"},"wordCount":493,"commentCount":0,"image":{"@id":"https:\/\/kuali.com.mx\/web\/2023\/05\/13\/mil-estudiantes-se-graduan-en-lengua-de-senas\/#primaryimage"},"thumbnailUrl":"https:\/\/kuali.com.mx\/web\/wp-content\/uploads\/2023\/05\/Habla-en-Senas-2.jpeg","articleSection":["Educaci\u00f3n"],"inLanguage":"es","potentialAction":[{"@type":"CommentAction","name":"Comment","target":["https:\/\/kuali.com.mx\/web\/2023\/05\/13\/mil-estudiantes-se-graduan-en-lengua-de-senas\/#respond"]}]},{"@type":"WebPage","@id":"https:\/\/kuali.com.mx\/web\/2023\/05\/13\/mil-estudiantes-se-graduan-en-lengua-de-senas\/","url":"https:\/\/kuali.com.mx\/web\/2023\/05\/13\/mil-estudiantes-se-graduan-en-lengua-de-senas\/","name":"MIL ESTUDIANTES SE GRAD\u00daAN EN LENGUA DE SE\u00d1AS - Kuali","isPartOf":{"@id":"https:\/\/kuali.com.mx\/web\/#website"},"primaryImageOfPage":{"@id":"https:\/\/kuali.com.mx\/web\/2023\/05\/13\/mil-estudiantes-se-graduan-en-lengua-de-senas\/#primaryimage"},"image":{"@id":"https:\/\/kuali.com.mx\/web\/2023\/05\/13\/mil-estudiantes-se-graduan-en-lengua-de-senas\/#primaryimage"},"thumbnailUrl":"https:\/\/kuali.com.mx\/web\/wp-content\/uploads\/2023\/05\/Habla-en-Senas-2.jpeg","datePublished":"2023-05-14T01:32:53+00:00","dateModified":"2023-05-14T13:45:25+00:00","author":{"@id":"https:\/\/kuali.com.mx\/web\/#\/schema\/person\/6f89ffa8ecba9dae50662357923c5289"},"breadcrumb":{"@id":"https:\/\/kuali.com.mx\/web\/2023\/05\/13\/mil-estudiantes-se-graduan-en-lengua-de-senas\/#breadcrumb"},"inLanguage":"es","potentialAction":[{"@type":"ReadAction","target":["https:\/\/kuali.com.mx\/web\/2023\/05\/13\/mil-estudiantes-se-graduan-en-lengua-de-senas\/"]}]},{"@type":"ImageObject","inLanguage":"es","@id":"https:\/\/kuali.com.mx\/web\/2023\/05\/13\/mil-estudiantes-se-graduan-en-lengua-de-senas\/#primaryimage","url":"https:\/\/kuali.com.mx\/web\/wp-content\/uploads\/2023\/05\/Habla-en-Senas-2.jpeg","contentUrl":"https:\/\/kuali.com.mx\/web\/wp-content\/uploads\/2023\/05\/Habla-en-Senas-2.jpeg","width":1560,"height":1040},{"@type":"BreadcrumbList","@id":"https:\/\/kuali.com.mx\/web\/2023\/05\/13\/mil-estudiantes-se-graduan-en-lengua-de-senas\/#breadcrumb","itemListElement":[{"@type":"ListItem","position":1,"name":"Inicio","item":"https:\/\/kuali.com.mx\/web\/"},{"@type":"ListItem","position":2,"name":"MIL ESTUDIANTES SE GRAD\u00daAN EN LENGUA DE SE\u00d1AS"}]},{"@type":"WebSite","@id":"https:\/\/kuali.com.mx\/web\/#website","url":"https:\/\/kuali.com.mx\/web\/","name":"Kuali","description":"","potentialAction":[{"@type":"SearchAction","target":{"@type":"EntryPoint","urlTemplate":"https:\/\/kuali.com.mx\/web\/?s={search_term_string}"},"query-input":{"@type":"PropertyValueSpecification","valueRequired":true,"valueName":"search_term_string"}}],"inLanguage":"es"},{"@type":"Person","@id":"https:\/\/kuali.com.mx\/web\/#\/schema\/person\/6f89ffa8ecba9dae50662357923c5289","name":"Kuali Staff","image":{"@type":"ImageObject","inLanguage":"es","@id":"https:\/\/secure.gravatar.com\/avatar\/f917ad82e5ab71227a733c78b6e60715476f69ee6be59feee4eb5d9920c89e0f?s=96&d=mm&r=g","url":"https:\/\/secure.gravatar.com\/avatar\/f917ad82e5ab71227a733c78b6e60715476f69ee6be59feee4eb5d9920c89e0f?s=96&d=mm&r=g","contentUrl":"https:\/\/secure.gravatar.com\/avatar\/f917ad82e5ab71227a733c78b6e60715476f69ee6be59feee4eb5d9920c89e0f?s=96&d=mm&r=g","caption":"Kuali Staff"},"url":"https:\/\/kuali.com.mx\/web\/author\/lagarto\/"}]}},"_links":{"self":[{"href":"https:\/\/kuali.com.mx\/web\/wp-json\/wp\/v2\/posts\/118461","targetHints":{"allow":["GET"]}}],"collection":[{"href":"https:\/\/kuali.com.mx\/web\/wp-json\/wp\/v2\/posts"}],"about":[{"href":"https:\/\/kuali.com.mx\/web\/wp-json\/wp\/v2\/types\/post"}],"author":[{"embeddable":true,"href":"https:\/\/kuali.com.mx\/web\/wp-json\/wp\/v2\/users\/2"}],"replies":[{"embeddable":true,"href":"https:\/\/kuali.com.mx\/web\/wp-json\/wp\/v2\/comments?post=118461"}],"version-history":[{"count":4,"href":"https:\/\/kuali.com.mx\/web\/wp-json\/wp\/v2\/posts\/118461\/revisions"}],"predecessor-version":[{"id":118471,"href":"https:\/\/kuali.com.mx\/web\/wp-json\/wp\/v2\/posts\/118461\/revisions\/118471"}],"wp:featuredmedia":[{"embeddable":true,"href":"https:\/\/kuali.com.mx\/web\/wp-json\/wp\/v2\/media\/118466"}],"wp:attachment":[{"href":"https:\/\/kuali.com.mx\/web\/wp-json\/wp\/v2\/media?parent=118461"}],"wp:term":[{"taxonomy":"category","embeddable":true,"href":"https:\/\/kuali.com.mx\/web\/wp-json\/wp\/v2\/categories?post=118461"},{"taxonomy":"post_tag","embeddable":true,"href":"https:\/\/kuali.com.mx\/web\/wp-json\/wp\/v2\/tags?post=118461"}],"curies":[{"name":"wp","href":"https:\/\/api.w.org\/{rel}","templated":true}]}}