{"id":118352,"date":"2023-05-12T01:00:00","date_gmt":"2023-05-12T07:00:00","guid":{"rendered":"https:\/\/kuali.com.mx\/web\/?p=118352"},"modified":"2023-05-12T15:52:30","modified_gmt":"2023-05-12T21:52:30","slug":"incorrecto-intimidar-a-periodistas-esqueda","status":"publish","type":"post","link":"https:\/\/kuali.com.mx\/web\/2023\/05\/12\/incorrecto-intimidar-a-periodistas-esqueda\/","title":{"rendered":"INCORRECTO INTIMIDAR A PERIODISTAS: ESQUEDA"},"content":{"rendered":"\n<p><strong>Alicia Arias\/Le\u00f3n, Gto.-<\/strong> El procurador de derechos humanos del estado de Guanajuato, Vicente Esqueda Mart\u00ednez, se\u00f1al\u00f3 que \u201cno es correcto tratar de intimidar\u201d a periodistas, como lo hizo la ex alcaldesa Mar\u00eda B\u00e1rbara Botello Santib\u00e1\u00f1ez con el director del diario digital C\u00f3digos, Andr\u00e9s Guardiola.<\/p>\n\n\n\n<p>Este jueves, el periodista y director del medio digital denunci\u00f3 p\u00fablicamente que \u00e9l y otra periodista del mismo medio, fueron amenazados por la ahora aspirante a la gubernatura por el partido Morena, por hacer una investigaci\u00f3n sobre la presunta adjudicaci\u00f3n directa de un contrato del gobierno federal por m\u00e1s de 8 millones de pesos.<\/p>\n\n\n\n<p>\u201cNo es un tema como tal, de la procuradur\u00eda, pero, por supuesto que es un tema que no es correcto. Debemos garantizar a toda costa la libertad de expresi\u00f3n, el trabajo de ustedes como periodistas y, por supuesto que no es correcto tratar de intimidar en aras de que se limite esta funci\u00f3n tan importante para la sociedad\u201d, declar\u00f3 el titular de la Procuradur\u00eda de los Derechos Humanos del Estado de Guanajuato (Prodheg).<\/p>\n\n\n\n<figure class=\"wp-block-embed is-type-wp-embed is-provider-kuali wp-block-embed-kuali\"><div class=\"wp-block-embed__wrapper\">\n<blockquote class=\"wp-embedded-content\" data-secret=\"ErdkZjYOOY\"><a href=\"https:\/\/kuali.com.mx\/web\/2023\/05\/11\/acusan-a-botello-de-amenazar-a-reporteros\/\">ACUSAN A BOTELLO DE AMENAZAR A REPORTEROS<\/a><\/blockquote><iframe loading=\"lazy\" class=\"wp-embedded-content\" sandbox=\"allow-scripts\" security=\"restricted\" style=\"position: absolute; clip: rect(1px, 1px, 1px, 1px);\" title=\"&#8220;ACUSAN A BOTELLO DE AMENAZAR A REPORTEROS&#8221; &#8212; Kuali\" src=\"https:\/\/kuali.com.mx\/web\/2023\/05\/11\/acusan-a-botello-de-amenazar-a-reporteros\/embed\/#?secret=zmywkRm9GG#?secret=ErdkZjYOOY\" data-secret=\"ErdkZjYOOY\" width=\"600\" height=\"338\" frameborder=\"0\" marginwidth=\"0\" marginheight=\"0\" scrolling=\"no\"><\/iframe>\n<\/div><\/figure>\n\n\n\n<p>En su publicaci\u00f3n, el director de C\u00f3digos narra que la abogada B\u00e1rbara Botello le llam\u00f3 por tel\u00e9fono la tarde de ayer mi\u00e9rcoles para reclamarle los motivos de la investigaci\u00f3n que realiza la reportera Rosario Mart\u00ednez de la Vega y le dijo: \u201c\u00bfViste c\u00f3mo demand\u00e9 a Enrique G\u00f3mez del a.m.? Lo mismo a ti si publicas algo\u201d.<\/p>\n\n\n\n<p>Aunque no es un asunto en el que pueda intervenir la Prodheg porque la exalcaldesa no una es autoridad, el titular de la procuradur\u00eda calific\u00f3 el hecho de incorrecto y coment\u00f3 que puede ser atendido por la v\u00eda penal y por el Consejo Estatal de Protecci\u00f3n a Personas Defensoras de Derechos Humanos y Periodistas de Guanajuato.<\/p>\n","protected":false},"excerpt":{"rendered":"Alicia Arias\/Le\u00f3n, Gto.- El procurador de derechos humanos del estado de Guanajuato, Vicente Esqueda Mart\u00ednez, se\u00f1al\u00f3 que \u201cno es correcto tratar de intimidar\u201d a periodistas, como lo hizo la ex alcaldesa Mar\u00eda B\u00e1rbara Botello Santib\u00e1\u00f1ez con el director del diario digital C\u00f3digos, Andr\u00e9s Guardiola. Este jueves, el periodista y director del medio digital denunci\u00f3 p\u00fablicamente [&hellip;]","protected":false},"author":2,"featured_media":77592,"comment_status":"open","ping_status":"open","sticky":false,"template":"","format":"standard","meta":{"_seopress_robots_primary_cat":"none","_seopress_titles_title":"","_seopress_titles_desc":"","_seopress_robots_index":"","_monsterinsights_skip_tracking":false,"_monsterinsights_sitenote_active":false,"_monsterinsights_sitenote_note":"","_monsterinsights_sitenote_category":0,"footnotes":""},"categories":[14,3,69],"tags":[2282,1469,137,1226],"class_list":["post-118352","post","type-post","status-publish","format-standard","has-post-thumbnail","hentry","category-derechos","category-politica","category-slider","tag-barbara-botello","tag-libertad-de-expresion","tag-periodismo","tag-vicente-esqueda"],"yoast_head":"<!-- This site is optimized with the Yoast SEO plugin v27.4 - https:\/\/yoast.com\/product\/yoast-seo-wordpress\/ -->\n<title>INCORRECTO INTIMIDAR A PERIODISTAS: ESQUEDA - Kuali<\/title>\n<meta name=\"robots\" content=\"index, follow, max-snippet:-1, max-image-preview:large, max-video-preview:-1\" \/>\n<link rel=\"canonical\" href=\"https:\/\/kuali.com.mx\/web\/2023\/05\/12\/incorrecto-intimidar-a-periodistas-esqueda\/\" \/>\n<meta property=\"og:locale\" content=\"es_MX\" \/>\n<meta property=\"og:type\" content=\"article\" \/>\n<meta property=\"og:title\" content=\"INCORRECTO INTIMIDAR A PERIODISTAS: ESQUEDA - Kuali\" \/>\n<meta property=\"og:description\" content=\"Alicia Arias\/Le\u00f3n, Gto.- El procurador de derechos humanos del estado de Guanajuato, Vicente Esqueda Mart\u00ednez, se\u00f1al\u00f3 que \u201cno es correcto tratar de intimidar\u201d a periodistas, como lo hizo la ex alcaldesa Mar\u00eda B\u00e1rbara Botello Santib\u00e1\u00f1ez con el director del diario digital C\u00f3digos, Andr\u00e9s Guardiola. Este jueves, el periodista y director del medio digital denunci\u00f3 p\u00fablicamente [&hellip;]\" \/>\n<meta property=\"og:url\" content=\"https:\/\/kuali.com.mx\/web\/2023\/05\/12\/incorrecto-intimidar-a-periodistas-esqueda\/\" \/>\n<meta property=\"og:site_name\" content=\"Kuali\" \/>\n<meta property=\"article:publisher\" content=\"https:\/\/kuali.com.mx\/web\/wp-content\/uploads\/2018\/04\/cropped-kuali_logo-1-1.png\" \/>\n<meta property=\"article:published_time\" content=\"2023-05-12T07:00:00+00:00\" \/>\n<meta property=\"article:modified_time\" content=\"2023-05-12T21:52:30+00:00\" \/>\n<meta property=\"og:image\" content=\"https:\/\/kuali.com.mx\/web\/wp-content\/uploads\/2020\/12\/Vicente-esqueda.jpg\" \/>\n\t<meta property=\"og:image:width\" content=\"1821\" \/>\n\t<meta property=\"og:image:height\" content=\"750\" \/>\n\t<meta property=\"og:image:type\" content=\"image\/jpeg\" \/>\n<meta name=\"author\" content=\"Kuali Staff\" \/>\n<meta name=\"twitter:card\" content=\"summary_large_image\" \/>\n<meta name=\"twitter:creator\" content=\"@kuali_noticias\" \/>\n<meta name=\"twitter:site\" content=\"@kuali_noticias\" \/>\n<meta name=\"twitter:label1\" content=\"Escrito por\" \/>\n\t<meta name=\"twitter:data1\" content=\"Kuali Staff\" \/>\n\t<meta name=\"twitter:label2\" content=\"Tiempo de lectura\" \/>\n\t<meta name=\"twitter:data2\" content=\"2 minutos\" \/>\n<script type=\"application\/ld+json\" class=\"yoast-schema-graph\">{\"@context\":\"https:\\\/\\\/schema.org\",\"@graph\":[{\"@type\":\"Article\",\"@id\":\"https:\\\/\\\/kuali.com.mx\\\/web\\\/2023\\\/05\\\/12\\\/incorrecto-intimidar-a-periodistas-esqueda\\\/#article\",\"isPartOf\":{\"@id\":\"https:\\\/\\\/kuali.com.mx\\\/web\\\/2023\\\/05\\\/12\\\/incorrecto-intimidar-a-periodistas-esqueda\\\/\"},\"author\":{\"name\":\"Kuali Staff\",\"@id\":\"https:\\\/\\\/kuali.com.mx\\\/web\\\/#\\\/schema\\\/person\\\/6f89ffa8ecba9dae50662357923c5289\"},\"headline\":\"INCORRECTO INTIMIDAR A PERIODISTAS: ESQUEDA\",\"datePublished\":\"2023-05-12T07:00:00+00:00\",\"dateModified\":\"2023-05-12T21:52:30+00:00\",\"mainEntityOfPage\":{\"@id\":\"https:\\\/\\\/kuali.com.mx\\\/web\\\/2023\\\/05\\\/12\\\/incorrecto-intimidar-a-periodistas-esqueda\\\/\"},\"wordCount\":324,\"commentCount\":0,\"image\":{\"@id\":\"https:\\\/\\\/kuali.com.mx\\\/web\\\/2023\\\/05\\\/12\\\/incorrecto-intimidar-a-periodistas-esqueda\\\/#primaryimage\"},\"thumbnailUrl\":\"https:\\\/\\\/kuali.com.mx\\\/web\\\/wp-content\\\/uploads\\\/2020\\\/12\\\/Vicente-esqueda.jpg\",\"keywords\":[\"B\u00e1rbara Botello\",\"Libertad de expresi\u00f3n\",\"Periodismo\",\"Vicente Esqueda\"],\"articleSection\":[\"Derechos Humanos\",\"Pol\u00edtica\",\"slider\"],\"inLanguage\":\"es\",\"potentialAction\":[{\"@type\":\"CommentAction\",\"name\":\"Comment\",\"target\":[\"https:\\\/\\\/kuali.com.mx\\\/web\\\/2023\\\/05\\\/12\\\/incorrecto-intimidar-a-periodistas-esqueda\\\/#respond\"]}]},{\"@type\":\"WebPage\",\"@id\":\"https:\\\/\\\/kuali.com.mx\\\/web\\\/2023\\\/05\\\/12\\\/incorrecto-intimidar-a-periodistas-esqueda\\\/\",\"url\":\"https:\\\/\\\/kuali.com.mx\\\/web\\\/2023\\\/05\\\/12\\\/incorrecto-intimidar-a-periodistas-esqueda\\\/\",\"name\":\"INCORRECTO INTIMIDAR A PERIODISTAS: ESQUEDA - Kuali\",\"isPartOf\":{\"@id\":\"https:\\\/\\\/kuali.com.mx\\\/web\\\/#website\"},\"primaryImageOfPage\":{\"@id\":\"https:\\\/\\\/kuali.com.mx\\\/web\\\/2023\\\/05\\\/12\\\/incorrecto-intimidar-a-periodistas-esqueda\\\/#primaryimage\"},\"image\":{\"@id\":\"https:\\\/\\\/kuali.com.mx\\\/web\\\/2023\\\/05\\\/12\\\/incorrecto-intimidar-a-periodistas-esqueda\\\/#primaryimage\"},\"thumbnailUrl\":\"https:\\\/\\\/kuali.com.mx\\\/web\\\/wp-content\\\/uploads\\\/2020\\\/12\\\/Vicente-esqueda.jpg\",\"datePublished\":\"2023-05-12T07:00:00+00:00\",\"dateModified\":\"2023-05-12T21:52:30+00:00\",\"author\":{\"@id\":\"https:\\\/\\\/kuali.com.mx\\\/web\\\/#\\\/schema\\\/person\\\/6f89ffa8ecba9dae50662357923c5289\"},\"breadcrumb\":{\"@id\":\"https:\\\/\\\/kuali.com.mx\\\/web\\\/2023\\\/05\\\/12\\\/incorrecto-intimidar-a-periodistas-esqueda\\\/#breadcrumb\"},\"inLanguage\":\"es\",\"potentialAction\":[{\"@type\":\"ReadAction\",\"target\":[\"https:\\\/\\\/kuali.com.mx\\\/web\\\/2023\\\/05\\\/12\\\/incorrecto-intimidar-a-periodistas-esqueda\\\/\"]}]},{\"@type\":\"ImageObject\",\"inLanguage\":\"es\",\"@id\":\"https:\\\/\\\/kuali.com.mx\\\/web\\\/2023\\\/05\\\/12\\\/incorrecto-intimidar-a-periodistas-esqueda\\\/#primaryimage\",\"url\":\"https:\\\/\\\/kuali.com.mx\\\/web\\\/wp-content\\\/uploads\\\/2020\\\/12\\\/Vicente-esqueda.jpg\",\"contentUrl\":\"https:\\\/\\\/kuali.com.mx\\\/web\\\/wp-content\\\/uploads\\\/2020\\\/12\\\/Vicente-esqueda.jpg\",\"width\":1821,\"height\":750},{\"@type\":\"BreadcrumbList\",\"@id\":\"https:\\\/\\\/kuali.com.mx\\\/web\\\/2023\\\/05\\\/12\\\/incorrecto-intimidar-a-periodistas-esqueda\\\/#breadcrumb\",\"itemListElement\":[{\"@type\":\"ListItem\",\"position\":1,\"name\":\"Inicio\",\"item\":\"https:\\\/\\\/kuali.com.mx\\\/web\\\/\"},{\"@type\":\"ListItem\",\"position\":2,\"name\":\"INCORRECTO INTIMIDAR A PERIODISTAS: ESQUEDA\"}]},{\"@type\":\"WebSite\",\"@id\":\"https:\\\/\\\/kuali.com.mx\\\/web\\\/#website\",\"url\":\"https:\\\/\\\/kuali.com.mx\\\/web\\\/\",\"name\":\"Kuali\",\"description\":\"\",\"potentialAction\":[{\"@type\":\"SearchAction\",\"target\":{\"@type\":\"EntryPoint\",\"urlTemplate\":\"https:\\\/\\\/kuali.com.mx\\\/web\\\/?s={search_term_string}\"},\"query-input\":{\"@type\":\"PropertyValueSpecification\",\"valueRequired\":true,\"valueName\":\"search_term_string\"}}],\"inLanguage\":\"es\"},{\"@type\":\"Person\",\"@id\":\"https:\\\/\\\/kuali.com.mx\\\/web\\\/#\\\/schema\\\/person\\\/6f89ffa8ecba9dae50662357923c5289\",\"name\":\"Kuali Staff\",\"image\":{\"@type\":\"ImageObject\",\"inLanguage\":\"es\",\"@id\":\"https:\\\/\\\/secure.gravatar.com\\\/avatar\\\/f917ad82e5ab71227a733c78b6e60715476f69ee6be59feee4eb5d9920c89e0f?s=96&d=mm&r=g\",\"url\":\"https:\\\/\\\/secure.gravatar.com\\\/avatar\\\/f917ad82e5ab71227a733c78b6e60715476f69ee6be59feee4eb5d9920c89e0f?s=96&d=mm&r=g\",\"contentUrl\":\"https:\\\/\\\/secure.gravatar.com\\\/avatar\\\/f917ad82e5ab71227a733c78b6e60715476f69ee6be59feee4eb5d9920c89e0f?s=96&d=mm&r=g\",\"caption\":\"Kuali Staff\"},\"url\":\"https:\\\/\\\/kuali.com.mx\\\/web\\\/author\\\/lagarto\\\/\"}]}<\/script>\n<!-- \/ Yoast SEO plugin. -->","yoast_head_json":{"title":"INCORRECTO INTIMIDAR A PERIODISTAS: ESQUEDA - Kuali","robots":{"index":"index","follow":"follow","max-snippet":"max-snippet:-1","max-image-preview":"max-image-preview:large","max-video-preview":"max-video-preview:-1"},"canonical":"https:\/\/kuali.com.mx\/web\/2023\/05\/12\/incorrecto-intimidar-a-periodistas-esqueda\/","og_locale":"es_MX","og_type":"article","og_title":"INCORRECTO INTIMIDAR A PERIODISTAS: ESQUEDA - Kuali","og_description":"Alicia Arias\/Le\u00f3n, Gto.- El procurador de derechos humanos del estado de Guanajuato, Vicente Esqueda Mart\u00ednez, se\u00f1al\u00f3 que \u201cno es correcto tratar de intimidar\u201d a periodistas, como lo hizo la ex alcaldesa Mar\u00eda B\u00e1rbara Botello Santib\u00e1\u00f1ez con el director del diario digital C\u00f3digos, Andr\u00e9s Guardiola. Este jueves, el periodista y director del medio digital denunci\u00f3 p\u00fablicamente [&hellip;]","og_url":"https:\/\/kuali.com.mx\/web\/2023\/05\/12\/incorrecto-intimidar-a-periodistas-esqueda\/","og_site_name":"Kuali","article_publisher":"https:\/\/kuali.com.mx\/web\/wp-content\/uploads\/2018\/04\/cropped-kuali_logo-1-1.png","article_published_time":"2023-05-12T07:00:00+00:00","article_modified_time":"2023-05-12T21:52:30+00:00","og_image":[{"width":1821,"height":750,"url":"https:\/\/kuali.com.mx\/web\/wp-content\/uploads\/2020\/12\/Vicente-esqueda.jpg","type":"image\/jpeg"}],"author":"Kuali Staff","twitter_card":"summary_large_image","twitter_creator":"@kuali_noticias","twitter_site":"@kuali_noticias","twitter_misc":{"Escrito por":"Kuali Staff","Tiempo de lectura":"2 minutos"},"schema":{"@context":"https:\/\/schema.org","@graph":[{"@type":"Article","@id":"https:\/\/kuali.com.mx\/web\/2023\/05\/12\/incorrecto-intimidar-a-periodistas-esqueda\/#article","isPartOf":{"@id":"https:\/\/kuali.com.mx\/web\/2023\/05\/12\/incorrecto-intimidar-a-periodistas-esqueda\/"},"author":{"name":"Kuali Staff","@id":"https:\/\/kuali.com.mx\/web\/#\/schema\/person\/6f89ffa8ecba9dae50662357923c5289"},"headline":"INCORRECTO INTIMIDAR A PERIODISTAS: ESQUEDA","datePublished":"2023-05-12T07:00:00+00:00","dateModified":"2023-05-12T21:52:30+00:00","mainEntityOfPage":{"@id":"https:\/\/kuali.com.mx\/web\/2023\/05\/12\/incorrecto-intimidar-a-periodistas-esqueda\/"},"wordCount":324,"commentCount":0,"image":{"@id":"https:\/\/kuali.com.mx\/web\/2023\/05\/12\/incorrecto-intimidar-a-periodistas-esqueda\/#primaryimage"},"thumbnailUrl":"https:\/\/kuali.com.mx\/web\/wp-content\/uploads\/2020\/12\/Vicente-esqueda.jpg","keywords":["B\u00e1rbara Botello","Libertad de expresi\u00f3n","Periodismo","Vicente Esqueda"],"articleSection":["Derechos Humanos","Pol\u00edtica","slider"],"inLanguage":"es","potentialAction":[{"@type":"CommentAction","name":"Comment","target":["https:\/\/kuali.com.mx\/web\/2023\/05\/12\/incorrecto-intimidar-a-periodistas-esqueda\/#respond"]}]},{"@type":"WebPage","@id":"https:\/\/kuali.com.mx\/web\/2023\/05\/12\/incorrecto-intimidar-a-periodistas-esqueda\/","url":"https:\/\/kuali.com.mx\/web\/2023\/05\/12\/incorrecto-intimidar-a-periodistas-esqueda\/","name":"INCORRECTO INTIMIDAR A PERIODISTAS: ESQUEDA - Kuali","isPartOf":{"@id":"https:\/\/kuali.com.mx\/web\/#website"},"primaryImageOfPage":{"@id":"https:\/\/kuali.com.mx\/web\/2023\/05\/12\/incorrecto-intimidar-a-periodistas-esqueda\/#primaryimage"},"image":{"@id":"https:\/\/kuali.com.mx\/web\/2023\/05\/12\/incorrecto-intimidar-a-periodistas-esqueda\/#primaryimage"},"thumbnailUrl":"https:\/\/kuali.com.mx\/web\/wp-content\/uploads\/2020\/12\/Vicente-esqueda.jpg","datePublished":"2023-05-12T07:00:00+00:00","dateModified":"2023-05-12T21:52:30+00:00","author":{"@id":"https:\/\/kuali.com.mx\/web\/#\/schema\/person\/6f89ffa8ecba9dae50662357923c5289"},"breadcrumb":{"@id":"https:\/\/kuali.com.mx\/web\/2023\/05\/12\/incorrecto-intimidar-a-periodistas-esqueda\/#breadcrumb"},"inLanguage":"es","potentialAction":[{"@type":"ReadAction","target":["https:\/\/kuali.com.mx\/web\/2023\/05\/12\/incorrecto-intimidar-a-periodistas-esqueda\/"]}]},{"@type":"ImageObject","inLanguage":"es","@id":"https:\/\/kuali.com.mx\/web\/2023\/05\/12\/incorrecto-intimidar-a-periodistas-esqueda\/#primaryimage","url":"https:\/\/kuali.com.mx\/web\/wp-content\/uploads\/2020\/12\/Vicente-esqueda.jpg","contentUrl":"https:\/\/kuali.com.mx\/web\/wp-content\/uploads\/2020\/12\/Vicente-esqueda.jpg","width":1821,"height":750},{"@type":"BreadcrumbList","@id":"https:\/\/kuali.com.mx\/web\/2023\/05\/12\/incorrecto-intimidar-a-periodistas-esqueda\/#breadcrumb","itemListElement":[{"@type":"ListItem","position":1,"name":"Inicio","item":"https:\/\/kuali.com.mx\/web\/"},{"@type":"ListItem","position":2,"name":"INCORRECTO INTIMIDAR A PERIODISTAS: ESQUEDA"}]},{"@type":"WebSite","@id":"https:\/\/kuali.com.mx\/web\/#website","url":"https:\/\/kuali.com.mx\/web\/","name":"Kuali","description":"","potentialAction":[{"@type":"SearchAction","target":{"@type":"EntryPoint","urlTemplate":"https:\/\/kuali.com.mx\/web\/?s={search_term_string}"},"query-input":{"@type":"PropertyValueSpecification","valueRequired":true,"valueName":"search_term_string"}}],"inLanguage":"es"},{"@type":"Person","@id":"https:\/\/kuali.com.mx\/web\/#\/schema\/person\/6f89ffa8ecba9dae50662357923c5289","name":"Kuali Staff","image":{"@type":"ImageObject","inLanguage":"es","@id":"https:\/\/secure.gravatar.com\/avatar\/f917ad82e5ab71227a733c78b6e60715476f69ee6be59feee4eb5d9920c89e0f?s=96&d=mm&r=g","url":"https:\/\/secure.gravatar.com\/avatar\/f917ad82e5ab71227a733c78b6e60715476f69ee6be59feee4eb5d9920c89e0f?s=96&d=mm&r=g","contentUrl":"https:\/\/secure.gravatar.com\/avatar\/f917ad82e5ab71227a733c78b6e60715476f69ee6be59feee4eb5d9920c89e0f?s=96&d=mm&r=g","caption":"Kuali Staff"},"url":"https:\/\/kuali.com.mx\/web\/author\/lagarto\/"}]}},"_links":{"self":[{"href":"https:\/\/kuali.com.mx\/web\/wp-json\/wp\/v2\/posts\/118352","targetHints":{"allow":["GET"]}}],"collection":[{"href":"https:\/\/kuali.com.mx\/web\/wp-json\/wp\/v2\/posts"}],"about":[{"href":"https:\/\/kuali.com.mx\/web\/wp-json\/wp\/v2\/types\/post"}],"author":[{"embeddable":true,"href":"https:\/\/kuali.com.mx\/web\/wp-json\/wp\/v2\/users\/2"}],"replies":[{"embeddable":true,"href":"https:\/\/kuali.com.mx\/web\/wp-json\/wp\/v2\/comments?post=118352"}],"version-history":[{"count":1,"href":"https:\/\/kuali.com.mx\/web\/wp-json\/wp\/v2\/posts\/118352\/revisions"}],"predecessor-version":[{"id":118355,"href":"https:\/\/kuali.com.mx\/web\/wp-json\/wp\/v2\/posts\/118352\/revisions\/118355"}],"wp:featuredmedia":[{"embeddable":true,"href":"https:\/\/kuali.com.mx\/web\/wp-json\/wp\/v2\/media\/77592"}],"wp:attachment":[{"href":"https:\/\/kuali.com.mx\/web\/wp-json\/wp\/v2\/media?parent=118352"}],"wp:term":[{"taxonomy":"category","embeddable":true,"href":"https:\/\/kuali.com.mx\/web\/wp-json\/wp\/v2\/categories?post=118352"},{"taxonomy":"post_tag","embeddable":true,"href":"https:\/\/kuali.com.mx\/web\/wp-json\/wp\/v2\/tags?post=118352"}],"curies":[{"name":"wp","href":"https:\/\/api.w.org\/{rel}","templated":true}]}}