{"id":118127,"date":"2023-05-08T16:32:00","date_gmt":"2023-05-08T22:32:00","guid":{"rendered":"https:\/\/kuali.com.mx\/web\/?p=118127"},"modified":"2023-05-08T16:32:01","modified_gmt":"2023-05-08T22:32:01","slug":"no-habra-agua-2-dias-en-fraccionamiento-la-barda","status":"publish","type":"post","link":"https:\/\/kuali.com.mx\/web\/2023\/05\/08\/no-habra-agua-2-dias-en-fraccionamiento-la-barda\/","title":{"rendered":"NO HABR\u00c1 AGUA 2 D\u00cdAS EN FRACCIONAMIENTO LA BARDA"},"content":{"rendered":"\n<p><strong>Kuali\/Pur\u00edsima del Rinc\u00f3n, Gto.- <\/strong>Debido a los estudios que se realizar\u00e1n en el Pozo que abastece al fraccionamiento La Barda, este lunes y martes se suspender\u00e1 el suministro de agua.<\/p>\n\n\n\n<p>El Sistema de Agua Potable de Pur\u00edsima del Rinc\u00f3n (SAPAP) anunci\u00f3 desde la semana pasado la medida para que la poblaci\u00f3n hiciera la reserva del vital l\u00edquido, ya que es prioridad realizar un aforo, video y muestra de la calidad de agua del pozo de agua potable que abastece a los habitantes del fraccionamiento.<\/p>\n\n\n\n<p>Los trabajos consisten en la realizaci\u00f3n de grabaci\u00f3n de video para valorar las condiciones actuales del ademe del pozo, obtenci\u00f3n del aforo de la fuente de abastecimiento de agua para determinar su capacidad de extracci\u00f3n actual y la obtenci\u00f3n de muestra de agua potable que evidencie si sigue siendo apta al consumo humano y por cu\u00e1nto tiempo lo ser\u00e1, para ser analizada y determinar su calidad.<\/p>\n\n\n\n<p>El entorno donde aplicar\u00e1 el estudio se conoce como sector hidrol\u00f3gico n\u00famero 8, el cual se visualiza con una proyecci\u00f3n a 20 a\u00f1os de servicio, por lo que amerita optimizar e incrementar el abasto de agua potable por los nuevos desarrollos y el crecimiento familiar.<\/p>\n\n\n\n<p>La revisi\u00f3n y mantenimiento concluir\u00e1 el martes nueve de mayo por la noche, reactivando el servicio&nbsp; m\u00e1s tardar el mi\u00e9rcoles por la ma\u00f1ana a primera hora. Esto implica dejar sin servicio a 889 cuentas de usuarios en la zona del Fraccionamiento Los Arcos.<\/p>\n\n\n\n<p>Las autoridades decidieron realizar el estudio debido al crecimiento poblacional de la zona sur de la ciudad, misma que comprende del Bulevar Independencia al Libramiento Sur. Actualmente se est\u00e1n desarrollando nuevos fraccionamientos habitacionales y se requiere una mayor cantidad de agua potable para cumplir con las necesidades.<\/p>\n\n\n\n<p>Al SAPAP le servir\u00e1 esta valoraci\u00f3n por un mayor aprovechamiento de la fuente de abastecimiento La Barda y para la toma de decisiones, en su caso, hacia el desarrollo de un nuevo pozo, pero, sobre todo, para cuidar la calidad de servicio y proteger la salud de las personas.<\/p>\n","protected":false},"excerpt":{"rendered":"Kuali\/Pur\u00edsima del Rinc\u00f3n, Gto.- Debido a los estudios que se realizar\u00e1n en el Pozo que abastece al fraccionamiento La Barda, este lunes y martes se suspender\u00e1 el suministro de agua. El Sistema de Agua Potable de Pur\u00edsima del Rinc\u00f3n (SAPAP) anunci\u00f3 desde la semana pasado la medida para que la poblaci\u00f3n hiciera la reserva del [&hellip;]","protected":false},"author":2,"featured_media":118121,"comment_status":"open","ping_status":"open","sticky":false,"template":"","format":"standard","meta":{"_seopress_robots_primary_cat":"none","_seopress_titles_title":"","_seopress_titles_desc":"","_seopress_robots_index":"","_monsterinsights_skip_tracking":false,"_monsterinsights_sitenote_active":false,"_monsterinsights_sitenote_note":"","_monsterinsights_sitenote_category":0,"footnotes":""},"categories":[3],"tags":[23,331,2307,1115],"class_list":["post-118127","post","type-post","status-publish","format-standard","has-post-thumbnail","hentry","category-politica","tag-agua","tag-estudios","tag-pozo","tag-purisima-del-rincon"],"yoast_head":"<!-- This site is optimized with the Yoast SEO plugin v27.5 - https:\/\/yoast.com\/product\/yoast-seo-wordpress\/ -->\n<title>NO HABR\u00c1 AGUA 2 D\u00cdAS EN FRACCIONAMIENTO LA BARDA - Kuali<\/title>\n<meta name=\"robots\" content=\"index, follow, max-snippet:-1, max-image-preview:large, max-video-preview:-1\" \/>\n<link rel=\"canonical\" href=\"https:\/\/kuali.com.mx\/web\/2023\/05\/08\/no-habra-agua-2-dias-en-fraccionamiento-la-barda\/\" \/>\n<meta property=\"og:locale\" content=\"es_MX\" \/>\n<meta property=\"og:type\" content=\"article\" \/>\n<meta property=\"og:title\" content=\"NO HABR\u00c1 AGUA 2 D\u00cdAS EN FRACCIONAMIENTO LA BARDA - Kuali\" \/>\n<meta property=\"og:description\" content=\"Kuali\/Pur\u00edsima del Rinc\u00f3n, Gto.- Debido a los estudios que se realizar\u00e1n en el Pozo que abastece al fraccionamiento La Barda, este lunes y martes se suspender\u00e1 el suministro de agua. El Sistema de Agua Potable de Pur\u00edsima del Rinc\u00f3n (SAPAP) anunci\u00f3 desde la semana pasado la medida para que la poblaci\u00f3n hiciera la reserva del [&hellip;]\" \/>\n<meta property=\"og:url\" content=\"https:\/\/kuali.com.mx\/web\/2023\/05\/08\/no-habra-agua-2-dias-en-fraccionamiento-la-barda\/\" \/>\n<meta property=\"og:site_name\" content=\"Kuali\" \/>\n<meta property=\"article:publisher\" content=\"https:\/\/kuali.com.mx\/web\/wp-content\/uploads\/2018\/04\/cropped-kuali_logo-1-1.png\" \/>\n<meta property=\"article:published_time\" content=\"2023-05-08T22:32:00+00:00\" \/>\n<meta property=\"article:modified_time\" content=\"2023-05-08T22:32:01+00:00\" \/>\n<meta property=\"og:image\" content=\"https:\/\/kuali.com.mx\/web\/wp-content\/uploads\/2023\/05\/Pozo-La-Barda.gif\" \/>\n\t<meta property=\"og:image:width\" content=\"1700\" \/>\n\t<meta property=\"og:image:height\" content=\"750\" \/>\n\t<meta property=\"og:image:type\" content=\"image\/gif\" \/>\n<meta name=\"author\" content=\"Kuali Staff\" \/>\n<meta name=\"twitter:card\" content=\"summary_large_image\" \/>\n<meta name=\"twitter:creator\" content=\"@kuali_noticias\" \/>\n<meta name=\"twitter:site\" content=\"@kuali_noticias\" \/>\n<meta name=\"twitter:label1\" content=\"Escrito por\" \/>\n\t<meta name=\"twitter:data1\" content=\"Kuali Staff\" \/>\n\t<meta name=\"twitter:label2\" content=\"Tiempo de lectura\" \/>\n\t<meta name=\"twitter:data2\" content=\"2 minutos\" \/>\n<script type=\"application\/ld+json\" class=\"yoast-schema-graph\">{\"@context\":\"https:\\\/\\\/schema.org\",\"@graph\":[{\"@type\":\"Article\",\"@id\":\"https:\\\/\\\/kuali.com.mx\\\/web\\\/2023\\\/05\\\/08\\\/no-habra-agua-2-dias-en-fraccionamiento-la-barda\\\/#article\",\"isPartOf\":{\"@id\":\"https:\\\/\\\/kuali.com.mx\\\/web\\\/2023\\\/05\\\/08\\\/no-habra-agua-2-dias-en-fraccionamiento-la-barda\\\/\"},\"author\":{\"name\":\"Kuali Staff\",\"@id\":\"https:\\\/\\\/kuali.com.mx\\\/web\\\/#\\\/schema\\\/person\\\/6f89ffa8ecba9dae50662357923c5289\"},\"headline\":\"NO HABR\u00c1 AGUA 2 D\u00cdAS EN FRACCIONAMIENTO LA BARDA\",\"datePublished\":\"2023-05-08T22:32:00+00:00\",\"dateModified\":\"2023-05-08T22:32:01+00:00\",\"mainEntityOfPage\":{\"@id\":\"https:\\\/\\\/kuali.com.mx\\\/web\\\/2023\\\/05\\\/08\\\/no-habra-agua-2-dias-en-fraccionamiento-la-barda\\\/\"},\"wordCount\":366,\"commentCount\":0,\"image\":{\"@id\":\"https:\\\/\\\/kuali.com.mx\\\/web\\\/2023\\\/05\\\/08\\\/no-habra-agua-2-dias-en-fraccionamiento-la-barda\\\/#primaryimage\"},\"thumbnailUrl\":\"https:\\\/\\\/kuali.com.mx\\\/web\\\/wp-content\\\/uploads\\\/2023\\\/05\\\/Pozo-La-Barda.gif\",\"keywords\":[\"agua\",\"Estudios\",\"Pozo\",\"Pur\u00edsima del Rinc\u00f3n\"],\"articleSection\":[\"Pol\u00edtica\"],\"inLanguage\":\"es\",\"potentialAction\":[{\"@type\":\"CommentAction\",\"name\":\"Comment\",\"target\":[\"https:\\\/\\\/kuali.com.mx\\\/web\\\/2023\\\/05\\\/08\\\/no-habra-agua-2-dias-en-fraccionamiento-la-barda\\\/#respond\"]}]},{\"@type\":\"WebPage\",\"@id\":\"https:\\\/\\\/kuali.com.mx\\\/web\\\/2023\\\/05\\\/08\\\/no-habra-agua-2-dias-en-fraccionamiento-la-barda\\\/\",\"url\":\"https:\\\/\\\/kuali.com.mx\\\/web\\\/2023\\\/05\\\/08\\\/no-habra-agua-2-dias-en-fraccionamiento-la-barda\\\/\",\"name\":\"NO HABR\u00c1 AGUA 2 D\u00cdAS EN FRACCIONAMIENTO LA BARDA - Kuali\",\"isPartOf\":{\"@id\":\"https:\\\/\\\/kuali.com.mx\\\/web\\\/#website\"},\"primaryImageOfPage\":{\"@id\":\"https:\\\/\\\/kuali.com.mx\\\/web\\\/2023\\\/05\\\/08\\\/no-habra-agua-2-dias-en-fraccionamiento-la-barda\\\/#primaryimage\"},\"image\":{\"@id\":\"https:\\\/\\\/kuali.com.mx\\\/web\\\/2023\\\/05\\\/08\\\/no-habra-agua-2-dias-en-fraccionamiento-la-barda\\\/#primaryimage\"},\"thumbnailUrl\":\"https:\\\/\\\/kuali.com.mx\\\/web\\\/wp-content\\\/uploads\\\/2023\\\/05\\\/Pozo-La-Barda.gif\",\"datePublished\":\"2023-05-08T22:32:00+00:00\",\"dateModified\":\"2023-05-08T22:32:01+00:00\",\"author\":{\"@id\":\"https:\\\/\\\/kuali.com.mx\\\/web\\\/#\\\/schema\\\/person\\\/6f89ffa8ecba9dae50662357923c5289\"},\"breadcrumb\":{\"@id\":\"https:\\\/\\\/kuali.com.mx\\\/web\\\/2023\\\/05\\\/08\\\/no-habra-agua-2-dias-en-fraccionamiento-la-barda\\\/#breadcrumb\"},\"inLanguage\":\"es\",\"potentialAction\":[{\"@type\":\"ReadAction\",\"target\":[\"https:\\\/\\\/kuali.com.mx\\\/web\\\/2023\\\/05\\\/08\\\/no-habra-agua-2-dias-en-fraccionamiento-la-barda\\\/\"]}]},{\"@type\":\"ImageObject\",\"inLanguage\":\"es\",\"@id\":\"https:\\\/\\\/kuali.com.mx\\\/web\\\/2023\\\/05\\\/08\\\/no-habra-agua-2-dias-en-fraccionamiento-la-barda\\\/#primaryimage\",\"url\":\"https:\\\/\\\/kuali.com.mx\\\/web\\\/wp-content\\\/uploads\\\/2023\\\/05\\\/Pozo-La-Barda.gif\",\"contentUrl\":\"https:\\\/\\\/kuali.com.mx\\\/web\\\/wp-content\\\/uploads\\\/2023\\\/05\\\/Pozo-La-Barda.gif\",\"width\":1700,\"height\":750},{\"@type\":\"BreadcrumbList\",\"@id\":\"https:\\\/\\\/kuali.com.mx\\\/web\\\/2023\\\/05\\\/08\\\/no-habra-agua-2-dias-en-fraccionamiento-la-barda\\\/#breadcrumb\",\"itemListElement\":[{\"@type\":\"ListItem\",\"position\":1,\"name\":\"Inicio\",\"item\":\"https:\\\/\\\/kuali.com.mx\\\/web\\\/\"},{\"@type\":\"ListItem\",\"position\":2,\"name\":\"NO HABR\u00c1 AGUA 2 D\u00cdAS EN FRACCIONAMIENTO LA BARDA\"}]},{\"@type\":\"WebSite\",\"@id\":\"https:\\\/\\\/kuali.com.mx\\\/web\\\/#website\",\"url\":\"https:\\\/\\\/kuali.com.mx\\\/web\\\/\",\"name\":\"Kuali\",\"description\":\"\",\"potentialAction\":[{\"@type\":\"SearchAction\",\"target\":{\"@type\":\"EntryPoint\",\"urlTemplate\":\"https:\\\/\\\/kuali.com.mx\\\/web\\\/?s={search_term_string}\"},\"query-input\":{\"@type\":\"PropertyValueSpecification\",\"valueRequired\":true,\"valueName\":\"search_term_string\"}}],\"inLanguage\":\"es\"},{\"@type\":\"Person\",\"@id\":\"https:\\\/\\\/kuali.com.mx\\\/web\\\/#\\\/schema\\\/person\\\/6f89ffa8ecba9dae50662357923c5289\",\"name\":\"Kuali Staff\",\"image\":{\"@type\":\"ImageObject\",\"inLanguage\":\"es\",\"@id\":\"https:\\\/\\\/secure.gravatar.com\\\/avatar\\\/f917ad82e5ab71227a733c78b6e60715476f69ee6be59feee4eb5d9920c89e0f?s=96&d=mm&r=g\",\"url\":\"https:\\\/\\\/secure.gravatar.com\\\/avatar\\\/f917ad82e5ab71227a733c78b6e60715476f69ee6be59feee4eb5d9920c89e0f?s=96&d=mm&r=g\",\"contentUrl\":\"https:\\\/\\\/secure.gravatar.com\\\/avatar\\\/f917ad82e5ab71227a733c78b6e60715476f69ee6be59feee4eb5d9920c89e0f?s=96&d=mm&r=g\",\"caption\":\"Kuali Staff\"},\"url\":\"https:\\\/\\\/kuali.com.mx\\\/web\\\/author\\\/lagarto\\\/\"}]}<\/script>\n<!-- \/ Yoast SEO plugin. -->","yoast_head_json":{"title":"NO HABR\u00c1 AGUA 2 D\u00cdAS EN FRACCIONAMIENTO LA BARDA - Kuali","robots":{"index":"index","follow":"follow","max-snippet":"max-snippet:-1","max-image-preview":"max-image-preview:large","max-video-preview":"max-video-preview:-1"},"canonical":"https:\/\/kuali.com.mx\/web\/2023\/05\/08\/no-habra-agua-2-dias-en-fraccionamiento-la-barda\/","og_locale":"es_MX","og_type":"article","og_title":"NO HABR\u00c1 AGUA 2 D\u00cdAS EN FRACCIONAMIENTO LA BARDA - Kuali","og_description":"Kuali\/Pur\u00edsima del Rinc\u00f3n, Gto.- Debido a los estudios que se realizar\u00e1n en el Pozo que abastece al fraccionamiento La Barda, este lunes y martes se suspender\u00e1 el suministro de agua. El Sistema de Agua Potable de Pur\u00edsima del Rinc\u00f3n (SAPAP) anunci\u00f3 desde la semana pasado la medida para que la poblaci\u00f3n hiciera la reserva del [&hellip;]","og_url":"https:\/\/kuali.com.mx\/web\/2023\/05\/08\/no-habra-agua-2-dias-en-fraccionamiento-la-barda\/","og_site_name":"Kuali","article_publisher":"https:\/\/kuali.com.mx\/web\/wp-content\/uploads\/2018\/04\/cropped-kuali_logo-1-1.png","article_published_time":"2023-05-08T22:32:00+00:00","article_modified_time":"2023-05-08T22:32:01+00:00","og_image":[{"width":1700,"height":750,"url":"https:\/\/kuali.com.mx\/web\/wp-content\/uploads\/2023\/05\/Pozo-La-Barda.gif","type":"image\/gif"}],"author":"Kuali Staff","twitter_card":"summary_large_image","twitter_creator":"@kuali_noticias","twitter_site":"@kuali_noticias","twitter_misc":{"Escrito por":"Kuali Staff","Tiempo de lectura":"2 minutos"},"schema":{"@context":"https:\/\/schema.org","@graph":[{"@type":"Article","@id":"https:\/\/kuali.com.mx\/web\/2023\/05\/08\/no-habra-agua-2-dias-en-fraccionamiento-la-barda\/#article","isPartOf":{"@id":"https:\/\/kuali.com.mx\/web\/2023\/05\/08\/no-habra-agua-2-dias-en-fraccionamiento-la-barda\/"},"author":{"name":"Kuali Staff","@id":"https:\/\/kuali.com.mx\/web\/#\/schema\/person\/6f89ffa8ecba9dae50662357923c5289"},"headline":"NO HABR\u00c1 AGUA 2 D\u00cdAS EN FRACCIONAMIENTO LA BARDA","datePublished":"2023-05-08T22:32:00+00:00","dateModified":"2023-05-08T22:32:01+00:00","mainEntityOfPage":{"@id":"https:\/\/kuali.com.mx\/web\/2023\/05\/08\/no-habra-agua-2-dias-en-fraccionamiento-la-barda\/"},"wordCount":366,"commentCount":0,"image":{"@id":"https:\/\/kuali.com.mx\/web\/2023\/05\/08\/no-habra-agua-2-dias-en-fraccionamiento-la-barda\/#primaryimage"},"thumbnailUrl":"https:\/\/kuali.com.mx\/web\/wp-content\/uploads\/2023\/05\/Pozo-La-Barda.gif","keywords":["agua","Estudios","Pozo","Pur\u00edsima del Rinc\u00f3n"],"articleSection":["Pol\u00edtica"],"inLanguage":"es","potentialAction":[{"@type":"CommentAction","name":"Comment","target":["https:\/\/kuali.com.mx\/web\/2023\/05\/08\/no-habra-agua-2-dias-en-fraccionamiento-la-barda\/#respond"]}]},{"@type":"WebPage","@id":"https:\/\/kuali.com.mx\/web\/2023\/05\/08\/no-habra-agua-2-dias-en-fraccionamiento-la-barda\/","url":"https:\/\/kuali.com.mx\/web\/2023\/05\/08\/no-habra-agua-2-dias-en-fraccionamiento-la-barda\/","name":"NO HABR\u00c1 AGUA 2 D\u00cdAS EN FRACCIONAMIENTO LA BARDA - Kuali","isPartOf":{"@id":"https:\/\/kuali.com.mx\/web\/#website"},"primaryImageOfPage":{"@id":"https:\/\/kuali.com.mx\/web\/2023\/05\/08\/no-habra-agua-2-dias-en-fraccionamiento-la-barda\/#primaryimage"},"image":{"@id":"https:\/\/kuali.com.mx\/web\/2023\/05\/08\/no-habra-agua-2-dias-en-fraccionamiento-la-barda\/#primaryimage"},"thumbnailUrl":"https:\/\/kuali.com.mx\/web\/wp-content\/uploads\/2023\/05\/Pozo-La-Barda.gif","datePublished":"2023-05-08T22:32:00+00:00","dateModified":"2023-05-08T22:32:01+00:00","author":{"@id":"https:\/\/kuali.com.mx\/web\/#\/schema\/person\/6f89ffa8ecba9dae50662357923c5289"},"breadcrumb":{"@id":"https:\/\/kuali.com.mx\/web\/2023\/05\/08\/no-habra-agua-2-dias-en-fraccionamiento-la-barda\/#breadcrumb"},"inLanguage":"es","potentialAction":[{"@type":"ReadAction","target":["https:\/\/kuali.com.mx\/web\/2023\/05\/08\/no-habra-agua-2-dias-en-fraccionamiento-la-barda\/"]}]},{"@type":"ImageObject","inLanguage":"es","@id":"https:\/\/kuali.com.mx\/web\/2023\/05\/08\/no-habra-agua-2-dias-en-fraccionamiento-la-barda\/#primaryimage","url":"https:\/\/kuali.com.mx\/web\/wp-content\/uploads\/2023\/05\/Pozo-La-Barda.gif","contentUrl":"https:\/\/kuali.com.mx\/web\/wp-content\/uploads\/2023\/05\/Pozo-La-Barda.gif","width":1700,"height":750},{"@type":"BreadcrumbList","@id":"https:\/\/kuali.com.mx\/web\/2023\/05\/08\/no-habra-agua-2-dias-en-fraccionamiento-la-barda\/#breadcrumb","itemListElement":[{"@type":"ListItem","position":1,"name":"Inicio","item":"https:\/\/kuali.com.mx\/web\/"},{"@type":"ListItem","position":2,"name":"NO HABR\u00c1 AGUA 2 D\u00cdAS EN FRACCIONAMIENTO LA BARDA"}]},{"@type":"WebSite","@id":"https:\/\/kuali.com.mx\/web\/#website","url":"https:\/\/kuali.com.mx\/web\/","name":"Kuali","description":"","potentialAction":[{"@type":"SearchAction","target":{"@type":"EntryPoint","urlTemplate":"https:\/\/kuali.com.mx\/web\/?s={search_term_string}"},"query-input":{"@type":"PropertyValueSpecification","valueRequired":true,"valueName":"search_term_string"}}],"inLanguage":"es"},{"@type":"Person","@id":"https:\/\/kuali.com.mx\/web\/#\/schema\/person\/6f89ffa8ecba9dae50662357923c5289","name":"Kuali Staff","image":{"@type":"ImageObject","inLanguage":"es","@id":"https:\/\/secure.gravatar.com\/avatar\/f917ad82e5ab71227a733c78b6e60715476f69ee6be59feee4eb5d9920c89e0f?s=96&d=mm&r=g","url":"https:\/\/secure.gravatar.com\/avatar\/f917ad82e5ab71227a733c78b6e60715476f69ee6be59feee4eb5d9920c89e0f?s=96&d=mm&r=g","contentUrl":"https:\/\/secure.gravatar.com\/avatar\/f917ad82e5ab71227a733c78b6e60715476f69ee6be59feee4eb5d9920c89e0f?s=96&d=mm&r=g","caption":"Kuali Staff"},"url":"https:\/\/kuali.com.mx\/web\/author\/lagarto\/"}]}},"_links":{"self":[{"href":"https:\/\/kuali.com.mx\/web\/wp-json\/wp\/v2\/posts\/118127","targetHints":{"allow":["GET"]}}],"collection":[{"href":"https:\/\/kuali.com.mx\/web\/wp-json\/wp\/v2\/posts"}],"about":[{"href":"https:\/\/kuali.com.mx\/web\/wp-json\/wp\/v2\/types\/post"}],"author":[{"embeddable":true,"href":"https:\/\/kuali.com.mx\/web\/wp-json\/wp\/v2\/users\/2"}],"replies":[{"embeddable":true,"href":"https:\/\/kuali.com.mx\/web\/wp-json\/wp\/v2\/comments?post=118127"}],"version-history":[{"count":1,"href":"https:\/\/kuali.com.mx\/web\/wp-json\/wp\/v2\/posts\/118127\/revisions"}],"predecessor-version":[{"id":118130,"href":"https:\/\/kuali.com.mx\/web\/wp-json\/wp\/v2\/posts\/118127\/revisions\/118130"}],"wp:featuredmedia":[{"embeddable":true,"href":"https:\/\/kuali.com.mx\/web\/wp-json\/wp\/v2\/media\/118121"}],"wp:attachment":[{"href":"https:\/\/kuali.com.mx\/web\/wp-json\/wp\/v2\/media?parent=118127"}],"wp:term":[{"taxonomy":"category","embeddable":true,"href":"https:\/\/kuali.com.mx\/web\/wp-json\/wp\/v2\/categories?post=118127"},{"taxonomy":"post_tag","embeddable":true,"href":"https:\/\/kuali.com.mx\/web\/wp-json\/wp\/v2\/tags?post=118127"}],"curies":[{"name":"wp","href":"https:\/\/api.w.org\/{rel}","templated":true}]}}