{"id":117799,"date":"2023-05-02T17:15:51","date_gmt":"2023-05-02T23:15:51","guid":{"rendered":"https:\/\/kuali.com.mx\/web\/?p=117799"},"modified":"2023-05-02T22:13:17","modified_gmt":"2023-05-03T04:13:17","slug":"peligroso-respirar-aire-por-incendio-en-la-capital","status":"publish","type":"post","link":"https:\/\/kuali.com.mx\/web\/2023\/05\/02\/peligroso-respirar-aire-por-incendio-en-la-capital\/","title":{"rendered":"PELIGROSO RESPIRAR AIRE POR INCENDIO EN LA CAPITAL"},"content":{"rendered":"\n<p><strong>Alicia Arias\/Guanajuato, Gto.- <\/strong>Ante la mala calidad del aire que prevalece en la capital del estado a consecuencia del incendio del relleno sanitario, la gente debe proteger su salud evitando realizar actividades al aire libre, ya que \u201clas emisiones tienen otro nivel de peligrosidad debido a los Residuos S\u00f3lidos Urbanos (RSU), que se encuentran en el lugar\u201d.<\/p>\n\n\n\n<p>Adem\u00e1s, la Universidad de Guanajuato suspendi\u00f3 las clases y actividades administrativas en todas las sedes de la ciudad de Guanajuato hasta nuevo aviso.<\/p>\n\n\n<div class=\"wp-block-image\">\n<figure class=\"aligncenter size-large\"><img loading=\"lazy\" decoding=\"async\" width=\"1024\" height=\"452\" src=\"https:\/\/kuali.com.mx\/web\/wp-content\/uploads\/2023\/05\/Aire-contaminado-en-Gto-1024x452.gif\" alt=\"\" class=\"wp-image-117803\" srcset=\"https:\/\/kuali.com.mx\/web\/wp-content\/uploads\/2023\/05\/Aire-contaminado-en-Gto-1024x452.gif 1024w, https:\/\/kuali.com.mx\/web\/wp-content\/uploads\/2023\/05\/Aire-contaminado-en-Gto-300x132.gif 300w, https:\/\/kuali.com.mx\/web\/wp-content\/uploads\/2023\/05\/Aire-contaminado-en-Gto-768x339.gif 768w, https:\/\/kuali.com.mx\/web\/wp-content\/uploads\/2023\/05\/Aire-contaminado-en-Gto-1536x678.gif 1536w, https:\/\/kuali.com.mx\/web\/wp-content\/uploads\/2023\/05\/Aire-contaminado-en-Gto-228x101.gif 228w\" sizes=\"auto, (max-width: 1024px) 100vw, 1024px\" \/><figcaption>El incendio comenz\u00f3 la madrugada de este lunes y continua esta noche. FOTO: ESPECIAL<\/figcaption><\/figure>\n<\/div>\n\n\n<p>La Secretar\u00eda de Medio Ambiente y Ordenamiento Territorial (SMAOT) emiti\u00f3 un comunicado para alertar a la poblaci\u00f3n de la ma\u00f1a calidad del aire que se respira en la ciudad, derivado del incendio registrado en el Sitio de Disposici\u00f3n Final (SDF) del municipio y que comenz\u00f3 en la madrugada de este lunes y contin\u00faa esta noche.<\/p>\n\n\n\n<p>La titular de la SMAOT, Mar\u00eda Isabel Ortiz Mantilla, hizo un llamado a la poblaci\u00f3n para reducir las actividades al aire libre; especialmente en ni\u00f1os, ni\u00f1as, personas adultas mayores y con enfermedades respiratorias, as\u00ed como mantenerse al tanto de las indicaciones de las autoridades de Protecci\u00f3n Civil, municipales y la informaci\u00f3n oficial que emitan las secretar\u00edas de salud y de educaci\u00f3n.<\/p>\n\n\n\n<figure class=\"wp-block-embed is-type-wp-embed is-provider-kuali wp-block-embed-kuali\"><div class=\"wp-block-embed__wrapper\">\n<blockquote class=\"wp-embedded-content\" data-secret=\"71oP7oFsZx\"><a href=\"https:\/\/kuali.com.mx\/web\/2023\/05\/02\/supenden-clases-por-incendio-en-tiradero-de-basura\/\">SUPENDEN CLASES POR INCENDIO EN TIRADERO DE BASURA<\/a><\/blockquote><iframe loading=\"lazy\" class=\"wp-embedded-content\" sandbox=\"allow-scripts\" security=\"restricted\" style=\"position: absolute; clip: rect(1px, 1px, 1px, 1px);\" title=\"&#8220;SUPENDEN CLASES POR INCENDIO EN TIRADERO DE BASURA&#8221; &#8212; Kuali\" src=\"https:\/\/kuali.com.mx\/web\/2023\/05\/02\/supenden-clases-por-incendio-en-tiradero-de-basura\/embed\/#?secret=rXnHJ2d8lT#?secret=71oP7oFsZx\" data-secret=\"71oP7oFsZx\" width=\"600\" height=\"338\" frameborder=\"0\" marginwidth=\"0\" marginheight=\"0\" scrolling=\"no\"><\/iframe>\n<\/div><\/figure>\n\n\n\n<p>Personal de la Direcci\u00f3n General de Gesti\u00f3n Ambiental de la SMAOT se traslad\u00f3 al sito para asesorar y atender en coordinaci\u00f3n con las autoridades de Protecci\u00f3n Civil y municipales el control del incendio, coordinando a los municipios de Dolores Hidalgo, Silao y San Felipe para el env\u00edo de pipas.<\/p>\n\n\n\n<p>El Municipio de Le\u00f3n anunci\u00f3 que ma\u00f1ana mi\u00e9rcoles enviar\u00e1 10 pipas m\u00e1s, ya que el incendio no ha podido ser controlado.<\/p>\n\n\n\n<p>\u201cCabe se\u00f1alar que, adem\u00e1s de las part\u00edculas (PM2.5) generadas por el incendio, las emisiones tienen otro nivel de peligrosidad debido a los Residuos S\u00f3lidos Urbanos (RSU), que se encuentran en el lugar\u201d, advirti\u00f3 la SMAOT.<\/p>\n\n\n\n<p>La gente puede informarse sobre la calidad del aire a trav\u00e9s del sitio web https:\/\/smaot.guanajuato.gob.mx\/sitio\/seica\/monitoreo\/ y la aplicaci\u00f3n para dispositivos m\u00f3viles Eco App.<\/p>\n\n\n\n<p><strong>Suspende clases la UG<\/strong><\/p>\n\n\n\n<p>La Universidad de Guanajuato anunci\u00f3 la suspensi\u00f3n de clases y actividades en todas las sedes del Campus Guanajuato ubicadas en el municipio de Guanajuato, en la Escuela de Nivel Medio Superior y en todas las sedes administrativas de la capital del estado.<\/p>\n\n\n\n<p>La medida tiene la finalidad de \u201cpriorizar el cuidado de la comunidad universitaria\u201d y la reanudaci\u00f3n de actividades \u201cse dar\u00e1 a conocer oportunamente\u201d.<\/p>\n\n\n<div class=\"wp-block-image\">\n<figure class=\"aligncenter size-large\"><img loading=\"lazy\" decoding=\"async\" width=\"882\" height=\"1024\" src=\"https:\/\/kuali.com.mx\/web\/wp-content\/uploads\/2023\/05\/Suspende-clases-UG-por-incendio-de-relleno-882x1024.gif\" alt=\"\" class=\"wp-image-117804\" srcset=\"https:\/\/kuali.com.mx\/web\/wp-content\/uploads\/2023\/05\/Suspende-clases-UG-por-incendio-de-relleno-882x1024.gif 882w, https:\/\/kuali.com.mx\/web\/wp-content\/uploads\/2023\/05\/Suspende-clases-UG-por-incendio-de-relleno-258x300.gif 258w, https:\/\/kuali.com.mx\/web\/wp-content\/uploads\/2023\/05\/Suspende-clases-UG-por-incendio-de-relleno-768x892.gif 768w, https:\/\/kuali.com.mx\/web\/wp-content\/uploads\/2023\/05\/Suspende-clases-UG-por-incendio-de-relleno-100x116.gif 100w\" sizes=\"auto, (max-width: 882px) 100vw, 882px\" \/><\/figure>\n<\/div>\n\n\n<p><strong>Recomendaciones<\/strong><\/p>\n\n\n\n<ul class=\"wp-block-list\"><li>Evitar hacer actividades al aire libre<\/li><li>Mantener puertas y ventanas cerradas.<\/li><li>Usa mascarilla N95<\/li><li>Acudir al m\u00e9dico si presentan s\u00edntomas de afectaciones respiratorias o cardiacas.<\/li><\/ul>\n","protected":false},"excerpt":{"rendered":"Alicia Arias\/Guanajuato, Gto.- Ante la mala calidad del aire que prevalece en la capital del estado a consecuencia del incendio del relleno sanitario, la gente debe proteger su salud evitando realizar actividades al aire libre, ya que \u201clas emisiones tienen otro nivel de peligrosidad debido a los Residuos S\u00f3lidos Urbanos (RSU), que se encuentran en [&hellip;]","protected":false},"author":2,"featured_media":117802,"comment_status":"open","ping_status":"open","sticky":false,"template":"","format":"standard","meta":{"_seopress_robots_primary_cat":"none","_seopress_titles_title":"","_seopress_titles_desc":"","_seopress_robots_index":"","_monsterinsights_skip_tracking":false,"_monsterinsights_sitenote_active":false,"_monsterinsights_sitenote_note":"","_monsterinsights_sitenote_category":0,"footnotes":""},"categories":[17,7],"tags":[],"class_list":["post-117799","post","type-post","status-publish","format-standard","has-post-thumbnail","hentry","category-ecologia","category-salud"],"yoast_head":"<!-- This site is optimized with the Yoast SEO plugin v27.4 - https:\/\/yoast.com\/product\/yoast-seo-wordpress\/ -->\n<title>PELIGROSO RESPIRAR AIRE POR INCENDIO EN LA CAPITAL - Kuali<\/title>\n<meta name=\"robots\" content=\"index, follow, max-snippet:-1, max-image-preview:large, max-video-preview:-1\" \/>\n<link rel=\"canonical\" href=\"https:\/\/kuali.com.mx\/web\/2023\/05\/02\/peligroso-respirar-aire-por-incendio-en-la-capital\/\" \/>\n<meta property=\"og:locale\" content=\"es_MX\" \/>\n<meta property=\"og:type\" content=\"article\" \/>\n<meta property=\"og:title\" content=\"PELIGROSO RESPIRAR AIRE POR INCENDIO EN LA CAPITAL - Kuali\" \/>\n<meta property=\"og:description\" content=\"Alicia Arias\/Guanajuato, Gto.- Ante la mala calidad del aire que prevalece en la capital del estado a consecuencia del incendio del relleno sanitario, la gente debe proteger su salud evitando realizar actividades al aire libre, ya que \u201clas emisiones tienen otro nivel de peligrosidad debido a los Residuos S\u00f3lidos Urbanos (RSU), que se encuentran en [&hellip;]\" \/>\n<meta property=\"og:url\" content=\"https:\/\/kuali.com.mx\/web\/2023\/05\/02\/peligroso-respirar-aire-por-incendio-en-la-capital\/\" \/>\n<meta property=\"og:site_name\" content=\"Kuali\" \/>\n<meta property=\"article:publisher\" content=\"https:\/\/kuali.com.mx\/web\/wp-content\/uploads\/2018\/04\/cropped-kuali_logo-1-1.png\" \/>\n<meta property=\"article:published_time\" content=\"2023-05-02T23:15:51+00:00\" \/>\n<meta property=\"article:modified_time\" content=\"2023-05-03T04:13:17+00:00\" \/>\n<meta property=\"og:image\" content=\"https:\/\/kuali.com.mx\/web\/wp-content\/uploads\/2023\/05\/Mala-calidad-del-aire-por-incendio-de-basurero-Gto.gif\" \/>\n\t<meta property=\"og:image:width\" content=\"1700\" \/>\n\t<meta property=\"og:image:height\" content=\"750\" \/>\n\t<meta property=\"og:image:type\" content=\"image\/gif\" \/>\n<meta name=\"author\" content=\"Kuali Staff\" \/>\n<meta name=\"twitter:card\" content=\"summary_large_image\" \/>\n<meta name=\"twitter:creator\" content=\"@kuali_noticias\" \/>\n<meta name=\"twitter:site\" content=\"@kuali_noticias\" \/>\n<meta name=\"twitter:label1\" content=\"Escrito por\" \/>\n\t<meta name=\"twitter:data1\" content=\"Kuali Staff\" \/>\n\t<meta name=\"twitter:label2\" content=\"Tiempo de lectura\" \/>\n\t<meta name=\"twitter:data2\" content=\"2 minutos\" \/>\n<script type=\"application\/ld+json\" class=\"yoast-schema-graph\">{\"@context\":\"https:\\\/\\\/schema.org\",\"@graph\":[{\"@type\":\"Article\",\"@id\":\"https:\\\/\\\/kuali.com.mx\\\/web\\\/2023\\\/05\\\/02\\\/peligroso-respirar-aire-por-incendio-en-la-capital\\\/#article\",\"isPartOf\":{\"@id\":\"https:\\\/\\\/kuali.com.mx\\\/web\\\/2023\\\/05\\\/02\\\/peligroso-respirar-aire-por-incendio-en-la-capital\\\/\"},\"author\":{\"name\":\"Kuali Staff\",\"@id\":\"https:\\\/\\\/kuali.com.mx\\\/web\\\/#\\\/schema\\\/person\\\/6f89ffa8ecba9dae50662357923c5289\"},\"headline\":\"PELIGROSO RESPIRAR AIRE POR INCENDIO EN LA CAPITAL\",\"datePublished\":\"2023-05-02T23:15:51+00:00\",\"dateModified\":\"2023-05-03T04:13:17+00:00\",\"mainEntityOfPage\":{\"@id\":\"https:\\\/\\\/kuali.com.mx\\\/web\\\/2023\\\/05\\\/02\\\/peligroso-respirar-aire-por-incendio-en-la-capital\\\/\"},\"wordCount\":490,\"commentCount\":0,\"image\":{\"@id\":\"https:\\\/\\\/kuali.com.mx\\\/web\\\/2023\\\/05\\\/02\\\/peligroso-respirar-aire-por-incendio-en-la-capital\\\/#primaryimage\"},\"thumbnailUrl\":\"https:\\\/\\\/kuali.com.mx\\\/web\\\/wp-content\\\/uploads\\\/2023\\\/05\\\/Mala-calidad-del-aire-por-incendio-de-basurero-Gto.gif\",\"articleSection\":[\"Ecolog\u00eda\",\"Salud\"],\"inLanguage\":\"es\",\"potentialAction\":[{\"@type\":\"CommentAction\",\"name\":\"Comment\",\"target\":[\"https:\\\/\\\/kuali.com.mx\\\/web\\\/2023\\\/05\\\/02\\\/peligroso-respirar-aire-por-incendio-en-la-capital\\\/#respond\"]}]},{\"@type\":\"WebPage\",\"@id\":\"https:\\\/\\\/kuali.com.mx\\\/web\\\/2023\\\/05\\\/02\\\/peligroso-respirar-aire-por-incendio-en-la-capital\\\/\",\"url\":\"https:\\\/\\\/kuali.com.mx\\\/web\\\/2023\\\/05\\\/02\\\/peligroso-respirar-aire-por-incendio-en-la-capital\\\/\",\"name\":\"PELIGROSO RESPIRAR AIRE POR INCENDIO EN LA CAPITAL - Kuali\",\"isPartOf\":{\"@id\":\"https:\\\/\\\/kuali.com.mx\\\/web\\\/#website\"},\"primaryImageOfPage\":{\"@id\":\"https:\\\/\\\/kuali.com.mx\\\/web\\\/2023\\\/05\\\/02\\\/peligroso-respirar-aire-por-incendio-en-la-capital\\\/#primaryimage\"},\"image\":{\"@id\":\"https:\\\/\\\/kuali.com.mx\\\/web\\\/2023\\\/05\\\/02\\\/peligroso-respirar-aire-por-incendio-en-la-capital\\\/#primaryimage\"},\"thumbnailUrl\":\"https:\\\/\\\/kuali.com.mx\\\/web\\\/wp-content\\\/uploads\\\/2023\\\/05\\\/Mala-calidad-del-aire-por-incendio-de-basurero-Gto.gif\",\"datePublished\":\"2023-05-02T23:15:51+00:00\",\"dateModified\":\"2023-05-03T04:13:17+00:00\",\"author\":{\"@id\":\"https:\\\/\\\/kuali.com.mx\\\/web\\\/#\\\/schema\\\/person\\\/6f89ffa8ecba9dae50662357923c5289\"},\"breadcrumb\":{\"@id\":\"https:\\\/\\\/kuali.com.mx\\\/web\\\/2023\\\/05\\\/02\\\/peligroso-respirar-aire-por-incendio-en-la-capital\\\/#breadcrumb\"},\"inLanguage\":\"es\",\"potentialAction\":[{\"@type\":\"ReadAction\",\"target\":[\"https:\\\/\\\/kuali.com.mx\\\/web\\\/2023\\\/05\\\/02\\\/peligroso-respirar-aire-por-incendio-en-la-capital\\\/\"]}]},{\"@type\":\"ImageObject\",\"inLanguage\":\"es\",\"@id\":\"https:\\\/\\\/kuali.com.mx\\\/web\\\/2023\\\/05\\\/02\\\/peligroso-respirar-aire-por-incendio-en-la-capital\\\/#primaryimage\",\"url\":\"https:\\\/\\\/kuali.com.mx\\\/web\\\/wp-content\\\/uploads\\\/2023\\\/05\\\/Mala-calidad-del-aire-por-incendio-de-basurero-Gto.gif\",\"contentUrl\":\"https:\\\/\\\/kuali.com.mx\\\/web\\\/wp-content\\\/uploads\\\/2023\\\/05\\\/Mala-calidad-del-aire-por-incendio-de-basurero-Gto.gif\",\"width\":1700,\"height\":750},{\"@type\":\"BreadcrumbList\",\"@id\":\"https:\\\/\\\/kuali.com.mx\\\/web\\\/2023\\\/05\\\/02\\\/peligroso-respirar-aire-por-incendio-en-la-capital\\\/#breadcrumb\",\"itemListElement\":[{\"@type\":\"ListItem\",\"position\":1,\"name\":\"Inicio\",\"item\":\"https:\\\/\\\/kuali.com.mx\\\/web\\\/\"},{\"@type\":\"ListItem\",\"position\":2,\"name\":\"PELIGROSO RESPIRAR AIRE POR INCENDIO EN LA CAPITAL\"}]},{\"@type\":\"WebSite\",\"@id\":\"https:\\\/\\\/kuali.com.mx\\\/web\\\/#website\",\"url\":\"https:\\\/\\\/kuali.com.mx\\\/web\\\/\",\"name\":\"Kuali\",\"description\":\"\",\"potentialAction\":[{\"@type\":\"SearchAction\",\"target\":{\"@type\":\"EntryPoint\",\"urlTemplate\":\"https:\\\/\\\/kuali.com.mx\\\/web\\\/?s={search_term_string}\"},\"query-input\":{\"@type\":\"PropertyValueSpecification\",\"valueRequired\":true,\"valueName\":\"search_term_string\"}}],\"inLanguage\":\"es\"},{\"@type\":\"Person\",\"@id\":\"https:\\\/\\\/kuali.com.mx\\\/web\\\/#\\\/schema\\\/person\\\/6f89ffa8ecba9dae50662357923c5289\",\"name\":\"Kuali Staff\",\"image\":{\"@type\":\"ImageObject\",\"inLanguage\":\"es\",\"@id\":\"https:\\\/\\\/secure.gravatar.com\\\/avatar\\\/f917ad82e5ab71227a733c78b6e60715476f69ee6be59feee4eb5d9920c89e0f?s=96&d=mm&r=g\",\"url\":\"https:\\\/\\\/secure.gravatar.com\\\/avatar\\\/f917ad82e5ab71227a733c78b6e60715476f69ee6be59feee4eb5d9920c89e0f?s=96&d=mm&r=g\",\"contentUrl\":\"https:\\\/\\\/secure.gravatar.com\\\/avatar\\\/f917ad82e5ab71227a733c78b6e60715476f69ee6be59feee4eb5d9920c89e0f?s=96&d=mm&r=g\",\"caption\":\"Kuali Staff\"},\"url\":\"https:\\\/\\\/kuali.com.mx\\\/web\\\/author\\\/lagarto\\\/\"}]}<\/script>\n<!-- \/ Yoast SEO plugin. -->","yoast_head_json":{"title":"PELIGROSO RESPIRAR AIRE POR INCENDIO EN LA CAPITAL - Kuali","robots":{"index":"index","follow":"follow","max-snippet":"max-snippet:-1","max-image-preview":"max-image-preview:large","max-video-preview":"max-video-preview:-1"},"canonical":"https:\/\/kuali.com.mx\/web\/2023\/05\/02\/peligroso-respirar-aire-por-incendio-en-la-capital\/","og_locale":"es_MX","og_type":"article","og_title":"PELIGROSO RESPIRAR AIRE POR INCENDIO EN LA CAPITAL - Kuali","og_description":"Alicia Arias\/Guanajuato, Gto.- Ante la mala calidad del aire que prevalece en la capital del estado a consecuencia del incendio del relleno sanitario, la gente debe proteger su salud evitando realizar actividades al aire libre, ya que \u201clas emisiones tienen otro nivel de peligrosidad debido a los Residuos S\u00f3lidos Urbanos (RSU), que se encuentran en [&hellip;]","og_url":"https:\/\/kuali.com.mx\/web\/2023\/05\/02\/peligroso-respirar-aire-por-incendio-en-la-capital\/","og_site_name":"Kuali","article_publisher":"https:\/\/kuali.com.mx\/web\/wp-content\/uploads\/2018\/04\/cropped-kuali_logo-1-1.png","article_published_time":"2023-05-02T23:15:51+00:00","article_modified_time":"2023-05-03T04:13:17+00:00","og_image":[{"width":1700,"height":750,"url":"https:\/\/kuali.com.mx\/web\/wp-content\/uploads\/2023\/05\/Mala-calidad-del-aire-por-incendio-de-basurero-Gto.gif","type":"image\/gif"}],"author":"Kuali Staff","twitter_card":"summary_large_image","twitter_creator":"@kuali_noticias","twitter_site":"@kuali_noticias","twitter_misc":{"Escrito por":"Kuali Staff","Tiempo de lectura":"2 minutos"},"schema":{"@context":"https:\/\/schema.org","@graph":[{"@type":"Article","@id":"https:\/\/kuali.com.mx\/web\/2023\/05\/02\/peligroso-respirar-aire-por-incendio-en-la-capital\/#article","isPartOf":{"@id":"https:\/\/kuali.com.mx\/web\/2023\/05\/02\/peligroso-respirar-aire-por-incendio-en-la-capital\/"},"author":{"name":"Kuali Staff","@id":"https:\/\/kuali.com.mx\/web\/#\/schema\/person\/6f89ffa8ecba9dae50662357923c5289"},"headline":"PELIGROSO RESPIRAR AIRE POR INCENDIO EN LA CAPITAL","datePublished":"2023-05-02T23:15:51+00:00","dateModified":"2023-05-03T04:13:17+00:00","mainEntityOfPage":{"@id":"https:\/\/kuali.com.mx\/web\/2023\/05\/02\/peligroso-respirar-aire-por-incendio-en-la-capital\/"},"wordCount":490,"commentCount":0,"image":{"@id":"https:\/\/kuali.com.mx\/web\/2023\/05\/02\/peligroso-respirar-aire-por-incendio-en-la-capital\/#primaryimage"},"thumbnailUrl":"https:\/\/kuali.com.mx\/web\/wp-content\/uploads\/2023\/05\/Mala-calidad-del-aire-por-incendio-de-basurero-Gto.gif","articleSection":["Ecolog\u00eda","Salud"],"inLanguage":"es","potentialAction":[{"@type":"CommentAction","name":"Comment","target":["https:\/\/kuali.com.mx\/web\/2023\/05\/02\/peligroso-respirar-aire-por-incendio-en-la-capital\/#respond"]}]},{"@type":"WebPage","@id":"https:\/\/kuali.com.mx\/web\/2023\/05\/02\/peligroso-respirar-aire-por-incendio-en-la-capital\/","url":"https:\/\/kuali.com.mx\/web\/2023\/05\/02\/peligroso-respirar-aire-por-incendio-en-la-capital\/","name":"PELIGROSO RESPIRAR AIRE POR INCENDIO EN LA CAPITAL - Kuali","isPartOf":{"@id":"https:\/\/kuali.com.mx\/web\/#website"},"primaryImageOfPage":{"@id":"https:\/\/kuali.com.mx\/web\/2023\/05\/02\/peligroso-respirar-aire-por-incendio-en-la-capital\/#primaryimage"},"image":{"@id":"https:\/\/kuali.com.mx\/web\/2023\/05\/02\/peligroso-respirar-aire-por-incendio-en-la-capital\/#primaryimage"},"thumbnailUrl":"https:\/\/kuali.com.mx\/web\/wp-content\/uploads\/2023\/05\/Mala-calidad-del-aire-por-incendio-de-basurero-Gto.gif","datePublished":"2023-05-02T23:15:51+00:00","dateModified":"2023-05-03T04:13:17+00:00","author":{"@id":"https:\/\/kuali.com.mx\/web\/#\/schema\/person\/6f89ffa8ecba9dae50662357923c5289"},"breadcrumb":{"@id":"https:\/\/kuali.com.mx\/web\/2023\/05\/02\/peligroso-respirar-aire-por-incendio-en-la-capital\/#breadcrumb"},"inLanguage":"es","potentialAction":[{"@type":"ReadAction","target":["https:\/\/kuali.com.mx\/web\/2023\/05\/02\/peligroso-respirar-aire-por-incendio-en-la-capital\/"]}]},{"@type":"ImageObject","inLanguage":"es","@id":"https:\/\/kuali.com.mx\/web\/2023\/05\/02\/peligroso-respirar-aire-por-incendio-en-la-capital\/#primaryimage","url":"https:\/\/kuali.com.mx\/web\/wp-content\/uploads\/2023\/05\/Mala-calidad-del-aire-por-incendio-de-basurero-Gto.gif","contentUrl":"https:\/\/kuali.com.mx\/web\/wp-content\/uploads\/2023\/05\/Mala-calidad-del-aire-por-incendio-de-basurero-Gto.gif","width":1700,"height":750},{"@type":"BreadcrumbList","@id":"https:\/\/kuali.com.mx\/web\/2023\/05\/02\/peligroso-respirar-aire-por-incendio-en-la-capital\/#breadcrumb","itemListElement":[{"@type":"ListItem","position":1,"name":"Inicio","item":"https:\/\/kuali.com.mx\/web\/"},{"@type":"ListItem","position":2,"name":"PELIGROSO RESPIRAR AIRE POR INCENDIO EN LA CAPITAL"}]},{"@type":"WebSite","@id":"https:\/\/kuali.com.mx\/web\/#website","url":"https:\/\/kuali.com.mx\/web\/","name":"Kuali","description":"","potentialAction":[{"@type":"SearchAction","target":{"@type":"EntryPoint","urlTemplate":"https:\/\/kuali.com.mx\/web\/?s={search_term_string}"},"query-input":{"@type":"PropertyValueSpecification","valueRequired":true,"valueName":"search_term_string"}}],"inLanguage":"es"},{"@type":"Person","@id":"https:\/\/kuali.com.mx\/web\/#\/schema\/person\/6f89ffa8ecba9dae50662357923c5289","name":"Kuali Staff","image":{"@type":"ImageObject","inLanguage":"es","@id":"https:\/\/secure.gravatar.com\/avatar\/f917ad82e5ab71227a733c78b6e60715476f69ee6be59feee4eb5d9920c89e0f?s=96&d=mm&r=g","url":"https:\/\/secure.gravatar.com\/avatar\/f917ad82e5ab71227a733c78b6e60715476f69ee6be59feee4eb5d9920c89e0f?s=96&d=mm&r=g","contentUrl":"https:\/\/secure.gravatar.com\/avatar\/f917ad82e5ab71227a733c78b6e60715476f69ee6be59feee4eb5d9920c89e0f?s=96&d=mm&r=g","caption":"Kuali Staff"},"url":"https:\/\/kuali.com.mx\/web\/author\/lagarto\/"}]}},"_links":{"self":[{"href":"https:\/\/kuali.com.mx\/web\/wp-json\/wp\/v2\/posts\/117799","targetHints":{"allow":["GET"]}}],"collection":[{"href":"https:\/\/kuali.com.mx\/web\/wp-json\/wp\/v2\/posts"}],"about":[{"href":"https:\/\/kuali.com.mx\/web\/wp-json\/wp\/v2\/types\/post"}],"author":[{"embeddable":true,"href":"https:\/\/kuali.com.mx\/web\/wp-json\/wp\/v2\/users\/2"}],"replies":[{"embeddable":true,"href":"https:\/\/kuali.com.mx\/web\/wp-json\/wp\/v2\/comments?post=117799"}],"version-history":[{"count":1,"href":"https:\/\/kuali.com.mx\/web\/wp-json\/wp\/v2\/posts\/117799\/revisions"}],"predecessor-version":[{"id":117805,"href":"https:\/\/kuali.com.mx\/web\/wp-json\/wp\/v2\/posts\/117799\/revisions\/117805"}],"wp:featuredmedia":[{"embeddable":true,"href":"https:\/\/kuali.com.mx\/web\/wp-json\/wp\/v2\/media\/117802"}],"wp:attachment":[{"href":"https:\/\/kuali.com.mx\/web\/wp-json\/wp\/v2\/media?parent=117799"}],"wp:term":[{"taxonomy":"category","embeddable":true,"href":"https:\/\/kuali.com.mx\/web\/wp-json\/wp\/v2\/categories?post=117799"},{"taxonomy":"post_tag","embeddable":true,"href":"https:\/\/kuali.com.mx\/web\/wp-json\/wp\/v2\/tags?post=117799"}],"curies":[{"name":"wp","href":"https:\/\/api.w.org\/{rel}","templated":true}]}}