{"id":117026,"date":"2023-04-21T17:27:43","date_gmt":"2023-04-21T23:27:43","guid":{"rendered":"https:\/\/kuali.com.mx\/web\/?p=117026"},"modified":"2023-04-22T09:18:25","modified_gmt":"2023-04-22T15:18:25","slug":"forman-a-cuidadores-de-recursos-naturales","status":"publish","type":"post","link":"https:\/\/kuali.com.mx\/web\/2023\/04\/21\/forman-a-cuidadores-de-recursos-naturales\/","title":{"rendered":"FORMAN A CUIDADORES DE RECURSOS NATURALES"},"content":{"rendered":"\n<p><strong><em>Kuali\/Irapuato, Gto.-<\/em><\/strong>La Divisi\u00f3n de Ciencias de la Vida de la Universidad de Guanajuato (UG) es formadora de ecologistas dedicados al cuidado del agua, el suelo y el aire, desde los sectores industrial, p\u00fablico o social.  La Divisi\u00f3n celebr\u00f3 el 25 aniversario del programa de Ingenier\u00eda Ambiental.<\/p>\n\n\n\n<p>Ricardo Gonz\u00e1lez Barbosa, Coordinador del programa, record\u00f3 que en 1996, un grupo de profesores de los departamentos de Ingenier\u00eda Agr\u00edcola e Ingenier\u00eda en Alimentos del Instituto de Ciencias Agr\u00edcolas (ICA) en Irapuato, conscientes de los impactos ambientales provocados por las diferentes actividades productivas, iniciaron la planeaci\u00f3n para crear el programa de Ingenier\u00eda Ambiental.<\/p>\n\n\n\n<p>En 1997 se aprob\u00f3 la propuesta por la H. Academia del Instituto de Ciencias Agr\u00edcolas y en mayo de 1998 se decidi\u00f3 que el programa operar\u00eda en dos sedes, la primera en el ICA de Irapuato, donde surgi\u00f3 la primera propuesta, con el \u00e1rea terminal de uso eficiente de suelo y agua. La segunda sede corresponde a Guanajuato con las \u00e1reas terminales de plantas de tratamiento de aguas residuales municipales, residuos s\u00f3lidos municipales y aguas subterr\u00e1neas.<\/p>\n\n\n\n<p>En junio de 1998 en Sesi\u00f3n Ordinaria del H. Consejo Universitario se aprob\u00f3 la licenciatura en Ingenier\u00eda Ambiental y en agosto del mismo a\u00f1o, ingres\u00f3 la primera generaci\u00f3n de alumnos y alumnas al programa de Ingenier\u00eda Ambiental del ICA.<\/p>\n\n\n\n<p>El programa de festejos en la sede Irapuato, incluy\u00f3 diversas actividades, entre ellas, la conferencia \"Conciencia del agua - de lo global a lo local\", por el Ing. Roberto Casta\u00f1eda, Director de Organismo Operador de Celaya y Presidente del Consejo de Cuenca Lerma Chapala.<\/p>\n\n\n\n<p>\u201cGesti\u00f3n integral de residuos, retos actuales y su impacto en el medio ambiente\", por el Ing. Salvador Luis Huerta Gij\u00f3n, Gerente de General GEN INDUSTRIAL S.A. DE C.V. Sucursales Le\u00f3n-Irapuato, fue la segunda conferencia impartida.<\/p>\n\n\n\n<p>Durante la ceremonia, el Dr. Armando Gallegos Mu\u00f1oz, Rector del Campus Irapuato-Salamanca, reconoci\u00f3 a las personas que impulsaron la creaci\u00f3n del programa, entre otros, los profesores de Alimentos, Ernesto Alfredo Camarena Aguilar y Gerardo Mart\u00ednez Soto.<\/p>\n\n\n\n<p>Igualmente fue impulsor de la propuesta inicial del programa el profesor J. \u00c1lvaro Flores Garc\u00eda, Maestro en ciencias del agua, quien entonces impart\u00eda clases en Ingenier\u00eda Mec\u00e1nica Agr\u00edcola. En la actualidad, el Mtro. \u00c1lvaro Flores es el docente con mayor antig\u00fcedad en el programa de Ingenier\u00eda Ambiental, quien contin\u00faa compartiendo su experiencia y conocimientos a las nuevas generaciones.<\/p>\n\n\n\n<p>Despu\u00e9s de la incorporaci\u00f3n del Dr. Delfino Francia P\u00e9rez, consecutivamente se sumaron Joel Berl\u00edn Izaguirre, Sergio Trejo Flores, Ricardo Gonz\u00e1lez Barboza, Jaquelina Gonz\u00e1lez Casta\u00f1eda, Vicente Javier \u00c1lvarez Villafa\u00f1a, Rogelio Costilla Salazar, a quienes se han ido sumando nuevas generaciones de docentes.<\/p>\n\n\n\n<p>Actualmente 8 profesoras y profesores de tiempo completo y alrededor de 20 docentes de tiempo parcial, atienden a m\u00e1s de un centenar de estudiantes de Ingenier\u00eda Ambiental.<\/p>\n\n\n\n<p>Su planta docente aporta conocimiento cient\u00edfico mediante su trabajo en dos cuerpos acad\u00e9micos y 5 laboratorios, destacando por los proyectos de vinculaci\u00f3n con el terreno industrial y gubernamental.<\/p>\n\n\n\n<p>A diferencia de otros programas, la inserci\u00f3n laboral de la comunidad egresada es del 100%, con personas egresadas colaborando en los sectores p\u00fablico, privado y social.<\/p>\n\n\n\n<p>Ingenier\u00eda Ambiental es uno de los programas que aporta a los indicadores de calidad del Campus Irapuato \u2013 Salamanca, porque cuenta con la acreditaci\u00f3n de calidad por COMEAA con vigencia al 2025.<\/p>\n\n\n\n<p>En el acto protocolario se cont\u00f3 con la presencia de acad\u00e9mico(a)s y estudiantes de la sede Irapuato, la sede Tierra Blanca y de la sede Guanajuato de la UG.<\/p>\n","protected":false},"excerpt":{"rendered":"Kuali\/Irapuato, Gto.-La Divisi\u00f3n de Ciencias de la Vida de la Universidad de Guanajuato (UG) es formadora de ecologistas dedicados al cuidado del agua, el suelo y el aire, desde los sectores industrial, p\u00fablico o social. La Divisi\u00f3n celebr\u00f3 el 25 aniversario del programa de Ingenier\u00eda Ambiental. Ricardo Gonz\u00e1lez Barbosa, Coordinador del programa, record\u00f3 que en [&hellip;]","protected":false},"author":2,"featured_media":55309,"comment_status":"open","ping_status":"open","sticky":false,"template":"","format":"standard","meta":{"_seopress_robots_primary_cat":"none","_seopress_titles_title":"","_seopress_titles_desc":"","_seopress_robots_index":"","_monsterinsights_skip_tracking":false,"_monsterinsights_sitenote_active":false,"_monsterinsights_sitenote_note":"","_monsterinsights_sitenote_category":0,"footnotes":""},"categories":[17],"tags":[],"class_list":["post-117026","post","type-post","status-publish","format-standard","has-post-thumbnail","hentry","category-ecologia"],"yoast_head":"<!-- This site is optimized with the Yoast SEO plugin v27.4 - https:\/\/yoast.com\/product\/yoast-seo-wordpress\/ -->\n<title>FORMAN A CUIDADORES DE RECURSOS NATURALES - Kuali<\/title>\n<meta name=\"robots\" content=\"index, follow, max-snippet:-1, max-image-preview:large, max-video-preview:-1\" \/>\n<link rel=\"canonical\" href=\"https:\/\/kuali.com.mx\/web\/2023\/04\/21\/forman-a-cuidadores-de-recursos-naturales\/\" \/>\n<meta property=\"og:locale\" content=\"es_MX\" \/>\n<meta property=\"og:type\" content=\"article\" \/>\n<meta property=\"og:title\" content=\"FORMAN A CUIDADORES DE RECURSOS NATURALES - Kuali\" \/>\n<meta property=\"og:description\" content=\"Kuali\/Irapuato, Gto.-La Divisi\u00f3n de Ciencias de la Vida de la Universidad de Guanajuato (UG) es formadora de ecologistas dedicados al cuidado del agua, el suelo y el aire, desde los sectores industrial, p\u00fablico o social. La Divisi\u00f3n celebr\u00f3 el 25 aniversario del programa de Ingenier\u00eda Ambiental. Ricardo Gonz\u00e1lez Barbosa, Coordinador del programa, record\u00f3 que en [&hellip;]\" \/>\n<meta property=\"og:url\" content=\"https:\/\/kuali.com.mx\/web\/2023\/04\/21\/forman-a-cuidadores-de-recursos-naturales\/\" \/>\n<meta property=\"og:site_name\" content=\"Kuali\" \/>\n<meta property=\"article:publisher\" content=\"https:\/\/kuali.com.mx\/web\/wp-content\/uploads\/2018\/04\/cropped-kuali_logo-1-1.png\" \/>\n<meta property=\"article:published_time\" content=\"2023-04-21T23:27:43+00:00\" \/>\n<meta property=\"article:modified_time\" content=\"2023-04-22T15:18:25+00:00\" \/>\n<meta property=\"og:image\" content=\"https:\/\/kuali.com.mx\/web\/wp-content\/uploads\/2019\/05\/Cuenta-la-esperanza-\u00c1rea-Natural-e1590969964895.jpg\" \/>\n\t<meta property=\"og:image:width\" content=\"1852\" \/>\n\t<meta property=\"og:image:height\" content=\"750\" \/>\n\t<meta property=\"og:image:type\" content=\"image\/jpeg\" \/>\n<meta name=\"author\" content=\"Kuali Staff\" \/>\n<meta name=\"twitter:card\" content=\"summary_large_image\" \/>\n<meta name=\"twitter:creator\" content=\"@kuali_noticias\" \/>\n<meta name=\"twitter:site\" content=\"@kuali_noticias\" \/>\n<meta name=\"twitter:label1\" content=\"Escrito por\" \/>\n\t<meta name=\"twitter:data1\" content=\"Kuali Staff\" \/>\n\t<meta name=\"twitter:label2\" content=\"Tiempo de lectura\" \/>\n\t<meta name=\"twitter:data2\" content=\"3 minutos\" \/>\n<script type=\"application\/ld+json\" class=\"yoast-schema-graph\">{\"@context\":\"https:\\\/\\\/schema.org\",\"@graph\":[{\"@type\":\"Article\",\"@id\":\"https:\\\/\\\/kuali.com.mx\\\/web\\\/2023\\\/04\\\/21\\\/forman-a-cuidadores-de-recursos-naturales\\\/#article\",\"isPartOf\":{\"@id\":\"https:\\\/\\\/kuali.com.mx\\\/web\\\/2023\\\/04\\\/21\\\/forman-a-cuidadores-de-recursos-naturales\\\/\"},\"author\":{\"name\":\"Kuali Staff\",\"@id\":\"https:\\\/\\\/kuali.com.mx\\\/web\\\/#\\\/schema\\\/person\\\/6f89ffa8ecba9dae50662357923c5289\"},\"headline\":\"FORMAN A CUIDADORES DE RECURSOS NATURALES\",\"datePublished\":\"2023-04-21T23:27:43+00:00\",\"dateModified\":\"2023-04-22T15:18:25+00:00\",\"mainEntityOfPage\":{\"@id\":\"https:\\\/\\\/kuali.com.mx\\\/web\\\/2023\\\/04\\\/21\\\/forman-a-cuidadores-de-recursos-naturales\\\/\"},\"wordCount\":625,\"commentCount\":0,\"image\":{\"@id\":\"https:\\\/\\\/kuali.com.mx\\\/web\\\/2023\\\/04\\\/21\\\/forman-a-cuidadores-de-recursos-naturales\\\/#primaryimage\"},\"thumbnailUrl\":\"https:\\\/\\\/kuali.com.mx\\\/web\\\/wp-content\\\/uploads\\\/2019\\\/05\\\/Cuenta-la-esperanza-\u00c1rea-Natural-e1590969964895.jpg\",\"articleSection\":[\"Ecolog\u00eda\"],\"inLanguage\":\"es\",\"potentialAction\":[{\"@type\":\"CommentAction\",\"name\":\"Comment\",\"target\":[\"https:\\\/\\\/kuali.com.mx\\\/web\\\/2023\\\/04\\\/21\\\/forman-a-cuidadores-de-recursos-naturales\\\/#respond\"]}]},{\"@type\":\"WebPage\",\"@id\":\"https:\\\/\\\/kuali.com.mx\\\/web\\\/2023\\\/04\\\/21\\\/forman-a-cuidadores-de-recursos-naturales\\\/\",\"url\":\"https:\\\/\\\/kuali.com.mx\\\/web\\\/2023\\\/04\\\/21\\\/forman-a-cuidadores-de-recursos-naturales\\\/\",\"name\":\"FORMAN A CUIDADORES DE RECURSOS NATURALES - Kuali\",\"isPartOf\":{\"@id\":\"https:\\\/\\\/kuali.com.mx\\\/web\\\/#website\"},\"primaryImageOfPage\":{\"@id\":\"https:\\\/\\\/kuali.com.mx\\\/web\\\/2023\\\/04\\\/21\\\/forman-a-cuidadores-de-recursos-naturales\\\/#primaryimage\"},\"image\":{\"@id\":\"https:\\\/\\\/kuali.com.mx\\\/web\\\/2023\\\/04\\\/21\\\/forman-a-cuidadores-de-recursos-naturales\\\/#primaryimage\"},\"thumbnailUrl\":\"https:\\\/\\\/kuali.com.mx\\\/web\\\/wp-content\\\/uploads\\\/2019\\\/05\\\/Cuenta-la-esperanza-\u00c1rea-Natural-e1590969964895.jpg\",\"datePublished\":\"2023-04-21T23:27:43+00:00\",\"dateModified\":\"2023-04-22T15:18:25+00:00\",\"author\":{\"@id\":\"https:\\\/\\\/kuali.com.mx\\\/web\\\/#\\\/schema\\\/person\\\/6f89ffa8ecba9dae50662357923c5289\"},\"breadcrumb\":{\"@id\":\"https:\\\/\\\/kuali.com.mx\\\/web\\\/2023\\\/04\\\/21\\\/forman-a-cuidadores-de-recursos-naturales\\\/#breadcrumb\"},\"inLanguage\":\"es\",\"potentialAction\":[{\"@type\":\"ReadAction\",\"target\":[\"https:\\\/\\\/kuali.com.mx\\\/web\\\/2023\\\/04\\\/21\\\/forman-a-cuidadores-de-recursos-naturales\\\/\"]}]},{\"@type\":\"ImageObject\",\"inLanguage\":\"es\",\"@id\":\"https:\\\/\\\/kuali.com.mx\\\/web\\\/2023\\\/04\\\/21\\\/forman-a-cuidadores-de-recursos-naturales\\\/#primaryimage\",\"url\":\"https:\\\/\\\/kuali.com.mx\\\/web\\\/wp-content\\\/uploads\\\/2019\\\/05\\\/Cuenta-la-esperanza-\u00c1rea-Natural-e1590969964895.jpg\",\"contentUrl\":\"https:\\\/\\\/kuali.com.mx\\\/web\\\/wp-content\\\/uploads\\\/2019\\\/05\\\/Cuenta-la-esperanza-\u00c1rea-Natural-e1590969964895.jpg\",\"width\":1852,\"height\":750},{\"@type\":\"BreadcrumbList\",\"@id\":\"https:\\\/\\\/kuali.com.mx\\\/web\\\/2023\\\/04\\\/21\\\/forman-a-cuidadores-de-recursos-naturales\\\/#breadcrumb\",\"itemListElement\":[{\"@type\":\"ListItem\",\"position\":1,\"name\":\"Inicio\",\"item\":\"https:\\\/\\\/kuali.com.mx\\\/web\\\/\"},{\"@type\":\"ListItem\",\"position\":2,\"name\":\"FORMAN A CUIDADORES DE RECURSOS NATURALES\"}]},{\"@type\":\"WebSite\",\"@id\":\"https:\\\/\\\/kuali.com.mx\\\/web\\\/#website\",\"url\":\"https:\\\/\\\/kuali.com.mx\\\/web\\\/\",\"name\":\"Kuali\",\"description\":\"\",\"potentialAction\":[{\"@type\":\"SearchAction\",\"target\":{\"@type\":\"EntryPoint\",\"urlTemplate\":\"https:\\\/\\\/kuali.com.mx\\\/web\\\/?s={search_term_string}\"},\"query-input\":{\"@type\":\"PropertyValueSpecification\",\"valueRequired\":true,\"valueName\":\"search_term_string\"}}],\"inLanguage\":\"es\"},{\"@type\":\"Person\",\"@id\":\"https:\\\/\\\/kuali.com.mx\\\/web\\\/#\\\/schema\\\/person\\\/6f89ffa8ecba9dae50662357923c5289\",\"name\":\"Kuali Staff\",\"image\":{\"@type\":\"ImageObject\",\"inLanguage\":\"es\",\"@id\":\"https:\\\/\\\/secure.gravatar.com\\\/avatar\\\/f917ad82e5ab71227a733c78b6e60715476f69ee6be59feee4eb5d9920c89e0f?s=96&d=mm&r=g\",\"url\":\"https:\\\/\\\/secure.gravatar.com\\\/avatar\\\/f917ad82e5ab71227a733c78b6e60715476f69ee6be59feee4eb5d9920c89e0f?s=96&d=mm&r=g\",\"contentUrl\":\"https:\\\/\\\/secure.gravatar.com\\\/avatar\\\/f917ad82e5ab71227a733c78b6e60715476f69ee6be59feee4eb5d9920c89e0f?s=96&d=mm&r=g\",\"caption\":\"Kuali Staff\"},\"url\":\"https:\\\/\\\/kuali.com.mx\\\/web\\\/author\\\/lagarto\\\/\"}]}<\/script>\n<!-- \/ Yoast SEO plugin. -->","yoast_head_json":{"title":"FORMAN A CUIDADORES DE RECURSOS NATURALES - Kuali","robots":{"index":"index","follow":"follow","max-snippet":"max-snippet:-1","max-image-preview":"max-image-preview:large","max-video-preview":"max-video-preview:-1"},"canonical":"https:\/\/kuali.com.mx\/web\/2023\/04\/21\/forman-a-cuidadores-de-recursos-naturales\/","og_locale":"es_MX","og_type":"article","og_title":"FORMAN A CUIDADORES DE RECURSOS NATURALES - Kuali","og_description":"Kuali\/Irapuato, Gto.-La Divisi\u00f3n de Ciencias de la Vida de la Universidad de Guanajuato (UG) es formadora de ecologistas dedicados al cuidado del agua, el suelo y el aire, desde los sectores industrial, p\u00fablico o social. La Divisi\u00f3n celebr\u00f3 el 25 aniversario del programa de Ingenier\u00eda Ambiental. Ricardo Gonz\u00e1lez Barbosa, Coordinador del programa, record\u00f3 que en [&hellip;]","og_url":"https:\/\/kuali.com.mx\/web\/2023\/04\/21\/forman-a-cuidadores-de-recursos-naturales\/","og_site_name":"Kuali","article_publisher":"https:\/\/kuali.com.mx\/web\/wp-content\/uploads\/2018\/04\/cropped-kuali_logo-1-1.png","article_published_time":"2023-04-21T23:27:43+00:00","article_modified_time":"2023-04-22T15:18:25+00:00","og_image":[{"width":1852,"height":750,"url":"https:\/\/kuali.com.mx\/web\/wp-content\/uploads\/2019\/05\/Cuenta-la-esperanza-\u00c1rea-Natural-e1590969964895.jpg","type":"image\/jpeg"}],"author":"Kuali Staff","twitter_card":"summary_large_image","twitter_creator":"@kuali_noticias","twitter_site":"@kuali_noticias","twitter_misc":{"Escrito por":"Kuali Staff","Tiempo de lectura":"3 minutos"},"schema":{"@context":"https:\/\/schema.org","@graph":[{"@type":"Article","@id":"https:\/\/kuali.com.mx\/web\/2023\/04\/21\/forman-a-cuidadores-de-recursos-naturales\/#article","isPartOf":{"@id":"https:\/\/kuali.com.mx\/web\/2023\/04\/21\/forman-a-cuidadores-de-recursos-naturales\/"},"author":{"name":"Kuali Staff","@id":"https:\/\/kuali.com.mx\/web\/#\/schema\/person\/6f89ffa8ecba9dae50662357923c5289"},"headline":"FORMAN A CUIDADORES DE RECURSOS NATURALES","datePublished":"2023-04-21T23:27:43+00:00","dateModified":"2023-04-22T15:18:25+00:00","mainEntityOfPage":{"@id":"https:\/\/kuali.com.mx\/web\/2023\/04\/21\/forman-a-cuidadores-de-recursos-naturales\/"},"wordCount":625,"commentCount":0,"image":{"@id":"https:\/\/kuali.com.mx\/web\/2023\/04\/21\/forman-a-cuidadores-de-recursos-naturales\/#primaryimage"},"thumbnailUrl":"https:\/\/kuali.com.mx\/web\/wp-content\/uploads\/2019\/05\/Cuenta-la-esperanza-\u00c1rea-Natural-e1590969964895.jpg","articleSection":["Ecolog\u00eda"],"inLanguage":"es","potentialAction":[{"@type":"CommentAction","name":"Comment","target":["https:\/\/kuali.com.mx\/web\/2023\/04\/21\/forman-a-cuidadores-de-recursos-naturales\/#respond"]}]},{"@type":"WebPage","@id":"https:\/\/kuali.com.mx\/web\/2023\/04\/21\/forman-a-cuidadores-de-recursos-naturales\/","url":"https:\/\/kuali.com.mx\/web\/2023\/04\/21\/forman-a-cuidadores-de-recursos-naturales\/","name":"FORMAN A CUIDADORES DE RECURSOS NATURALES - Kuali","isPartOf":{"@id":"https:\/\/kuali.com.mx\/web\/#website"},"primaryImageOfPage":{"@id":"https:\/\/kuali.com.mx\/web\/2023\/04\/21\/forman-a-cuidadores-de-recursos-naturales\/#primaryimage"},"image":{"@id":"https:\/\/kuali.com.mx\/web\/2023\/04\/21\/forman-a-cuidadores-de-recursos-naturales\/#primaryimage"},"thumbnailUrl":"https:\/\/kuali.com.mx\/web\/wp-content\/uploads\/2019\/05\/Cuenta-la-esperanza-\u00c1rea-Natural-e1590969964895.jpg","datePublished":"2023-04-21T23:27:43+00:00","dateModified":"2023-04-22T15:18:25+00:00","author":{"@id":"https:\/\/kuali.com.mx\/web\/#\/schema\/person\/6f89ffa8ecba9dae50662357923c5289"},"breadcrumb":{"@id":"https:\/\/kuali.com.mx\/web\/2023\/04\/21\/forman-a-cuidadores-de-recursos-naturales\/#breadcrumb"},"inLanguage":"es","potentialAction":[{"@type":"ReadAction","target":["https:\/\/kuali.com.mx\/web\/2023\/04\/21\/forman-a-cuidadores-de-recursos-naturales\/"]}]},{"@type":"ImageObject","inLanguage":"es","@id":"https:\/\/kuali.com.mx\/web\/2023\/04\/21\/forman-a-cuidadores-de-recursos-naturales\/#primaryimage","url":"https:\/\/kuali.com.mx\/web\/wp-content\/uploads\/2019\/05\/Cuenta-la-esperanza-\u00c1rea-Natural-e1590969964895.jpg","contentUrl":"https:\/\/kuali.com.mx\/web\/wp-content\/uploads\/2019\/05\/Cuenta-la-esperanza-\u00c1rea-Natural-e1590969964895.jpg","width":1852,"height":750},{"@type":"BreadcrumbList","@id":"https:\/\/kuali.com.mx\/web\/2023\/04\/21\/forman-a-cuidadores-de-recursos-naturales\/#breadcrumb","itemListElement":[{"@type":"ListItem","position":1,"name":"Inicio","item":"https:\/\/kuali.com.mx\/web\/"},{"@type":"ListItem","position":2,"name":"FORMAN A CUIDADORES DE RECURSOS NATURALES"}]},{"@type":"WebSite","@id":"https:\/\/kuali.com.mx\/web\/#website","url":"https:\/\/kuali.com.mx\/web\/","name":"Kuali","description":"","potentialAction":[{"@type":"SearchAction","target":{"@type":"EntryPoint","urlTemplate":"https:\/\/kuali.com.mx\/web\/?s={search_term_string}"},"query-input":{"@type":"PropertyValueSpecification","valueRequired":true,"valueName":"search_term_string"}}],"inLanguage":"es"},{"@type":"Person","@id":"https:\/\/kuali.com.mx\/web\/#\/schema\/person\/6f89ffa8ecba9dae50662357923c5289","name":"Kuali Staff","image":{"@type":"ImageObject","inLanguage":"es","@id":"https:\/\/secure.gravatar.com\/avatar\/f917ad82e5ab71227a733c78b6e60715476f69ee6be59feee4eb5d9920c89e0f?s=96&d=mm&r=g","url":"https:\/\/secure.gravatar.com\/avatar\/f917ad82e5ab71227a733c78b6e60715476f69ee6be59feee4eb5d9920c89e0f?s=96&d=mm&r=g","contentUrl":"https:\/\/secure.gravatar.com\/avatar\/f917ad82e5ab71227a733c78b6e60715476f69ee6be59feee4eb5d9920c89e0f?s=96&d=mm&r=g","caption":"Kuali Staff"},"url":"https:\/\/kuali.com.mx\/web\/author\/lagarto\/"}]}},"_links":{"self":[{"href":"https:\/\/kuali.com.mx\/web\/wp-json\/wp\/v2\/posts\/117026","targetHints":{"allow":["GET"]}}],"collection":[{"href":"https:\/\/kuali.com.mx\/web\/wp-json\/wp\/v2\/posts"}],"about":[{"href":"https:\/\/kuali.com.mx\/web\/wp-json\/wp\/v2\/types\/post"}],"author":[{"embeddable":true,"href":"https:\/\/kuali.com.mx\/web\/wp-json\/wp\/v2\/users\/2"}],"replies":[{"embeddable":true,"href":"https:\/\/kuali.com.mx\/web\/wp-json\/wp\/v2\/comments?post=117026"}],"version-history":[{"count":2,"href":"https:\/\/kuali.com.mx\/web\/wp-json\/wp\/v2\/posts\/117026\/revisions"}],"predecessor-version":[{"id":117074,"href":"https:\/\/kuali.com.mx\/web\/wp-json\/wp\/v2\/posts\/117026\/revisions\/117074"}],"wp:featuredmedia":[{"embeddable":true,"href":"https:\/\/kuali.com.mx\/web\/wp-json\/wp\/v2\/media\/55309"}],"wp:attachment":[{"href":"https:\/\/kuali.com.mx\/web\/wp-json\/wp\/v2\/media?parent=117026"}],"wp:term":[{"taxonomy":"category","embeddable":true,"href":"https:\/\/kuali.com.mx\/web\/wp-json\/wp\/v2\/categories?post=117026"},{"taxonomy":"post_tag","embeddable":true,"href":"https:\/\/kuali.com.mx\/web\/wp-json\/wp\/v2\/tags?post=117026"}],"curies":[{"name":"wp","href":"https:\/\/api.w.org\/{rel}","templated":true}]}}