{"id":116856,"date":"2023-04-18T20:34:14","date_gmt":"2023-04-19T02:34:14","guid":{"rendered":"https:\/\/kuali.com.mx\/web\/?p=116856"},"modified":"2023-04-18T21:12:23","modified_gmt":"2023-04-19T03:12:23","slug":"despediran-mas-policias-en-leon-porque-ya-no-son-adecuados","status":"publish","type":"post","link":"https:\/\/kuali.com.mx\/web\/2023\/04\/18\/despediran-mas-policias-en-leon-porque-ya-no-son-adecuados\/","title":{"rendered":"DESPEDIR\u00c1N M\u00c1S POLIC\u00cdAS EN LE\u00d3N \u201cPORQUE YA NO SON ADECUADOS\u201d"},"content":{"rendered":"\n<p><strong>Alicia Arias\/Guanajuato, Gto.- <\/strong>La alcaldesa de Le\u00f3n no se raja. Alejandra Guti\u00e9rrez campos anunci\u00f3 que despedir\u00e1 a m\u00e1s polic\u00edas municipales \u201cporque ya no son adecuados\u201d.<\/p>\n\n\n\n<p>Aunque se reserv\u00f3 la cantidad de elementos que han sido despedidos en lo que va de su administraci\u00f3n, la presidenta municipal record\u00f3 durante los primeros meses de su gobierno, que inici\u00f3 en octubre de 2021, ya sumaban 580 polic\u00edas corridos por diferentes causas, entre ellas, v\u00ednculos con el crimen organizado.<\/p>\n\n\n\n<iframe loading=\"lazy\" src=\"https:\/\/www.facebook.com\/plugins\/video.php?height=308&href=https%3A%2F%2Fwww.facebook.com%2FKualiNoticias%2Fvideos%2F497144472498962%2F&show_text=false&width=560&t=0\" width=\"560\" height=\"308\" style=\"border:none;overflow:hidden\" scrolling=\"no\" frameborder=\"0\" allowfullscreen=\"true\" allow=\"autoplay; clipboard-write; encrypted-media; picture-in-picture; web-share\" allowFullScreen=\"true\"><\/iframe>\n\n\n\n<p>La alcaldesa panista explic\u00f3 que no estar\u00e1 informando p\u00fablicamente y de manera constante la cifra de elementos despedidos \u201cporque es un tema, tambi\u00e9n, de reserva para cuidar el n\u00famero de elementos activos\u201d.<\/p>\n\n\n\n<p>A\u00f1adi\u00f3 que \u201cha sido de manera constante la depura. De hecho, en estos d\u00edas viene otro n\u00famero que se van a estar dando de baja y eso tiene que ser manera constante. Hay que ser valiente, agarrar el toro por los cuernos y no rajarse en el tema de la depura\u201d.<\/p>\n\n\n\n<p>Despedir polic\u00edas \u201cno es una decisi\u00f3n sencilla\u201d, dijo; sin embargo, \u201casum\u00ed el compromiso y la responsabilidad con el ciudadano y lo hemos venido haciendo\u201d, asegur\u00f3 en entrevista con los medios de comunicaci\u00f3n.<\/p>\n\n\n\n<p>Guti\u00e9rrez Campos habl\u00f3 de los esfuerzos que se realizan para mejorar la corporaci\u00f3n polic\u00edaca, como el haber incrementado de 900 a 2 mil 600 horas la capacitaci\u00f3n de los elementos, lo que les permite estar mejor preparados y con una din\u00e1mica operativa diferente operativa porque cuentan con un padrino con rango de comandante que los recibe para seguirlos formando en el campo \u201cy eso dar\u00e1 mejores elementos en campo\u201d, opin\u00f3.<\/p>\n","protected":false},"excerpt":{"rendered":"Alicia Arias\/Guanajuato, Gto.- La alcaldesa de Le\u00f3n no se raja. Alejandra Guti\u00e9rrez campos anunci\u00f3 que despedir\u00e1 a m\u00e1s polic\u00edas municipales \u201cporque ya no son adecuados\u201d. Aunque se reserv\u00f3 la cantidad de elementos que han sido despedidos en lo que va de su administraci\u00f3n, la presidenta municipal record\u00f3 durante los primeros meses de su gobierno, que [&hellip;]","protected":false},"author":2,"featured_media":116859,"comment_status":"open","ping_status":"open","sticky":false,"template":"","format":"standard","meta":{"_seopress_robots_primary_cat":"none","_seopress_titles_title":"","_seopress_titles_desc":"","_seopress_robots_index":"","_monsterinsights_skip_tracking":false,"_monsterinsights_sitenote_active":false,"_monsterinsights_sitenote_note":"","_monsterinsights_sitenote_category":0,"footnotes":""},"categories":[3,69],"tags":[734,2223,1688,10,617,47],"class_list":["post-116856","post","type-post","status-publish","format-standard","has-post-thumbnail","hentry","category-politica","category-slider","tag-alejandra-gutierrez","tag-depuracion","tag-despidos","tag-leon","tag-policias","tag-seguridad"],"yoast_head":"<!-- This site is optimized with the Yoast SEO plugin v27.4 - https:\/\/yoast.com\/product\/yoast-seo-wordpress\/ -->\n<title>DESPEDIR\u00c1N M\u00c1S POLIC\u00cdAS EN LE\u00d3N \u201cPORQUE YA NO SON ADECUADOS\u201d - Kuali<\/title>\n<meta name=\"robots\" content=\"index, follow, max-snippet:-1, max-image-preview:large, max-video-preview:-1\" \/>\n<link rel=\"canonical\" href=\"https:\/\/kuali.com.mx\/web\/2023\/04\/18\/despediran-mas-policias-en-leon-porque-ya-no-son-adecuados\/\" \/>\n<meta property=\"og:locale\" content=\"es_MX\" \/>\n<meta property=\"og:type\" content=\"article\" \/>\n<meta property=\"og:title\" content=\"DESPEDIR\u00c1N M\u00c1S POLIC\u00cdAS EN LE\u00d3N \u201cPORQUE YA NO SON ADECUADOS\u201d - Kuali\" \/>\n<meta property=\"og:description\" content=\"Alicia Arias\/Guanajuato, Gto.- La alcaldesa de Le\u00f3n no se raja. Alejandra Guti\u00e9rrez campos anunci\u00f3 que despedir\u00e1 a m\u00e1s polic\u00edas municipales \u201cporque ya no son adecuados\u201d. Aunque se reserv\u00f3 la cantidad de elementos que han sido despedidos en lo que va de su administraci\u00f3n, la presidenta municipal record\u00f3 durante los primeros meses de su gobierno, que [&hellip;]\" \/>\n<meta property=\"og:url\" content=\"https:\/\/kuali.com.mx\/web\/2023\/04\/18\/despediran-mas-policias-en-leon-porque-ya-no-son-adecuados\/\" \/>\n<meta property=\"og:site_name\" content=\"Kuali\" \/>\n<meta property=\"article:publisher\" content=\"https:\/\/kuali.com.mx\/web\/wp-content\/uploads\/2018\/04\/cropped-kuali_logo-1-1.png\" \/>\n<meta property=\"article:published_time\" content=\"2023-04-19T02:34:14+00:00\" \/>\n<meta property=\"article:modified_time\" content=\"2023-04-19T03:12:23+00:00\" \/>\n<meta property=\"og:image\" content=\"https:\/\/kuali.com.mx\/web\/wp-content\/uploads\/2023\/04\/Alejandra-Gutierrez-con-policias.gif\" \/>\n\t<meta property=\"og:image:width\" content=\"1900\" \/>\n\t<meta property=\"og:image:height\" content=\"750\" \/>\n\t<meta property=\"og:image:type\" content=\"image\/gif\" \/>\n<meta name=\"author\" content=\"Kuali Staff\" \/>\n<meta name=\"twitter:card\" content=\"summary_large_image\" \/>\n<meta name=\"twitter:creator\" content=\"@kuali_noticias\" \/>\n<meta name=\"twitter:site\" content=\"@kuali_noticias\" \/>\n<meta name=\"twitter:label1\" content=\"Escrito por\" \/>\n\t<meta name=\"twitter:data1\" content=\"Kuali Staff\" \/>\n\t<meta name=\"twitter:label2\" content=\"Tiempo de lectura\" \/>\n\t<meta name=\"twitter:data2\" content=\"1 minuto\" \/>\n<script type=\"application\/ld+json\" class=\"yoast-schema-graph\">{\"@context\":\"https:\\\/\\\/schema.org\",\"@graph\":[{\"@type\":\"Article\",\"@id\":\"https:\\\/\\\/kuali.com.mx\\\/web\\\/2023\\\/04\\\/18\\\/despediran-mas-policias-en-leon-porque-ya-no-son-adecuados\\\/#article\",\"isPartOf\":{\"@id\":\"https:\\\/\\\/kuali.com.mx\\\/web\\\/2023\\\/04\\\/18\\\/despediran-mas-policias-en-leon-porque-ya-no-son-adecuados\\\/\"},\"author\":{\"name\":\"Kuali Staff\",\"@id\":\"https:\\\/\\\/kuali.com.mx\\\/web\\\/#\\\/schema\\\/person\\\/6f89ffa8ecba9dae50662357923c5289\"},\"headline\":\"DESPEDIR\u00c1N M\u00c1S POLIC\u00cdAS EN LE\u00d3N \u201cPORQUE YA NO SON ADECUADOS\u201d\",\"datePublished\":\"2023-04-19T02:34:14+00:00\",\"dateModified\":\"2023-04-19T03:12:23+00:00\",\"mainEntityOfPage\":{\"@id\":\"https:\\\/\\\/kuali.com.mx\\\/web\\\/2023\\\/04\\\/18\\\/despediran-mas-policias-en-leon-porque-ya-no-son-adecuados\\\/\"},\"wordCount\":292,\"commentCount\":0,\"image\":{\"@id\":\"https:\\\/\\\/kuali.com.mx\\\/web\\\/2023\\\/04\\\/18\\\/despediran-mas-policias-en-leon-porque-ya-no-son-adecuados\\\/#primaryimage\"},\"thumbnailUrl\":\"https:\\\/\\\/kuali.com.mx\\\/web\\\/wp-content\\\/uploads\\\/2023\\\/04\\\/Alejandra-Gutierrez-con-policias.gif\",\"keywords\":[\"Alejandra Guti\u00e9rrez\",\"Depuraci\u00f3n\",\"Despidos\",\"Le\u00f3n\",\"Polic\u00edas\",\"Seguridad\"],\"articleSection\":[\"Pol\u00edtica\",\"slider\"],\"inLanguage\":\"es\",\"potentialAction\":[{\"@type\":\"CommentAction\",\"name\":\"Comment\",\"target\":[\"https:\\\/\\\/kuali.com.mx\\\/web\\\/2023\\\/04\\\/18\\\/despediran-mas-policias-en-leon-porque-ya-no-son-adecuados\\\/#respond\"]}]},{\"@type\":\"WebPage\",\"@id\":\"https:\\\/\\\/kuali.com.mx\\\/web\\\/2023\\\/04\\\/18\\\/despediran-mas-policias-en-leon-porque-ya-no-son-adecuados\\\/\",\"url\":\"https:\\\/\\\/kuali.com.mx\\\/web\\\/2023\\\/04\\\/18\\\/despediran-mas-policias-en-leon-porque-ya-no-son-adecuados\\\/\",\"name\":\"DESPEDIR\u00c1N M\u00c1S POLIC\u00cdAS EN LE\u00d3N \u201cPORQUE YA NO SON ADECUADOS\u201d - Kuali\",\"isPartOf\":{\"@id\":\"https:\\\/\\\/kuali.com.mx\\\/web\\\/#website\"},\"primaryImageOfPage\":{\"@id\":\"https:\\\/\\\/kuali.com.mx\\\/web\\\/2023\\\/04\\\/18\\\/despediran-mas-policias-en-leon-porque-ya-no-son-adecuados\\\/#primaryimage\"},\"image\":{\"@id\":\"https:\\\/\\\/kuali.com.mx\\\/web\\\/2023\\\/04\\\/18\\\/despediran-mas-policias-en-leon-porque-ya-no-son-adecuados\\\/#primaryimage\"},\"thumbnailUrl\":\"https:\\\/\\\/kuali.com.mx\\\/web\\\/wp-content\\\/uploads\\\/2023\\\/04\\\/Alejandra-Gutierrez-con-policias.gif\",\"datePublished\":\"2023-04-19T02:34:14+00:00\",\"dateModified\":\"2023-04-19T03:12:23+00:00\",\"author\":{\"@id\":\"https:\\\/\\\/kuali.com.mx\\\/web\\\/#\\\/schema\\\/person\\\/6f89ffa8ecba9dae50662357923c5289\"},\"breadcrumb\":{\"@id\":\"https:\\\/\\\/kuali.com.mx\\\/web\\\/2023\\\/04\\\/18\\\/despediran-mas-policias-en-leon-porque-ya-no-son-adecuados\\\/#breadcrumb\"},\"inLanguage\":\"es\",\"potentialAction\":[{\"@type\":\"ReadAction\",\"target\":[\"https:\\\/\\\/kuali.com.mx\\\/web\\\/2023\\\/04\\\/18\\\/despediran-mas-policias-en-leon-porque-ya-no-son-adecuados\\\/\"]}]},{\"@type\":\"ImageObject\",\"inLanguage\":\"es\",\"@id\":\"https:\\\/\\\/kuali.com.mx\\\/web\\\/2023\\\/04\\\/18\\\/despediran-mas-policias-en-leon-porque-ya-no-son-adecuados\\\/#primaryimage\",\"url\":\"https:\\\/\\\/kuali.com.mx\\\/web\\\/wp-content\\\/uploads\\\/2023\\\/04\\\/Alejandra-Gutierrez-con-policias.gif\",\"contentUrl\":\"https:\\\/\\\/kuali.com.mx\\\/web\\\/wp-content\\\/uploads\\\/2023\\\/04\\\/Alejandra-Gutierrez-con-policias.gif\",\"width\":1900,\"height\":750},{\"@type\":\"BreadcrumbList\",\"@id\":\"https:\\\/\\\/kuali.com.mx\\\/web\\\/2023\\\/04\\\/18\\\/despediran-mas-policias-en-leon-porque-ya-no-son-adecuados\\\/#breadcrumb\",\"itemListElement\":[{\"@type\":\"ListItem\",\"position\":1,\"name\":\"Inicio\",\"item\":\"https:\\\/\\\/kuali.com.mx\\\/web\\\/\"},{\"@type\":\"ListItem\",\"position\":2,\"name\":\"DESPEDIR\u00c1N M\u00c1S POLIC\u00cdAS EN LE\u00d3N \u201cPORQUE YA NO SON ADECUADOS\u201d\"}]},{\"@type\":\"WebSite\",\"@id\":\"https:\\\/\\\/kuali.com.mx\\\/web\\\/#website\",\"url\":\"https:\\\/\\\/kuali.com.mx\\\/web\\\/\",\"name\":\"Kuali\",\"description\":\"\",\"potentialAction\":[{\"@type\":\"SearchAction\",\"target\":{\"@type\":\"EntryPoint\",\"urlTemplate\":\"https:\\\/\\\/kuali.com.mx\\\/web\\\/?s={search_term_string}\"},\"query-input\":{\"@type\":\"PropertyValueSpecification\",\"valueRequired\":true,\"valueName\":\"search_term_string\"}}],\"inLanguage\":\"es\"},{\"@type\":\"Person\",\"@id\":\"https:\\\/\\\/kuali.com.mx\\\/web\\\/#\\\/schema\\\/person\\\/6f89ffa8ecba9dae50662357923c5289\",\"name\":\"Kuali Staff\",\"image\":{\"@type\":\"ImageObject\",\"inLanguage\":\"es\",\"@id\":\"https:\\\/\\\/secure.gravatar.com\\\/avatar\\\/f917ad82e5ab71227a733c78b6e60715476f69ee6be59feee4eb5d9920c89e0f?s=96&d=mm&r=g\",\"url\":\"https:\\\/\\\/secure.gravatar.com\\\/avatar\\\/f917ad82e5ab71227a733c78b6e60715476f69ee6be59feee4eb5d9920c89e0f?s=96&d=mm&r=g\",\"contentUrl\":\"https:\\\/\\\/secure.gravatar.com\\\/avatar\\\/f917ad82e5ab71227a733c78b6e60715476f69ee6be59feee4eb5d9920c89e0f?s=96&d=mm&r=g\",\"caption\":\"Kuali Staff\"},\"url\":\"https:\\\/\\\/kuali.com.mx\\\/web\\\/author\\\/lagarto\\\/\"}]}<\/script>\n<!-- \/ Yoast SEO plugin. -->","yoast_head_json":{"title":"DESPEDIR\u00c1N M\u00c1S POLIC\u00cdAS EN LE\u00d3N \u201cPORQUE YA NO SON ADECUADOS\u201d - Kuali","robots":{"index":"index","follow":"follow","max-snippet":"max-snippet:-1","max-image-preview":"max-image-preview:large","max-video-preview":"max-video-preview:-1"},"canonical":"https:\/\/kuali.com.mx\/web\/2023\/04\/18\/despediran-mas-policias-en-leon-porque-ya-no-son-adecuados\/","og_locale":"es_MX","og_type":"article","og_title":"DESPEDIR\u00c1N M\u00c1S POLIC\u00cdAS EN LE\u00d3N \u201cPORQUE YA NO SON ADECUADOS\u201d - Kuali","og_description":"Alicia Arias\/Guanajuato, Gto.- La alcaldesa de Le\u00f3n no se raja. Alejandra Guti\u00e9rrez campos anunci\u00f3 que despedir\u00e1 a m\u00e1s polic\u00edas municipales \u201cporque ya no son adecuados\u201d. Aunque se reserv\u00f3 la cantidad de elementos que han sido despedidos en lo que va de su administraci\u00f3n, la presidenta municipal record\u00f3 durante los primeros meses de su gobierno, que [&hellip;]","og_url":"https:\/\/kuali.com.mx\/web\/2023\/04\/18\/despediran-mas-policias-en-leon-porque-ya-no-son-adecuados\/","og_site_name":"Kuali","article_publisher":"https:\/\/kuali.com.mx\/web\/wp-content\/uploads\/2018\/04\/cropped-kuali_logo-1-1.png","article_published_time":"2023-04-19T02:34:14+00:00","article_modified_time":"2023-04-19T03:12:23+00:00","og_image":[{"width":1900,"height":750,"url":"https:\/\/kuali.com.mx\/web\/wp-content\/uploads\/2023\/04\/Alejandra-Gutierrez-con-policias.gif","type":"image\/gif"}],"author":"Kuali Staff","twitter_card":"summary_large_image","twitter_creator":"@kuali_noticias","twitter_site":"@kuali_noticias","twitter_misc":{"Escrito por":"Kuali Staff","Tiempo de lectura":"1 minuto"},"schema":{"@context":"https:\/\/schema.org","@graph":[{"@type":"Article","@id":"https:\/\/kuali.com.mx\/web\/2023\/04\/18\/despediran-mas-policias-en-leon-porque-ya-no-son-adecuados\/#article","isPartOf":{"@id":"https:\/\/kuali.com.mx\/web\/2023\/04\/18\/despediran-mas-policias-en-leon-porque-ya-no-son-adecuados\/"},"author":{"name":"Kuali Staff","@id":"https:\/\/kuali.com.mx\/web\/#\/schema\/person\/6f89ffa8ecba9dae50662357923c5289"},"headline":"DESPEDIR\u00c1N M\u00c1S POLIC\u00cdAS EN LE\u00d3N \u201cPORQUE YA NO SON ADECUADOS\u201d","datePublished":"2023-04-19T02:34:14+00:00","dateModified":"2023-04-19T03:12:23+00:00","mainEntityOfPage":{"@id":"https:\/\/kuali.com.mx\/web\/2023\/04\/18\/despediran-mas-policias-en-leon-porque-ya-no-son-adecuados\/"},"wordCount":292,"commentCount":0,"image":{"@id":"https:\/\/kuali.com.mx\/web\/2023\/04\/18\/despediran-mas-policias-en-leon-porque-ya-no-son-adecuados\/#primaryimage"},"thumbnailUrl":"https:\/\/kuali.com.mx\/web\/wp-content\/uploads\/2023\/04\/Alejandra-Gutierrez-con-policias.gif","keywords":["Alejandra Guti\u00e9rrez","Depuraci\u00f3n","Despidos","Le\u00f3n","Polic\u00edas","Seguridad"],"articleSection":["Pol\u00edtica","slider"],"inLanguage":"es","potentialAction":[{"@type":"CommentAction","name":"Comment","target":["https:\/\/kuali.com.mx\/web\/2023\/04\/18\/despediran-mas-policias-en-leon-porque-ya-no-son-adecuados\/#respond"]}]},{"@type":"WebPage","@id":"https:\/\/kuali.com.mx\/web\/2023\/04\/18\/despediran-mas-policias-en-leon-porque-ya-no-son-adecuados\/","url":"https:\/\/kuali.com.mx\/web\/2023\/04\/18\/despediran-mas-policias-en-leon-porque-ya-no-son-adecuados\/","name":"DESPEDIR\u00c1N M\u00c1S POLIC\u00cdAS EN LE\u00d3N \u201cPORQUE YA NO SON ADECUADOS\u201d - Kuali","isPartOf":{"@id":"https:\/\/kuali.com.mx\/web\/#website"},"primaryImageOfPage":{"@id":"https:\/\/kuali.com.mx\/web\/2023\/04\/18\/despediran-mas-policias-en-leon-porque-ya-no-son-adecuados\/#primaryimage"},"image":{"@id":"https:\/\/kuali.com.mx\/web\/2023\/04\/18\/despediran-mas-policias-en-leon-porque-ya-no-son-adecuados\/#primaryimage"},"thumbnailUrl":"https:\/\/kuali.com.mx\/web\/wp-content\/uploads\/2023\/04\/Alejandra-Gutierrez-con-policias.gif","datePublished":"2023-04-19T02:34:14+00:00","dateModified":"2023-04-19T03:12:23+00:00","author":{"@id":"https:\/\/kuali.com.mx\/web\/#\/schema\/person\/6f89ffa8ecba9dae50662357923c5289"},"breadcrumb":{"@id":"https:\/\/kuali.com.mx\/web\/2023\/04\/18\/despediran-mas-policias-en-leon-porque-ya-no-son-adecuados\/#breadcrumb"},"inLanguage":"es","potentialAction":[{"@type":"ReadAction","target":["https:\/\/kuali.com.mx\/web\/2023\/04\/18\/despediran-mas-policias-en-leon-porque-ya-no-son-adecuados\/"]}]},{"@type":"ImageObject","inLanguage":"es","@id":"https:\/\/kuali.com.mx\/web\/2023\/04\/18\/despediran-mas-policias-en-leon-porque-ya-no-son-adecuados\/#primaryimage","url":"https:\/\/kuali.com.mx\/web\/wp-content\/uploads\/2023\/04\/Alejandra-Gutierrez-con-policias.gif","contentUrl":"https:\/\/kuali.com.mx\/web\/wp-content\/uploads\/2023\/04\/Alejandra-Gutierrez-con-policias.gif","width":1900,"height":750},{"@type":"BreadcrumbList","@id":"https:\/\/kuali.com.mx\/web\/2023\/04\/18\/despediran-mas-policias-en-leon-porque-ya-no-son-adecuados\/#breadcrumb","itemListElement":[{"@type":"ListItem","position":1,"name":"Inicio","item":"https:\/\/kuali.com.mx\/web\/"},{"@type":"ListItem","position":2,"name":"DESPEDIR\u00c1N M\u00c1S POLIC\u00cdAS EN LE\u00d3N \u201cPORQUE YA NO SON ADECUADOS\u201d"}]},{"@type":"WebSite","@id":"https:\/\/kuali.com.mx\/web\/#website","url":"https:\/\/kuali.com.mx\/web\/","name":"Kuali","description":"","potentialAction":[{"@type":"SearchAction","target":{"@type":"EntryPoint","urlTemplate":"https:\/\/kuali.com.mx\/web\/?s={search_term_string}"},"query-input":{"@type":"PropertyValueSpecification","valueRequired":true,"valueName":"search_term_string"}}],"inLanguage":"es"},{"@type":"Person","@id":"https:\/\/kuali.com.mx\/web\/#\/schema\/person\/6f89ffa8ecba9dae50662357923c5289","name":"Kuali Staff","image":{"@type":"ImageObject","inLanguage":"es","@id":"https:\/\/secure.gravatar.com\/avatar\/f917ad82e5ab71227a733c78b6e60715476f69ee6be59feee4eb5d9920c89e0f?s=96&d=mm&r=g","url":"https:\/\/secure.gravatar.com\/avatar\/f917ad82e5ab71227a733c78b6e60715476f69ee6be59feee4eb5d9920c89e0f?s=96&d=mm&r=g","contentUrl":"https:\/\/secure.gravatar.com\/avatar\/f917ad82e5ab71227a733c78b6e60715476f69ee6be59feee4eb5d9920c89e0f?s=96&d=mm&r=g","caption":"Kuali Staff"},"url":"https:\/\/kuali.com.mx\/web\/author\/lagarto\/"}]}},"_links":{"self":[{"href":"https:\/\/kuali.com.mx\/web\/wp-json\/wp\/v2\/posts\/116856","targetHints":{"allow":["GET"]}}],"collection":[{"href":"https:\/\/kuali.com.mx\/web\/wp-json\/wp\/v2\/posts"}],"about":[{"href":"https:\/\/kuali.com.mx\/web\/wp-json\/wp\/v2\/types\/post"}],"author":[{"embeddable":true,"href":"https:\/\/kuali.com.mx\/web\/wp-json\/wp\/v2\/users\/2"}],"replies":[{"embeddable":true,"href":"https:\/\/kuali.com.mx\/web\/wp-json\/wp\/v2\/comments?post=116856"}],"version-history":[{"count":1,"href":"https:\/\/kuali.com.mx\/web\/wp-json\/wp\/v2\/posts\/116856\/revisions"}],"predecessor-version":[{"id":116860,"href":"https:\/\/kuali.com.mx\/web\/wp-json\/wp\/v2\/posts\/116856\/revisions\/116860"}],"wp:featuredmedia":[{"embeddable":true,"href":"https:\/\/kuali.com.mx\/web\/wp-json\/wp\/v2\/media\/116859"}],"wp:attachment":[{"href":"https:\/\/kuali.com.mx\/web\/wp-json\/wp\/v2\/media?parent=116856"}],"wp:term":[{"taxonomy":"category","embeddable":true,"href":"https:\/\/kuali.com.mx\/web\/wp-json\/wp\/v2\/categories?post=116856"},{"taxonomy":"post_tag","embeddable":true,"href":"https:\/\/kuali.com.mx\/web\/wp-json\/wp\/v2\/tags?post=116856"}],"curies":[{"name":"wp","href":"https:\/\/api.w.org\/{rel}","templated":true}]}}