{"id":116852,"date":"2023-04-18T17:46:20","date_gmt":"2023-04-18T23:46:20","guid":{"rendered":"https:\/\/kuali.com.mx\/web\/?p=116852"},"modified":"2023-04-18T17:46:22","modified_gmt":"2023-04-18T23:46:22","slug":"vive-san-felipe-crisis-de-ingobernabilidad-pan","status":"publish","type":"post","link":"https:\/\/kuali.com.mx\/web\/2023\/04\/18\/vive-san-felipe-crisis-de-ingobernabilidad-pan\/","title":{"rendered":"VIVE SAN FELIPE CRISIS DE INGOBERNABILIDAD: PAN"},"content":{"rendered":"\n<p><strong><em>Kuali\/San Felipe, Gto.-<\/em><\/strong> El municipio de San Felipe vive una crisis de ingobernabilidad generado por las investigaciones contra el alcalde, Eduardo Maldonado Garc\u00eda, por tr\u00e1fico de migrantes, se\u00f1al\u00f3 el l\u00edder del PAN, Eduardo L\u00f3pez Mares.<\/p>\n\n\n\n<p>Cabe recordar que la Fiscal\u00eda General del Estado investiga la red de tr\u00e1fico de migrantes descubierta a ra\u00edz de la supuesta desaparici\u00f3n de 23 habitantes de San Felipe, en el municipio de Matehuala.&nbsp; Nunca hubo guanajuatenses desaparecidos, excepto por los dos choferes de camiones de la empresa Eifel que transportaban centroamericanos.<\/p>\n\n\n\n<p>Aunque no hab\u00eda ciudadanos de San Felipe, el alcalde difundi\u00f3 que est\u00e1n bien y que ya hab\u00edan regresado a sus casas, pero nunca proporcion\u00f3 informaci\u00f3n a las autoridades estatales.<\/p>\n\n\n\n<p>El presidente del Comit\u00e9 Estatal del PAN Guanajuato, Eduardo L\u00f3pez Mares expres\u00f3 su apoyo hacia las regidoras y regidores del municipio de San Felipe que recibieron agresiones f\u00edsicas y verbales por parte de servidores p\u00fablicos el pasado jueves 13 de abril.<\/p>\n\n\n\n<p>Las y los ediles fueron violentados a trav\u00e9s de empujes, golpes y mensajes agresivos. Todo parece apuntar que el motivo fue el descontento del Ayuntamiento ante la situaci\u00f3n de presunta culpabilidad del presidente municipal en las carpetas de investigaci\u00f3n por tr\u00e1fico de personas en el municipio en cuesti\u00f3n.<\/p>\n\n\n\n<p>Ante ello, el dirigente L\u00f3pez Mares precis\u00f3 contundentemente en su mensaje lo siguiente: Hoy San Felipe est\u00e1 en crisis. Nos preocupa el vac\u00edo de poder que se est\u00e1 dando, la ingobernabilidad y el abandono de la ciudadan\u00eda\u2026Las investigaciones de la Fiscal\u00eda de la Rep\u00fablica deben se\u00f1alarnos si el alcalde est\u00e1 metido, si est\u00e1 participando o bien, si est\u00e1 enterado del tr\u00e1fico de personas en su municipio. Si es as\u00ed, que este alcalde aclare o que tambi\u00e9n las investigaciones nos lleven a definir de qu\u00e9 manera est\u00e1 esa participaci\u00f3n\u201d.<\/p>\n\n\n\n<p>El presidente del Comit\u00e9 Estatal se\u00f1al\u00f3 tambi\u00e9n que, en dado caso de que el alcalde de San Felipe no haya participado, el no tener conocimiento de que estas acciones se realizaban en el municipio donde \u00e9l gobierna tambi\u00e9n es grave.<\/p>\n\n\n\n<p>\u201cLo conveniente es que, tanto el alcalde Eduardo Maldonado Garc\u00eda, como el secretario del Ayuntamiento Miguel Jaramillo, se deben separar de sus cargos mientras se realicen las investigaciones\u201d, agreg\u00f3.<\/p>\n\n\n\n<p>Regidoras y regidores del H. Ayuntamiento de San Felipe relataron los hechos ocurridos el pasado 13 de abril.<\/p>\n\n\n\n<p>Mar\u00eda Esther Negrete explic\u00f3 que posterior a la Sesi\u00f3n de Cabildo, las y los ediles recibieron empujones y golpes por parte de servidores p\u00fablicos de la propia administraci\u00f3n sanfelipense.<\/p>\n\n\n\n<p>Derivado de esto, 3 regidoras de diversos partidos acudieron a denunciar ante el Ministerio P\u00fablico, se\u00f1alando a las y los agresores como parte de la n\u00f3mina municipal<\/p>\n\n\n\n<p>\u201cEs muy lamentable que una de las agresoras fuera la representante del Jur\u00eddico del Ayuntamiento en la Administraci\u00f3n 2021-2024\u201d, detall\u00f3 as\u00ed Esther Negrete.<\/p>\n\n\n\n<p>Por su parte, el regidor Edgar Rodr\u00edguez coment\u00f3 que las y los funcionarios que realizaron estos actos han sido se\u00f1alados en diversas ocasiones por el Ayuntamiento, realizando la recomendaci\u00f3n de que ejerzan de manera eficaz sus funciones.<\/p>\n\n\n\n<p>La regidora Mar\u00eda Elena Barrientos reprob\u00f3 las agresiones en cuesti\u00f3n, afirmando que no permitir\u00e1n que se obstruya el trabajo de las y los ediles a trav\u00e9s de tipo de intimidaciones. Tambi\u00e9n el regidor Catarino Rodr\u00edguez se sum\u00f3 al reclamo.<\/p>\n\n\n\n<p>La diputada local, Ang\u00e9lica Casillas inst\u00f3 a que se investigaran a fondo estos hechos y exigi\u00f3 respeto para las regidoras y regidores.<\/p>\n\n\n\n<p>\u201cQuiero pedirle al alcalde que nos pongamos a trabajar. Nuestra obligaci\u00f3n es trabajar por el desarrollo y el beneficio de los sanfelipenses\u201d, concluy\u00f3 la diputada.<\/p>\n\n\n\n<p>.<\/p>\n","protected":false},"excerpt":{"rendered":"Kuali\/San Felipe, Gto.- El municipio de San Felipe vive una crisis de ingobernabilidad generado por las investigaciones contra el alcalde, Eduardo Maldonado Garc\u00eda, por tr\u00e1fico de migrantes, se\u00f1al\u00f3 el l\u00edder del PAN, Eduardo L\u00f3pez Mares. Cabe recordar que la Fiscal\u00eda General del Estado investiga la red de tr\u00e1fico de migrantes descubierta a ra\u00edz de la [&hellip;]","protected":false},"author":2,"featured_media":115434,"comment_status":"open","ping_status":"open","sticky":false,"template":"","format":"standard","meta":{"_seopress_robots_primary_cat":"none","_seopress_titles_title":"","_seopress_titles_desc":"","_seopress_robots_index":"","_monsterinsights_skip_tracking":false,"_monsterinsights_sitenote_active":false,"_monsterinsights_sitenote_note":"","_monsterinsights_sitenote_category":0,"footnotes":""},"categories":[3,69],"tags":[],"class_list":["post-116852","post","type-post","status-publish","format-standard","has-post-thumbnail","hentry","category-politica","category-slider"],"yoast_head":"<!-- This site is optimized with the Yoast SEO plugin v27.4 - https:\/\/yoast.com\/product\/yoast-seo-wordpress\/ -->\n<title>VIVE SAN FELIPE CRISIS DE INGOBERNABILIDAD: PAN - Kuali<\/title>\n<meta name=\"robots\" content=\"index, follow, max-snippet:-1, max-image-preview:large, max-video-preview:-1\" \/>\n<link rel=\"canonical\" href=\"https:\/\/kuali.com.mx\/web\/2023\/04\/18\/vive-san-felipe-crisis-de-ingobernabilidad-pan\/\" \/>\n<meta property=\"og:locale\" content=\"es_MX\" \/>\n<meta property=\"og:type\" content=\"article\" \/>\n<meta property=\"og:title\" content=\"VIVE SAN FELIPE CRISIS DE INGOBERNABILIDAD: PAN - Kuali\" \/>\n<meta property=\"og:description\" content=\"Kuali\/San Felipe, Gto.- El municipio de San Felipe vive una crisis de ingobernabilidad generado por las investigaciones contra el alcalde, Eduardo Maldonado Garc\u00eda, por tr\u00e1fico de migrantes, se\u00f1al\u00f3 el l\u00edder del PAN, Eduardo L\u00f3pez Mares. Cabe recordar que la Fiscal\u00eda General del Estado investiga la red de tr\u00e1fico de migrantes descubierta a ra\u00edz de la [&hellip;]\" \/>\n<meta property=\"og:url\" content=\"https:\/\/kuali.com.mx\/web\/2023\/04\/18\/vive-san-felipe-crisis-de-ingobernabilidad-pan\/\" \/>\n<meta property=\"og:site_name\" content=\"Kuali\" \/>\n<meta property=\"article:publisher\" content=\"https:\/\/kuali.com.mx\/web\/wp-content\/uploads\/2018\/04\/cropped-kuali_logo-1-1.png\" \/>\n<meta property=\"article:published_time\" content=\"2023-04-18T23:46:20+00:00\" \/>\n<meta property=\"article:modified_time\" content=\"2023-04-18T23:46:22+00:00\" \/>\n<meta property=\"og:image\" content=\"https:\/\/kuali.com.mx\/web\/wp-content\/uploads\/2023\/03\/Lalo-Lopez-Mares.gif\" \/>\n\t<meta property=\"og:image:width\" content=\"1700\" \/>\n\t<meta property=\"og:image:height\" content=\"750\" \/>\n\t<meta property=\"og:image:type\" content=\"image\/gif\" \/>\n<meta name=\"author\" content=\"Kuali Staff\" \/>\n<meta name=\"twitter:card\" content=\"summary_large_image\" \/>\n<meta name=\"twitter:creator\" content=\"@kuali_noticias\" \/>\n<meta name=\"twitter:site\" content=\"@kuali_noticias\" \/>\n<meta name=\"twitter:label1\" content=\"Escrito por\" \/>\n\t<meta name=\"twitter:data1\" content=\"Kuali Staff\" \/>\n\t<meta name=\"twitter:label2\" content=\"Tiempo de lectura\" \/>\n\t<meta name=\"twitter:data2\" content=\"3 minutos\" \/>\n<script type=\"application\/ld+json\" class=\"yoast-schema-graph\">{\"@context\":\"https:\\\/\\\/schema.org\",\"@graph\":[{\"@type\":\"Article\",\"@id\":\"https:\\\/\\\/kuali.com.mx\\\/web\\\/2023\\\/04\\\/18\\\/vive-san-felipe-crisis-de-ingobernabilidad-pan\\\/#article\",\"isPartOf\":{\"@id\":\"https:\\\/\\\/kuali.com.mx\\\/web\\\/2023\\\/04\\\/18\\\/vive-san-felipe-crisis-de-ingobernabilidad-pan\\\/\"},\"author\":{\"name\":\"Kuali Staff\",\"@id\":\"https:\\\/\\\/kuali.com.mx\\\/web\\\/#\\\/schema\\\/person\\\/6f89ffa8ecba9dae50662357923c5289\"},\"headline\":\"VIVE SAN FELIPE CRISIS DE INGOBERNABILIDAD: PAN\",\"datePublished\":\"2023-04-18T23:46:20+00:00\",\"dateModified\":\"2023-04-18T23:46:22+00:00\",\"mainEntityOfPage\":{\"@id\":\"https:\\\/\\\/kuali.com.mx\\\/web\\\/2023\\\/04\\\/18\\\/vive-san-felipe-crisis-de-ingobernabilidad-pan\\\/\"},\"wordCount\":642,\"commentCount\":0,\"image\":{\"@id\":\"https:\\\/\\\/kuali.com.mx\\\/web\\\/2023\\\/04\\\/18\\\/vive-san-felipe-crisis-de-ingobernabilidad-pan\\\/#primaryimage\"},\"thumbnailUrl\":\"https:\\\/\\\/kuali.com.mx\\\/web\\\/wp-content\\\/uploads\\\/2023\\\/03\\\/Lalo-Lopez-Mares.gif\",\"articleSection\":[\"Pol\u00edtica\",\"slider\"],\"inLanguage\":\"es\",\"potentialAction\":[{\"@type\":\"CommentAction\",\"name\":\"Comment\",\"target\":[\"https:\\\/\\\/kuali.com.mx\\\/web\\\/2023\\\/04\\\/18\\\/vive-san-felipe-crisis-de-ingobernabilidad-pan\\\/#respond\"]}]},{\"@type\":\"WebPage\",\"@id\":\"https:\\\/\\\/kuali.com.mx\\\/web\\\/2023\\\/04\\\/18\\\/vive-san-felipe-crisis-de-ingobernabilidad-pan\\\/\",\"url\":\"https:\\\/\\\/kuali.com.mx\\\/web\\\/2023\\\/04\\\/18\\\/vive-san-felipe-crisis-de-ingobernabilidad-pan\\\/\",\"name\":\"VIVE SAN FELIPE CRISIS DE INGOBERNABILIDAD: PAN - Kuali\",\"isPartOf\":{\"@id\":\"https:\\\/\\\/kuali.com.mx\\\/web\\\/#website\"},\"primaryImageOfPage\":{\"@id\":\"https:\\\/\\\/kuali.com.mx\\\/web\\\/2023\\\/04\\\/18\\\/vive-san-felipe-crisis-de-ingobernabilidad-pan\\\/#primaryimage\"},\"image\":{\"@id\":\"https:\\\/\\\/kuali.com.mx\\\/web\\\/2023\\\/04\\\/18\\\/vive-san-felipe-crisis-de-ingobernabilidad-pan\\\/#primaryimage\"},\"thumbnailUrl\":\"https:\\\/\\\/kuali.com.mx\\\/web\\\/wp-content\\\/uploads\\\/2023\\\/03\\\/Lalo-Lopez-Mares.gif\",\"datePublished\":\"2023-04-18T23:46:20+00:00\",\"dateModified\":\"2023-04-18T23:46:22+00:00\",\"author\":{\"@id\":\"https:\\\/\\\/kuali.com.mx\\\/web\\\/#\\\/schema\\\/person\\\/6f89ffa8ecba9dae50662357923c5289\"},\"breadcrumb\":{\"@id\":\"https:\\\/\\\/kuali.com.mx\\\/web\\\/2023\\\/04\\\/18\\\/vive-san-felipe-crisis-de-ingobernabilidad-pan\\\/#breadcrumb\"},\"inLanguage\":\"es\",\"potentialAction\":[{\"@type\":\"ReadAction\",\"target\":[\"https:\\\/\\\/kuali.com.mx\\\/web\\\/2023\\\/04\\\/18\\\/vive-san-felipe-crisis-de-ingobernabilidad-pan\\\/\"]}]},{\"@type\":\"ImageObject\",\"inLanguage\":\"es\",\"@id\":\"https:\\\/\\\/kuali.com.mx\\\/web\\\/2023\\\/04\\\/18\\\/vive-san-felipe-crisis-de-ingobernabilidad-pan\\\/#primaryimage\",\"url\":\"https:\\\/\\\/kuali.com.mx\\\/web\\\/wp-content\\\/uploads\\\/2023\\\/03\\\/Lalo-Lopez-Mares.gif\",\"contentUrl\":\"https:\\\/\\\/kuali.com.mx\\\/web\\\/wp-content\\\/uploads\\\/2023\\\/03\\\/Lalo-Lopez-Mares.gif\",\"width\":1700,\"height\":750},{\"@type\":\"BreadcrumbList\",\"@id\":\"https:\\\/\\\/kuali.com.mx\\\/web\\\/2023\\\/04\\\/18\\\/vive-san-felipe-crisis-de-ingobernabilidad-pan\\\/#breadcrumb\",\"itemListElement\":[{\"@type\":\"ListItem\",\"position\":1,\"name\":\"Inicio\",\"item\":\"https:\\\/\\\/kuali.com.mx\\\/web\\\/\"},{\"@type\":\"ListItem\",\"position\":2,\"name\":\"VIVE SAN FELIPE CRISIS DE INGOBERNABILIDAD: PAN\"}]},{\"@type\":\"WebSite\",\"@id\":\"https:\\\/\\\/kuali.com.mx\\\/web\\\/#website\",\"url\":\"https:\\\/\\\/kuali.com.mx\\\/web\\\/\",\"name\":\"Kuali\",\"description\":\"\",\"potentialAction\":[{\"@type\":\"SearchAction\",\"target\":{\"@type\":\"EntryPoint\",\"urlTemplate\":\"https:\\\/\\\/kuali.com.mx\\\/web\\\/?s={search_term_string}\"},\"query-input\":{\"@type\":\"PropertyValueSpecification\",\"valueRequired\":true,\"valueName\":\"search_term_string\"}}],\"inLanguage\":\"es\"},{\"@type\":\"Person\",\"@id\":\"https:\\\/\\\/kuali.com.mx\\\/web\\\/#\\\/schema\\\/person\\\/6f89ffa8ecba9dae50662357923c5289\",\"name\":\"Kuali Staff\",\"image\":{\"@type\":\"ImageObject\",\"inLanguage\":\"es\",\"@id\":\"https:\\\/\\\/secure.gravatar.com\\\/avatar\\\/f917ad82e5ab71227a733c78b6e60715476f69ee6be59feee4eb5d9920c89e0f?s=96&d=mm&r=g\",\"url\":\"https:\\\/\\\/secure.gravatar.com\\\/avatar\\\/f917ad82e5ab71227a733c78b6e60715476f69ee6be59feee4eb5d9920c89e0f?s=96&d=mm&r=g\",\"contentUrl\":\"https:\\\/\\\/secure.gravatar.com\\\/avatar\\\/f917ad82e5ab71227a733c78b6e60715476f69ee6be59feee4eb5d9920c89e0f?s=96&d=mm&r=g\",\"caption\":\"Kuali Staff\"},\"url\":\"https:\\\/\\\/kuali.com.mx\\\/web\\\/author\\\/lagarto\\\/\"}]}<\/script>\n<!-- \/ Yoast SEO plugin. -->","yoast_head_json":{"title":"VIVE SAN FELIPE CRISIS DE INGOBERNABILIDAD: PAN - Kuali","robots":{"index":"index","follow":"follow","max-snippet":"max-snippet:-1","max-image-preview":"max-image-preview:large","max-video-preview":"max-video-preview:-1"},"canonical":"https:\/\/kuali.com.mx\/web\/2023\/04\/18\/vive-san-felipe-crisis-de-ingobernabilidad-pan\/","og_locale":"es_MX","og_type":"article","og_title":"VIVE SAN FELIPE CRISIS DE INGOBERNABILIDAD: PAN - Kuali","og_description":"Kuali\/San Felipe, Gto.- El municipio de San Felipe vive una crisis de ingobernabilidad generado por las investigaciones contra el alcalde, Eduardo Maldonado Garc\u00eda, por tr\u00e1fico de migrantes, se\u00f1al\u00f3 el l\u00edder del PAN, Eduardo L\u00f3pez Mares. Cabe recordar que la Fiscal\u00eda General del Estado investiga la red de tr\u00e1fico de migrantes descubierta a ra\u00edz de la [&hellip;]","og_url":"https:\/\/kuali.com.mx\/web\/2023\/04\/18\/vive-san-felipe-crisis-de-ingobernabilidad-pan\/","og_site_name":"Kuali","article_publisher":"https:\/\/kuali.com.mx\/web\/wp-content\/uploads\/2018\/04\/cropped-kuali_logo-1-1.png","article_published_time":"2023-04-18T23:46:20+00:00","article_modified_time":"2023-04-18T23:46:22+00:00","og_image":[{"width":1700,"height":750,"url":"https:\/\/kuali.com.mx\/web\/wp-content\/uploads\/2023\/03\/Lalo-Lopez-Mares.gif","type":"image\/gif"}],"author":"Kuali Staff","twitter_card":"summary_large_image","twitter_creator":"@kuali_noticias","twitter_site":"@kuali_noticias","twitter_misc":{"Escrito por":"Kuali Staff","Tiempo de lectura":"3 minutos"},"schema":{"@context":"https:\/\/schema.org","@graph":[{"@type":"Article","@id":"https:\/\/kuali.com.mx\/web\/2023\/04\/18\/vive-san-felipe-crisis-de-ingobernabilidad-pan\/#article","isPartOf":{"@id":"https:\/\/kuali.com.mx\/web\/2023\/04\/18\/vive-san-felipe-crisis-de-ingobernabilidad-pan\/"},"author":{"name":"Kuali Staff","@id":"https:\/\/kuali.com.mx\/web\/#\/schema\/person\/6f89ffa8ecba9dae50662357923c5289"},"headline":"VIVE SAN FELIPE CRISIS DE INGOBERNABILIDAD: PAN","datePublished":"2023-04-18T23:46:20+00:00","dateModified":"2023-04-18T23:46:22+00:00","mainEntityOfPage":{"@id":"https:\/\/kuali.com.mx\/web\/2023\/04\/18\/vive-san-felipe-crisis-de-ingobernabilidad-pan\/"},"wordCount":642,"commentCount":0,"image":{"@id":"https:\/\/kuali.com.mx\/web\/2023\/04\/18\/vive-san-felipe-crisis-de-ingobernabilidad-pan\/#primaryimage"},"thumbnailUrl":"https:\/\/kuali.com.mx\/web\/wp-content\/uploads\/2023\/03\/Lalo-Lopez-Mares.gif","articleSection":["Pol\u00edtica","slider"],"inLanguage":"es","potentialAction":[{"@type":"CommentAction","name":"Comment","target":["https:\/\/kuali.com.mx\/web\/2023\/04\/18\/vive-san-felipe-crisis-de-ingobernabilidad-pan\/#respond"]}]},{"@type":"WebPage","@id":"https:\/\/kuali.com.mx\/web\/2023\/04\/18\/vive-san-felipe-crisis-de-ingobernabilidad-pan\/","url":"https:\/\/kuali.com.mx\/web\/2023\/04\/18\/vive-san-felipe-crisis-de-ingobernabilidad-pan\/","name":"VIVE SAN FELIPE CRISIS DE INGOBERNABILIDAD: PAN - Kuali","isPartOf":{"@id":"https:\/\/kuali.com.mx\/web\/#website"},"primaryImageOfPage":{"@id":"https:\/\/kuali.com.mx\/web\/2023\/04\/18\/vive-san-felipe-crisis-de-ingobernabilidad-pan\/#primaryimage"},"image":{"@id":"https:\/\/kuali.com.mx\/web\/2023\/04\/18\/vive-san-felipe-crisis-de-ingobernabilidad-pan\/#primaryimage"},"thumbnailUrl":"https:\/\/kuali.com.mx\/web\/wp-content\/uploads\/2023\/03\/Lalo-Lopez-Mares.gif","datePublished":"2023-04-18T23:46:20+00:00","dateModified":"2023-04-18T23:46:22+00:00","author":{"@id":"https:\/\/kuali.com.mx\/web\/#\/schema\/person\/6f89ffa8ecba9dae50662357923c5289"},"breadcrumb":{"@id":"https:\/\/kuali.com.mx\/web\/2023\/04\/18\/vive-san-felipe-crisis-de-ingobernabilidad-pan\/#breadcrumb"},"inLanguage":"es","potentialAction":[{"@type":"ReadAction","target":["https:\/\/kuali.com.mx\/web\/2023\/04\/18\/vive-san-felipe-crisis-de-ingobernabilidad-pan\/"]}]},{"@type":"ImageObject","inLanguage":"es","@id":"https:\/\/kuali.com.mx\/web\/2023\/04\/18\/vive-san-felipe-crisis-de-ingobernabilidad-pan\/#primaryimage","url":"https:\/\/kuali.com.mx\/web\/wp-content\/uploads\/2023\/03\/Lalo-Lopez-Mares.gif","contentUrl":"https:\/\/kuali.com.mx\/web\/wp-content\/uploads\/2023\/03\/Lalo-Lopez-Mares.gif","width":1700,"height":750},{"@type":"BreadcrumbList","@id":"https:\/\/kuali.com.mx\/web\/2023\/04\/18\/vive-san-felipe-crisis-de-ingobernabilidad-pan\/#breadcrumb","itemListElement":[{"@type":"ListItem","position":1,"name":"Inicio","item":"https:\/\/kuali.com.mx\/web\/"},{"@type":"ListItem","position":2,"name":"VIVE SAN FELIPE CRISIS DE INGOBERNABILIDAD: PAN"}]},{"@type":"WebSite","@id":"https:\/\/kuali.com.mx\/web\/#website","url":"https:\/\/kuali.com.mx\/web\/","name":"Kuali","description":"","potentialAction":[{"@type":"SearchAction","target":{"@type":"EntryPoint","urlTemplate":"https:\/\/kuali.com.mx\/web\/?s={search_term_string}"},"query-input":{"@type":"PropertyValueSpecification","valueRequired":true,"valueName":"search_term_string"}}],"inLanguage":"es"},{"@type":"Person","@id":"https:\/\/kuali.com.mx\/web\/#\/schema\/person\/6f89ffa8ecba9dae50662357923c5289","name":"Kuali Staff","image":{"@type":"ImageObject","inLanguage":"es","@id":"https:\/\/secure.gravatar.com\/avatar\/f917ad82e5ab71227a733c78b6e60715476f69ee6be59feee4eb5d9920c89e0f?s=96&d=mm&r=g","url":"https:\/\/secure.gravatar.com\/avatar\/f917ad82e5ab71227a733c78b6e60715476f69ee6be59feee4eb5d9920c89e0f?s=96&d=mm&r=g","contentUrl":"https:\/\/secure.gravatar.com\/avatar\/f917ad82e5ab71227a733c78b6e60715476f69ee6be59feee4eb5d9920c89e0f?s=96&d=mm&r=g","caption":"Kuali Staff"},"url":"https:\/\/kuali.com.mx\/web\/author\/lagarto\/"}]}},"_links":{"self":[{"href":"https:\/\/kuali.com.mx\/web\/wp-json\/wp\/v2\/posts\/116852","targetHints":{"allow":["GET"]}}],"collection":[{"href":"https:\/\/kuali.com.mx\/web\/wp-json\/wp\/v2\/posts"}],"about":[{"href":"https:\/\/kuali.com.mx\/web\/wp-json\/wp\/v2\/types\/post"}],"author":[{"embeddable":true,"href":"https:\/\/kuali.com.mx\/web\/wp-json\/wp\/v2\/users\/2"}],"replies":[{"embeddable":true,"href":"https:\/\/kuali.com.mx\/web\/wp-json\/wp\/v2\/comments?post=116852"}],"version-history":[{"count":1,"href":"https:\/\/kuali.com.mx\/web\/wp-json\/wp\/v2\/posts\/116852\/revisions"}],"predecessor-version":[{"id":116855,"href":"https:\/\/kuali.com.mx\/web\/wp-json\/wp\/v2\/posts\/116852\/revisions\/116855"}],"wp:featuredmedia":[{"embeddable":true,"href":"https:\/\/kuali.com.mx\/web\/wp-json\/wp\/v2\/media\/115434"}],"wp:attachment":[{"href":"https:\/\/kuali.com.mx\/web\/wp-json\/wp\/v2\/media?parent=116852"}],"wp:term":[{"taxonomy":"category","embeddable":true,"href":"https:\/\/kuali.com.mx\/web\/wp-json\/wp\/v2\/categories?post=116852"},{"taxonomy":"post_tag","embeddable":true,"href":"https:\/\/kuali.com.mx\/web\/wp-json\/wp\/v2\/tags?post=116852"}],"curies":[{"name":"wp","href":"https:\/\/api.w.org\/{rel}","templated":true}]}}