{"id":116787,"date":"2023-04-17T11:30:00","date_gmt":"2023-04-17T17:30:00","guid":{"rendered":"https:\/\/kuali.com.mx\/web\/?p=116787"},"modified":"2023-04-17T22:34:54","modified_gmt":"2023-04-18T04:34:54","slug":"ofertaran-11-mil-500-empleos-temporales","status":"publish","type":"post","link":"https:\/\/kuali.com.mx\/web\/2023\/04\/17\/ofertaran-11-mil-500-empleos-temporales\/","title":{"rendered":"OFERTAR\u00c1N 11 MIL 500 EMPLEOS TEMPORALES"},"content":{"rendered":"\n<p><strong><em>Kuali\/Le\u00f3n, Gto.<\/em><\/strong>- El gobierno de Le\u00f3n reestructurar\u00e1 el programa Ay\u00fadate Ayudando para brindar empleo temporal a 11 mil  500 personas con una inversi\u00f3n de 55 millones de pesos.<\/p>\n\n\n\n<p>Los beneficiados no solamente podr\u00e1n tener un empleo temporal, tambi\u00e9n recibir\u00e1n una capacitaci\u00f3n formativa que pueda llevarlos a conseguir un empleo permanente o, incluso, poner su propio negocio.<\/p>\n\n\n\n<p>\u201cHay personas que no requieren solo un apoyo de manera temporal, lo que requieren es un apoyo para salir adelante y que haya movilidad social. Este ajuste se realiza pensando en c\u00f3mo le vamos a hacer para que esa familia salga adelante y que no requiera el Ay\u00fadate Ayudando cada vez que salgan convocatorias, sino que realmente les ayudes de manera profunda a que salgan adelante con capacitaci\u00f3n, con un trabajo\u201d, dijo la presidenta, Alejandra Guti\u00e9rrez Campos.<\/p>\n\n\n\n<p>En rueda de prensa, Guti\u00e9rrez Campos explic\u00f3 que este a\u00f1o se beneficiar\u00e1n a 11 mil 500 personas durante las tres etapas, en las que se invierten 55 millones de pesos para las tres modalidades:<\/p>\n\n\n\n<p>La primera que en tres semanas se realicen intervenciones en espacios p\u00fablicos y, en la cuarta, se brinde capacitaci\u00f3n.<\/p>\n\n\n\n<p>En la segunda etapa, durante tres semanas se realizar\u00e1n intervenciones en espacios p\u00fablicos y de la cuarta a la octava semana se brindar\u00e1 capacitaci\u00f3n especializada.<\/p>\n\n\n\n<p>La tercera etapa es posible con el apoyo de COMUDE para capacitar a un grupo seleccionado de personas, con la intenci\u00f3n de realizar cursos de verano gratuitos que puedan ser tomados por m\u00e1s de 50 mil ni\u00f1os de las zonas urbana y rural.<\/p>\n\n\n\n<p>Alma Cristina Rodr\u00edguez, secretaria para el Fortalecimiento Social, se\u00f1al\u00f3 que las actividades a realizar tanto en las modalidades uno y dos es limpieza general, deshierbe, pinta de plazas, limpieza de arroyos, espacios p\u00fablicos y educativos.<\/p>\n\n\n\n<p>Los talleres que este a\u00f1o se impartir\u00e1n van relacionados a temas de electricidad, fontaner\u00eda, reparaci\u00f3n de celulares o electrodom\u00e9sticos, serigraf\u00eda, carpinter\u00eda, entre otros.<\/p>\n\n\n\n<p>\u201cSon perfiles que est\u00e1n demandando los propios empresarios y que los ciudadanos van a tener la oportunidad de capacitarse en este nuevo modelo, la primera etapa arranca el d\u00eda de hoy y cerramos el 21 las inscripciones. Viene una segunda etapa, es en julio y una tercera etapa en septiembre\", refiri\u00f3 el secretario para la Reactivaci\u00f3n Econ\u00f3mica de Le\u00f3n, Guillermo Romero Pacheco.<\/p>\n\n\n\n<p>Para participar en Ay\u00fadate Ayudando, las personas deben ser mayores de 18 a\u00f1os con alguna carencia econ\u00f3mica, y en esta ocasi\u00f3n tambi\u00e9n pueden inscribirse adultos mayores que se encuentren en buenas condiciones de salud.<\/p>\n\n\n\n<p>Los interesados deben llevar a cualquiera de las 7 delegaciones los siguientes documentos: solicitud de apoyo individual o comunitaria, identificaci\u00f3n oficial con fotograf\u00eda, CURP y copia de comprobante de domicilio.<\/p>\n\n\n\n<p>REALIZAR\u00c1N FERIA DE EMPLEO, SE OFERTAR\u00c1N M\u00c1S DE 3 MIL EMPLEOS<\/p>\n\n\n\n<p>En otro tema, el secretario para la Reactivaci\u00f3n Econ\u00f3mica de Le\u00f3n, Guillermo Romero Pacheco, anunci\u00f3 que el pr\u00f3ximo martes 25 de abril, se llevar\u00e1 a cabo la segunda edici\u00f3n de la Feria de Oportunidades, donde m\u00e1s de 200 empresas ofertar\u00e1n hasta 3 mil 500 vacantes de empleo en los diversos sectores.<\/p>\n\n\n\n<p>La Feria de Empleo se realizar\u00e1 en las instalaciones de Presidencia Municipal, de 9 de la ma\u00f1ana a 3 de la tarde.<\/p>\n\n\n\n<p>\u201cLo que se va a propiciar es que una persona logre un ingreso permanente en su familia, la forma m\u00e1s efectiva de abatir la pobreza es cuando se lograr un ingreso permanente\u201d, resalt\u00f3.<\/p>\n\n\n\n<p>Adem\u00e1s, coment\u00f3 que hasta marzo de 2023, Le\u00f3n tiene el registro ante el IMSS de 14 mil 859 empleos m\u00e1s, a comparaci\u00f3n del mismo periodo del a\u00f1o anterior.<\/p>\n","protected":false},"excerpt":{"rendered":"Kuali\/Le\u00f3n, Gto.- El gobierno de Le\u00f3n reestructurar\u00e1 el programa Ay\u00fadate Ayudando para brindar empleo temporal a 11 mil 500 personas con una inversi\u00f3n de 55 millones de pesos. Los beneficiados no solamente podr\u00e1n tener un empleo temporal, tambi\u00e9n recibir\u00e1n una capacitaci\u00f3n formativa que pueda llevarlos a conseguir un empleo permanente o, incluso, poner su propio [&hellip;]","protected":false},"author":2,"featured_media":116790,"comment_status":"open","ping_status":"open","sticky":false,"template":"","format":"standard","meta":{"_seopress_robots_primary_cat":"none","_seopress_titles_title":"","_seopress_titles_desc":"","_seopress_robots_index":"","_monsterinsights_skip_tracking":false,"_monsterinsights_sitenote_active":false,"_monsterinsights_sitenote_note":"","_monsterinsights_sitenote_category":0,"footnotes":""},"categories":[3],"tags":[],"class_list":["post-116787","post","type-post","status-publish","format-standard","has-post-thumbnail","hentry","category-politica"],"yoast_head":"<!-- This site is optimized with the Yoast SEO plugin v27.4 - https:\/\/yoast.com\/product\/yoast-seo-wordpress\/ -->\n<title>OFERTAR\u00c1N 11 MIL 500 EMPLEOS TEMPORALES - Kuali<\/title>\n<meta name=\"robots\" content=\"index, follow, max-snippet:-1, max-image-preview:large, max-video-preview:-1\" \/>\n<link rel=\"canonical\" href=\"https:\/\/kuali.com.mx\/web\/2023\/04\/17\/ofertaran-11-mil-500-empleos-temporales\/\" \/>\n<meta property=\"og:locale\" content=\"es_MX\" \/>\n<meta property=\"og:type\" content=\"article\" \/>\n<meta property=\"og:title\" content=\"OFERTAR\u00c1N 11 MIL 500 EMPLEOS TEMPORALES - Kuali\" \/>\n<meta property=\"og:description\" content=\"Kuali\/Le\u00f3n, Gto.- El gobierno de Le\u00f3n reestructurar\u00e1 el programa Ay\u00fadate Ayudando para brindar empleo temporal a 11 mil 500 personas con una inversi\u00f3n de 55 millones de pesos. Los beneficiados no solamente podr\u00e1n tener un empleo temporal, tambi\u00e9n recibir\u00e1n una capacitaci\u00f3n formativa que pueda llevarlos a conseguir un empleo permanente o, incluso, poner su propio [&hellip;]\" \/>\n<meta property=\"og:url\" content=\"https:\/\/kuali.com.mx\/web\/2023\/04\/17\/ofertaran-11-mil-500-empleos-temporales\/\" \/>\n<meta property=\"og:site_name\" content=\"Kuali\" \/>\n<meta property=\"article:publisher\" content=\"https:\/\/kuali.com.mx\/web\/wp-content\/uploads\/2018\/04\/cropped-kuali_logo-1-1.png\" \/>\n<meta property=\"article:published_time\" content=\"2023-04-17T17:30:00+00:00\" \/>\n<meta property=\"article:modified_time\" content=\"2023-04-18T04:34:54+00:00\" \/>\n<meta property=\"og:image\" content=\"https:\/\/kuali.com.mx\/web\/wp-content\/uploads\/2023\/04\/Alejandra-empleo-temporal.jpg\" \/>\n\t<meta property=\"og:image:width\" content=\"927\" \/>\n\t<meta property=\"og:image:height\" content=\"617\" \/>\n\t<meta property=\"og:image:type\" content=\"image\/jpeg\" \/>\n<meta name=\"author\" content=\"Kuali Staff\" \/>\n<meta name=\"twitter:card\" content=\"summary_large_image\" \/>\n<meta name=\"twitter:creator\" content=\"@kuali_noticias\" \/>\n<meta name=\"twitter:site\" content=\"@kuali_noticias\" \/>\n<meta name=\"twitter:label1\" content=\"Escrito por\" \/>\n\t<meta name=\"twitter:data1\" content=\"Kuali Staff\" \/>\n\t<meta name=\"twitter:label2\" content=\"Tiempo de lectura\" \/>\n\t<meta name=\"twitter:data2\" content=\"3 minutos\" \/>\n<script type=\"application\/ld+json\" class=\"yoast-schema-graph\">{\"@context\":\"https:\\\/\\\/schema.org\",\"@graph\":[{\"@type\":\"Article\",\"@id\":\"https:\\\/\\\/kuali.com.mx\\\/web\\\/2023\\\/04\\\/17\\\/ofertaran-11-mil-500-empleos-temporales\\\/#article\",\"isPartOf\":{\"@id\":\"https:\\\/\\\/kuali.com.mx\\\/web\\\/2023\\\/04\\\/17\\\/ofertaran-11-mil-500-empleos-temporales\\\/\"},\"author\":{\"name\":\"Kuali Staff\",\"@id\":\"https:\\\/\\\/kuali.com.mx\\\/web\\\/#\\\/schema\\\/person\\\/6f89ffa8ecba9dae50662357923c5289\"},\"headline\":\"OFERTAR\u00c1N 11 MIL 500 EMPLEOS TEMPORALES\",\"datePublished\":\"2023-04-17T17:30:00+00:00\",\"dateModified\":\"2023-04-18T04:34:54+00:00\",\"mainEntityOfPage\":{\"@id\":\"https:\\\/\\\/kuali.com.mx\\\/web\\\/2023\\\/04\\\/17\\\/ofertaran-11-mil-500-empleos-temporales\\\/\"},\"wordCount\":632,\"commentCount\":0,\"image\":{\"@id\":\"https:\\\/\\\/kuali.com.mx\\\/web\\\/2023\\\/04\\\/17\\\/ofertaran-11-mil-500-empleos-temporales\\\/#primaryimage\"},\"thumbnailUrl\":\"https:\\\/\\\/kuali.com.mx\\\/web\\\/wp-content\\\/uploads\\\/2023\\\/04\\\/Alejandra-empleo-temporal.jpg\",\"articleSection\":[\"Pol\u00edtica\"],\"inLanguage\":\"es\",\"potentialAction\":[{\"@type\":\"CommentAction\",\"name\":\"Comment\",\"target\":[\"https:\\\/\\\/kuali.com.mx\\\/web\\\/2023\\\/04\\\/17\\\/ofertaran-11-mil-500-empleos-temporales\\\/#respond\"]}]},{\"@type\":\"WebPage\",\"@id\":\"https:\\\/\\\/kuali.com.mx\\\/web\\\/2023\\\/04\\\/17\\\/ofertaran-11-mil-500-empleos-temporales\\\/\",\"url\":\"https:\\\/\\\/kuali.com.mx\\\/web\\\/2023\\\/04\\\/17\\\/ofertaran-11-mil-500-empleos-temporales\\\/\",\"name\":\"OFERTAR\u00c1N 11 MIL 500 EMPLEOS TEMPORALES - Kuali\",\"isPartOf\":{\"@id\":\"https:\\\/\\\/kuali.com.mx\\\/web\\\/#website\"},\"primaryImageOfPage\":{\"@id\":\"https:\\\/\\\/kuali.com.mx\\\/web\\\/2023\\\/04\\\/17\\\/ofertaran-11-mil-500-empleos-temporales\\\/#primaryimage\"},\"image\":{\"@id\":\"https:\\\/\\\/kuali.com.mx\\\/web\\\/2023\\\/04\\\/17\\\/ofertaran-11-mil-500-empleos-temporales\\\/#primaryimage\"},\"thumbnailUrl\":\"https:\\\/\\\/kuali.com.mx\\\/web\\\/wp-content\\\/uploads\\\/2023\\\/04\\\/Alejandra-empleo-temporal.jpg\",\"datePublished\":\"2023-04-17T17:30:00+00:00\",\"dateModified\":\"2023-04-18T04:34:54+00:00\",\"author\":{\"@id\":\"https:\\\/\\\/kuali.com.mx\\\/web\\\/#\\\/schema\\\/person\\\/6f89ffa8ecba9dae50662357923c5289\"},\"breadcrumb\":{\"@id\":\"https:\\\/\\\/kuali.com.mx\\\/web\\\/2023\\\/04\\\/17\\\/ofertaran-11-mil-500-empleos-temporales\\\/#breadcrumb\"},\"inLanguage\":\"es\",\"potentialAction\":[{\"@type\":\"ReadAction\",\"target\":[\"https:\\\/\\\/kuali.com.mx\\\/web\\\/2023\\\/04\\\/17\\\/ofertaran-11-mil-500-empleos-temporales\\\/\"]}]},{\"@type\":\"ImageObject\",\"inLanguage\":\"es\",\"@id\":\"https:\\\/\\\/kuali.com.mx\\\/web\\\/2023\\\/04\\\/17\\\/ofertaran-11-mil-500-empleos-temporales\\\/#primaryimage\",\"url\":\"https:\\\/\\\/kuali.com.mx\\\/web\\\/wp-content\\\/uploads\\\/2023\\\/04\\\/Alejandra-empleo-temporal.jpg\",\"contentUrl\":\"https:\\\/\\\/kuali.com.mx\\\/web\\\/wp-content\\\/uploads\\\/2023\\\/04\\\/Alejandra-empleo-temporal.jpg\",\"width\":927,\"height\":617},{\"@type\":\"BreadcrumbList\",\"@id\":\"https:\\\/\\\/kuali.com.mx\\\/web\\\/2023\\\/04\\\/17\\\/ofertaran-11-mil-500-empleos-temporales\\\/#breadcrumb\",\"itemListElement\":[{\"@type\":\"ListItem\",\"position\":1,\"name\":\"Inicio\",\"item\":\"https:\\\/\\\/kuali.com.mx\\\/web\\\/\"},{\"@type\":\"ListItem\",\"position\":2,\"name\":\"OFERTAR\u00c1N 11 MIL 500 EMPLEOS TEMPORALES\"}]},{\"@type\":\"WebSite\",\"@id\":\"https:\\\/\\\/kuali.com.mx\\\/web\\\/#website\",\"url\":\"https:\\\/\\\/kuali.com.mx\\\/web\\\/\",\"name\":\"Kuali\",\"description\":\"\",\"potentialAction\":[{\"@type\":\"SearchAction\",\"target\":{\"@type\":\"EntryPoint\",\"urlTemplate\":\"https:\\\/\\\/kuali.com.mx\\\/web\\\/?s={search_term_string}\"},\"query-input\":{\"@type\":\"PropertyValueSpecification\",\"valueRequired\":true,\"valueName\":\"search_term_string\"}}],\"inLanguage\":\"es\"},{\"@type\":\"Person\",\"@id\":\"https:\\\/\\\/kuali.com.mx\\\/web\\\/#\\\/schema\\\/person\\\/6f89ffa8ecba9dae50662357923c5289\",\"name\":\"Kuali Staff\",\"image\":{\"@type\":\"ImageObject\",\"inLanguage\":\"es\",\"@id\":\"https:\\\/\\\/secure.gravatar.com\\\/avatar\\\/f917ad82e5ab71227a733c78b6e60715476f69ee6be59feee4eb5d9920c89e0f?s=96&d=mm&r=g\",\"url\":\"https:\\\/\\\/secure.gravatar.com\\\/avatar\\\/f917ad82e5ab71227a733c78b6e60715476f69ee6be59feee4eb5d9920c89e0f?s=96&d=mm&r=g\",\"contentUrl\":\"https:\\\/\\\/secure.gravatar.com\\\/avatar\\\/f917ad82e5ab71227a733c78b6e60715476f69ee6be59feee4eb5d9920c89e0f?s=96&d=mm&r=g\",\"caption\":\"Kuali Staff\"},\"url\":\"https:\\\/\\\/kuali.com.mx\\\/web\\\/author\\\/lagarto\\\/\"}]}<\/script>\n<!-- \/ Yoast SEO plugin. -->","yoast_head_json":{"title":"OFERTAR\u00c1N 11 MIL 500 EMPLEOS TEMPORALES - Kuali","robots":{"index":"index","follow":"follow","max-snippet":"max-snippet:-1","max-image-preview":"max-image-preview:large","max-video-preview":"max-video-preview:-1"},"canonical":"https:\/\/kuali.com.mx\/web\/2023\/04\/17\/ofertaran-11-mil-500-empleos-temporales\/","og_locale":"es_MX","og_type":"article","og_title":"OFERTAR\u00c1N 11 MIL 500 EMPLEOS TEMPORALES - Kuali","og_description":"Kuali\/Le\u00f3n, Gto.- El gobierno de Le\u00f3n reestructurar\u00e1 el programa Ay\u00fadate Ayudando para brindar empleo temporal a 11 mil 500 personas con una inversi\u00f3n de 55 millones de pesos. Los beneficiados no solamente podr\u00e1n tener un empleo temporal, tambi\u00e9n recibir\u00e1n una capacitaci\u00f3n formativa que pueda llevarlos a conseguir un empleo permanente o, incluso, poner su propio [&hellip;]","og_url":"https:\/\/kuali.com.mx\/web\/2023\/04\/17\/ofertaran-11-mil-500-empleos-temporales\/","og_site_name":"Kuali","article_publisher":"https:\/\/kuali.com.mx\/web\/wp-content\/uploads\/2018\/04\/cropped-kuali_logo-1-1.png","article_published_time":"2023-04-17T17:30:00+00:00","article_modified_time":"2023-04-18T04:34:54+00:00","og_image":[{"width":927,"height":617,"url":"https:\/\/kuali.com.mx\/web\/wp-content\/uploads\/2023\/04\/Alejandra-empleo-temporal.jpg","type":"image\/jpeg"}],"author":"Kuali Staff","twitter_card":"summary_large_image","twitter_creator":"@kuali_noticias","twitter_site":"@kuali_noticias","twitter_misc":{"Escrito por":"Kuali Staff","Tiempo de lectura":"3 minutos"},"schema":{"@context":"https:\/\/schema.org","@graph":[{"@type":"Article","@id":"https:\/\/kuali.com.mx\/web\/2023\/04\/17\/ofertaran-11-mil-500-empleos-temporales\/#article","isPartOf":{"@id":"https:\/\/kuali.com.mx\/web\/2023\/04\/17\/ofertaran-11-mil-500-empleos-temporales\/"},"author":{"name":"Kuali Staff","@id":"https:\/\/kuali.com.mx\/web\/#\/schema\/person\/6f89ffa8ecba9dae50662357923c5289"},"headline":"OFERTAR\u00c1N 11 MIL 500 EMPLEOS TEMPORALES","datePublished":"2023-04-17T17:30:00+00:00","dateModified":"2023-04-18T04:34:54+00:00","mainEntityOfPage":{"@id":"https:\/\/kuali.com.mx\/web\/2023\/04\/17\/ofertaran-11-mil-500-empleos-temporales\/"},"wordCount":632,"commentCount":0,"image":{"@id":"https:\/\/kuali.com.mx\/web\/2023\/04\/17\/ofertaran-11-mil-500-empleos-temporales\/#primaryimage"},"thumbnailUrl":"https:\/\/kuali.com.mx\/web\/wp-content\/uploads\/2023\/04\/Alejandra-empleo-temporal.jpg","articleSection":["Pol\u00edtica"],"inLanguage":"es","potentialAction":[{"@type":"CommentAction","name":"Comment","target":["https:\/\/kuali.com.mx\/web\/2023\/04\/17\/ofertaran-11-mil-500-empleos-temporales\/#respond"]}]},{"@type":"WebPage","@id":"https:\/\/kuali.com.mx\/web\/2023\/04\/17\/ofertaran-11-mil-500-empleos-temporales\/","url":"https:\/\/kuali.com.mx\/web\/2023\/04\/17\/ofertaran-11-mil-500-empleos-temporales\/","name":"OFERTAR\u00c1N 11 MIL 500 EMPLEOS TEMPORALES - Kuali","isPartOf":{"@id":"https:\/\/kuali.com.mx\/web\/#website"},"primaryImageOfPage":{"@id":"https:\/\/kuali.com.mx\/web\/2023\/04\/17\/ofertaran-11-mil-500-empleos-temporales\/#primaryimage"},"image":{"@id":"https:\/\/kuali.com.mx\/web\/2023\/04\/17\/ofertaran-11-mil-500-empleos-temporales\/#primaryimage"},"thumbnailUrl":"https:\/\/kuali.com.mx\/web\/wp-content\/uploads\/2023\/04\/Alejandra-empleo-temporal.jpg","datePublished":"2023-04-17T17:30:00+00:00","dateModified":"2023-04-18T04:34:54+00:00","author":{"@id":"https:\/\/kuali.com.mx\/web\/#\/schema\/person\/6f89ffa8ecba9dae50662357923c5289"},"breadcrumb":{"@id":"https:\/\/kuali.com.mx\/web\/2023\/04\/17\/ofertaran-11-mil-500-empleos-temporales\/#breadcrumb"},"inLanguage":"es","potentialAction":[{"@type":"ReadAction","target":["https:\/\/kuali.com.mx\/web\/2023\/04\/17\/ofertaran-11-mil-500-empleos-temporales\/"]}]},{"@type":"ImageObject","inLanguage":"es","@id":"https:\/\/kuali.com.mx\/web\/2023\/04\/17\/ofertaran-11-mil-500-empleos-temporales\/#primaryimage","url":"https:\/\/kuali.com.mx\/web\/wp-content\/uploads\/2023\/04\/Alejandra-empleo-temporal.jpg","contentUrl":"https:\/\/kuali.com.mx\/web\/wp-content\/uploads\/2023\/04\/Alejandra-empleo-temporal.jpg","width":927,"height":617},{"@type":"BreadcrumbList","@id":"https:\/\/kuali.com.mx\/web\/2023\/04\/17\/ofertaran-11-mil-500-empleos-temporales\/#breadcrumb","itemListElement":[{"@type":"ListItem","position":1,"name":"Inicio","item":"https:\/\/kuali.com.mx\/web\/"},{"@type":"ListItem","position":2,"name":"OFERTAR\u00c1N 11 MIL 500 EMPLEOS TEMPORALES"}]},{"@type":"WebSite","@id":"https:\/\/kuali.com.mx\/web\/#website","url":"https:\/\/kuali.com.mx\/web\/","name":"Kuali","description":"","potentialAction":[{"@type":"SearchAction","target":{"@type":"EntryPoint","urlTemplate":"https:\/\/kuali.com.mx\/web\/?s={search_term_string}"},"query-input":{"@type":"PropertyValueSpecification","valueRequired":true,"valueName":"search_term_string"}}],"inLanguage":"es"},{"@type":"Person","@id":"https:\/\/kuali.com.mx\/web\/#\/schema\/person\/6f89ffa8ecba9dae50662357923c5289","name":"Kuali Staff","image":{"@type":"ImageObject","inLanguage":"es","@id":"https:\/\/secure.gravatar.com\/avatar\/f917ad82e5ab71227a733c78b6e60715476f69ee6be59feee4eb5d9920c89e0f?s=96&d=mm&r=g","url":"https:\/\/secure.gravatar.com\/avatar\/f917ad82e5ab71227a733c78b6e60715476f69ee6be59feee4eb5d9920c89e0f?s=96&d=mm&r=g","contentUrl":"https:\/\/secure.gravatar.com\/avatar\/f917ad82e5ab71227a733c78b6e60715476f69ee6be59feee4eb5d9920c89e0f?s=96&d=mm&r=g","caption":"Kuali Staff"},"url":"https:\/\/kuali.com.mx\/web\/author\/lagarto\/"}]}},"_links":{"self":[{"href":"https:\/\/kuali.com.mx\/web\/wp-json\/wp\/v2\/posts\/116787","targetHints":{"allow":["GET"]}}],"collection":[{"href":"https:\/\/kuali.com.mx\/web\/wp-json\/wp\/v2\/posts"}],"about":[{"href":"https:\/\/kuali.com.mx\/web\/wp-json\/wp\/v2\/types\/post"}],"author":[{"embeddable":true,"href":"https:\/\/kuali.com.mx\/web\/wp-json\/wp\/v2\/users\/2"}],"replies":[{"embeddable":true,"href":"https:\/\/kuali.com.mx\/web\/wp-json\/wp\/v2\/comments?post=116787"}],"version-history":[{"count":1,"href":"https:\/\/kuali.com.mx\/web\/wp-json\/wp\/v2\/posts\/116787\/revisions"}],"predecessor-version":[{"id":116791,"href":"https:\/\/kuali.com.mx\/web\/wp-json\/wp\/v2\/posts\/116787\/revisions\/116791"}],"wp:featuredmedia":[{"embeddable":true,"href":"https:\/\/kuali.com.mx\/web\/wp-json\/wp\/v2\/media\/116790"}],"wp:attachment":[{"href":"https:\/\/kuali.com.mx\/web\/wp-json\/wp\/v2\/media?parent=116787"}],"wp:term":[{"taxonomy":"category","embeddable":true,"href":"https:\/\/kuali.com.mx\/web\/wp-json\/wp\/v2\/categories?post=116787"},{"taxonomy":"post_tag","embeddable":true,"href":"https:\/\/kuali.com.mx\/web\/wp-json\/wp\/v2\/tags?post=116787"}],"curies":[{"name":"wp","href":"https:\/\/api.w.org\/{rel}","templated":true}]}}