{"id":116741,"date":"2023-04-17T14:31:46","date_gmt":"2023-04-17T20:31:46","guid":{"rendered":"https:\/\/kuali.com.mx\/web\/?p=116741"},"modified":"2023-04-17T15:11:58","modified_gmt":"2023-04-17T21:11:58","slug":"niegan-abogados-independientes-vinculo-con-morena","status":"publish","type":"post","link":"https:\/\/kuali.com.mx\/web\/2023\/04\/17\/niegan-abogados-independientes-vinculo-con-morena\/","title":{"rendered":"NIEGAN ABOGADOS INDEPENDIENTES V\u00cdNCULO CON MORENA"},"content":{"rendered":"\n<p><strong><em>Carlos Garc\u00eda\/Le\u00f3n, Gto.-<\/em><\/strong> Es falso que la Asociaci\u00f3n de Abogados Independientes de Guanajuato (AIG) tenga relaci\u00f3n con Morena, como afirm\u00f3 el gobernador, Diego Sinhue Rodr\u00edguez Vallejo, al ser cuestionado sobre la solicitud que hizo la agrupaci\u00f3n para que destituya al secretario de seguridad, Alvar Cabeza de Vaca Appendini, aclararon los abogados Roberto Saucedo Pimentel, Oscar Silva Ortiz, Omar Jim\u00e9nez Navarro y Edmundo Lozano Serna.<\/p>\n\n\n\n<p>\u201cMediante una argumentaci\u00f3n falaz, se ataca a quienes integramos la Asociaci\u00f3n de Abogados Independientes, mediante el cual, pretende descalificarnos de manera equivoca\u201d, refieren.<\/p>\n\n\n\n<p>En el marco de la entrevista sobre la masacre en Cortazar y sobre la petici\u00f3n de los Abogados Independientes para que cese a Alvar Cabeza de Vaca por su falta de resultados en materia de seguridad, Diego Sinhue Rodr\u00edguez sostuvo que \u201cson abogados que est\u00e1n vinculados a Morena y as\u00ed hay que verlo\u201d.<\/p>\n\n\n\n<p>Los abogados emitieron una carta a la opini\u00f3n p\u00fablica y al gobernador donde externaron una \u201ctotal indignaci\u00f3n\u201d a los se\u00f1alamientos de Rodr\u00edguez Vallejo y recalcaron que \u201csomos profesionales del derecho y estamos desvinculados de toda actividad pol\u00edtico partidista\u201d.<\/p>\n\n\n\n<p>\u201cPedimos al gobernador tolerancia y respeto, que nos centremos en el tema, que verdaderamente importa; que es la inseguridad, que no se desv\u00ede por la tangente\u201d, externaron.<\/p>\n\n\n\n<p>El Ejecutivo tiene que explicar a la poblaci\u00f3n porque en los 10 a\u00f1os y seis meses que lleva Cabeza de Vaca al frente de la Secretar\u00eda de Seguridad y de la aplicaci\u00f3n del programa \u201cEscudo\u201d, que cost\u00f3 tres mil millones de pesos, los homicidios siguen al alza, exhortaron.<\/p>\n\n\n\n<p>&nbsp;\u201cQue nos responda como titular del Ejecutivo, porque ha decidido mantenerlo en el puesto, sin aceptar la realidad que vivimos el resto de los ciudadanos; quienes consideramos urgente que se remueva al titular de esa dependencia porque no ha dado resultados y el postergar esta decisi\u00f3n est\u00e1 costando miles de vidas\u201d, sostienen en la carta.<\/p>\n\n\n\n<p>Roberto Saucedo Pimentel, Oscar Silva Ortiz, Omar Jim\u00e9nez Navarro y Edmundo Lozano Serna remarcaron que no son enemigos del gobernador y lo que buscan es aportar soluciones a los problemas de inseguridad.<\/p>\n\n\n\n<p>\u201cLe pedimos de cara a la ciudadan\u00eda que nos conceda un espacio en su agenda para dialogar y escuchar los argumentos, mostr\u00e1ndonos un mayor humanismo, tolerancia a la cr\u00edtica y solidaridad con quienes somos sus gobernados\u201d, refieren.<\/p>\n\n\n\n<p>La responsabilidad hist\u00f3rica del clima de inseguridad que vive Guanajuato puede ser el legado de Diego Sinhue, por eso \u201cesperamos un verdadero golpe de tim\u00f3n, que no solo se quede en el discurso, sino en acciones efectivas que devuelvan la seguridad a los guanajuatenses. Es por ello que buscamos que nos escuche\u201d remata la carta.<\/p>\n","protected":false},"excerpt":{"rendered":"Carlos Garc\u00eda\/Le\u00f3n, Gto.- Es falso que la Asociaci\u00f3n de Abogados Independientes de Guanajuato (AIG) tenga relaci\u00f3n con Morena, como afirm\u00f3 el gobernador, Diego Sinhue Rodr\u00edguez Vallejo, al ser cuestionado sobre la solicitud que hizo la agrupaci\u00f3n para que destituya al secretario de seguridad, Alvar Cabeza de Vaca Appendini, aclararon los abogados Roberto Saucedo Pimentel, Oscar [&hellip;]","protected":false},"author":2,"featured_media":116744,"comment_status":"open","ping_status":"open","sticky":false,"template":"","format":"standard","meta":{"_seopress_robots_primary_cat":"none","_seopress_titles_title":"","_seopress_titles_desc":"","_seopress_robots_index":"","_monsterinsights_skip_tracking":false,"_monsterinsights_sitenote_active":false,"_monsterinsights_sitenote_note":"","_monsterinsights_sitenote_category":0,"footnotes":""},"categories":[3,69],"tags":[],"class_list":["post-116741","post","type-post","status-publish","format-standard","has-post-thumbnail","hentry","category-politica","category-slider"],"yoast_head":"<!-- This site is optimized with the Yoast SEO plugin v27.4 - https:\/\/yoast.com\/product\/yoast-seo-wordpress\/ -->\n<title>NIEGAN ABOGADOS INDEPENDIENTES V\u00cdNCULO CON MORENA - Kuali<\/title>\n<meta name=\"robots\" content=\"index, follow, max-snippet:-1, max-image-preview:large, max-video-preview:-1\" \/>\n<link rel=\"canonical\" href=\"https:\/\/kuali.com.mx\/web\/2023\/04\/17\/niegan-abogados-independientes-vinculo-con-morena\/\" \/>\n<meta property=\"og:locale\" content=\"es_MX\" \/>\n<meta property=\"og:type\" content=\"article\" \/>\n<meta property=\"og:title\" content=\"NIEGAN ABOGADOS INDEPENDIENTES V\u00cdNCULO CON MORENA - Kuali\" \/>\n<meta property=\"og:description\" content=\"Carlos Garc\u00eda\/Le\u00f3n, Gto.- Es falso que la Asociaci\u00f3n de Abogados Independientes de Guanajuato (AIG) tenga relaci\u00f3n con Morena, como afirm\u00f3 el gobernador, Diego Sinhue Rodr\u00edguez Vallejo, al ser cuestionado sobre la solicitud que hizo la agrupaci\u00f3n para que destituya al secretario de seguridad, Alvar Cabeza de Vaca Appendini, aclararon los abogados Roberto Saucedo Pimentel, Oscar [&hellip;]\" \/>\n<meta property=\"og:url\" content=\"https:\/\/kuali.com.mx\/web\/2023\/04\/17\/niegan-abogados-independientes-vinculo-con-morena\/\" \/>\n<meta property=\"og:site_name\" content=\"Kuali\" \/>\n<meta property=\"article:publisher\" content=\"https:\/\/kuali.com.mx\/web\/wp-content\/uploads\/2018\/04\/cropped-kuali_logo-1-1.png\" \/>\n<meta property=\"article:published_time\" content=\"2023-04-17T20:31:46+00:00\" \/>\n<meta property=\"article:modified_time\" content=\"2023-04-17T21:11:58+00:00\" \/>\n<meta property=\"og:image\" content=\"https:\/\/kuali.com.mx\/web\/wp-content\/uploads\/2023\/04\/Abogados-Independientes.jpg\" \/>\n\t<meta property=\"og:image:width\" content=\"1866\" \/>\n\t<meta property=\"og:image:height\" content=\"750\" \/>\n\t<meta property=\"og:image:type\" content=\"image\/jpeg\" \/>\n<meta name=\"author\" content=\"Kuali Staff\" \/>\n<meta name=\"twitter:card\" content=\"summary_large_image\" \/>\n<meta name=\"twitter:creator\" content=\"@kuali_noticias\" \/>\n<meta name=\"twitter:site\" content=\"@kuali_noticias\" \/>\n<meta name=\"twitter:label1\" content=\"Escrito por\" \/>\n\t<meta name=\"twitter:data1\" content=\"Kuali Staff\" \/>\n\t<meta name=\"twitter:label2\" content=\"Tiempo de lectura\" \/>\n\t<meta name=\"twitter:data2\" content=\"2 minutos\" \/>\n<script type=\"application\/ld+json\" class=\"yoast-schema-graph\">{\"@context\":\"https:\\\/\\\/schema.org\",\"@graph\":[{\"@type\":\"Article\",\"@id\":\"https:\\\/\\\/kuali.com.mx\\\/web\\\/2023\\\/04\\\/17\\\/niegan-abogados-independientes-vinculo-con-morena\\\/#article\",\"isPartOf\":{\"@id\":\"https:\\\/\\\/kuali.com.mx\\\/web\\\/2023\\\/04\\\/17\\\/niegan-abogados-independientes-vinculo-con-morena\\\/\"},\"author\":{\"name\":\"Kuali Staff\",\"@id\":\"https:\\\/\\\/kuali.com.mx\\\/web\\\/#\\\/schema\\\/person\\\/6f89ffa8ecba9dae50662357923c5289\"},\"headline\":\"NIEGAN ABOGADOS INDEPENDIENTES V\u00cdNCULO CON MORENA\",\"datePublished\":\"2023-04-17T20:31:46+00:00\",\"dateModified\":\"2023-04-17T21:11:58+00:00\",\"mainEntityOfPage\":{\"@id\":\"https:\\\/\\\/kuali.com.mx\\\/web\\\/2023\\\/04\\\/17\\\/niegan-abogados-independientes-vinculo-con-morena\\\/\"},\"wordCount\":471,\"commentCount\":0,\"image\":{\"@id\":\"https:\\\/\\\/kuali.com.mx\\\/web\\\/2023\\\/04\\\/17\\\/niegan-abogados-independientes-vinculo-con-morena\\\/#primaryimage\"},\"thumbnailUrl\":\"https:\\\/\\\/kuali.com.mx\\\/web\\\/wp-content\\\/uploads\\\/2023\\\/04\\\/Abogados-Independientes.jpg\",\"articleSection\":[\"Pol\u00edtica\",\"slider\"],\"inLanguage\":\"es\",\"potentialAction\":[{\"@type\":\"CommentAction\",\"name\":\"Comment\",\"target\":[\"https:\\\/\\\/kuali.com.mx\\\/web\\\/2023\\\/04\\\/17\\\/niegan-abogados-independientes-vinculo-con-morena\\\/#respond\"]}]},{\"@type\":\"WebPage\",\"@id\":\"https:\\\/\\\/kuali.com.mx\\\/web\\\/2023\\\/04\\\/17\\\/niegan-abogados-independientes-vinculo-con-morena\\\/\",\"url\":\"https:\\\/\\\/kuali.com.mx\\\/web\\\/2023\\\/04\\\/17\\\/niegan-abogados-independientes-vinculo-con-morena\\\/\",\"name\":\"NIEGAN ABOGADOS INDEPENDIENTES V\u00cdNCULO CON MORENA - Kuali\",\"isPartOf\":{\"@id\":\"https:\\\/\\\/kuali.com.mx\\\/web\\\/#website\"},\"primaryImageOfPage\":{\"@id\":\"https:\\\/\\\/kuali.com.mx\\\/web\\\/2023\\\/04\\\/17\\\/niegan-abogados-independientes-vinculo-con-morena\\\/#primaryimage\"},\"image\":{\"@id\":\"https:\\\/\\\/kuali.com.mx\\\/web\\\/2023\\\/04\\\/17\\\/niegan-abogados-independientes-vinculo-con-morena\\\/#primaryimage\"},\"thumbnailUrl\":\"https:\\\/\\\/kuali.com.mx\\\/web\\\/wp-content\\\/uploads\\\/2023\\\/04\\\/Abogados-Independientes.jpg\",\"datePublished\":\"2023-04-17T20:31:46+00:00\",\"dateModified\":\"2023-04-17T21:11:58+00:00\",\"author\":{\"@id\":\"https:\\\/\\\/kuali.com.mx\\\/web\\\/#\\\/schema\\\/person\\\/6f89ffa8ecba9dae50662357923c5289\"},\"breadcrumb\":{\"@id\":\"https:\\\/\\\/kuali.com.mx\\\/web\\\/2023\\\/04\\\/17\\\/niegan-abogados-independientes-vinculo-con-morena\\\/#breadcrumb\"},\"inLanguage\":\"es\",\"potentialAction\":[{\"@type\":\"ReadAction\",\"target\":[\"https:\\\/\\\/kuali.com.mx\\\/web\\\/2023\\\/04\\\/17\\\/niegan-abogados-independientes-vinculo-con-morena\\\/\"]}]},{\"@type\":\"ImageObject\",\"inLanguage\":\"es\",\"@id\":\"https:\\\/\\\/kuali.com.mx\\\/web\\\/2023\\\/04\\\/17\\\/niegan-abogados-independientes-vinculo-con-morena\\\/#primaryimage\",\"url\":\"https:\\\/\\\/kuali.com.mx\\\/web\\\/wp-content\\\/uploads\\\/2023\\\/04\\\/Abogados-Independientes.jpg\",\"contentUrl\":\"https:\\\/\\\/kuali.com.mx\\\/web\\\/wp-content\\\/uploads\\\/2023\\\/04\\\/Abogados-Independientes.jpg\",\"width\":1866,\"height\":750},{\"@type\":\"BreadcrumbList\",\"@id\":\"https:\\\/\\\/kuali.com.mx\\\/web\\\/2023\\\/04\\\/17\\\/niegan-abogados-independientes-vinculo-con-morena\\\/#breadcrumb\",\"itemListElement\":[{\"@type\":\"ListItem\",\"position\":1,\"name\":\"Inicio\",\"item\":\"https:\\\/\\\/kuali.com.mx\\\/web\\\/\"},{\"@type\":\"ListItem\",\"position\":2,\"name\":\"NIEGAN ABOGADOS INDEPENDIENTES V\u00cdNCULO CON MORENA\"}]},{\"@type\":\"WebSite\",\"@id\":\"https:\\\/\\\/kuali.com.mx\\\/web\\\/#website\",\"url\":\"https:\\\/\\\/kuali.com.mx\\\/web\\\/\",\"name\":\"Kuali\",\"description\":\"\",\"potentialAction\":[{\"@type\":\"SearchAction\",\"target\":{\"@type\":\"EntryPoint\",\"urlTemplate\":\"https:\\\/\\\/kuali.com.mx\\\/web\\\/?s={search_term_string}\"},\"query-input\":{\"@type\":\"PropertyValueSpecification\",\"valueRequired\":true,\"valueName\":\"search_term_string\"}}],\"inLanguage\":\"es\"},{\"@type\":\"Person\",\"@id\":\"https:\\\/\\\/kuali.com.mx\\\/web\\\/#\\\/schema\\\/person\\\/6f89ffa8ecba9dae50662357923c5289\",\"name\":\"Kuali Staff\",\"image\":{\"@type\":\"ImageObject\",\"inLanguage\":\"es\",\"@id\":\"https:\\\/\\\/secure.gravatar.com\\\/avatar\\\/f917ad82e5ab71227a733c78b6e60715476f69ee6be59feee4eb5d9920c89e0f?s=96&d=mm&r=g\",\"url\":\"https:\\\/\\\/secure.gravatar.com\\\/avatar\\\/f917ad82e5ab71227a733c78b6e60715476f69ee6be59feee4eb5d9920c89e0f?s=96&d=mm&r=g\",\"contentUrl\":\"https:\\\/\\\/secure.gravatar.com\\\/avatar\\\/f917ad82e5ab71227a733c78b6e60715476f69ee6be59feee4eb5d9920c89e0f?s=96&d=mm&r=g\",\"caption\":\"Kuali Staff\"},\"url\":\"https:\\\/\\\/kuali.com.mx\\\/web\\\/author\\\/lagarto\\\/\"}]}<\/script>\n<!-- \/ Yoast SEO plugin. -->","yoast_head_json":{"title":"NIEGAN ABOGADOS INDEPENDIENTES V\u00cdNCULO CON MORENA - Kuali","robots":{"index":"index","follow":"follow","max-snippet":"max-snippet:-1","max-image-preview":"max-image-preview:large","max-video-preview":"max-video-preview:-1"},"canonical":"https:\/\/kuali.com.mx\/web\/2023\/04\/17\/niegan-abogados-independientes-vinculo-con-morena\/","og_locale":"es_MX","og_type":"article","og_title":"NIEGAN ABOGADOS INDEPENDIENTES V\u00cdNCULO CON MORENA - Kuali","og_description":"Carlos Garc\u00eda\/Le\u00f3n, Gto.- Es falso que la Asociaci\u00f3n de Abogados Independientes de Guanajuato (AIG) tenga relaci\u00f3n con Morena, como afirm\u00f3 el gobernador, Diego Sinhue Rodr\u00edguez Vallejo, al ser cuestionado sobre la solicitud que hizo la agrupaci\u00f3n para que destituya al secretario de seguridad, Alvar Cabeza de Vaca Appendini, aclararon los abogados Roberto Saucedo Pimentel, Oscar [&hellip;]","og_url":"https:\/\/kuali.com.mx\/web\/2023\/04\/17\/niegan-abogados-independientes-vinculo-con-morena\/","og_site_name":"Kuali","article_publisher":"https:\/\/kuali.com.mx\/web\/wp-content\/uploads\/2018\/04\/cropped-kuali_logo-1-1.png","article_published_time":"2023-04-17T20:31:46+00:00","article_modified_time":"2023-04-17T21:11:58+00:00","og_image":[{"width":1866,"height":750,"url":"https:\/\/kuali.com.mx\/web\/wp-content\/uploads\/2023\/04\/Abogados-Independientes.jpg","type":"image\/jpeg"}],"author":"Kuali Staff","twitter_card":"summary_large_image","twitter_creator":"@kuali_noticias","twitter_site":"@kuali_noticias","twitter_misc":{"Escrito por":"Kuali Staff","Tiempo de lectura":"2 minutos"},"schema":{"@context":"https:\/\/schema.org","@graph":[{"@type":"Article","@id":"https:\/\/kuali.com.mx\/web\/2023\/04\/17\/niegan-abogados-independientes-vinculo-con-morena\/#article","isPartOf":{"@id":"https:\/\/kuali.com.mx\/web\/2023\/04\/17\/niegan-abogados-independientes-vinculo-con-morena\/"},"author":{"name":"Kuali Staff","@id":"https:\/\/kuali.com.mx\/web\/#\/schema\/person\/6f89ffa8ecba9dae50662357923c5289"},"headline":"NIEGAN ABOGADOS INDEPENDIENTES V\u00cdNCULO CON MORENA","datePublished":"2023-04-17T20:31:46+00:00","dateModified":"2023-04-17T21:11:58+00:00","mainEntityOfPage":{"@id":"https:\/\/kuali.com.mx\/web\/2023\/04\/17\/niegan-abogados-independientes-vinculo-con-morena\/"},"wordCount":471,"commentCount":0,"image":{"@id":"https:\/\/kuali.com.mx\/web\/2023\/04\/17\/niegan-abogados-independientes-vinculo-con-morena\/#primaryimage"},"thumbnailUrl":"https:\/\/kuali.com.mx\/web\/wp-content\/uploads\/2023\/04\/Abogados-Independientes.jpg","articleSection":["Pol\u00edtica","slider"],"inLanguage":"es","potentialAction":[{"@type":"CommentAction","name":"Comment","target":["https:\/\/kuali.com.mx\/web\/2023\/04\/17\/niegan-abogados-independientes-vinculo-con-morena\/#respond"]}]},{"@type":"WebPage","@id":"https:\/\/kuali.com.mx\/web\/2023\/04\/17\/niegan-abogados-independientes-vinculo-con-morena\/","url":"https:\/\/kuali.com.mx\/web\/2023\/04\/17\/niegan-abogados-independientes-vinculo-con-morena\/","name":"NIEGAN ABOGADOS INDEPENDIENTES V\u00cdNCULO CON MORENA - Kuali","isPartOf":{"@id":"https:\/\/kuali.com.mx\/web\/#website"},"primaryImageOfPage":{"@id":"https:\/\/kuali.com.mx\/web\/2023\/04\/17\/niegan-abogados-independientes-vinculo-con-morena\/#primaryimage"},"image":{"@id":"https:\/\/kuali.com.mx\/web\/2023\/04\/17\/niegan-abogados-independientes-vinculo-con-morena\/#primaryimage"},"thumbnailUrl":"https:\/\/kuali.com.mx\/web\/wp-content\/uploads\/2023\/04\/Abogados-Independientes.jpg","datePublished":"2023-04-17T20:31:46+00:00","dateModified":"2023-04-17T21:11:58+00:00","author":{"@id":"https:\/\/kuali.com.mx\/web\/#\/schema\/person\/6f89ffa8ecba9dae50662357923c5289"},"breadcrumb":{"@id":"https:\/\/kuali.com.mx\/web\/2023\/04\/17\/niegan-abogados-independientes-vinculo-con-morena\/#breadcrumb"},"inLanguage":"es","potentialAction":[{"@type":"ReadAction","target":["https:\/\/kuali.com.mx\/web\/2023\/04\/17\/niegan-abogados-independientes-vinculo-con-morena\/"]}]},{"@type":"ImageObject","inLanguage":"es","@id":"https:\/\/kuali.com.mx\/web\/2023\/04\/17\/niegan-abogados-independientes-vinculo-con-morena\/#primaryimage","url":"https:\/\/kuali.com.mx\/web\/wp-content\/uploads\/2023\/04\/Abogados-Independientes.jpg","contentUrl":"https:\/\/kuali.com.mx\/web\/wp-content\/uploads\/2023\/04\/Abogados-Independientes.jpg","width":1866,"height":750},{"@type":"BreadcrumbList","@id":"https:\/\/kuali.com.mx\/web\/2023\/04\/17\/niegan-abogados-independientes-vinculo-con-morena\/#breadcrumb","itemListElement":[{"@type":"ListItem","position":1,"name":"Inicio","item":"https:\/\/kuali.com.mx\/web\/"},{"@type":"ListItem","position":2,"name":"NIEGAN ABOGADOS INDEPENDIENTES V\u00cdNCULO CON MORENA"}]},{"@type":"WebSite","@id":"https:\/\/kuali.com.mx\/web\/#website","url":"https:\/\/kuali.com.mx\/web\/","name":"Kuali","description":"","potentialAction":[{"@type":"SearchAction","target":{"@type":"EntryPoint","urlTemplate":"https:\/\/kuali.com.mx\/web\/?s={search_term_string}"},"query-input":{"@type":"PropertyValueSpecification","valueRequired":true,"valueName":"search_term_string"}}],"inLanguage":"es"},{"@type":"Person","@id":"https:\/\/kuali.com.mx\/web\/#\/schema\/person\/6f89ffa8ecba9dae50662357923c5289","name":"Kuali Staff","image":{"@type":"ImageObject","inLanguage":"es","@id":"https:\/\/secure.gravatar.com\/avatar\/f917ad82e5ab71227a733c78b6e60715476f69ee6be59feee4eb5d9920c89e0f?s=96&d=mm&r=g","url":"https:\/\/secure.gravatar.com\/avatar\/f917ad82e5ab71227a733c78b6e60715476f69ee6be59feee4eb5d9920c89e0f?s=96&d=mm&r=g","contentUrl":"https:\/\/secure.gravatar.com\/avatar\/f917ad82e5ab71227a733c78b6e60715476f69ee6be59feee4eb5d9920c89e0f?s=96&d=mm&r=g","caption":"Kuali Staff"},"url":"https:\/\/kuali.com.mx\/web\/author\/lagarto\/"}]}},"_links":{"self":[{"href":"https:\/\/kuali.com.mx\/web\/wp-json\/wp\/v2\/posts\/116741","targetHints":{"allow":["GET"]}}],"collection":[{"href":"https:\/\/kuali.com.mx\/web\/wp-json\/wp\/v2\/posts"}],"about":[{"href":"https:\/\/kuali.com.mx\/web\/wp-json\/wp\/v2\/types\/post"}],"author":[{"embeddable":true,"href":"https:\/\/kuali.com.mx\/web\/wp-json\/wp\/v2\/users\/2"}],"replies":[{"embeddable":true,"href":"https:\/\/kuali.com.mx\/web\/wp-json\/wp\/v2\/comments?post=116741"}],"version-history":[{"count":2,"href":"https:\/\/kuali.com.mx\/web\/wp-json\/wp\/v2\/posts\/116741\/revisions"}],"predecessor-version":[{"id":116746,"href":"https:\/\/kuali.com.mx\/web\/wp-json\/wp\/v2\/posts\/116741\/revisions\/116746"}],"wp:featuredmedia":[{"embeddable":true,"href":"https:\/\/kuali.com.mx\/web\/wp-json\/wp\/v2\/media\/116744"}],"wp:attachment":[{"href":"https:\/\/kuali.com.mx\/web\/wp-json\/wp\/v2\/media?parent=116741"}],"wp:term":[{"taxonomy":"category","embeddable":true,"href":"https:\/\/kuali.com.mx\/web\/wp-json\/wp\/v2\/categories?post=116741"},{"taxonomy":"post_tag","embeddable":true,"href":"https:\/\/kuali.com.mx\/web\/wp-json\/wp\/v2\/tags?post=116741"}],"curies":[{"name":"wp","href":"https:\/\/api.w.org\/{rel}","templated":true}]}}