{"id":115998,"date":"2023-04-05T13:07:08","date_gmt":"2023-04-05T19:07:08","guid":{"rendered":"https:\/\/kuali.com.mx\/web\/?p=115998"},"modified":"2023-04-05T22:52:01","modified_gmt":"2023-04-06T04:52:01","slug":"protegen-en-irapuato-el-arbolado-urbano","status":"publish","type":"post","link":"https:\/\/kuali.com.mx\/web\/2023\/04\/05\/protegen-en-irapuato-el-arbolado-urbano\/","title":{"rendered":"PROTEGEN EN IRAPUATO EL ARBOLADO URBANO"},"content":{"rendered":"\n<p><strong><em>Kuali\/Irapuato, Gto<\/em>.-\u00a0<\/strong>Una vez m\u00e1s, Irapuato fue reconocido con el distintivo \u2018Ciudad \u00c1rbol del Mundo\u2019, gracias a la pol\u00edtica p\u00fablica de preservaci\u00f3n y protecci\u00f3n del arbolado urbano.\u00a0<\/p>\n\n\n\n<p>Con esto, la ciudad se convierte en la \u00fanica en el estado en lograr este reconocimiento; Irapuato en una de las 14 a nivel nacional y entre las 169 de todo el mundo.&nbsp;<\/p>\n\n\n\n<p>La presidenta municipal, Lorena Alfaro Garc\u00eda, reiter\u00f3 su compromiso para que Irapuato sea una ciudad resiliente y amigable con el medio ambiente, por ello se impulsan acciones como el inventario urbano de la ciudad, as\u00ed como la protecci\u00f3n de \u00e1reas naturales, entre otras.&nbsp;<\/p>\n\n\n\n<p>\u201cVamos a seguir trabajando por el medio ambiente, vamos a seguir no s\u00f3lo preservando el arbolado sino incrementarlo como lo estamos haciendo en el Centro Hist\u00f3rico; al d\u00eda de hoy hemos puestos m\u00e1s de 100 especies arb\u00f3reas que permitan seguir avanzando\u201d, puntualiz\u00f3.&nbsp;<\/p>\n\n\n\n<figure class=\"wp-block-image size-large\"><img loading=\"lazy\" decoding=\"async\" width=\"1024\" height=\"681\" src=\"https:\/\/kuali.com.mx\/web\/wp-content\/uploads\/2023\/04\/arbol-1-1024x681.jpeg\" alt=\"\" class=\"wp-image-116001\" srcset=\"https:\/\/kuali.com.mx\/web\/wp-content\/uploads\/2023\/04\/arbol-1-1024x681.jpeg 1024w, https:\/\/kuali.com.mx\/web\/wp-content\/uploads\/2023\/04\/arbol-1-300x200.jpeg 300w, https:\/\/kuali.com.mx\/web\/wp-content\/uploads\/2023\/04\/arbol-1-768x511.jpeg 768w, https:\/\/kuali.com.mx\/web\/wp-content\/uploads\/2023\/04\/arbol-1-174x116.jpeg 174w, https:\/\/kuali.com.mx\/web\/wp-content\/uploads\/2023\/04\/arbol-1.jpeg 1127w\" sizes=\"auto, (max-width: 1024px) 100vw, 1024px\" \/><\/figure>\n\n\n\n<p>Gonzalo Guerrero Guerrero, director de Sustentabilidad, record\u00f3 que refrendar el distintivo es gracias al trabajo que se realiza con una visi\u00f3n de sustentabilidad, en el que cada obra que se realice se contempla la colocaci\u00f3n de especies arb\u00f3reas.<\/p>\n\n\n\n<p>\u201cEntonces este a\u00f1o 2023 nos han entregado la tercera renovaci\u00f3n de este distintivo, que corresponde al a\u00f1o completo del 2022 y somos la \u00fanica ciudad en el estado de Guanajuato porque hay un proceso detr\u00e1s, porque hemos hecho regulaci\u00f3n normativamente para la protecci\u00f3n del arbolado, este a\u00f1o concretamos la paleta vegetal y son pasos que hemos ido dando a nivel municipal y que nos distinguen\u201d, puntualiz\u00f3.&nbsp;<\/p>\n\n\n\n<p>Entre las acciones, se impulsa el Proyecto de \u00c1rboles Monumentales y Singulares, que comprende la identificaci\u00f3n de los individuos que tienen la importancia dentro de la historia de Irapuato, tanto en el punto de vista cultural y social, incluso econ\u00f3mico, porque est\u00e1n relacionados con el entorno.&nbsp;&nbsp;&nbsp;<\/p>\n","protected":false},"excerpt":{"rendered":"Kuali\/Irapuato, Gto.-\u00a0Una vez m\u00e1s, Irapuato fue reconocido con el distintivo \u2018Ciudad \u00c1rbol del Mundo\u2019, gracias a la pol\u00edtica p\u00fablica de preservaci\u00f3n y protecci\u00f3n del arbolado urbano.\u00a0 Con esto, la ciudad se convierte en la \u00fanica en el estado en lograr este reconocimiento; Irapuato en una de las 14 a nivel nacional y entre las 169 [&hellip;]","protected":false},"author":2,"featured_media":116000,"comment_status":"open","ping_status":"open","sticky":false,"template":"","format":"standard","meta":{"_seopress_robots_primary_cat":"none","_seopress_titles_title":"","_seopress_titles_desc":"","_seopress_robots_index":"","_monsterinsights_skip_tracking":false,"_monsterinsights_sitenote_active":false,"_monsterinsights_sitenote_note":"","_monsterinsights_sitenote_category":0,"footnotes":""},"categories":[17],"tags":[],"class_list":["post-115998","post","type-post","status-publish","format-standard","has-post-thumbnail","hentry","category-ecologia"],"yoast_head":"<!-- This site is optimized with the Yoast SEO plugin v27.4 - https:\/\/yoast.com\/product\/yoast-seo-wordpress\/ -->\n<title>PROTEGEN EN IRAPUATO EL ARBOLADO URBANO - Kuali<\/title>\n<meta name=\"robots\" content=\"index, follow, max-snippet:-1, max-image-preview:large, max-video-preview:-1\" \/>\n<link rel=\"canonical\" href=\"https:\/\/kuali.com.mx\/web\/2023\/04\/05\/protegen-en-irapuato-el-arbolado-urbano\/\" \/>\n<meta property=\"og:locale\" content=\"es_MX\" \/>\n<meta property=\"og:type\" content=\"article\" \/>\n<meta property=\"og:title\" content=\"PROTEGEN EN IRAPUATO EL ARBOLADO URBANO - Kuali\" \/>\n<meta property=\"og:description\" content=\"Kuali\/Irapuato, Gto.-\u00a0Una vez m\u00e1s, Irapuato fue reconocido con el distintivo \u2018Ciudad \u00c1rbol del Mundo\u2019, gracias a la pol\u00edtica p\u00fablica de preservaci\u00f3n y protecci\u00f3n del arbolado urbano.\u00a0 Con esto, la ciudad se convierte en la \u00fanica en el estado en lograr este reconocimiento; Irapuato en una de las 14 a nivel nacional y entre las 169 [&hellip;]\" \/>\n<meta property=\"og:url\" content=\"https:\/\/kuali.com.mx\/web\/2023\/04\/05\/protegen-en-irapuato-el-arbolado-urbano\/\" \/>\n<meta property=\"og:site_name\" content=\"Kuali\" \/>\n<meta property=\"article:publisher\" content=\"https:\/\/kuali.com.mx\/web\/wp-content\/uploads\/2018\/04\/cropped-kuali_logo-1-1.png\" \/>\n<meta property=\"article:published_time\" content=\"2023-04-05T19:07:08+00:00\" \/>\n<meta property=\"article:modified_time\" content=\"2023-04-06T04:52:01+00:00\" \/>\n<meta property=\"og:image\" content=\"https:\/\/kuali.com.mx\/web\/wp-content\/uploads\/2023\/04\/arbol-2.jpeg\" \/>\n\t<meta property=\"og:image:width\" content=\"1546\" \/>\n\t<meta property=\"og:image:height\" content=\"750\" \/>\n\t<meta property=\"og:image:type\" content=\"image\/jpeg\" \/>\n<meta name=\"author\" content=\"Kuali Staff\" \/>\n<meta name=\"twitter:card\" content=\"summary_large_image\" \/>\n<meta name=\"twitter:creator\" content=\"@kuali_noticias\" \/>\n<meta name=\"twitter:site\" content=\"@kuali_noticias\" \/>\n<meta name=\"twitter:label1\" content=\"Escrito por\" \/>\n\t<meta name=\"twitter:data1\" content=\"Kuali Staff\" \/>\n\t<meta name=\"twitter:label2\" content=\"Tiempo de lectura\" \/>\n\t<meta name=\"twitter:data2\" content=\"2 minutos\" \/>\n<script type=\"application\/ld+json\" class=\"yoast-schema-graph\">{\"@context\":\"https:\\\/\\\/schema.org\",\"@graph\":[{\"@type\":\"Article\",\"@id\":\"https:\\\/\\\/kuali.com.mx\\\/web\\\/2023\\\/04\\\/05\\\/protegen-en-irapuato-el-arbolado-urbano\\\/#article\",\"isPartOf\":{\"@id\":\"https:\\\/\\\/kuali.com.mx\\\/web\\\/2023\\\/04\\\/05\\\/protegen-en-irapuato-el-arbolado-urbano\\\/\"},\"author\":{\"name\":\"Kuali Staff\",\"@id\":\"https:\\\/\\\/kuali.com.mx\\\/web\\\/#\\\/schema\\\/person\\\/6f89ffa8ecba9dae50662357923c5289\"},\"headline\":\"PROTEGEN EN IRAPUATO EL ARBOLADO URBANO\",\"datePublished\":\"2023-04-05T19:07:08+00:00\",\"dateModified\":\"2023-04-06T04:52:01+00:00\",\"mainEntityOfPage\":{\"@id\":\"https:\\\/\\\/kuali.com.mx\\\/web\\\/2023\\\/04\\\/05\\\/protegen-en-irapuato-el-arbolado-urbano\\\/\"},\"wordCount\":330,\"commentCount\":0,\"image\":{\"@id\":\"https:\\\/\\\/kuali.com.mx\\\/web\\\/2023\\\/04\\\/05\\\/protegen-en-irapuato-el-arbolado-urbano\\\/#primaryimage\"},\"thumbnailUrl\":\"https:\\\/\\\/kuali.com.mx\\\/web\\\/wp-content\\\/uploads\\\/2023\\\/04\\\/arbol-2.jpeg\",\"articleSection\":[\"Ecolog\u00eda\"],\"inLanguage\":\"es\",\"potentialAction\":[{\"@type\":\"CommentAction\",\"name\":\"Comment\",\"target\":[\"https:\\\/\\\/kuali.com.mx\\\/web\\\/2023\\\/04\\\/05\\\/protegen-en-irapuato-el-arbolado-urbano\\\/#respond\"]}]},{\"@type\":\"WebPage\",\"@id\":\"https:\\\/\\\/kuali.com.mx\\\/web\\\/2023\\\/04\\\/05\\\/protegen-en-irapuato-el-arbolado-urbano\\\/\",\"url\":\"https:\\\/\\\/kuali.com.mx\\\/web\\\/2023\\\/04\\\/05\\\/protegen-en-irapuato-el-arbolado-urbano\\\/\",\"name\":\"PROTEGEN EN IRAPUATO EL ARBOLADO URBANO - Kuali\",\"isPartOf\":{\"@id\":\"https:\\\/\\\/kuali.com.mx\\\/web\\\/#website\"},\"primaryImageOfPage\":{\"@id\":\"https:\\\/\\\/kuali.com.mx\\\/web\\\/2023\\\/04\\\/05\\\/protegen-en-irapuato-el-arbolado-urbano\\\/#primaryimage\"},\"image\":{\"@id\":\"https:\\\/\\\/kuali.com.mx\\\/web\\\/2023\\\/04\\\/05\\\/protegen-en-irapuato-el-arbolado-urbano\\\/#primaryimage\"},\"thumbnailUrl\":\"https:\\\/\\\/kuali.com.mx\\\/web\\\/wp-content\\\/uploads\\\/2023\\\/04\\\/arbol-2.jpeg\",\"datePublished\":\"2023-04-05T19:07:08+00:00\",\"dateModified\":\"2023-04-06T04:52:01+00:00\",\"author\":{\"@id\":\"https:\\\/\\\/kuali.com.mx\\\/web\\\/#\\\/schema\\\/person\\\/6f89ffa8ecba9dae50662357923c5289\"},\"breadcrumb\":{\"@id\":\"https:\\\/\\\/kuali.com.mx\\\/web\\\/2023\\\/04\\\/05\\\/protegen-en-irapuato-el-arbolado-urbano\\\/#breadcrumb\"},\"inLanguage\":\"es\",\"potentialAction\":[{\"@type\":\"ReadAction\",\"target\":[\"https:\\\/\\\/kuali.com.mx\\\/web\\\/2023\\\/04\\\/05\\\/protegen-en-irapuato-el-arbolado-urbano\\\/\"]}]},{\"@type\":\"ImageObject\",\"inLanguage\":\"es\",\"@id\":\"https:\\\/\\\/kuali.com.mx\\\/web\\\/2023\\\/04\\\/05\\\/protegen-en-irapuato-el-arbolado-urbano\\\/#primaryimage\",\"url\":\"https:\\\/\\\/kuali.com.mx\\\/web\\\/wp-content\\\/uploads\\\/2023\\\/04\\\/arbol-2.jpeg\",\"contentUrl\":\"https:\\\/\\\/kuali.com.mx\\\/web\\\/wp-content\\\/uploads\\\/2023\\\/04\\\/arbol-2.jpeg\",\"width\":1546,\"height\":750},{\"@type\":\"BreadcrumbList\",\"@id\":\"https:\\\/\\\/kuali.com.mx\\\/web\\\/2023\\\/04\\\/05\\\/protegen-en-irapuato-el-arbolado-urbano\\\/#breadcrumb\",\"itemListElement\":[{\"@type\":\"ListItem\",\"position\":1,\"name\":\"Inicio\",\"item\":\"https:\\\/\\\/kuali.com.mx\\\/web\\\/\"},{\"@type\":\"ListItem\",\"position\":2,\"name\":\"PROTEGEN EN IRAPUATO EL ARBOLADO URBANO\"}]},{\"@type\":\"WebSite\",\"@id\":\"https:\\\/\\\/kuali.com.mx\\\/web\\\/#website\",\"url\":\"https:\\\/\\\/kuali.com.mx\\\/web\\\/\",\"name\":\"Kuali\",\"description\":\"\",\"potentialAction\":[{\"@type\":\"SearchAction\",\"target\":{\"@type\":\"EntryPoint\",\"urlTemplate\":\"https:\\\/\\\/kuali.com.mx\\\/web\\\/?s={search_term_string}\"},\"query-input\":{\"@type\":\"PropertyValueSpecification\",\"valueRequired\":true,\"valueName\":\"search_term_string\"}}],\"inLanguage\":\"es\"},{\"@type\":\"Person\",\"@id\":\"https:\\\/\\\/kuali.com.mx\\\/web\\\/#\\\/schema\\\/person\\\/6f89ffa8ecba9dae50662357923c5289\",\"name\":\"Kuali Staff\",\"image\":{\"@type\":\"ImageObject\",\"inLanguage\":\"es\",\"@id\":\"https:\\\/\\\/secure.gravatar.com\\\/avatar\\\/f917ad82e5ab71227a733c78b6e60715476f69ee6be59feee4eb5d9920c89e0f?s=96&d=mm&r=g\",\"url\":\"https:\\\/\\\/secure.gravatar.com\\\/avatar\\\/f917ad82e5ab71227a733c78b6e60715476f69ee6be59feee4eb5d9920c89e0f?s=96&d=mm&r=g\",\"contentUrl\":\"https:\\\/\\\/secure.gravatar.com\\\/avatar\\\/f917ad82e5ab71227a733c78b6e60715476f69ee6be59feee4eb5d9920c89e0f?s=96&d=mm&r=g\",\"caption\":\"Kuali Staff\"},\"url\":\"https:\\\/\\\/kuali.com.mx\\\/web\\\/author\\\/lagarto\\\/\"}]}<\/script>\n<!-- \/ Yoast SEO plugin. -->","yoast_head_json":{"title":"PROTEGEN EN IRAPUATO EL ARBOLADO URBANO - Kuali","robots":{"index":"index","follow":"follow","max-snippet":"max-snippet:-1","max-image-preview":"max-image-preview:large","max-video-preview":"max-video-preview:-1"},"canonical":"https:\/\/kuali.com.mx\/web\/2023\/04\/05\/protegen-en-irapuato-el-arbolado-urbano\/","og_locale":"es_MX","og_type":"article","og_title":"PROTEGEN EN IRAPUATO EL ARBOLADO URBANO - Kuali","og_description":"Kuali\/Irapuato, Gto.-\u00a0Una vez m\u00e1s, Irapuato fue reconocido con el distintivo \u2018Ciudad \u00c1rbol del Mundo\u2019, gracias a la pol\u00edtica p\u00fablica de preservaci\u00f3n y protecci\u00f3n del arbolado urbano.\u00a0 Con esto, la ciudad se convierte en la \u00fanica en el estado en lograr este reconocimiento; Irapuato en una de las 14 a nivel nacional y entre las 169 [&hellip;]","og_url":"https:\/\/kuali.com.mx\/web\/2023\/04\/05\/protegen-en-irapuato-el-arbolado-urbano\/","og_site_name":"Kuali","article_publisher":"https:\/\/kuali.com.mx\/web\/wp-content\/uploads\/2018\/04\/cropped-kuali_logo-1-1.png","article_published_time":"2023-04-05T19:07:08+00:00","article_modified_time":"2023-04-06T04:52:01+00:00","og_image":[{"width":1546,"height":750,"url":"https:\/\/kuali.com.mx\/web\/wp-content\/uploads\/2023\/04\/arbol-2.jpeg","type":"image\/jpeg"}],"author":"Kuali Staff","twitter_card":"summary_large_image","twitter_creator":"@kuali_noticias","twitter_site":"@kuali_noticias","twitter_misc":{"Escrito por":"Kuali Staff","Tiempo de lectura":"2 minutos"},"schema":{"@context":"https:\/\/schema.org","@graph":[{"@type":"Article","@id":"https:\/\/kuali.com.mx\/web\/2023\/04\/05\/protegen-en-irapuato-el-arbolado-urbano\/#article","isPartOf":{"@id":"https:\/\/kuali.com.mx\/web\/2023\/04\/05\/protegen-en-irapuato-el-arbolado-urbano\/"},"author":{"name":"Kuali Staff","@id":"https:\/\/kuali.com.mx\/web\/#\/schema\/person\/6f89ffa8ecba9dae50662357923c5289"},"headline":"PROTEGEN EN IRAPUATO EL ARBOLADO URBANO","datePublished":"2023-04-05T19:07:08+00:00","dateModified":"2023-04-06T04:52:01+00:00","mainEntityOfPage":{"@id":"https:\/\/kuali.com.mx\/web\/2023\/04\/05\/protegen-en-irapuato-el-arbolado-urbano\/"},"wordCount":330,"commentCount":0,"image":{"@id":"https:\/\/kuali.com.mx\/web\/2023\/04\/05\/protegen-en-irapuato-el-arbolado-urbano\/#primaryimage"},"thumbnailUrl":"https:\/\/kuali.com.mx\/web\/wp-content\/uploads\/2023\/04\/arbol-2.jpeg","articleSection":["Ecolog\u00eda"],"inLanguage":"es","potentialAction":[{"@type":"CommentAction","name":"Comment","target":["https:\/\/kuali.com.mx\/web\/2023\/04\/05\/protegen-en-irapuato-el-arbolado-urbano\/#respond"]}]},{"@type":"WebPage","@id":"https:\/\/kuali.com.mx\/web\/2023\/04\/05\/protegen-en-irapuato-el-arbolado-urbano\/","url":"https:\/\/kuali.com.mx\/web\/2023\/04\/05\/protegen-en-irapuato-el-arbolado-urbano\/","name":"PROTEGEN EN IRAPUATO EL ARBOLADO URBANO - Kuali","isPartOf":{"@id":"https:\/\/kuali.com.mx\/web\/#website"},"primaryImageOfPage":{"@id":"https:\/\/kuali.com.mx\/web\/2023\/04\/05\/protegen-en-irapuato-el-arbolado-urbano\/#primaryimage"},"image":{"@id":"https:\/\/kuali.com.mx\/web\/2023\/04\/05\/protegen-en-irapuato-el-arbolado-urbano\/#primaryimage"},"thumbnailUrl":"https:\/\/kuali.com.mx\/web\/wp-content\/uploads\/2023\/04\/arbol-2.jpeg","datePublished":"2023-04-05T19:07:08+00:00","dateModified":"2023-04-06T04:52:01+00:00","author":{"@id":"https:\/\/kuali.com.mx\/web\/#\/schema\/person\/6f89ffa8ecba9dae50662357923c5289"},"breadcrumb":{"@id":"https:\/\/kuali.com.mx\/web\/2023\/04\/05\/protegen-en-irapuato-el-arbolado-urbano\/#breadcrumb"},"inLanguage":"es","potentialAction":[{"@type":"ReadAction","target":["https:\/\/kuali.com.mx\/web\/2023\/04\/05\/protegen-en-irapuato-el-arbolado-urbano\/"]}]},{"@type":"ImageObject","inLanguage":"es","@id":"https:\/\/kuali.com.mx\/web\/2023\/04\/05\/protegen-en-irapuato-el-arbolado-urbano\/#primaryimage","url":"https:\/\/kuali.com.mx\/web\/wp-content\/uploads\/2023\/04\/arbol-2.jpeg","contentUrl":"https:\/\/kuali.com.mx\/web\/wp-content\/uploads\/2023\/04\/arbol-2.jpeg","width":1546,"height":750},{"@type":"BreadcrumbList","@id":"https:\/\/kuali.com.mx\/web\/2023\/04\/05\/protegen-en-irapuato-el-arbolado-urbano\/#breadcrumb","itemListElement":[{"@type":"ListItem","position":1,"name":"Inicio","item":"https:\/\/kuali.com.mx\/web\/"},{"@type":"ListItem","position":2,"name":"PROTEGEN EN IRAPUATO EL ARBOLADO URBANO"}]},{"@type":"WebSite","@id":"https:\/\/kuali.com.mx\/web\/#website","url":"https:\/\/kuali.com.mx\/web\/","name":"Kuali","description":"","potentialAction":[{"@type":"SearchAction","target":{"@type":"EntryPoint","urlTemplate":"https:\/\/kuali.com.mx\/web\/?s={search_term_string}"},"query-input":{"@type":"PropertyValueSpecification","valueRequired":true,"valueName":"search_term_string"}}],"inLanguage":"es"},{"@type":"Person","@id":"https:\/\/kuali.com.mx\/web\/#\/schema\/person\/6f89ffa8ecba9dae50662357923c5289","name":"Kuali Staff","image":{"@type":"ImageObject","inLanguage":"es","@id":"https:\/\/secure.gravatar.com\/avatar\/f917ad82e5ab71227a733c78b6e60715476f69ee6be59feee4eb5d9920c89e0f?s=96&d=mm&r=g","url":"https:\/\/secure.gravatar.com\/avatar\/f917ad82e5ab71227a733c78b6e60715476f69ee6be59feee4eb5d9920c89e0f?s=96&d=mm&r=g","contentUrl":"https:\/\/secure.gravatar.com\/avatar\/f917ad82e5ab71227a733c78b6e60715476f69ee6be59feee4eb5d9920c89e0f?s=96&d=mm&r=g","caption":"Kuali Staff"},"url":"https:\/\/kuali.com.mx\/web\/author\/lagarto\/"}]}},"_links":{"self":[{"href":"https:\/\/kuali.com.mx\/web\/wp-json\/wp\/v2\/posts\/115998","targetHints":{"allow":["GET"]}}],"collection":[{"href":"https:\/\/kuali.com.mx\/web\/wp-json\/wp\/v2\/posts"}],"about":[{"href":"https:\/\/kuali.com.mx\/web\/wp-json\/wp\/v2\/types\/post"}],"author":[{"embeddable":true,"href":"https:\/\/kuali.com.mx\/web\/wp-json\/wp\/v2\/users\/2"}],"replies":[{"embeddable":true,"href":"https:\/\/kuali.com.mx\/web\/wp-json\/wp\/v2\/comments?post=115998"}],"version-history":[{"count":2,"href":"https:\/\/kuali.com.mx\/web\/wp-json\/wp\/v2\/posts\/115998\/revisions"}],"predecessor-version":[{"id":116011,"href":"https:\/\/kuali.com.mx\/web\/wp-json\/wp\/v2\/posts\/115998\/revisions\/116011"}],"wp:featuredmedia":[{"embeddable":true,"href":"https:\/\/kuali.com.mx\/web\/wp-json\/wp\/v2\/media\/116000"}],"wp:attachment":[{"href":"https:\/\/kuali.com.mx\/web\/wp-json\/wp\/v2\/media?parent=115998"}],"wp:term":[{"taxonomy":"category","embeddable":true,"href":"https:\/\/kuali.com.mx\/web\/wp-json\/wp\/v2\/categories?post=115998"},{"taxonomy":"post_tag","embeddable":true,"href":"https:\/\/kuali.com.mx\/web\/wp-json\/wp\/v2\/tags?post=115998"}],"curies":[{"name":"wp","href":"https:\/\/api.w.org\/{rel}","templated":true}]}}