{"id":115994,"date":"2023-04-05T18:52:54","date_gmt":"2023-04-06T00:52:54","guid":{"rendered":"https:\/\/kuali.com.mx\/web\/?p=115994"},"modified":"2023-04-05T18:58:24","modified_gmt":"2023-04-06T00:58:24","slug":"desaparecen-23-guanajuatenses-en-san-luis-potosi","status":"publish","type":"post","link":"https:\/\/kuali.com.mx\/web\/2023\/04\/05\/desaparecen-23-guanajuatenses-en-san-luis-potosi\/","title":{"rendered":"DESAPARECEN 23 GUANAJUATENSES EN SAN LUIS POTOS\u00cd"},"content":{"rendered":"\n<p><strong><em>Carlos Garc\u00eda\/Le\u00f3n, Gto.-&nbsp;<\/em><\/strong> En San Luis Potos\u00ed fueron secuestrados 23 guanajuatenses originarios del municipio de San Felipe que iban de vacaciones al estado de Coahuila.<\/p>\n\n\n\n<p>\u201cRespecto al reporte sobre la desaparici\u00f3n de guanajuatenses que salieron de San Felipe rumbo a Saltillo, desde el d\u00eda de ayer nos encontramos en coordinaci\u00f3n con autoridades de San Luis Potos\u00ed y mantendremos una estrecha colaboraci\u00f3n hasta que podamos localizarlos\u201d, inform\u00f3 la secretaria de Gobierno Libia Garc\u00eda Mu\u00f1oz Ledo.<\/p>\n\n\n\n<blockquote class=\"twitter-tweet\"><p lang=\"es\" dir=\"ltr\">Respecto al reporte sobre la desaparici\u00f3n de guanajuatenses que salieron de San Felipe rumbo a Saltillo, desde el d\u00eda de ayer <a href=\"https:\/\/twitter.com\/gobiernogto?ref_src=twsrc%5Etfw\">@gobiernogto<\/a> nos encontramos en coordinaci\u00f3n con autoridades de San Luis Potos\u00ed y mantendremos una estrecha colaboraci\u00f3n hasta que podamos localizarlos.<\/p>&mdash; Libia Dennise (@LibiaDennise) <a href=\"https:\/\/twitter.com\/LibiaDennise\/status\/1643754291881197569?ref_src=twsrc%5Etfw\">April 5, 2023<\/a><\/blockquote> <script async src=\"https:\/\/platform.twitter.com\/widgets.js\" charset=\"utf-8\"><\/script>\n\n\n\n<p>El \u00e1rea de Comunicaci\u00f3n Social de la Fiscal\u00eda General del Estado (FGE) confirm\u00f3 que est\u00e1n colaborando con la Fiscal\u00eda de San Luis Potos\u00ed para encontrar a los guanajuatenses.<\/p>\n\n\n\n<p>Hasta el momento se sabe que el lunes, salieron dos camionetas de turismo de la comunidad La quemada, del municipio de San Felipe, rumbo a Saltillo.<\/p>\n\n\n\n<p>Fuentes de la FGE confirmaron que una de las camionetas fue encontrada en el libramiento a Matahuala, en San Luis Potos\u00ed.<\/p>\n","protected":false},"excerpt":{"rendered":"Carlos Garc\u00eda\/Le\u00f3n, Gto.-&nbsp; En San Luis Potos\u00ed fueron secuestrados 23 guanajuatenses originarios del municipio de San Felipe que iban de vacaciones al estado de Coahuila. \u201cRespecto al reporte sobre la desaparici\u00f3n de guanajuatenses que salieron de San Felipe rumbo a Saltillo, desde el d\u00eda de ayer nos encontramos en coordinaci\u00f3n con autoridades de San Luis [&hellip;]","protected":false},"author":2,"featured_media":89506,"comment_status":"open","ping_status":"open","sticky":false,"template":"","format":"standard","meta":{"_seopress_robots_primary_cat":"none","_seopress_titles_title":"","_seopress_titles_desc":"","_seopress_robots_index":"","_monsterinsights_skip_tracking":false,"_monsterinsights_sitenote_active":false,"_monsterinsights_sitenote_note":"","_monsterinsights_sitenote_category":0,"footnotes":""},"categories":[14,69],"tags":[],"class_list":["post-115994","post","type-post","status-publish","format-standard","has-post-thumbnail","hentry","category-derechos","category-slider"],"yoast_head":"<!-- This site is optimized with the Yoast SEO plugin v27.4 - https:\/\/yoast.com\/product\/yoast-seo-wordpress\/ -->\n<title>DESAPARECEN 23 GUANAJUATENSES EN SAN LUIS POTOS\u00cd - Kuali<\/title>\n<meta name=\"robots\" content=\"index, follow, max-snippet:-1, max-image-preview:large, max-video-preview:-1\" \/>\n<link rel=\"canonical\" href=\"https:\/\/kuali.com.mx\/web\/2023\/04\/05\/desaparecen-23-guanajuatenses-en-san-luis-potosi\/\" \/>\n<meta property=\"og:locale\" content=\"es_MX\" \/>\n<meta property=\"og:type\" content=\"article\" \/>\n<meta property=\"og:title\" content=\"DESAPARECEN 23 GUANAJUATENSES EN SAN LUIS POTOS\u00cd - Kuali\" \/>\n<meta property=\"og:description\" content=\"Carlos Garc\u00eda\/Le\u00f3n, Gto.-&nbsp; En San Luis Potos\u00ed fueron secuestrados 23 guanajuatenses originarios del municipio de San Felipe que iban de vacaciones al estado de Coahuila. \u201cRespecto al reporte sobre la desaparici\u00f3n de guanajuatenses que salieron de San Felipe rumbo a Saltillo, desde el d\u00eda de ayer nos encontramos en coordinaci\u00f3n con autoridades de San Luis [&hellip;]\" \/>\n<meta property=\"og:url\" content=\"https:\/\/kuali.com.mx\/web\/2023\/04\/05\/desaparecen-23-guanajuatenses-en-san-luis-potosi\/\" \/>\n<meta property=\"og:site_name\" content=\"Kuali\" \/>\n<meta property=\"article:publisher\" content=\"https:\/\/kuali.com.mx\/web\/wp-content\/uploads\/2018\/04\/cropped-kuali_logo-1-1.png\" \/>\n<meta property=\"article:published_time\" content=\"2023-04-06T00:52:54+00:00\" \/>\n<meta property=\"article:modified_time\" content=\"2023-04-06T00:58:24+00:00\" \/>\n<meta property=\"og:image\" content=\"https:\/\/kuali.com.mx\/web\/wp-content\/uploads\/2021\/12\/Policias-armas-AIC-2-scaled-e1642650439695.jpg\" \/>\n\t<meta property=\"og:image:width\" content=\"1818\" \/>\n\t<meta property=\"og:image:height\" content=\"750\" \/>\n\t<meta property=\"og:image:type\" content=\"image\/jpeg\" \/>\n<meta name=\"author\" content=\"Kuali Staff\" \/>\n<meta name=\"twitter:card\" content=\"summary_large_image\" \/>\n<meta name=\"twitter:creator\" content=\"@kuali_noticias\" \/>\n<meta name=\"twitter:site\" content=\"@kuali_noticias\" \/>\n<meta name=\"twitter:label1\" content=\"Escrito por\" \/>\n\t<meta name=\"twitter:data1\" content=\"Kuali Staff\" \/>\n\t<meta name=\"twitter:label2\" content=\"Tiempo de lectura\" \/>\n\t<meta name=\"twitter:data2\" content=\"1 minuto\" \/>\n<script type=\"application\/ld+json\" class=\"yoast-schema-graph\">{\"@context\":\"https:\\\/\\\/schema.org\",\"@graph\":[{\"@type\":\"Article\",\"@id\":\"https:\\\/\\\/kuali.com.mx\\\/web\\\/2023\\\/04\\\/05\\\/desaparecen-23-guanajuatenses-en-san-luis-potosi\\\/#article\",\"isPartOf\":{\"@id\":\"https:\\\/\\\/kuali.com.mx\\\/web\\\/2023\\\/04\\\/05\\\/desaparecen-23-guanajuatenses-en-san-luis-potosi\\\/\"},\"author\":{\"name\":\"Kuali Staff\",\"@id\":\"https:\\\/\\\/kuali.com.mx\\\/web\\\/#\\\/schema\\\/person\\\/6f89ffa8ecba9dae50662357923c5289\"},\"headline\":\"DESAPARECEN 23 GUANAJUATENSES EN SAN LUIS POTOS\u00cd\",\"datePublished\":\"2023-04-06T00:52:54+00:00\",\"dateModified\":\"2023-04-06T00:58:24+00:00\",\"mainEntityOfPage\":{\"@id\":\"https:\\\/\\\/kuali.com.mx\\\/web\\\/2023\\\/04\\\/05\\\/desaparecen-23-guanajuatenses-en-san-luis-potosi\\\/\"},\"wordCount\":219,\"commentCount\":0,\"image\":{\"@id\":\"https:\\\/\\\/kuali.com.mx\\\/web\\\/2023\\\/04\\\/05\\\/desaparecen-23-guanajuatenses-en-san-luis-potosi\\\/#primaryimage\"},\"thumbnailUrl\":\"https:\\\/\\\/kuali.com.mx\\\/web\\\/wp-content\\\/uploads\\\/2021\\\/12\\\/Policias-armas-AIC-2-scaled-e1642650439695.jpg\",\"articleSection\":[\"Derechos Humanos\",\"slider\"],\"inLanguage\":\"es\",\"potentialAction\":[{\"@type\":\"CommentAction\",\"name\":\"Comment\",\"target\":[\"https:\\\/\\\/kuali.com.mx\\\/web\\\/2023\\\/04\\\/05\\\/desaparecen-23-guanajuatenses-en-san-luis-potosi\\\/#respond\"]}]},{\"@type\":\"WebPage\",\"@id\":\"https:\\\/\\\/kuali.com.mx\\\/web\\\/2023\\\/04\\\/05\\\/desaparecen-23-guanajuatenses-en-san-luis-potosi\\\/\",\"url\":\"https:\\\/\\\/kuali.com.mx\\\/web\\\/2023\\\/04\\\/05\\\/desaparecen-23-guanajuatenses-en-san-luis-potosi\\\/\",\"name\":\"DESAPARECEN 23 GUANAJUATENSES EN SAN LUIS POTOS\u00cd - Kuali\",\"isPartOf\":{\"@id\":\"https:\\\/\\\/kuali.com.mx\\\/web\\\/#website\"},\"primaryImageOfPage\":{\"@id\":\"https:\\\/\\\/kuali.com.mx\\\/web\\\/2023\\\/04\\\/05\\\/desaparecen-23-guanajuatenses-en-san-luis-potosi\\\/#primaryimage\"},\"image\":{\"@id\":\"https:\\\/\\\/kuali.com.mx\\\/web\\\/2023\\\/04\\\/05\\\/desaparecen-23-guanajuatenses-en-san-luis-potosi\\\/#primaryimage\"},\"thumbnailUrl\":\"https:\\\/\\\/kuali.com.mx\\\/web\\\/wp-content\\\/uploads\\\/2021\\\/12\\\/Policias-armas-AIC-2-scaled-e1642650439695.jpg\",\"datePublished\":\"2023-04-06T00:52:54+00:00\",\"dateModified\":\"2023-04-06T00:58:24+00:00\",\"author\":{\"@id\":\"https:\\\/\\\/kuali.com.mx\\\/web\\\/#\\\/schema\\\/person\\\/6f89ffa8ecba9dae50662357923c5289\"},\"breadcrumb\":{\"@id\":\"https:\\\/\\\/kuali.com.mx\\\/web\\\/2023\\\/04\\\/05\\\/desaparecen-23-guanajuatenses-en-san-luis-potosi\\\/#breadcrumb\"},\"inLanguage\":\"es\",\"potentialAction\":[{\"@type\":\"ReadAction\",\"target\":[\"https:\\\/\\\/kuali.com.mx\\\/web\\\/2023\\\/04\\\/05\\\/desaparecen-23-guanajuatenses-en-san-luis-potosi\\\/\"]}]},{\"@type\":\"ImageObject\",\"inLanguage\":\"es\",\"@id\":\"https:\\\/\\\/kuali.com.mx\\\/web\\\/2023\\\/04\\\/05\\\/desaparecen-23-guanajuatenses-en-san-luis-potosi\\\/#primaryimage\",\"url\":\"https:\\\/\\\/kuali.com.mx\\\/web\\\/wp-content\\\/uploads\\\/2021\\\/12\\\/Policias-armas-AIC-2-scaled-e1642650439695.jpg\",\"contentUrl\":\"https:\\\/\\\/kuali.com.mx\\\/web\\\/wp-content\\\/uploads\\\/2021\\\/12\\\/Policias-armas-AIC-2-scaled-e1642650439695.jpg\",\"width\":1818,\"height\":750},{\"@type\":\"BreadcrumbList\",\"@id\":\"https:\\\/\\\/kuali.com.mx\\\/web\\\/2023\\\/04\\\/05\\\/desaparecen-23-guanajuatenses-en-san-luis-potosi\\\/#breadcrumb\",\"itemListElement\":[{\"@type\":\"ListItem\",\"position\":1,\"name\":\"Inicio\",\"item\":\"https:\\\/\\\/kuali.com.mx\\\/web\\\/\"},{\"@type\":\"ListItem\",\"position\":2,\"name\":\"DESAPARECEN 23 GUANAJUATENSES EN SAN LUIS POTOS\u00cd\"}]},{\"@type\":\"WebSite\",\"@id\":\"https:\\\/\\\/kuali.com.mx\\\/web\\\/#website\",\"url\":\"https:\\\/\\\/kuali.com.mx\\\/web\\\/\",\"name\":\"Kuali\",\"description\":\"\",\"potentialAction\":[{\"@type\":\"SearchAction\",\"target\":{\"@type\":\"EntryPoint\",\"urlTemplate\":\"https:\\\/\\\/kuali.com.mx\\\/web\\\/?s={search_term_string}\"},\"query-input\":{\"@type\":\"PropertyValueSpecification\",\"valueRequired\":true,\"valueName\":\"search_term_string\"}}],\"inLanguage\":\"es\"},{\"@type\":\"Person\",\"@id\":\"https:\\\/\\\/kuali.com.mx\\\/web\\\/#\\\/schema\\\/person\\\/6f89ffa8ecba9dae50662357923c5289\",\"name\":\"Kuali Staff\",\"image\":{\"@type\":\"ImageObject\",\"inLanguage\":\"es\",\"@id\":\"https:\\\/\\\/secure.gravatar.com\\\/avatar\\\/f917ad82e5ab71227a733c78b6e60715476f69ee6be59feee4eb5d9920c89e0f?s=96&d=mm&r=g\",\"url\":\"https:\\\/\\\/secure.gravatar.com\\\/avatar\\\/f917ad82e5ab71227a733c78b6e60715476f69ee6be59feee4eb5d9920c89e0f?s=96&d=mm&r=g\",\"contentUrl\":\"https:\\\/\\\/secure.gravatar.com\\\/avatar\\\/f917ad82e5ab71227a733c78b6e60715476f69ee6be59feee4eb5d9920c89e0f?s=96&d=mm&r=g\",\"caption\":\"Kuali Staff\"},\"url\":\"https:\\\/\\\/kuali.com.mx\\\/web\\\/author\\\/lagarto\\\/\"}]}<\/script>\n<!-- \/ Yoast SEO plugin. -->","yoast_head_json":{"title":"DESAPARECEN 23 GUANAJUATENSES EN SAN LUIS POTOS\u00cd - Kuali","robots":{"index":"index","follow":"follow","max-snippet":"max-snippet:-1","max-image-preview":"max-image-preview:large","max-video-preview":"max-video-preview:-1"},"canonical":"https:\/\/kuali.com.mx\/web\/2023\/04\/05\/desaparecen-23-guanajuatenses-en-san-luis-potosi\/","og_locale":"es_MX","og_type":"article","og_title":"DESAPARECEN 23 GUANAJUATENSES EN SAN LUIS POTOS\u00cd - Kuali","og_description":"Carlos Garc\u00eda\/Le\u00f3n, Gto.-&nbsp; En San Luis Potos\u00ed fueron secuestrados 23 guanajuatenses originarios del municipio de San Felipe que iban de vacaciones al estado de Coahuila. \u201cRespecto al reporte sobre la desaparici\u00f3n de guanajuatenses que salieron de San Felipe rumbo a Saltillo, desde el d\u00eda de ayer nos encontramos en coordinaci\u00f3n con autoridades de San Luis [&hellip;]","og_url":"https:\/\/kuali.com.mx\/web\/2023\/04\/05\/desaparecen-23-guanajuatenses-en-san-luis-potosi\/","og_site_name":"Kuali","article_publisher":"https:\/\/kuali.com.mx\/web\/wp-content\/uploads\/2018\/04\/cropped-kuali_logo-1-1.png","article_published_time":"2023-04-06T00:52:54+00:00","article_modified_time":"2023-04-06T00:58:24+00:00","og_image":[{"width":1818,"height":750,"url":"https:\/\/kuali.com.mx\/web\/wp-content\/uploads\/2021\/12\/Policias-armas-AIC-2-scaled-e1642650439695.jpg","type":"image\/jpeg"}],"author":"Kuali Staff","twitter_card":"summary_large_image","twitter_creator":"@kuali_noticias","twitter_site":"@kuali_noticias","twitter_misc":{"Escrito por":"Kuali Staff","Tiempo de lectura":"1 minuto"},"schema":{"@context":"https:\/\/schema.org","@graph":[{"@type":"Article","@id":"https:\/\/kuali.com.mx\/web\/2023\/04\/05\/desaparecen-23-guanajuatenses-en-san-luis-potosi\/#article","isPartOf":{"@id":"https:\/\/kuali.com.mx\/web\/2023\/04\/05\/desaparecen-23-guanajuatenses-en-san-luis-potosi\/"},"author":{"name":"Kuali Staff","@id":"https:\/\/kuali.com.mx\/web\/#\/schema\/person\/6f89ffa8ecba9dae50662357923c5289"},"headline":"DESAPARECEN 23 GUANAJUATENSES EN SAN LUIS POTOS\u00cd","datePublished":"2023-04-06T00:52:54+00:00","dateModified":"2023-04-06T00:58:24+00:00","mainEntityOfPage":{"@id":"https:\/\/kuali.com.mx\/web\/2023\/04\/05\/desaparecen-23-guanajuatenses-en-san-luis-potosi\/"},"wordCount":219,"commentCount":0,"image":{"@id":"https:\/\/kuali.com.mx\/web\/2023\/04\/05\/desaparecen-23-guanajuatenses-en-san-luis-potosi\/#primaryimage"},"thumbnailUrl":"https:\/\/kuali.com.mx\/web\/wp-content\/uploads\/2021\/12\/Policias-armas-AIC-2-scaled-e1642650439695.jpg","articleSection":["Derechos Humanos","slider"],"inLanguage":"es","potentialAction":[{"@type":"CommentAction","name":"Comment","target":["https:\/\/kuali.com.mx\/web\/2023\/04\/05\/desaparecen-23-guanajuatenses-en-san-luis-potosi\/#respond"]}]},{"@type":"WebPage","@id":"https:\/\/kuali.com.mx\/web\/2023\/04\/05\/desaparecen-23-guanajuatenses-en-san-luis-potosi\/","url":"https:\/\/kuali.com.mx\/web\/2023\/04\/05\/desaparecen-23-guanajuatenses-en-san-luis-potosi\/","name":"DESAPARECEN 23 GUANAJUATENSES EN SAN LUIS POTOS\u00cd - Kuali","isPartOf":{"@id":"https:\/\/kuali.com.mx\/web\/#website"},"primaryImageOfPage":{"@id":"https:\/\/kuali.com.mx\/web\/2023\/04\/05\/desaparecen-23-guanajuatenses-en-san-luis-potosi\/#primaryimage"},"image":{"@id":"https:\/\/kuali.com.mx\/web\/2023\/04\/05\/desaparecen-23-guanajuatenses-en-san-luis-potosi\/#primaryimage"},"thumbnailUrl":"https:\/\/kuali.com.mx\/web\/wp-content\/uploads\/2021\/12\/Policias-armas-AIC-2-scaled-e1642650439695.jpg","datePublished":"2023-04-06T00:52:54+00:00","dateModified":"2023-04-06T00:58:24+00:00","author":{"@id":"https:\/\/kuali.com.mx\/web\/#\/schema\/person\/6f89ffa8ecba9dae50662357923c5289"},"breadcrumb":{"@id":"https:\/\/kuali.com.mx\/web\/2023\/04\/05\/desaparecen-23-guanajuatenses-en-san-luis-potosi\/#breadcrumb"},"inLanguage":"es","potentialAction":[{"@type":"ReadAction","target":["https:\/\/kuali.com.mx\/web\/2023\/04\/05\/desaparecen-23-guanajuatenses-en-san-luis-potosi\/"]}]},{"@type":"ImageObject","inLanguage":"es","@id":"https:\/\/kuali.com.mx\/web\/2023\/04\/05\/desaparecen-23-guanajuatenses-en-san-luis-potosi\/#primaryimage","url":"https:\/\/kuali.com.mx\/web\/wp-content\/uploads\/2021\/12\/Policias-armas-AIC-2-scaled-e1642650439695.jpg","contentUrl":"https:\/\/kuali.com.mx\/web\/wp-content\/uploads\/2021\/12\/Policias-armas-AIC-2-scaled-e1642650439695.jpg","width":1818,"height":750},{"@type":"BreadcrumbList","@id":"https:\/\/kuali.com.mx\/web\/2023\/04\/05\/desaparecen-23-guanajuatenses-en-san-luis-potosi\/#breadcrumb","itemListElement":[{"@type":"ListItem","position":1,"name":"Inicio","item":"https:\/\/kuali.com.mx\/web\/"},{"@type":"ListItem","position":2,"name":"DESAPARECEN 23 GUANAJUATENSES EN SAN LUIS POTOS\u00cd"}]},{"@type":"WebSite","@id":"https:\/\/kuali.com.mx\/web\/#website","url":"https:\/\/kuali.com.mx\/web\/","name":"Kuali","description":"","potentialAction":[{"@type":"SearchAction","target":{"@type":"EntryPoint","urlTemplate":"https:\/\/kuali.com.mx\/web\/?s={search_term_string}"},"query-input":{"@type":"PropertyValueSpecification","valueRequired":true,"valueName":"search_term_string"}}],"inLanguage":"es"},{"@type":"Person","@id":"https:\/\/kuali.com.mx\/web\/#\/schema\/person\/6f89ffa8ecba9dae50662357923c5289","name":"Kuali Staff","image":{"@type":"ImageObject","inLanguage":"es","@id":"https:\/\/secure.gravatar.com\/avatar\/f917ad82e5ab71227a733c78b6e60715476f69ee6be59feee4eb5d9920c89e0f?s=96&d=mm&r=g","url":"https:\/\/secure.gravatar.com\/avatar\/f917ad82e5ab71227a733c78b6e60715476f69ee6be59feee4eb5d9920c89e0f?s=96&d=mm&r=g","contentUrl":"https:\/\/secure.gravatar.com\/avatar\/f917ad82e5ab71227a733c78b6e60715476f69ee6be59feee4eb5d9920c89e0f?s=96&d=mm&r=g","caption":"Kuali Staff"},"url":"https:\/\/kuali.com.mx\/web\/author\/lagarto\/"}]}},"_links":{"self":[{"href":"https:\/\/kuali.com.mx\/web\/wp-json\/wp\/v2\/posts\/115994","targetHints":{"allow":["GET"]}}],"collection":[{"href":"https:\/\/kuali.com.mx\/web\/wp-json\/wp\/v2\/posts"}],"about":[{"href":"https:\/\/kuali.com.mx\/web\/wp-json\/wp\/v2\/types\/post"}],"author":[{"embeddable":true,"href":"https:\/\/kuali.com.mx\/web\/wp-json\/wp\/v2\/users\/2"}],"replies":[{"embeddable":true,"href":"https:\/\/kuali.com.mx\/web\/wp-json\/wp\/v2\/comments?post=115994"}],"version-history":[{"count":3,"href":"https:\/\/kuali.com.mx\/web\/wp-json\/wp\/v2\/posts\/115994\/revisions"}],"predecessor-version":[{"id":115997,"href":"https:\/\/kuali.com.mx\/web\/wp-json\/wp\/v2\/posts\/115994\/revisions\/115997"}],"wp:featuredmedia":[{"embeddable":true,"href":"https:\/\/kuali.com.mx\/web\/wp-json\/wp\/v2\/media\/89506"}],"wp:attachment":[{"href":"https:\/\/kuali.com.mx\/web\/wp-json\/wp\/v2\/media?parent=115994"}],"wp:term":[{"taxonomy":"category","embeddable":true,"href":"https:\/\/kuali.com.mx\/web\/wp-json\/wp\/v2\/categories?post=115994"},{"taxonomy":"post_tag","embeddable":true,"href":"https:\/\/kuali.com.mx\/web\/wp-json\/wp\/v2\/tags?post=115994"}],"curies":[{"name":"wp","href":"https:\/\/api.w.org\/{rel}","templated":true}]}}