{"id":115863,"date":"2023-04-02T13:11:34","date_gmt":"2023-04-02T19:11:34","guid":{"rendered":"https:\/\/kuali.com.mx\/web\/?p=115863"},"modified":"2023-04-02T21:38:16","modified_gmt":"2023-04-03T03:38:16","slug":"mas-de-70-actividades-presentara-en-abril-el-icl","status":"publish","type":"post","link":"https:\/\/kuali.com.mx\/web\/2023\/04\/02\/mas-de-70-actividades-presentara-en-abril-el-icl\/","title":{"rendered":"M\u00c1S DE 70 ACTIVIDADES PRESENTAR\u00c1 EN ABRIL EL ICL"},"content":{"rendered":"\n<p><strong>Kuali\/Le\u00f3n, Gto.- <\/strong>El Instituto Cultural de Le\u00f3n (ICL) presenta este mes una cartelera con m\u00e1s de 70 actividades que forman parte de programas como Vive la Pasi\u00f3n, M\u00e1s Escena, Teatro Escolar Le\u00f3n, Guanajuato; Noches de Concierto y Sesiones de Di\u00e1logo.<\/p>\n\n\n\n<p>Adem\u00e1s, tambi\u00e9n participa en el programa Vive Le\u00f3n de la Presidencia Municipal de Le\u00f3n con presentaciones art\u00edsticas, en el marco del D\u00eda de la Ni\u00f1ez y del D\u00eda Internacional de la Danza.<\/p>\n\n\n\n<p>El 95 por ciento de los eventos ser\u00e1n gratuitos.<\/p>\n\n\n\n<p><strong>VIVE LA PASI\u00d3N<\/strong><\/p>\n\n\n\n<p>Actividades sin costo<\/p>\n\n\n\n<p>-Concierto de la Banda Municipal de Le\u00f3n<\/p>\n\n\n\n<p>Mi\u00e9rcoles 5 de abril<\/p>\n\n\n\n<p>18:00 horas<\/p>\n\n\n\n<p>Atrio del Templo de San Francisco de As\u00eds<\/p>\n\n\n\n<p><strong>VIVE LE\u00d3N<\/strong><\/p>\n\n\n\n<p>Sin costo<\/p>\n\n\n\n<p>-Meche Aventuras Callejeras<\/p>\n\n\n\n<p>Gitanos Teatro<\/p>\n\n\n\n<p>Jueves 6 de abril<\/p>\n\n\n\n<p>Arco de la Calzada<\/p>\n\n\n\n<p>17:00 horas<\/p>\n\n\n\n<p>-Presentaci\u00f3n de danza polinesia<\/p>\n\n\n\n<p>Jueves 6 de abril<\/p>\n\n\n\n<p>Arco de la Calzada<\/p>\n\n\n\n<p>18:30 horas<\/p>\n\n\n\n<p>-Meche Aventuras Callejeras<\/p>\n\n\n\n<p>Gitanos Teatro<\/p>\n\n\n\n<p>Viernes 7 de abril<\/p>\n\n\n\n<p>Arco de la Calzada<\/p>\n\n\n\n<p>17:00 horas<\/p>\n\n\n\n<p>-Presentaci\u00f3n danza polinesia<\/p>\n\n\n\n<p>Viernes 7 de abril<\/p>\n\n\n\n<p>Arco de la Calzada<\/p>\n\n\n\n<p>18:30 horas<\/p>\n\n\n\n<p>-Instalaci\u00f3n del Museo Inflable Itinerante, MIILe\u00f3n<\/p>\n\n\n\n<p>S\u00e1bado 8 y domingo 9 de abril<\/p>\n\n\n\n<p>Plaza de San Juan de Dios<\/p>\n\n\n\n<p>11:00 a 16:00 horas<\/p>\n\n\n\n<p>-Presentaci\u00f3n de teatro familiar<\/p>\n\n\n\n<p>Tiliches del Ba\u00fal<\/p>\n\n\n\n<p>S\u00e1bado 8 de abril<\/p>\n\n\n\n<p>Arco de la Calzada<\/p>\n\n\n\n<p>17:00 horas<\/p>\n\n\n\n<p>-Presentaci\u00f3n de Infractor Teatro<\/p>\n\n\n\n<p>Grupo representativo de la Casa de la Cultura Diego Rivera<\/p>\n\n\n\n<p>S\u00e1bado 8 de abril<\/p>\n\n\n\n<p>Arco de la Calzada<\/p>\n\n\n\n<p>18:30 horas<\/p>\n\n\n\n<p>-Presentaci\u00f3n de teatro familiar<\/p>\n\n\n\n<p>Bufones a la mar<\/p>\n\n\n\n<p>Domingo 9 de abril<\/p>\n\n\n\n<p>Parque Zool\u00f3gico de Le\u00f3n&nbsp;<\/p>\n\n\n\n<p>13:00 horas<\/p>\n\n\n\n<p>-Presentaci\u00f3n de teatro familiar<\/p>\n\n\n\n<p>Tiliches del Ba\u00fal<\/p>\n\n\n\n<p>Domingo 9 de abril<\/p>\n\n\n\n<p>Arco de la Calzada<\/p>\n\n\n\n<p>17:00 horas<\/p>\n\n\n\n<p>-Presentaci\u00f3n de Infractor Teatro<\/p>\n\n\n\n<p>Grupo representativo de la Casa de la Cultura Diego Rivera<\/p>\n\n\n\n<p>Domingo 9 de abril<\/p>\n\n\n\n<p>Arco de la Calzada<\/p>\n\n\n\n<p>18:30 horas<\/p>\n\n\n\n<p><strong>D\u00cdA DE LA NI\u00d1EZ<\/strong><\/p>\n\n\n\n<p>Sin costo<\/p>\n\n\n\n<p>-Concierto de pel\u00edcula: cl\u00e1sicos infantiles<\/p>\n\n\n\n<p>Banda Municipal de Le\u00f3n<\/p>\n\n\n\n<p>Mi\u00e9rcoles 26 de abril<\/p>\n\n\n\n<p>9:00 y 15:00 horas<\/p>\n\n\n\n<p>Teatro Manuel Doblado<\/p>\n\n\n\n<p>-Homenaje a Cri-Cri y Walt Disney<\/p>\n\n\n\n<p>Estudio de ballet Gloria Vel\u00e1zquez<\/p>\n\n\n\n<p>Concierto en vinculaci\u00f3n con DIF<\/p>\n\n\n\n<p>Domingo 30 de abril<\/p>\n\n\n\n<p>16:00 horas<\/p>\n\n\n\n<p>Teatro Manuel Doblado<\/p>\n\n\n\n<p><strong>CINE EN TU BARRIO<\/strong><\/p>\n\n\n\n<p>-Viernes 28 de abril<\/p>\n\n\n\n<p>19:00 horas<\/p>\n\n\n\n<p>Jard\u00edn del Barrio de San Miguel<\/p>\n\n\n\n<p>Sin costo<\/p>\n\n\n\n<p><strong>D\u00cdA INTERNACIONAL DE LA DANZA<\/strong><\/p>\n\n\n\n<p>-Presentaciones con la participaci\u00f3n de 22 agrupaciones de Casa de la Cultura Diego Rivera y agrupaciones independientes<\/p>\n\n\n\n<p>Viernes 28 y s\u00e1bado 29 de abril<\/p>\n\n\n\n<p>17:00 horas<\/p>\n\n\n\n<p>Plaza Fundadores<\/p>\n\n\n\n<p>Sin costo<\/p>\n\n\n\n<p><strong>ACTIVIDADES EN EL MIL<\/strong><\/p>\n\n\n\n<p>Sin costo<\/p>\n\n\n\n<p>-Inauguraci\u00f3n exposici\u00f3n<\/p>\n\n\n\n<p>\u2018Dos ruedas: bicivilizando la ciudad\u2019<\/p>\n\n\n\n<p>Jueves 13 de abril<\/p>\n\n\n\n<p>19:00 horas<\/p>\n\n\n\n<p>Permanencia al 23 de julio<\/p>\n\n\n\n<p>-Concurso de dibujo para ni\u00f1os<\/p>\n\n\n\n<p>\u2018MIL Edificios, mi ciudad, mi dibujo\u2019<\/p>\n\n\n\n<p>Servicios educativos y 101 museos<\/p>\n\n\n\n<p>S\u00e1bado 15 de abril<\/p>\n\n\n\n<p>9:00 a 14:00 horas<\/p>\n\n\n\n<p>Registro previo en bit.ly\/RegistroDibujoMIL<\/p>\n\n\n\n<p>-Charla<\/p>\n\n\n\n<p>\u2018La tradici\u00f3n de la cartoner\u00eda y la pirotecnia en Le\u00f3n Guanajuato\u2019<\/p>\n\n\n\n<p>Participa: Carlos Alberto (Macala)<\/p>\n\n\n\n<p>Modera: Dr. V\u00edctor Hern\u00e1ndez Vaca<\/p>\n\n\n\n<p>Departamento de estudios culturales de la Universidad de Guanajuato<\/p>\n\n\n\n<p>Lunes 17 de abril<\/p>\n\n\n\n<p>18:00 horas<\/p>\n\n\n\n<p>-Visita guiada<\/p>\n\n\n\n<p>\u2018De noche en el MIL: Dos ruedas: bicivilizando la ciudad\u2019<\/p>\n\n\n\n<p>Servicios educativos<\/p>\n\n\n\n<p>Jueves 27 de abril<\/p>\n\n\n\n<p>19:00 horas<\/p>\n\n\n\n<p>-Charla<\/p>\n\n\n\n<p>\u2018Danza de Indios Broncos del Se\u00f1or de la Piedad\u2019<\/p>\n\n\n\n<p>Danzante: Carlos Herminio Rodr\u00edguez P\u00e9rez<\/p>\n\n\n\n<p>S\u00e1bado 29 de abril<\/p>\n\n\n\n<p>18:30 horas<\/p>\n\n\n\n<p><strong>NOCHES DE CONCIERTO<\/strong><\/p>\n\n\n\n<p>Sin costo<\/p>\n\n\n\n<p>-\u2018El despertar musical de un siglo\u2019<\/p>\n\n\n\n<p>Recital de piano con obras del siglo XX<\/p>\n\n\n\n<p>Mois\u00e9s Franco<\/p>\n\n\n\n<p>Mi\u00e9rcoles 19 de abril<\/p>\n\n\n\n<p>20:00 horas<\/p>\n\n\n\n<p><strong>SESIONES DE DI\u00c1LOGO<\/strong><\/p>\n\n\n\n<p>-\u2018Discapacidades psicosociales. Condici\u00f3n de vida ignorada\u2019<\/p>\n\n\n\n<p>Especialista invitado: Dr. Jos\u00e9 Francisco Mares Esparza<\/p>\n\n\n\n<p>Jueves 27 de abril<\/p>\n\n\n\n<p>18:00 h<\/p>\n\n\n\n<p>Casa de la Cultura Diego Rivera<\/p>\n\n\n\n<p><strong>EXPOSICIONES<\/strong><\/p>\n\n\n\n<p>Sin costo<\/p>\n\n\n\n<p>Exposiciones temporales MIL<\/p>\n\n\n\n<p>Horario de atenci\u00f3n: martes a domingo de 11:00 a 18:00 horas<\/p>\n\n\n\n<p>-\u2018Una tradici\u00f3n que nos quema por dentro\u2019<\/p>\n\n\n\n<p>Curadores: Luis Andr\u00e9s Medina Rangel y Dr. V\u00edctor Hern\u00e1ndez Vaca<\/p>\n\n\n\n<p>Departamento de Estudios Culturales de la Universidad de Guanajuato Campus Le\u00f3n<\/p>\n\n\n\n<p>Permanencia al 30 de abril<\/p>\n\n\n\n<p>-\u2018En busca de la huella negra. Presencia africana en el Baj\u00edo\u2019<\/p>\n\n\n\n<p>Artista: Vanessa Quintero Salas<\/p>\n\n\n\n<p>Curador: Carlos Quintero<\/p>\n\n\n\n<p>Exposici\u00f3n temporal ESAV<\/p>\n\n\n\n<p>-\u2018Cihuatl (Girls, they want)\u2019<\/p>\n\n\n\n<p>Mujeres artistas de la ESAV y Cristina Palapa<\/p>\n\n\n\n<p>Permanencia al 14 de abril<\/p>\n\n\n\n<p>Escuela de Artes Visual Antonio Segoviano<\/p>\n\n\n\n<p>Primer Ciclo de Exposiciones 2023 de CAVI<\/p>\n\n\n\n<p>Permanencia al 4 de junio<\/p>\n\n\n\n<p>Horarios de atenci\u00f3n: martes a viernes de 10:00 a 18:30 horas; s\u00e1bados, domingos y d\u00edas festivos de 11:00 a 16:00 horas<\/p>\n\n\n\n<p>-\u2018En defensa del diablo. Apuntes curatoriales de despojos y destierros\u2019<\/p>\n\n\n\n<p>Exposici\u00f3n Colectiva: Armando Belsoj, Juan Alejandro R\u00edos, Jorge Flores,<\/p>\n\n\n\n<p>Marcela Anguiano, Absalon, Alejandro Carrillo, H\u00e9ctor Gonz\u00e1lez, Tigre F\u00e1cil.<\/p>\n\n\n\n<p>Curador: Juanki Buenrostro<\/p>\n\n\n\n<p>Sala 2 de la Galer\u00eda Elo\u00edsa Jim\u00e9nez<\/p>\n\n\n\n<p>-\u2018Contemplaciones. Un impulso silencioso\u2019<\/p>\n\n\n\n<p>M\u00f3nica Jim\u00e9nez<\/p>\n\n\n\n<p>Curador: \u00d3scar Ascencio Covarrubias<\/p>\n\n\n\n<p>Sala 1 y 2 del Teatro Mar\u00eda Grever<\/p>\n\n\n\n<p>-\u2018Azulblancorojo\u2019<\/p>\n\n\n\n<p>S\u00e9bastien Yves Lefebvre<\/p>\n\n\n\n<p>Curador: David Bravo<\/p>\n\n\n\n<p>Sala 1 de la Galer\u00eda Elo\u00edsa Jim\u00e9nez<\/p>\n\n\n\n<p>Con costo<\/p>\n\n\n\n<p>-\u2018Cocijo\u2019<\/p>\n\n\n\n<p>Sabino Guisu<\/p>\n\n\n\n<p>Curador: \u00d3scar Ascencio Covarrubias<\/p>\n\n\n\n<p>Planta baja Galer\u00eda Jes\u00fas Gallardo<\/p>\n\n\n\n<p>$10.00 general; $5.00 preferencial<\/p>\n\n\n\n<p>-\u2018Estramb\u00f3tico. El artificio de una est\u00e9tica rec\u00f3ndita\u2019<\/p>\n\n\n\n<p>Silvana Andrade<\/p>\n\n\n\n<p>Curador: \u00d3scar Ascencio Covarrubias<\/p>\n\n\n\n<p>Planta alta Galer\u00eda Jes\u00fas Gallardo<\/p>\n\n\n\n<p>$10.00 general; $5.00 preferencial<\/p>\n\n\n\n<p><strong>MI\u00c9RCOLES DE DANZ\u00d3N<\/strong><\/p>\n\n\n\n<p>Sin costo<\/p>\n\n\n\n<p>-Todos los mi\u00e9rcoles<\/p>\n\n\n\n<p>Clase: 17:00 horas<\/p>\n\n\n\n<p>Presentaci\u00f3n: 18:00 horas<\/p>\n\n\n\n<p>Plaza Expiatorio<\/p>\n\n\n\n<p><strong>CONCIERTO INTERACTIVO<\/strong><\/p>\n\n\n\n<p>-Orquesta T\u00edpica de Le\u00f3n<\/p>\n\n\n\n<p>Viernes 28 de abril<\/p>\n\n\n\n<p>18:00 h<\/p>\n\n\n\n<p>Quiosco Plaza Principal<\/p>\n\n\n\n<p><strong>MI BARRIO HABLA<\/strong><\/p>\n\n\n\n<p>-Diversas actividades<\/p>\n\n\n\n<p>S\u00e1bados del mes<\/p>\n\n\n\n<p>Diversas sedes<\/p>\n","protected":false},"excerpt":{"rendered":"Kuali\/Le\u00f3n, Gto.- El Instituto Cultural de Le\u00f3n (ICL) presenta este mes una cartelera con m\u00e1s de 70 actividades que forman parte de programas como Vive la Pasi\u00f3n, M\u00e1s Escena, Teatro Escolar Le\u00f3n, Guanajuato; Noches de Concierto y Sesiones de Di\u00e1logo. Adem\u00e1s, tambi\u00e9n participa en el programa Vive Le\u00f3n de la Presidencia Municipal de Le\u00f3n con [&hellip;]","protected":false},"author":2,"featured_media":113288,"comment_status":"open","ping_status":"open","sticky":false,"template":"","format":"standard","meta":{"_seopress_robots_primary_cat":"none","_seopress_titles_title":"","_seopress_titles_desc":"","_seopress_robots_index":"","_monsterinsights_skip_tracking":false,"_monsterinsights_sitenote_active":false,"_monsterinsights_sitenote_note":"","_monsterinsights_sitenote_category":0,"footnotes":""},"categories":[8],"tags":[127,343,160,10,126,2065],"class_list":["post-115863","post","type-post","status-publish","format-standard","has-post-thumbnail","hentry","category-espectaculos","tag-arte-y-cultura","tag-espectaculos","tag-exposiciones","tag-leon","tag-teatro","tag-vive-la-pasion"],"yoast_head":"<!-- This site is optimized with the Yoast SEO plugin v27.4 - https:\/\/yoast.com\/product\/yoast-seo-wordpress\/ -->\n<title>M\u00c1S DE 70 ACTIVIDADES PRESENTAR\u00c1 EN ABRIL EL ICL - Kuali<\/title>\n<meta name=\"robots\" content=\"index, follow, max-snippet:-1, max-image-preview:large, max-video-preview:-1\" \/>\n<link rel=\"canonical\" href=\"https:\/\/kuali.com.mx\/web\/2023\/04\/02\/mas-de-70-actividades-presentara-en-abril-el-icl\/\" \/>\n<meta property=\"og:locale\" content=\"es_MX\" \/>\n<meta property=\"og:type\" content=\"article\" \/>\n<meta property=\"og:title\" content=\"M\u00c1S DE 70 ACTIVIDADES PRESENTAR\u00c1 EN ABRIL EL ICL - Kuali\" \/>\n<meta property=\"og:description\" content=\"Kuali\/Le\u00f3n, Gto.- El Instituto Cultural de Le\u00f3n (ICL) presenta este mes una cartelera con m\u00e1s de 70 actividades que forman parte de programas como Vive la Pasi\u00f3n, M\u00e1s Escena, Teatro Escolar Le\u00f3n, Guanajuato; Noches de Concierto y Sesiones de Di\u00e1logo. Adem\u00e1s, tambi\u00e9n participa en el programa Vive Le\u00f3n de la Presidencia Municipal de Le\u00f3n con [&hellip;]\" \/>\n<meta property=\"og:url\" content=\"https:\/\/kuali.com.mx\/web\/2023\/04\/02\/mas-de-70-actividades-presentara-en-abril-el-icl\/\" \/>\n<meta property=\"og:site_name\" content=\"Kuali\" \/>\n<meta property=\"article:publisher\" content=\"https:\/\/kuali.com.mx\/web\/wp-content\/uploads\/2018\/04\/cropped-kuali_logo-1-1.png\" \/>\n<meta property=\"article:published_time\" content=\"2023-04-02T19:11:34+00:00\" \/>\n<meta property=\"article:modified_time\" content=\"2023-04-03T03:38:16+00:00\" \/>\n<meta property=\"og:image\" content=\"https:\/\/kuali.com.mx\/web\/wp-content\/uploads\/2023\/02\/Teatro_Mas-escena.gif\" \/>\n\t<meta property=\"og:image:width\" content=\"1700\" \/>\n\t<meta property=\"og:image:height\" content=\"750\" \/>\n\t<meta property=\"og:image:type\" content=\"image\/gif\" \/>\n<meta name=\"author\" content=\"Kuali Staff\" \/>\n<meta name=\"twitter:card\" content=\"summary_large_image\" \/>\n<meta name=\"twitter:creator\" content=\"@kuali_noticias\" \/>\n<meta name=\"twitter:site\" content=\"@kuali_noticias\" \/>\n<meta name=\"twitter:label1\" content=\"Escrito por\" \/>\n\t<meta name=\"twitter:data1\" content=\"Kuali Staff\" \/>\n\t<meta name=\"twitter:label2\" content=\"Tiempo de lectura\" \/>\n\t<meta name=\"twitter:data2\" content=\"5 minutos\" \/>\n<script type=\"application\/ld+json\" class=\"yoast-schema-graph\">{\"@context\":\"https:\\\/\\\/schema.org\",\"@graph\":[{\"@type\":\"Article\",\"@id\":\"https:\\\/\\\/kuali.com.mx\\\/web\\\/2023\\\/04\\\/02\\\/mas-de-70-actividades-presentara-en-abril-el-icl\\\/#article\",\"isPartOf\":{\"@id\":\"https:\\\/\\\/kuali.com.mx\\\/web\\\/2023\\\/04\\\/02\\\/mas-de-70-actividades-presentara-en-abril-el-icl\\\/\"},\"author\":{\"name\":\"Kuali Staff\",\"@id\":\"https:\\\/\\\/kuali.com.mx\\\/web\\\/#\\\/schema\\\/person\\\/6f89ffa8ecba9dae50662357923c5289\"},\"headline\":\"M\u00c1S DE 70 ACTIVIDADES PRESENTAR\u00c1 EN ABRIL EL ICL\",\"datePublished\":\"2023-04-02T19:11:34+00:00\",\"dateModified\":\"2023-04-03T03:38:16+00:00\",\"mainEntityOfPage\":{\"@id\":\"https:\\\/\\\/kuali.com.mx\\\/web\\\/2023\\\/04\\\/02\\\/mas-de-70-actividades-presentara-en-abril-el-icl\\\/\"},\"wordCount\":912,\"commentCount\":0,\"image\":{\"@id\":\"https:\\\/\\\/kuali.com.mx\\\/web\\\/2023\\\/04\\\/02\\\/mas-de-70-actividades-presentara-en-abril-el-icl\\\/#primaryimage\"},\"thumbnailUrl\":\"https:\\\/\\\/kuali.com.mx\\\/web\\\/wp-content\\\/uploads\\\/2023\\\/02\\\/Teatro_Mas-escena.gif\",\"keywords\":[\"Arte y cultura\",\"Espect\u00e1culos\",\"Exposiciones\",\"Le\u00f3n\",\"Teatro\",\"Vive la Pasi\u00f3n\"],\"articleSection\":[\"Cultura\"],\"inLanguage\":\"es\",\"potentialAction\":[{\"@type\":\"CommentAction\",\"name\":\"Comment\",\"target\":[\"https:\\\/\\\/kuali.com.mx\\\/web\\\/2023\\\/04\\\/02\\\/mas-de-70-actividades-presentara-en-abril-el-icl\\\/#respond\"]}]},{\"@type\":\"WebPage\",\"@id\":\"https:\\\/\\\/kuali.com.mx\\\/web\\\/2023\\\/04\\\/02\\\/mas-de-70-actividades-presentara-en-abril-el-icl\\\/\",\"url\":\"https:\\\/\\\/kuali.com.mx\\\/web\\\/2023\\\/04\\\/02\\\/mas-de-70-actividades-presentara-en-abril-el-icl\\\/\",\"name\":\"M\u00c1S DE 70 ACTIVIDADES PRESENTAR\u00c1 EN ABRIL EL ICL - Kuali\",\"isPartOf\":{\"@id\":\"https:\\\/\\\/kuali.com.mx\\\/web\\\/#website\"},\"primaryImageOfPage\":{\"@id\":\"https:\\\/\\\/kuali.com.mx\\\/web\\\/2023\\\/04\\\/02\\\/mas-de-70-actividades-presentara-en-abril-el-icl\\\/#primaryimage\"},\"image\":{\"@id\":\"https:\\\/\\\/kuali.com.mx\\\/web\\\/2023\\\/04\\\/02\\\/mas-de-70-actividades-presentara-en-abril-el-icl\\\/#primaryimage\"},\"thumbnailUrl\":\"https:\\\/\\\/kuali.com.mx\\\/web\\\/wp-content\\\/uploads\\\/2023\\\/02\\\/Teatro_Mas-escena.gif\",\"datePublished\":\"2023-04-02T19:11:34+00:00\",\"dateModified\":\"2023-04-03T03:38:16+00:00\",\"author\":{\"@id\":\"https:\\\/\\\/kuali.com.mx\\\/web\\\/#\\\/schema\\\/person\\\/6f89ffa8ecba9dae50662357923c5289\"},\"breadcrumb\":{\"@id\":\"https:\\\/\\\/kuali.com.mx\\\/web\\\/2023\\\/04\\\/02\\\/mas-de-70-actividades-presentara-en-abril-el-icl\\\/#breadcrumb\"},\"inLanguage\":\"es\",\"potentialAction\":[{\"@type\":\"ReadAction\",\"target\":[\"https:\\\/\\\/kuali.com.mx\\\/web\\\/2023\\\/04\\\/02\\\/mas-de-70-actividades-presentara-en-abril-el-icl\\\/\"]}]},{\"@type\":\"ImageObject\",\"inLanguage\":\"es\",\"@id\":\"https:\\\/\\\/kuali.com.mx\\\/web\\\/2023\\\/04\\\/02\\\/mas-de-70-actividades-presentara-en-abril-el-icl\\\/#primaryimage\",\"url\":\"https:\\\/\\\/kuali.com.mx\\\/web\\\/wp-content\\\/uploads\\\/2023\\\/02\\\/Teatro_Mas-escena.gif\",\"contentUrl\":\"https:\\\/\\\/kuali.com.mx\\\/web\\\/wp-content\\\/uploads\\\/2023\\\/02\\\/Teatro_Mas-escena.gif\",\"width\":1700,\"height\":750},{\"@type\":\"BreadcrumbList\",\"@id\":\"https:\\\/\\\/kuali.com.mx\\\/web\\\/2023\\\/04\\\/02\\\/mas-de-70-actividades-presentara-en-abril-el-icl\\\/#breadcrumb\",\"itemListElement\":[{\"@type\":\"ListItem\",\"position\":1,\"name\":\"Inicio\",\"item\":\"https:\\\/\\\/kuali.com.mx\\\/web\\\/\"},{\"@type\":\"ListItem\",\"position\":2,\"name\":\"M\u00c1S DE 70 ACTIVIDADES PRESENTAR\u00c1 EN ABRIL EL ICL\"}]},{\"@type\":\"WebSite\",\"@id\":\"https:\\\/\\\/kuali.com.mx\\\/web\\\/#website\",\"url\":\"https:\\\/\\\/kuali.com.mx\\\/web\\\/\",\"name\":\"Kuali\",\"description\":\"\",\"potentialAction\":[{\"@type\":\"SearchAction\",\"target\":{\"@type\":\"EntryPoint\",\"urlTemplate\":\"https:\\\/\\\/kuali.com.mx\\\/web\\\/?s={search_term_string}\"},\"query-input\":{\"@type\":\"PropertyValueSpecification\",\"valueRequired\":true,\"valueName\":\"search_term_string\"}}],\"inLanguage\":\"es\"},{\"@type\":\"Person\",\"@id\":\"https:\\\/\\\/kuali.com.mx\\\/web\\\/#\\\/schema\\\/person\\\/6f89ffa8ecba9dae50662357923c5289\",\"name\":\"Kuali Staff\",\"image\":{\"@type\":\"ImageObject\",\"inLanguage\":\"es\",\"@id\":\"https:\\\/\\\/secure.gravatar.com\\\/avatar\\\/f917ad82e5ab71227a733c78b6e60715476f69ee6be59feee4eb5d9920c89e0f?s=96&d=mm&r=g\",\"url\":\"https:\\\/\\\/secure.gravatar.com\\\/avatar\\\/f917ad82e5ab71227a733c78b6e60715476f69ee6be59feee4eb5d9920c89e0f?s=96&d=mm&r=g\",\"contentUrl\":\"https:\\\/\\\/secure.gravatar.com\\\/avatar\\\/f917ad82e5ab71227a733c78b6e60715476f69ee6be59feee4eb5d9920c89e0f?s=96&d=mm&r=g\",\"caption\":\"Kuali Staff\"},\"url\":\"https:\\\/\\\/kuali.com.mx\\\/web\\\/author\\\/lagarto\\\/\"}]}<\/script>\n<!-- \/ Yoast SEO plugin. -->","yoast_head_json":{"title":"M\u00c1S DE 70 ACTIVIDADES PRESENTAR\u00c1 EN ABRIL EL ICL - Kuali","robots":{"index":"index","follow":"follow","max-snippet":"max-snippet:-1","max-image-preview":"max-image-preview:large","max-video-preview":"max-video-preview:-1"},"canonical":"https:\/\/kuali.com.mx\/web\/2023\/04\/02\/mas-de-70-actividades-presentara-en-abril-el-icl\/","og_locale":"es_MX","og_type":"article","og_title":"M\u00c1S DE 70 ACTIVIDADES PRESENTAR\u00c1 EN ABRIL EL ICL - Kuali","og_description":"Kuali\/Le\u00f3n, Gto.- El Instituto Cultural de Le\u00f3n (ICL) presenta este mes una cartelera con m\u00e1s de 70 actividades que forman parte de programas como Vive la Pasi\u00f3n, M\u00e1s Escena, Teatro Escolar Le\u00f3n, Guanajuato; Noches de Concierto y Sesiones de Di\u00e1logo. Adem\u00e1s, tambi\u00e9n participa en el programa Vive Le\u00f3n de la Presidencia Municipal de Le\u00f3n con [&hellip;]","og_url":"https:\/\/kuali.com.mx\/web\/2023\/04\/02\/mas-de-70-actividades-presentara-en-abril-el-icl\/","og_site_name":"Kuali","article_publisher":"https:\/\/kuali.com.mx\/web\/wp-content\/uploads\/2018\/04\/cropped-kuali_logo-1-1.png","article_published_time":"2023-04-02T19:11:34+00:00","article_modified_time":"2023-04-03T03:38:16+00:00","og_image":[{"width":1700,"height":750,"url":"https:\/\/kuali.com.mx\/web\/wp-content\/uploads\/2023\/02\/Teatro_Mas-escena.gif","type":"image\/gif"}],"author":"Kuali Staff","twitter_card":"summary_large_image","twitter_creator":"@kuali_noticias","twitter_site":"@kuali_noticias","twitter_misc":{"Escrito por":"Kuali Staff","Tiempo de lectura":"5 minutos"},"schema":{"@context":"https:\/\/schema.org","@graph":[{"@type":"Article","@id":"https:\/\/kuali.com.mx\/web\/2023\/04\/02\/mas-de-70-actividades-presentara-en-abril-el-icl\/#article","isPartOf":{"@id":"https:\/\/kuali.com.mx\/web\/2023\/04\/02\/mas-de-70-actividades-presentara-en-abril-el-icl\/"},"author":{"name":"Kuali Staff","@id":"https:\/\/kuali.com.mx\/web\/#\/schema\/person\/6f89ffa8ecba9dae50662357923c5289"},"headline":"M\u00c1S DE 70 ACTIVIDADES PRESENTAR\u00c1 EN ABRIL EL ICL","datePublished":"2023-04-02T19:11:34+00:00","dateModified":"2023-04-03T03:38:16+00:00","mainEntityOfPage":{"@id":"https:\/\/kuali.com.mx\/web\/2023\/04\/02\/mas-de-70-actividades-presentara-en-abril-el-icl\/"},"wordCount":912,"commentCount":0,"image":{"@id":"https:\/\/kuali.com.mx\/web\/2023\/04\/02\/mas-de-70-actividades-presentara-en-abril-el-icl\/#primaryimage"},"thumbnailUrl":"https:\/\/kuali.com.mx\/web\/wp-content\/uploads\/2023\/02\/Teatro_Mas-escena.gif","keywords":["Arte y cultura","Espect\u00e1culos","Exposiciones","Le\u00f3n","Teatro","Vive la Pasi\u00f3n"],"articleSection":["Cultura"],"inLanguage":"es","potentialAction":[{"@type":"CommentAction","name":"Comment","target":["https:\/\/kuali.com.mx\/web\/2023\/04\/02\/mas-de-70-actividades-presentara-en-abril-el-icl\/#respond"]}]},{"@type":"WebPage","@id":"https:\/\/kuali.com.mx\/web\/2023\/04\/02\/mas-de-70-actividades-presentara-en-abril-el-icl\/","url":"https:\/\/kuali.com.mx\/web\/2023\/04\/02\/mas-de-70-actividades-presentara-en-abril-el-icl\/","name":"M\u00c1S DE 70 ACTIVIDADES PRESENTAR\u00c1 EN ABRIL EL ICL - Kuali","isPartOf":{"@id":"https:\/\/kuali.com.mx\/web\/#website"},"primaryImageOfPage":{"@id":"https:\/\/kuali.com.mx\/web\/2023\/04\/02\/mas-de-70-actividades-presentara-en-abril-el-icl\/#primaryimage"},"image":{"@id":"https:\/\/kuali.com.mx\/web\/2023\/04\/02\/mas-de-70-actividades-presentara-en-abril-el-icl\/#primaryimage"},"thumbnailUrl":"https:\/\/kuali.com.mx\/web\/wp-content\/uploads\/2023\/02\/Teatro_Mas-escena.gif","datePublished":"2023-04-02T19:11:34+00:00","dateModified":"2023-04-03T03:38:16+00:00","author":{"@id":"https:\/\/kuali.com.mx\/web\/#\/schema\/person\/6f89ffa8ecba9dae50662357923c5289"},"breadcrumb":{"@id":"https:\/\/kuali.com.mx\/web\/2023\/04\/02\/mas-de-70-actividades-presentara-en-abril-el-icl\/#breadcrumb"},"inLanguage":"es","potentialAction":[{"@type":"ReadAction","target":["https:\/\/kuali.com.mx\/web\/2023\/04\/02\/mas-de-70-actividades-presentara-en-abril-el-icl\/"]}]},{"@type":"ImageObject","inLanguage":"es","@id":"https:\/\/kuali.com.mx\/web\/2023\/04\/02\/mas-de-70-actividades-presentara-en-abril-el-icl\/#primaryimage","url":"https:\/\/kuali.com.mx\/web\/wp-content\/uploads\/2023\/02\/Teatro_Mas-escena.gif","contentUrl":"https:\/\/kuali.com.mx\/web\/wp-content\/uploads\/2023\/02\/Teatro_Mas-escena.gif","width":1700,"height":750},{"@type":"BreadcrumbList","@id":"https:\/\/kuali.com.mx\/web\/2023\/04\/02\/mas-de-70-actividades-presentara-en-abril-el-icl\/#breadcrumb","itemListElement":[{"@type":"ListItem","position":1,"name":"Inicio","item":"https:\/\/kuali.com.mx\/web\/"},{"@type":"ListItem","position":2,"name":"M\u00c1S DE 70 ACTIVIDADES PRESENTAR\u00c1 EN ABRIL EL ICL"}]},{"@type":"WebSite","@id":"https:\/\/kuali.com.mx\/web\/#website","url":"https:\/\/kuali.com.mx\/web\/","name":"Kuali","description":"","potentialAction":[{"@type":"SearchAction","target":{"@type":"EntryPoint","urlTemplate":"https:\/\/kuali.com.mx\/web\/?s={search_term_string}"},"query-input":{"@type":"PropertyValueSpecification","valueRequired":true,"valueName":"search_term_string"}}],"inLanguage":"es"},{"@type":"Person","@id":"https:\/\/kuali.com.mx\/web\/#\/schema\/person\/6f89ffa8ecba9dae50662357923c5289","name":"Kuali Staff","image":{"@type":"ImageObject","inLanguage":"es","@id":"https:\/\/secure.gravatar.com\/avatar\/f917ad82e5ab71227a733c78b6e60715476f69ee6be59feee4eb5d9920c89e0f?s=96&d=mm&r=g","url":"https:\/\/secure.gravatar.com\/avatar\/f917ad82e5ab71227a733c78b6e60715476f69ee6be59feee4eb5d9920c89e0f?s=96&d=mm&r=g","contentUrl":"https:\/\/secure.gravatar.com\/avatar\/f917ad82e5ab71227a733c78b6e60715476f69ee6be59feee4eb5d9920c89e0f?s=96&d=mm&r=g","caption":"Kuali Staff"},"url":"https:\/\/kuali.com.mx\/web\/author\/lagarto\/"}]}},"_links":{"self":[{"href":"https:\/\/kuali.com.mx\/web\/wp-json\/wp\/v2\/posts\/115863","targetHints":{"allow":["GET"]}}],"collection":[{"href":"https:\/\/kuali.com.mx\/web\/wp-json\/wp\/v2\/posts"}],"about":[{"href":"https:\/\/kuali.com.mx\/web\/wp-json\/wp\/v2\/types\/post"}],"author":[{"embeddable":true,"href":"https:\/\/kuali.com.mx\/web\/wp-json\/wp\/v2\/users\/2"}],"replies":[{"embeddable":true,"href":"https:\/\/kuali.com.mx\/web\/wp-json\/wp\/v2\/comments?post=115863"}],"version-history":[{"count":1,"href":"https:\/\/kuali.com.mx\/web\/wp-json\/wp\/v2\/posts\/115863\/revisions"}],"predecessor-version":[{"id":115866,"href":"https:\/\/kuali.com.mx\/web\/wp-json\/wp\/v2\/posts\/115863\/revisions\/115866"}],"wp:featuredmedia":[{"embeddable":true,"href":"https:\/\/kuali.com.mx\/web\/wp-json\/wp\/v2\/media\/113288"}],"wp:attachment":[{"href":"https:\/\/kuali.com.mx\/web\/wp-json\/wp\/v2\/media?parent=115863"}],"wp:term":[{"taxonomy":"category","embeddable":true,"href":"https:\/\/kuali.com.mx\/web\/wp-json\/wp\/v2\/categories?post=115863"},{"taxonomy":"post_tag","embeddable":true,"href":"https:\/\/kuali.com.mx\/web\/wp-json\/wp\/v2\/tags?post=115863"}],"curies":[{"name":"wp","href":"https:\/\/api.w.org\/{rel}","templated":true}]}}