{"id":115703,"date":"2023-03-31T08:22:32","date_gmt":"2023-03-31T14:22:32","guid":{"rendered":"https:\/\/kuali.com.mx\/web\/?p=115703"},"modified":"2023-03-31T08:22:33","modified_gmt":"2023-03-31T14:22:33","slug":"arrestan-a-responsables-del-incendio-donde-murieron-39-migrantes","status":"publish","type":"post","link":"https:\/\/kuali.com.mx\/web\/2023\/03\/31\/arrestan-a-responsables-del-incendio-donde-murieron-39-migrantes\/","title":{"rendered":"ARRESTAN A RESPONSABLES DEL INCENDIO DONDE MURIERON 39 MIGRANTES"},"content":{"rendered":"\n<p><strong><em>La Jornada\/Ciudad de M\u00e9xico.-<\/em><\/strong>La Fiscal\u00eda General de la Rep\u00fablica (FGR) puso a disposici\u00f3n de un juez federal a cinco de los presuntos responsables del incendio donde murieron 39 migrantes y 27 resultaron heridos.<\/p>\n\n\n\n<p>Los puestos a disposici\u00f3n del juez son tres elementos del Instituto Nacional de Migraci\u00f3n (INM), identificados como Rodolfo Collazo, Daniel Goray Yosioka y Gloria Ramos, as\u00ed como dos agentes de seguridad privada.<\/p>\n\n\n\n<p>Collazo y Goray no estaban en el lugar la noche del siniestro y fueron detenidos de manera ilegal, dijeron sus familiares.<\/p>\n\n\n\n<p>Las autoridades no hab\u00edan cumplimentado ayer la orden de captura contra un migrante, identificado como el responsable de haber iniciado el incendio en el lugar donde estaban 68 extranjeros.<\/p>\n\n\n\n<p>El migrante, cuya identidad se desconoce, estuvo hospitalizado, pero ya fue dado de alta.<\/p>\n\n\n\n<p>Este viernes pudiera darse a conocer si la decisi\u00f3n judicial fue de vincular a proceso a los cinco primeros acusados o dejarlos en libertad.<\/p>\n\n\n\n<h2 class=\"wp-block-heading\">Se manifiestan familiares<\/h2>\n\n\n\n<p>Agentes del INM y familiares de los detenidos protestaron ayer frente a las oficinas de la dependencia en el Puente Internacional C\u00f3rdova Am\u00e9ricas de Ciudad Ju\u00e1rez. Expresaron que las detenciones son injustas e ilegales y advirtieron que la FGR busca fabricar culpables.<\/p>\n\n\n\n<p>\u201cNi la opini\u00f3n p\u00fablica ni los migrantes ven que estamos haciendo nuestro trabajo. A los indocumentados no les importa y est\u00e1n en su derecho, lo entendemos. Pero mientras se topen con nosotros, nosotros vamos a cumplir con nuestro trabajo, nada m\u00e1s\u201d, defendi\u00f3 un agente del Grupo Beta del INM, que opera en la frontera norte.<\/p>\n\n\n\n<p>Se le pregunt\u00f3 por qu\u00e9 nadie abri\u00f3 el candado del alojamiento de hombres de la estancia migratoria la noche del incendio; el empleado respondi\u00f3 que \u201cla vor\u00e1gine de los acontecimientos fue tan r\u00e1pida que la nube t\u00f3xica ya era mortal, y obviamente los compa\u00f1eros quisieron tambi\u00e9n resguardar su vida. No los estoy justificando, pero as\u00ed fue\u201d.<\/p>\n\n\n\n<p>En conferencia de prensa en el Sal\u00f3n Tesorer\u00eda de Palacio Nacional, Herrer\u00edas indic\u00f3 que la madrugada de ayer finaliz\u00f3 la audiencia y el juez otorg\u00f3 las seis \u00f3rdenes de aprehensi\u00f3n por el delito de homicidio doloso, con dolo eventual, y por lesiones contra 67 extranjeros: 12 salvadore\u00f1os, un colombiano, 12 venezolanos, 28 guatemaltecos y 14 hondure\u00f1os. El indocumentado restante que estaba en la estancia es el se\u00f1alado por iniciar el incendio.<\/p>\n\n\n\n<p>A ra\u00edz de una anomal\u00eda detectada en la empresa a cargo del cuidado de la estaci\u00f3n migratoria de Ciudad Ju\u00e1rez, Chihuahua, donde tuvo lugar el lunes pasado el incendio que ha dejado hasta ahora 39 muertos y 27 heridos, el Servicio de Protecci\u00f3n Federal (SPF) se har\u00e1 cargo desde este viernes de la vigilancia del lugar, informaron la titular de la Secretar\u00eda de Seguridad y Protecci\u00f3n Ciudadana (SSPC), Rosa Icela Rodr\u00edguez, y la fiscal especializada en Materia de Derechos Humanos, Sara Irene Herrer\u00edas.<\/p>\n\n\n\n<p>Ambas funcionarias se\u00f1alaron que las autoridades ya descubrieron la primera irregularidad cometida por la firma Grupo de Seguridad Privada Camsa.<\/p>\n\n\n\n<p>Rosa Icela Rodr\u00edguez indic\u00f3 que esa empresa \u201cs\u00f3lo ten\u00eda reportados a cuatro empleados con 10 uniformes y el contrato con el Instituto Nacional de Migraci\u00f3n era de 503 elementos en 23 estados de la Rep\u00fablica\u201d.<\/p>\n\n\n\n<p>Agreg\u00f3 que la compa\u00f1\u00eda solicit\u00f3 su registro ante la Direcci\u00f3n General de Seguridad Privada de la SSPC \u201cel 3 de septiembre de 2020, con una autorizaci\u00f3n vigente a febrero de 2024. Se encuentra registrada bajo la modalidad de empresa para proporcionar seguridad privada en todo el territorio nacional\u201d.<\/p>\n\n\n\n<p>Sin embargo, dijo la secretaria, la autoridad revocar\u00e1 el permiso y esa empresa ya no podr\u00e1 operar en el pa\u00eds.<\/p>\n\n\n\n<p>Detall\u00f3 que los accionistas de Camsa fueron identificados como David Vicente Salazar Gasca y George McPhail Trouyet y ser\u00e1n investigados, al igual que la empresa, contra la cual ya hay un proceso administrativo.<\/p>\n\n\n\n<p>A una pregunta sobre por qu\u00e9 el INM no hab\u00eda contratado antes al SPF, como hab\u00eda ordenado el Presidente a las instituciones federales, Rosa Icela Rodr\u00edguez respondi\u00f3: \u201cTocamos las puertas de todas las dependencias para ofrecer los servicios. Pero hay algunas dependencias que los aceptan y hay dependencias que no los quieren o no los requieren\u201d, entre ellas el \u00f3rgano a cargo de Migraci\u00f3n.<\/p>\n\n\n\n<p>La representante de la FGR a\u00f1adi\u00f3 que la investigaci\u00f3n \u201cse ampl\u00eda a todas las \u00e1reas de responsabilidad del INM\u201d para conocer cu\u00e1les eran las obligaciones y cu\u00e1les pudieron haber sido las acciones u omisiones en que incurrieron los mandos de la instituci\u00f3n.<\/p>\n","protected":false},"excerpt":{"rendered":"La Jornada\/Ciudad de M\u00e9xico.-La Fiscal\u00eda General de la Rep\u00fablica (FGR) puso a disposici\u00f3n de un juez federal a cinco de los presuntos responsables del incendio donde murieron 39 migrantes y 27 resultaron heridos. Los puestos a disposici\u00f3n del juez son tres elementos del Instituto Nacional de Migraci\u00f3n (INM), identificados como Rodolfo Collazo, Daniel Goray Yosioka [&hellip;]","protected":false},"author":2,"featured_media":20080,"comment_status":"open","ping_status":"open","sticky":false,"template":"","format":"standard","meta":{"_seopress_robots_primary_cat":"none","_seopress_titles_title":"","_seopress_titles_desc":"","_seopress_robots_index":"","_monsterinsights_skip_tracking":false,"_monsterinsights_sitenote_active":false,"_monsterinsights_sitenote_note":"","_monsterinsights_sitenote_category":0,"footnotes":""},"categories":[3],"tags":[],"class_list":["post-115703","post","type-post","status-publish","format-standard","has-post-thumbnail","hentry","category-politica"],"yoast_head":"<!-- This site is optimized with the Yoast SEO plugin v27.4 - https:\/\/yoast.com\/product\/yoast-seo-wordpress\/ -->\n<title>ARRESTAN A RESPONSABLES DEL INCENDIO DONDE MURIERON 39 MIGRANTES - Kuali<\/title>\n<meta name=\"robots\" content=\"index, follow, max-snippet:-1, max-image-preview:large, max-video-preview:-1\" \/>\n<link rel=\"canonical\" href=\"https:\/\/kuali.com.mx\/web\/2023\/03\/31\/arrestan-a-responsables-del-incendio-donde-murieron-39-migrantes\/\" \/>\n<meta property=\"og:locale\" content=\"es_MX\" \/>\n<meta property=\"og:type\" content=\"article\" \/>\n<meta property=\"og:title\" content=\"ARRESTAN A RESPONSABLES DEL INCENDIO DONDE MURIERON 39 MIGRANTES - Kuali\" \/>\n<meta property=\"og:description\" content=\"La Jornada\/Ciudad de M\u00e9xico.-La Fiscal\u00eda General de la Rep\u00fablica (FGR) puso a disposici\u00f3n de un juez federal a cinco de los presuntos responsables del incendio donde murieron 39 migrantes y 27 resultaron heridos. Los puestos a disposici\u00f3n del juez son tres elementos del Instituto Nacional de Migraci\u00f3n (INM), identificados como Rodolfo Collazo, Daniel Goray Yosioka [&hellip;]\" \/>\n<meta property=\"og:url\" content=\"https:\/\/kuali.com.mx\/web\/2023\/03\/31\/arrestan-a-responsables-del-incendio-donde-murieron-39-migrantes\/\" \/>\n<meta property=\"og:site_name\" content=\"Kuali\" \/>\n<meta property=\"article:publisher\" content=\"https:\/\/kuali.com.mx\/web\/wp-content\/uploads\/2018\/04\/cropped-kuali_logo-1-1.png\" \/>\n<meta property=\"article:published_time\" content=\"2023-03-31T14:22:32+00:00\" \/>\n<meta property=\"article:modified_time\" content=\"2023-03-31T14:22:33+00:00\" \/>\n<meta property=\"og:image\" content=\"https:\/\/kuali.com.mx\/web\/wp-content\/uploads\/2016\/11\/esposas-1.jpg\" \/>\n\t<meta property=\"og:image:width\" content=\"900\" \/>\n\t<meta property=\"og:image:height\" content=\"596\" \/>\n\t<meta property=\"og:image:type\" content=\"image\/jpeg\" \/>\n<meta name=\"author\" content=\"Kuali Staff\" \/>\n<meta name=\"twitter:card\" content=\"summary_large_image\" \/>\n<meta name=\"twitter:creator\" content=\"@kuali_noticias\" \/>\n<meta name=\"twitter:site\" content=\"@kuali_noticias\" \/>\n<meta name=\"twitter:label1\" content=\"Escrito por\" \/>\n\t<meta name=\"twitter:data1\" content=\"Kuali Staff\" \/>\n\t<meta name=\"twitter:label2\" content=\"Tiempo de lectura\" \/>\n\t<meta name=\"twitter:data2\" content=\"4 minutos\" \/>\n<script type=\"application\/ld+json\" class=\"yoast-schema-graph\">{\"@context\":\"https:\\\/\\\/schema.org\",\"@graph\":[{\"@type\":\"Article\",\"@id\":\"https:\\\/\\\/kuali.com.mx\\\/web\\\/2023\\\/03\\\/31\\\/arrestan-a-responsables-del-incendio-donde-murieron-39-migrantes\\\/#article\",\"isPartOf\":{\"@id\":\"https:\\\/\\\/kuali.com.mx\\\/web\\\/2023\\\/03\\\/31\\\/arrestan-a-responsables-del-incendio-donde-murieron-39-migrantes\\\/\"},\"author\":{\"name\":\"Kuali Staff\",\"@id\":\"https:\\\/\\\/kuali.com.mx\\\/web\\\/#\\\/schema\\\/person\\\/6f89ffa8ecba9dae50662357923c5289\"},\"headline\":\"ARRESTAN A RESPONSABLES DEL INCENDIO DONDE MURIERON 39 MIGRANTES\",\"datePublished\":\"2023-03-31T14:22:32+00:00\",\"dateModified\":\"2023-03-31T14:22:33+00:00\",\"mainEntityOfPage\":{\"@id\":\"https:\\\/\\\/kuali.com.mx\\\/web\\\/2023\\\/03\\\/31\\\/arrestan-a-responsables-del-incendio-donde-murieron-39-migrantes\\\/\"},\"wordCount\":777,\"commentCount\":0,\"image\":{\"@id\":\"https:\\\/\\\/kuali.com.mx\\\/web\\\/2023\\\/03\\\/31\\\/arrestan-a-responsables-del-incendio-donde-murieron-39-migrantes\\\/#primaryimage\"},\"thumbnailUrl\":\"https:\\\/\\\/kuali.com.mx\\\/web\\\/wp-content\\\/uploads\\\/2016\\\/11\\\/esposas-1.jpg\",\"articleSection\":[\"Pol\u00edtica\"],\"inLanguage\":\"es\",\"potentialAction\":[{\"@type\":\"CommentAction\",\"name\":\"Comment\",\"target\":[\"https:\\\/\\\/kuali.com.mx\\\/web\\\/2023\\\/03\\\/31\\\/arrestan-a-responsables-del-incendio-donde-murieron-39-migrantes\\\/#respond\"]}]},{\"@type\":\"WebPage\",\"@id\":\"https:\\\/\\\/kuali.com.mx\\\/web\\\/2023\\\/03\\\/31\\\/arrestan-a-responsables-del-incendio-donde-murieron-39-migrantes\\\/\",\"url\":\"https:\\\/\\\/kuali.com.mx\\\/web\\\/2023\\\/03\\\/31\\\/arrestan-a-responsables-del-incendio-donde-murieron-39-migrantes\\\/\",\"name\":\"ARRESTAN A RESPONSABLES DEL INCENDIO DONDE MURIERON 39 MIGRANTES - Kuali\",\"isPartOf\":{\"@id\":\"https:\\\/\\\/kuali.com.mx\\\/web\\\/#website\"},\"primaryImageOfPage\":{\"@id\":\"https:\\\/\\\/kuali.com.mx\\\/web\\\/2023\\\/03\\\/31\\\/arrestan-a-responsables-del-incendio-donde-murieron-39-migrantes\\\/#primaryimage\"},\"image\":{\"@id\":\"https:\\\/\\\/kuali.com.mx\\\/web\\\/2023\\\/03\\\/31\\\/arrestan-a-responsables-del-incendio-donde-murieron-39-migrantes\\\/#primaryimage\"},\"thumbnailUrl\":\"https:\\\/\\\/kuali.com.mx\\\/web\\\/wp-content\\\/uploads\\\/2016\\\/11\\\/esposas-1.jpg\",\"datePublished\":\"2023-03-31T14:22:32+00:00\",\"dateModified\":\"2023-03-31T14:22:33+00:00\",\"author\":{\"@id\":\"https:\\\/\\\/kuali.com.mx\\\/web\\\/#\\\/schema\\\/person\\\/6f89ffa8ecba9dae50662357923c5289\"},\"breadcrumb\":{\"@id\":\"https:\\\/\\\/kuali.com.mx\\\/web\\\/2023\\\/03\\\/31\\\/arrestan-a-responsables-del-incendio-donde-murieron-39-migrantes\\\/#breadcrumb\"},\"inLanguage\":\"es\",\"potentialAction\":[{\"@type\":\"ReadAction\",\"target\":[\"https:\\\/\\\/kuali.com.mx\\\/web\\\/2023\\\/03\\\/31\\\/arrestan-a-responsables-del-incendio-donde-murieron-39-migrantes\\\/\"]}]},{\"@type\":\"ImageObject\",\"inLanguage\":\"es\",\"@id\":\"https:\\\/\\\/kuali.com.mx\\\/web\\\/2023\\\/03\\\/31\\\/arrestan-a-responsables-del-incendio-donde-murieron-39-migrantes\\\/#primaryimage\",\"url\":\"https:\\\/\\\/kuali.com.mx\\\/web\\\/wp-content\\\/uploads\\\/2016\\\/11\\\/esposas-1.jpg\",\"contentUrl\":\"https:\\\/\\\/kuali.com.mx\\\/web\\\/wp-content\\\/uploads\\\/2016\\\/11\\\/esposas-1.jpg\",\"width\":900,\"height\":596},{\"@type\":\"BreadcrumbList\",\"@id\":\"https:\\\/\\\/kuali.com.mx\\\/web\\\/2023\\\/03\\\/31\\\/arrestan-a-responsables-del-incendio-donde-murieron-39-migrantes\\\/#breadcrumb\",\"itemListElement\":[{\"@type\":\"ListItem\",\"position\":1,\"name\":\"Inicio\",\"item\":\"https:\\\/\\\/kuali.com.mx\\\/web\\\/\"},{\"@type\":\"ListItem\",\"position\":2,\"name\":\"ARRESTAN A RESPONSABLES DEL INCENDIO DONDE MURIERON 39 MIGRANTES\"}]},{\"@type\":\"WebSite\",\"@id\":\"https:\\\/\\\/kuali.com.mx\\\/web\\\/#website\",\"url\":\"https:\\\/\\\/kuali.com.mx\\\/web\\\/\",\"name\":\"Kuali\",\"description\":\"\",\"potentialAction\":[{\"@type\":\"SearchAction\",\"target\":{\"@type\":\"EntryPoint\",\"urlTemplate\":\"https:\\\/\\\/kuali.com.mx\\\/web\\\/?s={search_term_string}\"},\"query-input\":{\"@type\":\"PropertyValueSpecification\",\"valueRequired\":true,\"valueName\":\"search_term_string\"}}],\"inLanguage\":\"es\"},{\"@type\":\"Person\",\"@id\":\"https:\\\/\\\/kuali.com.mx\\\/web\\\/#\\\/schema\\\/person\\\/6f89ffa8ecba9dae50662357923c5289\",\"name\":\"Kuali Staff\",\"image\":{\"@type\":\"ImageObject\",\"inLanguage\":\"es\",\"@id\":\"https:\\\/\\\/secure.gravatar.com\\\/avatar\\\/f917ad82e5ab71227a733c78b6e60715476f69ee6be59feee4eb5d9920c89e0f?s=96&d=mm&r=g\",\"url\":\"https:\\\/\\\/secure.gravatar.com\\\/avatar\\\/f917ad82e5ab71227a733c78b6e60715476f69ee6be59feee4eb5d9920c89e0f?s=96&d=mm&r=g\",\"contentUrl\":\"https:\\\/\\\/secure.gravatar.com\\\/avatar\\\/f917ad82e5ab71227a733c78b6e60715476f69ee6be59feee4eb5d9920c89e0f?s=96&d=mm&r=g\",\"caption\":\"Kuali Staff\"},\"url\":\"https:\\\/\\\/kuali.com.mx\\\/web\\\/author\\\/lagarto\\\/\"}]}<\/script>\n<!-- \/ Yoast SEO plugin. -->","yoast_head_json":{"title":"ARRESTAN A RESPONSABLES DEL INCENDIO DONDE MURIERON 39 MIGRANTES - Kuali","robots":{"index":"index","follow":"follow","max-snippet":"max-snippet:-1","max-image-preview":"max-image-preview:large","max-video-preview":"max-video-preview:-1"},"canonical":"https:\/\/kuali.com.mx\/web\/2023\/03\/31\/arrestan-a-responsables-del-incendio-donde-murieron-39-migrantes\/","og_locale":"es_MX","og_type":"article","og_title":"ARRESTAN A RESPONSABLES DEL INCENDIO DONDE MURIERON 39 MIGRANTES - Kuali","og_description":"La Jornada\/Ciudad de M\u00e9xico.-La Fiscal\u00eda General de la Rep\u00fablica (FGR) puso a disposici\u00f3n de un juez federal a cinco de los presuntos responsables del incendio donde murieron 39 migrantes y 27 resultaron heridos. Los puestos a disposici\u00f3n del juez son tres elementos del Instituto Nacional de Migraci\u00f3n (INM), identificados como Rodolfo Collazo, Daniel Goray Yosioka [&hellip;]","og_url":"https:\/\/kuali.com.mx\/web\/2023\/03\/31\/arrestan-a-responsables-del-incendio-donde-murieron-39-migrantes\/","og_site_name":"Kuali","article_publisher":"https:\/\/kuali.com.mx\/web\/wp-content\/uploads\/2018\/04\/cropped-kuali_logo-1-1.png","article_published_time":"2023-03-31T14:22:32+00:00","article_modified_time":"2023-03-31T14:22:33+00:00","og_image":[{"width":900,"height":596,"url":"https:\/\/kuali.com.mx\/web\/wp-content\/uploads\/2016\/11\/esposas-1.jpg","type":"image\/jpeg"}],"author":"Kuali Staff","twitter_card":"summary_large_image","twitter_creator":"@kuali_noticias","twitter_site":"@kuali_noticias","twitter_misc":{"Escrito por":"Kuali Staff","Tiempo de lectura":"4 minutos"},"schema":{"@context":"https:\/\/schema.org","@graph":[{"@type":"Article","@id":"https:\/\/kuali.com.mx\/web\/2023\/03\/31\/arrestan-a-responsables-del-incendio-donde-murieron-39-migrantes\/#article","isPartOf":{"@id":"https:\/\/kuali.com.mx\/web\/2023\/03\/31\/arrestan-a-responsables-del-incendio-donde-murieron-39-migrantes\/"},"author":{"name":"Kuali Staff","@id":"https:\/\/kuali.com.mx\/web\/#\/schema\/person\/6f89ffa8ecba9dae50662357923c5289"},"headline":"ARRESTAN A RESPONSABLES DEL INCENDIO DONDE MURIERON 39 MIGRANTES","datePublished":"2023-03-31T14:22:32+00:00","dateModified":"2023-03-31T14:22:33+00:00","mainEntityOfPage":{"@id":"https:\/\/kuali.com.mx\/web\/2023\/03\/31\/arrestan-a-responsables-del-incendio-donde-murieron-39-migrantes\/"},"wordCount":777,"commentCount":0,"image":{"@id":"https:\/\/kuali.com.mx\/web\/2023\/03\/31\/arrestan-a-responsables-del-incendio-donde-murieron-39-migrantes\/#primaryimage"},"thumbnailUrl":"https:\/\/kuali.com.mx\/web\/wp-content\/uploads\/2016\/11\/esposas-1.jpg","articleSection":["Pol\u00edtica"],"inLanguage":"es","potentialAction":[{"@type":"CommentAction","name":"Comment","target":["https:\/\/kuali.com.mx\/web\/2023\/03\/31\/arrestan-a-responsables-del-incendio-donde-murieron-39-migrantes\/#respond"]}]},{"@type":"WebPage","@id":"https:\/\/kuali.com.mx\/web\/2023\/03\/31\/arrestan-a-responsables-del-incendio-donde-murieron-39-migrantes\/","url":"https:\/\/kuali.com.mx\/web\/2023\/03\/31\/arrestan-a-responsables-del-incendio-donde-murieron-39-migrantes\/","name":"ARRESTAN A RESPONSABLES DEL INCENDIO DONDE MURIERON 39 MIGRANTES - Kuali","isPartOf":{"@id":"https:\/\/kuali.com.mx\/web\/#website"},"primaryImageOfPage":{"@id":"https:\/\/kuali.com.mx\/web\/2023\/03\/31\/arrestan-a-responsables-del-incendio-donde-murieron-39-migrantes\/#primaryimage"},"image":{"@id":"https:\/\/kuali.com.mx\/web\/2023\/03\/31\/arrestan-a-responsables-del-incendio-donde-murieron-39-migrantes\/#primaryimage"},"thumbnailUrl":"https:\/\/kuali.com.mx\/web\/wp-content\/uploads\/2016\/11\/esposas-1.jpg","datePublished":"2023-03-31T14:22:32+00:00","dateModified":"2023-03-31T14:22:33+00:00","author":{"@id":"https:\/\/kuali.com.mx\/web\/#\/schema\/person\/6f89ffa8ecba9dae50662357923c5289"},"breadcrumb":{"@id":"https:\/\/kuali.com.mx\/web\/2023\/03\/31\/arrestan-a-responsables-del-incendio-donde-murieron-39-migrantes\/#breadcrumb"},"inLanguage":"es","potentialAction":[{"@type":"ReadAction","target":["https:\/\/kuali.com.mx\/web\/2023\/03\/31\/arrestan-a-responsables-del-incendio-donde-murieron-39-migrantes\/"]}]},{"@type":"ImageObject","inLanguage":"es","@id":"https:\/\/kuali.com.mx\/web\/2023\/03\/31\/arrestan-a-responsables-del-incendio-donde-murieron-39-migrantes\/#primaryimage","url":"https:\/\/kuali.com.mx\/web\/wp-content\/uploads\/2016\/11\/esposas-1.jpg","contentUrl":"https:\/\/kuali.com.mx\/web\/wp-content\/uploads\/2016\/11\/esposas-1.jpg","width":900,"height":596},{"@type":"BreadcrumbList","@id":"https:\/\/kuali.com.mx\/web\/2023\/03\/31\/arrestan-a-responsables-del-incendio-donde-murieron-39-migrantes\/#breadcrumb","itemListElement":[{"@type":"ListItem","position":1,"name":"Inicio","item":"https:\/\/kuali.com.mx\/web\/"},{"@type":"ListItem","position":2,"name":"ARRESTAN A RESPONSABLES DEL INCENDIO DONDE MURIERON 39 MIGRANTES"}]},{"@type":"WebSite","@id":"https:\/\/kuali.com.mx\/web\/#website","url":"https:\/\/kuali.com.mx\/web\/","name":"Kuali","description":"","potentialAction":[{"@type":"SearchAction","target":{"@type":"EntryPoint","urlTemplate":"https:\/\/kuali.com.mx\/web\/?s={search_term_string}"},"query-input":{"@type":"PropertyValueSpecification","valueRequired":true,"valueName":"search_term_string"}}],"inLanguage":"es"},{"@type":"Person","@id":"https:\/\/kuali.com.mx\/web\/#\/schema\/person\/6f89ffa8ecba9dae50662357923c5289","name":"Kuali Staff","image":{"@type":"ImageObject","inLanguage":"es","@id":"https:\/\/secure.gravatar.com\/avatar\/f917ad82e5ab71227a733c78b6e60715476f69ee6be59feee4eb5d9920c89e0f?s=96&d=mm&r=g","url":"https:\/\/secure.gravatar.com\/avatar\/f917ad82e5ab71227a733c78b6e60715476f69ee6be59feee4eb5d9920c89e0f?s=96&d=mm&r=g","contentUrl":"https:\/\/secure.gravatar.com\/avatar\/f917ad82e5ab71227a733c78b6e60715476f69ee6be59feee4eb5d9920c89e0f?s=96&d=mm&r=g","caption":"Kuali Staff"},"url":"https:\/\/kuali.com.mx\/web\/author\/lagarto\/"}]}},"_links":{"self":[{"href":"https:\/\/kuali.com.mx\/web\/wp-json\/wp\/v2\/posts\/115703","targetHints":{"allow":["GET"]}}],"collection":[{"href":"https:\/\/kuali.com.mx\/web\/wp-json\/wp\/v2\/posts"}],"about":[{"href":"https:\/\/kuali.com.mx\/web\/wp-json\/wp\/v2\/types\/post"}],"author":[{"embeddable":true,"href":"https:\/\/kuali.com.mx\/web\/wp-json\/wp\/v2\/users\/2"}],"replies":[{"embeddable":true,"href":"https:\/\/kuali.com.mx\/web\/wp-json\/wp\/v2\/comments?post=115703"}],"version-history":[{"count":1,"href":"https:\/\/kuali.com.mx\/web\/wp-json\/wp\/v2\/posts\/115703\/revisions"}],"predecessor-version":[{"id":115706,"href":"https:\/\/kuali.com.mx\/web\/wp-json\/wp\/v2\/posts\/115703\/revisions\/115706"}],"wp:featuredmedia":[{"embeddable":true,"href":"https:\/\/kuali.com.mx\/web\/wp-json\/wp\/v2\/media\/20080"}],"wp:attachment":[{"href":"https:\/\/kuali.com.mx\/web\/wp-json\/wp\/v2\/media?parent=115703"}],"wp:term":[{"taxonomy":"category","embeddable":true,"href":"https:\/\/kuali.com.mx\/web\/wp-json\/wp\/v2\/categories?post=115703"},{"taxonomy":"post_tag","embeddable":true,"href":"https:\/\/kuali.com.mx\/web\/wp-json\/wp\/v2\/tags?post=115703"}],"curies":[{"name":"wp","href":"https:\/\/api.w.org\/{rel}","templated":true}]}}