{"id":115693,"date":"2023-03-31T01:43:59","date_gmt":"2023-03-31T07:43:59","guid":{"rendered":"https:\/\/kuali.com.mx\/web\/?p=115693"},"modified":"2023-03-31T01:44:01","modified_gmt":"2023-03-31T07:44:01","slug":"demandan-por-acoso-sexual-al-alcalde-de-silao","status":"publish","type":"post","link":"https:\/\/kuali.com.mx\/web\/2023\/03\/31\/demandan-por-acoso-sexual-al-alcalde-de-silao\/","title":{"rendered":"DEMANDAN POR ACOSO SEXUAL AL ALCALDE DE SILAO"},"content":{"rendered":"\n<p><strong>Alicia Arias\/Silao de la Victoria, Gto.- <\/strong>Carlos Garc\u00eda Villase\u00f1or, quien gobierna al municipio de Silao por el partido Morena, enfrenta una demanda por el delito de acoso sexual. \u00c9l dice desconocer que haya una denuncia en su contra.<\/p>\n\n\n\n<p>En la sesi\u00f3n de ayuntamiento celebrada la tarde de este jueves, la regidora independiente Mar\u00eda de la Luz Ibarra Valdenegro, asegur\u00f3 que existe una demanda en la Unidad de Atenci\u00f3n Integral a las Mujeres de la fiscal\u00eda del estado en contra del alcalde por el delito de acoso sexual.<\/p>\n\n\n\n<p>El n\u00famero de la carpeta de investigaci\u00f3n es el 34601. \u201cTengo conocimiento, porque as\u00ed me lo hicieron saber las v\u00edctimas y ofendidas, que ha presentado una denuncia o querella en su contra por la probable comisi\u00f3n del delito de acoso sexual\u201d, coment\u00f3.<\/p>\n\n\n\n<p>La regidora pidi\u00f3 a Carlos Garc\u00eda \u201cse separe del cargo, pida licencia y arregle su situaci\u00f3n jur\u00eddica\u201d; adem\u00e1s de pedir la intervenci\u00f3n del Congreso del Estado de Guanajuato y, en especial, de la Bancada Feminista y de las Comisiones de Igualdad de G\u00e9nero &nbsp;y de Asuntos Municipales.<\/p>\n\n\n\n<p>A las y los integrantes del Ayuntamiento de Silao les pidi\u00f3 \u201cno obstruir las investigaciones de la fiscal\u00eda\u201d para que castigue a los responsables, dijo en referencia a, por lo menos, otras seis denuncias en contra de funcionarios municipales por el mismo delito.<\/p>\n\n\n\n<p>\u201cSi tiene algo de dignidad, sep\u00e1rese de manera indefinida del cargo, deje de lastimar a Silao, en donde nosotros s\u00ed vivimos y le tenemos cari\u00f1o y amor\u201d, expres\u00f3 Luz Ibarra.<\/p>\n\n\n\n<p>Del d\u00eda que Calos Garc\u00eda Villase\u00f1or tom\u00f3 protesta como presidente municipal, el 10 de octubre de 2021, a la fecha, existen siete denuncias por acoso sexual y hostigamiento laboral en contra de funcionarios del gobierno municipal, asegur\u00f3 la regidora.<\/p>\n\n\n\n<p>Record\u00f3 que la \u00faltima demanda por acoso sexual se present\u00f3 el pasado mi\u00e9rcoles 29 de marzo y fue en contra del director de Tr\u00e1nsito municipal, F\u00e9lix Rangel Barroso. El n\u00famero de la carpeta de investigaci\u00f3n es 37040.<\/p>\n\n\n\n<p>La regidora tambi\u00e9n pidi\u00f3 el titular de tr\u00e1nsito deje el cargo hasta que concluyan las investigaciones y que la v\u00edctima sea reinstalada en el cargo que ten\u00eda porque fue removida al \u00e1rea del 911.<\/p>\n\n\n\n<p>El alcalde se defendi\u00f3 asegurando que desconoce que haya una demanda en su contra y que primero buscar\u00e1 la informaci\u00f3n para saber de qu\u00e9 se le acusa.<\/p>\n\n\n\n<p>\u201cSiempre voy a estar de lado de la mujer. Siempre voy a estar de lado de las familias de Silao y siempre voy a estar atendiendo el tema, y mi tema de \u2018con la mujer todo y sin la mujer nada\u2019 siempre lo voy a respetar y siempre lo voy a hacer y si lo tengo que hacer a pesar de lo que sea necesario lo voy a seguir haciendo\u201d.<\/p>\n","protected":false},"excerpt":{"rendered":"Alicia Arias\/Silao de la Victoria, Gto.- Carlos Garc\u00eda Villase\u00f1or, quien gobierna al municipio de Silao por el partido Morena, enfrenta una demanda por el delito de acoso sexual. \u00c9l dice desconocer que haya una denuncia en su contra. En la sesi\u00f3n de ayuntamiento celebrada la tarde de este jueves, la regidora independiente Mar\u00eda de la [&hellip;]","protected":false},"author":2,"featured_media":115696,"comment_status":"open","ping_status":"open","sticky":false,"template":"","format":"standard","meta":{"_seopress_robots_primary_cat":"none","_seopress_titles_title":"","_seopress_titles_desc":"","_seopress_robots_index":"","_monsterinsights_skip_tracking":false,"_monsterinsights_sitenote_active":false,"_monsterinsights_sitenote_note":"","_monsterinsights_sitenote_category":0,"footnotes":""},"categories":[3],"tags":[108,1841,30,203,12],"class_list":["post-115693","post","type-post","status-publish","format-standard","has-post-thumbnail","hentry","category-politica","tag-acoso-sexual","tag-carlos-garcia-villasenor","tag-delitos","tag-gobierno","tag-silao"],"yoast_head":"<!-- This site is optimized with the Yoast SEO plugin v27.4 - https:\/\/yoast.com\/product\/yoast-seo-wordpress\/ -->\n<title>DEMANDAN POR ACOSO SEXUAL AL ALCALDE DE SILAO - Kuali<\/title>\n<meta name=\"robots\" content=\"index, follow, max-snippet:-1, max-image-preview:large, max-video-preview:-1\" \/>\n<link rel=\"canonical\" href=\"https:\/\/kuali.com.mx\/web\/2023\/03\/31\/demandan-por-acoso-sexual-al-alcalde-de-silao\/\" \/>\n<meta property=\"og:locale\" content=\"es_MX\" \/>\n<meta property=\"og:type\" content=\"article\" \/>\n<meta property=\"og:title\" content=\"DEMANDAN POR ACOSO SEXUAL AL ALCALDE DE SILAO - Kuali\" \/>\n<meta property=\"og:description\" content=\"Alicia Arias\/Silao de la Victoria, Gto.- Carlos Garc\u00eda Villase\u00f1or, quien gobierna al municipio de Silao por el partido Morena, enfrenta una demanda por el delito de acoso sexual. \u00c9l dice desconocer que haya una denuncia en su contra. En la sesi\u00f3n de ayuntamiento celebrada la tarde de este jueves, la regidora independiente Mar\u00eda de la [&hellip;]\" \/>\n<meta property=\"og:url\" content=\"https:\/\/kuali.com.mx\/web\/2023\/03\/31\/demandan-por-acoso-sexual-al-alcalde-de-silao\/\" \/>\n<meta property=\"og:site_name\" content=\"Kuali\" \/>\n<meta property=\"article:publisher\" content=\"https:\/\/kuali.com.mx\/web\/wp-content\/uploads\/2018\/04\/cropped-kuali_logo-1-1.png\" \/>\n<meta property=\"article:published_time\" content=\"2023-03-31T07:43:59+00:00\" \/>\n<meta property=\"article:modified_time\" content=\"2023-03-31T07:44:01+00:00\" \/>\n<meta property=\"og:image\" content=\"https:\/\/kuali.com.mx\/web\/wp-content\/uploads\/2023\/03\/Carlos-Garcia-Villasenor-2.gif\" \/>\n\t<meta property=\"og:image:width\" content=\"1825\" \/>\n\t<meta property=\"og:image:height\" content=\"750\" \/>\n\t<meta property=\"og:image:type\" content=\"image\/gif\" \/>\n<meta name=\"author\" content=\"Kuali Staff\" \/>\n<meta name=\"twitter:card\" content=\"summary_large_image\" \/>\n<meta name=\"twitter:creator\" content=\"@kuali_noticias\" \/>\n<meta name=\"twitter:site\" content=\"@kuali_noticias\" \/>\n<meta name=\"twitter:label1\" content=\"Escrito por\" \/>\n\t<meta name=\"twitter:data1\" content=\"Kuali Staff\" \/>\n\t<meta name=\"twitter:label2\" content=\"Tiempo de lectura\" \/>\n\t<meta name=\"twitter:data2\" content=\"2 minutos\" \/>\n<script type=\"application\/ld+json\" class=\"yoast-schema-graph\">{\"@context\":\"https:\\\/\\\/schema.org\",\"@graph\":[{\"@type\":\"Article\",\"@id\":\"https:\\\/\\\/kuali.com.mx\\\/web\\\/2023\\\/03\\\/31\\\/demandan-por-acoso-sexual-al-alcalde-de-silao\\\/#article\",\"isPartOf\":{\"@id\":\"https:\\\/\\\/kuali.com.mx\\\/web\\\/2023\\\/03\\\/31\\\/demandan-por-acoso-sexual-al-alcalde-de-silao\\\/\"},\"author\":{\"name\":\"Kuali Staff\",\"@id\":\"https:\\\/\\\/kuali.com.mx\\\/web\\\/#\\\/schema\\\/person\\\/6f89ffa8ecba9dae50662357923c5289\"},\"headline\":\"DEMANDAN POR ACOSO SEXUAL AL ALCALDE DE SILAO\",\"datePublished\":\"2023-03-31T07:43:59+00:00\",\"dateModified\":\"2023-03-31T07:44:01+00:00\",\"mainEntityOfPage\":{\"@id\":\"https:\\\/\\\/kuali.com.mx\\\/web\\\/2023\\\/03\\\/31\\\/demandan-por-acoso-sexual-al-alcalde-de-silao\\\/\"},\"wordCount\":493,\"commentCount\":0,\"image\":{\"@id\":\"https:\\\/\\\/kuali.com.mx\\\/web\\\/2023\\\/03\\\/31\\\/demandan-por-acoso-sexual-al-alcalde-de-silao\\\/#primaryimage\"},\"thumbnailUrl\":\"https:\\\/\\\/kuali.com.mx\\\/web\\\/wp-content\\\/uploads\\\/2023\\\/03\\\/Carlos-Garcia-Villasenor-2.gif\",\"keywords\":[\"Acoso sexual\",\"Carlos Garc\u00eda Villase\u00f1or\",\"delitos\",\"Gobierno\",\"Silao\"],\"articleSection\":[\"Pol\u00edtica\"],\"inLanguage\":\"es\",\"potentialAction\":[{\"@type\":\"CommentAction\",\"name\":\"Comment\",\"target\":[\"https:\\\/\\\/kuali.com.mx\\\/web\\\/2023\\\/03\\\/31\\\/demandan-por-acoso-sexual-al-alcalde-de-silao\\\/#respond\"]}]},{\"@type\":\"WebPage\",\"@id\":\"https:\\\/\\\/kuali.com.mx\\\/web\\\/2023\\\/03\\\/31\\\/demandan-por-acoso-sexual-al-alcalde-de-silao\\\/\",\"url\":\"https:\\\/\\\/kuali.com.mx\\\/web\\\/2023\\\/03\\\/31\\\/demandan-por-acoso-sexual-al-alcalde-de-silao\\\/\",\"name\":\"DEMANDAN POR ACOSO SEXUAL AL ALCALDE DE SILAO - Kuali\",\"isPartOf\":{\"@id\":\"https:\\\/\\\/kuali.com.mx\\\/web\\\/#website\"},\"primaryImageOfPage\":{\"@id\":\"https:\\\/\\\/kuali.com.mx\\\/web\\\/2023\\\/03\\\/31\\\/demandan-por-acoso-sexual-al-alcalde-de-silao\\\/#primaryimage\"},\"image\":{\"@id\":\"https:\\\/\\\/kuali.com.mx\\\/web\\\/2023\\\/03\\\/31\\\/demandan-por-acoso-sexual-al-alcalde-de-silao\\\/#primaryimage\"},\"thumbnailUrl\":\"https:\\\/\\\/kuali.com.mx\\\/web\\\/wp-content\\\/uploads\\\/2023\\\/03\\\/Carlos-Garcia-Villasenor-2.gif\",\"datePublished\":\"2023-03-31T07:43:59+00:00\",\"dateModified\":\"2023-03-31T07:44:01+00:00\",\"author\":{\"@id\":\"https:\\\/\\\/kuali.com.mx\\\/web\\\/#\\\/schema\\\/person\\\/6f89ffa8ecba9dae50662357923c5289\"},\"breadcrumb\":{\"@id\":\"https:\\\/\\\/kuali.com.mx\\\/web\\\/2023\\\/03\\\/31\\\/demandan-por-acoso-sexual-al-alcalde-de-silao\\\/#breadcrumb\"},\"inLanguage\":\"es\",\"potentialAction\":[{\"@type\":\"ReadAction\",\"target\":[\"https:\\\/\\\/kuali.com.mx\\\/web\\\/2023\\\/03\\\/31\\\/demandan-por-acoso-sexual-al-alcalde-de-silao\\\/\"]}]},{\"@type\":\"ImageObject\",\"inLanguage\":\"es\",\"@id\":\"https:\\\/\\\/kuali.com.mx\\\/web\\\/2023\\\/03\\\/31\\\/demandan-por-acoso-sexual-al-alcalde-de-silao\\\/#primaryimage\",\"url\":\"https:\\\/\\\/kuali.com.mx\\\/web\\\/wp-content\\\/uploads\\\/2023\\\/03\\\/Carlos-Garcia-Villasenor-2.gif\",\"contentUrl\":\"https:\\\/\\\/kuali.com.mx\\\/web\\\/wp-content\\\/uploads\\\/2023\\\/03\\\/Carlos-Garcia-Villasenor-2.gif\",\"width\":1825,\"height\":750},{\"@type\":\"BreadcrumbList\",\"@id\":\"https:\\\/\\\/kuali.com.mx\\\/web\\\/2023\\\/03\\\/31\\\/demandan-por-acoso-sexual-al-alcalde-de-silao\\\/#breadcrumb\",\"itemListElement\":[{\"@type\":\"ListItem\",\"position\":1,\"name\":\"Inicio\",\"item\":\"https:\\\/\\\/kuali.com.mx\\\/web\\\/\"},{\"@type\":\"ListItem\",\"position\":2,\"name\":\"DEMANDAN POR ACOSO SEXUAL AL ALCALDE DE SILAO\"}]},{\"@type\":\"WebSite\",\"@id\":\"https:\\\/\\\/kuali.com.mx\\\/web\\\/#website\",\"url\":\"https:\\\/\\\/kuali.com.mx\\\/web\\\/\",\"name\":\"Kuali\",\"description\":\"\",\"potentialAction\":[{\"@type\":\"SearchAction\",\"target\":{\"@type\":\"EntryPoint\",\"urlTemplate\":\"https:\\\/\\\/kuali.com.mx\\\/web\\\/?s={search_term_string}\"},\"query-input\":{\"@type\":\"PropertyValueSpecification\",\"valueRequired\":true,\"valueName\":\"search_term_string\"}}],\"inLanguage\":\"es\"},{\"@type\":\"Person\",\"@id\":\"https:\\\/\\\/kuali.com.mx\\\/web\\\/#\\\/schema\\\/person\\\/6f89ffa8ecba9dae50662357923c5289\",\"name\":\"Kuali Staff\",\"image\":{\"@type\":\"ImageObject\",\"inLanguage\":\"es\",\"@id\":\"https:\\\/\\\/secure.gravatar.com\\\/avatar\\\/f917ad82e5ab71227a733c78b6e60715476f69ee6be59feee4eb5d9920c89e0f?s=96&d=mm&r=g\",\"url\":\"https:\\\/\\\/secure.gravatar.com\\\/avatar\\\/f917ad82e5ab71227a733c78b6e60715476f69ee6be59feee4eb5d9920c89e0f?s=96&d=mm&r=g\",\"contentUrl\":\"https:\\\/\\\/secure.gravatar.com\\\/avatar\\\/f917ad82e5ab71227a733c78b6e60715476f69ee6be59feee4eb5d9920c89e0f?s=96&d=mm&r=g\",\"caption\":\"Kuali Staff\"},\"url\":\"https:\\\/\\\/kuali.com.mx\\\/web\\\/author\\\/lagarto\\\/\"}]}<\/script>\n<!-- \/ Yoast SEO plugin. -->","yoast_head_json":{"title":"DEMANDAN POR ACOSO SEXUAL AL ALCALDE DE SILAO - Kuali","robots":{"index":"index","follow":"follow","max-snippet":"max-snippet:-1","max-image-preview":"max-image-preview:large","max-video-preview":"max-video-preview:-1"},"canonical":"https:\/\/kuali.com.mx\/web\/2023\/03\/31\/demandan-por-acoso-sexual-al-alcalde-de-silao\/","og_locale":"es_MX","og_type":"article","og_title":"DEMANDAN POR ACOSO SEXUAL AL ALCALDE DE SILAO - Kuali","og_description":"Alicia Arias\/Silao de la Victoria, Gto.- Carlos Garc\u00eda Villase\u00f1or, quien gobierna al municipio de Silao por el partido Morena, enfrenta una demanda por el delito de acoso sexual. \u00c9l dice desconocer que haya una denuncia en su contra. En la sesi\u00f3n de ayuntamiento celebrada la tarde de este jueves, la regidora independiente Mar\u00eda de la [&hellip;]","og_url":"https:\/\/kuali.com.mx\/web\/2023\/03\/31\/demandan-por-acoso-sexual-al-alcalde-de-silao\/","og_site_name":"Kuali","article_publisher":"https:\/\/kuali.com.mx\/web\/wp-content\/uploads\/2018\/04\/cropped-kuali_logo-1-1.png","article_published_time":"2023-03-31T07:43:59+00:00","article_modified_time":"2023-03-31T07:44:01+00:00","og_image":[{"width":1825,"height":750,"url":"https:\/\/kuali.com.mx\/web\/wp-content\/uploads\/2023\/03\/Carlos-Garcia-Villasenor-2.gif","type":"image\/gif"}],"author":"Kuali Staff","twitter_card":"summary_large_image","twitter_creator":"@kuali_noticias","twitter_site":"@kuali_noticias","twitter_misc":{"Escrito por":"Kuali Staff","Tiempo de lectura":"2 minutos"},"schema":{"@context":"https:\/\/schema.org","@graph":[{"@type":"Article","@id":"https:\/\/kuali.com.mx\/web\/2023\/03\/31\/demandan-por-acoso-sexual-al-alcalde-de-silao\/#article","isPartOf":{"@id":"https:\/\/kuali.com.mx\/web\/2023\/03\/31\/demandan-por-acoso-sexual-al-alcalde-de-silao\/"},"author":{"name":"Kuali Staff","@id":"https:\/\/kuali.com.mx\/web\/#\/schema\/person\/6f89ffa8ecba9dae50662357923c5289"},"headline":"DEMANDAN POR ACOSO SEXUAL AL ALCALDE DE SILAO","datePublished":"2023-03-31T07:43:59+00:00","dateModified":"2023-03-31T07:44:01+00:00","mainEntityOfPage":{"@id":"https:\/\/kuali.com.mx\/web\/2023\/03\/31\/demandan-por-acoso-sexual-al-alcalde-de-silao\/"},"wordCount":493,"commentCount":0,"image":{"@id":"https:\/\/kuali.com.mx\/web\/2023\/03\/31\/demandan-por-acoso-sexual-al-alcalde-de-silao\/#primaryimage"},"thumbnailUrl":"https:\/\/kuali.com.mx\/web\/wp-content\/uploads\/2023\/03\/Carlos-Garcia-Villasenor-2.gif","keywords":["Acoso sexual","Carlos Garc\u00eda Villase\u00f1or","delitos","Gobierno","Silao"],"articleSection":["Pol\u00edtica"],"inLanguage":"es","potentialAction":[{"@type":"CommentAction","name":"Comment","target":["https:\/\/kuali.com.mx\/web\/2023\/03\/31\/demandan-por-acoso-sexual-al-alcalde-de-silao\/#respond"]}]},{"@type":"WebPage","@id":"https:\/\/kuali.com.mx\/web\/2023\/03\/31\/demandan-por-acoso-sexual-al-alcalde-de-silao\/","url":"https:\/\/kuali.com.mx\/web\/2023\/03\/31\/demandan-por-acoso-sexual-al-alcalde-de-silao\/","name":"DEMANDAN POR ACOSO SEXUAL AL ALCALDE DE SILAO - Kuali","isPartOf":{"@id":"https:\/\/kuali.com.mx\/web\/#website"},"primaryImageOfPage":{"@id":"https:\/\/kuali.com.mx\/web\/2023\/03\/31\/demandan-por-acoso-sexual-al-alcalde-de-silao\/#primaryimage"},"image":{"@id":"https:\/\/kuali.com.mx\/web\/2023\/03\/31\/demandan-por-acoso-sexual-al-alcalde-de-silao\/#primaryimage"},"thumbnailUrl":"https:\/\/kuali.com.mx\/web\/wp-content\/uploads\/2023\/03\/Carlos-Garcia-Villasenor-2.gif","datePublished":"2023-03-31T07:43:59+00:00","dateModified":"2023-03-31T07:44:01+00:00","author":{"@id":"https:\/\/kuali.com.mx\/web\/#\/schema\/person\/6f89ffa8ecba9dae50662357923c5289"},"breadcrumb":{"@id":"https:\/\/kuali.com.mx\/web\/2023\/03\/31\/demandan-por-acoso-sexual-al-alcalde-de-silao\/#breadcrumb"},"inLanguage":"es","potentialAction":[{"@type":"ReadAction","target":["https:\/\/kuali.com.mx\/web\/2023\/03\/31\/demandan-por-acoso-sexual-al-alcalde-de-silao\/"]}]},{"@type":"ImageObject","inLanguage":"es","@id":"https:\/\/kuali.com.mx\/web\/2023\/03\/31\/demandan-por-acoso-sexual-al-alcalde-de-silao\/#primaryimage","url":"https:\/\/kuali.com.mx\/web\/wp-content\/uploads\/2023\/03\/Carlos-Garcia-Villasenor-2.gif","contentUrl":"https:\/\/kuali.com.mx\/web\/wp-content\/uploads\/2023\/03\/Carlos-Garcia-Villasenor-2.gif","width":1825,"height":750},{"@type":"BreadcrumbList","@id":"https:\/\/kuali.com.mx\/web\/2023\/03\/31\/demandan-por-acoso-sexual-al-alcalde-de-silao\/#breadcrumb","itemListElement":[{"@type":"ListItem","position":1,"name":"Inicio","item":"https:\/\/kuali.com.mx\/web\/"},{"@type":"ListItem","position":2,"name":"DEMANDAN POR ACOSO SEXUAL AL ALCALDE DE SILAO"}]},{"@type":"WebSite","@id":"https:\/\/kuali.com.mx\/web\/#website","url":"https:\/\/kuali.com.mx\/web\/","name":"Kuali","description":"","potentialAction":[{"@type":"SearchAction","target":{"@type":"EntryPoint","urlTemplate":"https:\/\/kuali.com.mx\/web\/?s={search_term_string}"},"query-input":{"@type":"PropertyValueSpecification","valueRequired":true,"valueName":"search_term_string"}}],"inLanguage":"es"},{"@type":"Person","@id":"https:\/\/kuali.com.mx\/web\/#\/schema\/person\/6f89ffa8ecba9dae50662357923c5289","name":"Kuali Staff","image":{"@type":"ImageObject","inLanguage":"es","@id":"https:\/\/secure.gravatar.com\/avatar\/f917ad82e5ab71227a733c78b6e60715476f69ee6be59feee4eb5d9920c89e0f?s=96&d=mm&r=g","url":"https:\/\/secure.gravatar.com\/avatar\/f917ad82e5ab71227a733c78b6e60715476f69ee6be59feee4eb5d9920c89e0f?s=96&d=mm&r=g","contentUrl":"https:\/\/secure.gravatar.com\/avatar\/f917ad82e5ab71227a733c78b6e60715476f69ee6be59feee4eb5d9920c89e0f?s=96&d=mm&r=g","caption":"Kuali Staff"},"url":"https:\/\/kuali.com.mx\/web\/author\/lagarto\/"}]}},"_links":{"self":[{"href":"https:\/\/kuali.com.mx\/web\/wp-json\/wp\/v2\/posts\/115693","targetHints":{"allow":["GET"]}}],"collection":[{"href":"https:\/\/kuali.com.mx\/web\/wp-json\/wp\/v2\/posts"}],"about":[{"href":"https:\/\/kuali.com.mx\/web\/wp-json\/wp\/v2\/types\/post"}],"author":[{"embeddable":true,"href":"https:\/\/kuali.com.mx\/web\/wp-json\/wp\/v2\/users\/2"}],"replies":[{"embeddable":true,"href":"https:\/\/kuali.com.mx\/web\/wp-json\/wp\/v2\/comments?post=115693"}],"version-history":[{"count":2,"href":"https:\/\/kuali.com.mx\/web\/wp-json\/wp\/v2\/posts\/115693\/revisions"}],"predecessor-version":[{"id":115698,"href":"https:\/\/kuali.com.mx\/web\/wp-json\/wp\/v2\/posts\/115693\/revisions\/115698"}],"wp:featuredmedia":[{"embeddable":true,"href":"https:\/\/kuali.com.mx\/web\/wp-json\/wp\/v2\/media\/115696"}],"wp:attachment":[{"href":"https:\/\/kuali.com.mx\/web\/wp-json\/wp\/v2\/media?parent=115693"}],"wp:term":[{"taxonomy":"category","embeddable":true,"href":"https:\/\/kuali.com.mx\/web\/wp-json\/wp\/v2\/categories?post=115693"},{"taxonomy":"post_tag","embeddable":true,"href":"https:\/\/kuali.com.mx\/web\/wp-json\/wp\/v2\/tags?post=115693"}],"curies":[{"name":"wp","href":"https:\/\/api.w.org\/{rel}","templated":true}]}}