{"id":115673,"date":"2023-03-31T08:00:00","date_gmt":"2023-03-31T14:00:00","guid":{"rendered":"https:\/\/kuali.com.mx\/web\/?p=115673"},"modified":"2023-03-31T08:31:56","modified_gmt":"2023-03-31T14:31:56","slug":"buscaba-migrante-guatemalteco-ayudar-a-su-familia","status":"publish","type":"post","link":"https:\/\/kuali.com.mx\/web\/2023\/03\/31\/buscaba-migrante-guatemalteco-ayudar-a-su-familia\/","title":{"rendered":"BUSCABA MIGRANTE GUATEMALTECO AYUDAR A SU FAMILIA"},"content":{"rendered":"\n<p><em><strong>Agencia Sputnik\/Ciudad Ju\u00e1rez<\/strong><\/em>.-Lo \u00fanico que deseaba Santiago Caal Tzul, migrante originario de Guatemala y fallecido en el incendio del m\u00f3dulo del Instituto Nacional de Migraci\u00f3n (INM) en Ciudad Ju\u00e1rez, Chihuahua, era llegar a Estados Unidos para ayudar a sus seres queridos<strong>.<\/strong><\/p>\n\n\n\n<p>\"Su finalidad era sacar adelante a su familia. Se fue por el desempleo en que se encuentra en Guatemala, por eso viaj\u00f3&nbsp;en busca del sue\u00f1o<strong>&nbsp;<\/strong>americano<strong>\"<\/strong>, indic\u00f3 su t\u00edo Medardo Rax Tzul, en entrevista para Sputnik.<\/p>\n\n\n\n<p>Caal Tzul, quien solo ten\u00eda 24 a\u00f1os, naci\u00f3 en el departamento de Alta Verapaz, al norte del territorio guatemalteco, en el seno de unafamilia dedicada a la agricultura.<\/p>\n\n\n\n<p>Era padre de una ni\u00f1a de aproximadamente 4 a\u00f1os y, antes de viajar a M\u00e9xico,&nbsp;fueguardia de seguridad<strong>&nbsp;<\/strong>en la capital de Guatemala<\/p>\n\n\n\n<p>\"La verdad es que [las personas allegadas a Santiago] est\u00e1n muy tristes por lo que pas\u00f3. No era lo que estaban esperando. Esperaban que llegara a Estados Unidos para tener trabajo y sacar adelante a su familia. Es lo \u00fanico que ten\u00edan pensado\", asegur\u00f3 Rax Tzul.<\/p>\n\n\n\n<p>Medardo Rax Tzul pidi\u00f3 al Gobierno e instituciones mexicanas que atiendan de manera respetuosa a las personas migrantes.<\/p>\n\n\n\n<p>\"Yo les sugiero a las autoridades mexicanas que act\u00faen como tal. Vi por las noticias que no [laboraban de esa manera], sino que se salieron de sus deberes. Es lo que estoy viendo. A\u00fan falta esperar con ellos que sean buenas autoridades, m\u00e1s que todo. Es cierto que nuestros paisanos llegan ah\u00ed. Sabemos que no son sus tierras, pero ellos tambi\u00e9n deber\u00edan poner las partes como autoridades&nbsp;y&nbsp;dar la mejor atenci\u00f3n&nbsp;a los migrantes que se encuentran por ah\u00ed\", coment\u00f3.<\/p>\n\n\n\n<p>El t\u00edo de Santiago se\u00f1al\u00f3 que, con el fin de reconocer el cuerpo y repatriarlo, viajaron a M\u00e9xico tanto el pap\u00e1 del joven como el alcalde de Alta Verapaz, Leonel Arturo Chac\u00f3n Barrios.<\/p>\n\n\n\n<p><strong>Lo que se conoce hasta el momento<\/strong><\/p>\n\n\n\n<p>La titular de la Secretar\u00eda de Seguridad y Protecci\u00f3n Ciudadana (SSPC) de M\u00e9xico, Rosa Icela Rodr\u00edguez, indic\u00f3 el 30 de marzo que hay ocho presuntos responsables de los hechos ocurridos el 27 de marzo en Ciudad Ju\u00e1rez: dos agentes federales, un agente estatal de migraci\u00f3n y cinco elementos de una empresa de seguridad privada.<\/p>\n\n\n\n<p>Seg\u00fan la versi\u00f3n dada por las autoridades federales, el incendio que consumi\u00f3 el lugar comenz\u00f3 luego de que los migrantes quemaran un colch\u00f3n comoprotesta contra su detenci\u00f3n. Este incidente dej\u00f3 un saldo de 39 personas muertas, quienes eran originarias de pa\u00edses como Guatemala, Venezuela, El Salvador, Ecuador y Colombia.<\/p>\n\n\n\n<p>El 28 de marzo se revel\u00f3 un video en donde se observa que, tras presentarse las llamas, personal de INM sale del lugar sin liberar a los detenidos.<\/p>\n\n\n\n<p>Ante este evento, el presidente de M\u00e9xico, Andr\u00e9s Manuel L\u00f3pez Obrador, afirm\u00f3 que no se proteger\u00eda a nadie por el incendio en el m\u00f3dulo migratorio.<\/p>\n\n\n\n<p>\"Estoy solicitando a la Fiscal\u00eda General de la Rep\u00fablica que, como es su deber y facultad, contin\u00fae con la investigaci\u00f3n judicial para que se emita una resoluci\u00f3n, se act\u00fae, se finquen responsabilidades y&nbsp;que no haya impunidad. Que se aclare bien qui\u00e9nes fueron los responsables y que se finquen, de manera espec\u00edfica, las responsabilidades y se castigue de conformidad con la ley a quienes hayan causado esta dolorosa tragedia\", puntualiz\u00f3.<\/p>\n","protected":false},"excerpt":{"rendered":"Agencia Sputnik\/Ciudad Ju\u00e1rez.-Lo \u00fanico que deseaba Santiago Caal Tzul, migrante originario de Guatemala y fallecido en el incendio del m\u00f3dulo del Instituto Nacional de Migraci\u00f3n (INM) en Ciudad Ju\u00e1rez, Chihuahua, era llegar a Estados Unidos para ayudar a sus seres queridos. \"Su finalidad era sacar adelante a su familia. Se fue por el desempleo en [&hellip;]","protected":false},"author":2,"featured_media":115675,"comment_status":"open","ping_status":"open","sticky":false,"template":"","format":"standard","meta":{"_seopress_robots_primary_cat":"none","_seopress_titles_title":"","_seopress_titles_desc":"","_seopress_robots_index":"","_monsterinsights_skip_tracking":false,"_monsterinsights_sitenote_active":false,"_monsterinsights_sitenote_note":"","_monsterinsights_sitenote_category":0,"footnotes":""},"categories":[1],"tags":[],"class_list":["post-115673","post","type-post","status-publish","format-standard","has-post-thumbnail","hentry","category-actualidad"],"yoast_head":"<!-- This site is optimized with the Yoast SEO plugin v27.4 - https:\/\/yoast.com\/product\/yoast-seo-wordpress\/ -->\n<title>BUSCABA MIGRANTE GUATEMALTECO AYUDAR A SU FAMILIA - Kuali<\/title>\n<meta name=\"robots\" content=\"index, follow, max-snippet:-1, max-image-preview:large, max-video-preview:-1\" \/>\n<link rel=\"canonical\" href=\"https:\/\/kuali.com.mx\/web\/2023\/03\/31\/buscaba-migrante-guatemalteco-ayudar-a-su-familia\/\" \/>\n<meta property=\"og:locale\" content=\"es_MX\" \/>\n<meta property=\"og:type\" content=\"article\" \/>\n<meta property=\"og:title\" content=\"BUSCABA MIGRANTE GUATEMALTECO AYUDAR A SU FAMILIA - Kuali\" \/>\n<meta property=\"og:description\" content=\"Agencia Sputnik\/Ciudad Ju\u00e1rez.-Lo \u00fanico que deseaba Santiago Caal Tzul, migrante originario de Guatemala y fallecido en el incendio del m\u00f3dulo del Instituto Nacional de Migraci\u00f3n (INM) en Ciudad Ju\u00e1rez, Chihuahua, era llegar a Estados Unidos para ayudar a sus seres queridos. &quot;Su finalidad era sacar adelante a su familia. Se fue por el desempleo en [&hellip;]\" \/>\n<meta property=\"og:url\" content=\"https:\/\/kuali.com.mx\/web\/2023\/03\/31\/buscaba-migrante-guatemalteco-ayudar-a-su-familia\/\" \/>\n<meta property=\"og:site_name\" content=\"Kuali\" \/>\n<meta property=\"article:publisher\" content=\"https:\/\/kuali.com.mx\/web\/wp-content\/uploads\/2018\/04\/cropped-kuali_logo-1-1.png\" \/>\n<meta property=\"article:published_time\" content=\"2023-03-31T14:00:00+00:00\" \/>\n<meta property=\"article:modified_time\" content=\"2023-03-31T14:31:56+00:00\" \/>\n<meta property=\"og:image\" content=\"https:\/\/kuali.com.mx\/web\/wp-content\/uploads\/2023\/03\/migrante.jpg\" \/>\n\t<meta property=\"og:image:width\" content=\"1920\" \/>\n\t<meta property=\"og:image:height\" content=\"1079\" \/>\n\t<meta property=\"og:image:type\" content=\"image\/jpeg\" \/>\n<meta name=\"author\" content=\"Kuali Staff\" \/>\n<meta name=\"twitter:card\" content=\"summary_large_image\" \/>\n<meta name=\"twitter:creator\" content=\"@kuali_noticias\" \/>\n<meta name=\"twitter:site\" content=\"@kuali_noticias\" \/>\n<meta name=\"twitter:label1\" content=\"Escrito por\" \/>\n\t<meta name=\"twitter:data1\" content=\"Kuali Staff\" \/>\n\t<meta name=\"twitter:label2\" content=\"Tiempo de lectura\" \/>\n\t<meta name=\"twitter:data2\" content=\"3 minutos\" \/>\n<script type=\"application\/ld+json\" class=\"yoast-schema-graph\">{\"@context\":\"https:\\\/\\\/schema.org\",\"@graph\":[{\"@type\":\"Article\",\"@id\":\"https:\\\/\\\/kuali.com.mx\\\/web\\\/2023\\\/03\\\/31\\\/buscaba-migrante-guatemalteco-ayudar-a-su-familia\\\/#article\",\"isPartOf\":{\"@id\":\"https:\\\/\\\/kuali.com.mx\\\/web\\\/2023\\\/03\\\/31\\\/buscaba-migrante-guatemalteco-ayudar-a-su-familia\\\/\"},\"author\":{\"name\":\"Kuali Staff\",\"@id\":\"https:\\\/\\\/kuali.com.mx\\\/web\\\/#\\\/schema\\\/person\\\/6f89ffa8ecba9dae50662357923c5289\"},\"headline\":\"BUSCABA MIGRANTE GUATEMALTECO AYUDAR A SU FAMILIA\",\"datePublished\":\"2023-03-31T14:00:00+00:00\",\"dateModified\":\"2023-03-31T14:31:56+00:00\",\"mainEntityOfPage\":{\"@id\":\"https:\\\/\\\/kuali.com.mx\\\/web\\\/2023\\\/03\\\/31\\\/buscaba-migrante-guatemalteco-ayudar-a-su-familia\\\/\"},\"wordCount\":598,\"commentCount\":0,\"image\":{\"@id\":\"https:\\\/\\\/kuali.com.mx\\\/web\\\/2023\\\/03\\\/31\\\/buscaba-migrante-guatemalteco-ayudar-a-su-familia\\\/#primaryimage\"},\"thumbnailUrl\":\"https:\\\/\\\/kuali.com.mx\\\/web\\\/wp-content\\\/uploads\\\/2023\\\/03\\\/migrante.jpg\",\"articleSection\":[\"Versatil\"],\"inLanguage\":\"es\",\"potentialAction\":[{\"@type\":\"CommentAction\",\"name\":\"Comment\",\"target\":[\"https:\\\/\\\/kuali.com.mx\\\/web\\\/2023\\\/03\\\/31\\\/buscaba-migrante-guatemalteco-ayudar-a-su-familia\\\/#respond\"]}]},{\"@type\":\"WebPage\",\"@id\":\"https:\\\/\\\/kuali.com.mx\\\/web\\\/2023\\\/03\\\/31\\\/buscaba-migrante-guatemalteco-ayudar-a-su-familia\\\/\",\"url\":\"https:\\\/\\\/kuali.com.mx\\\/web\\\/2023\\\/03\\\/31\\\/buscaba-migrante-guatemalteco-ayudar-a-su-familia\\\/\",\"name\":\"BUSCABA MIGRANTE GUATEMALTECO AYUDAR A SU FAMILIA - Kuali\",\"isPartOf\":{\"@id\":\"https:\\\/\\\/kuali.com.mx\\\/web\\\/#website\"},\"primaryImageOfPage\":{\"@id\":\"https:\\\/\\\/kuali.com.mx\\\/web\\\/2023\\\/03\\\/31\\\/buscaba-migrante-guatemalteco-ayudar-a-su-familia\\\/#primaryimage\"},\"image\":{\"@id\":\"https:\\\/\\\/kuali.com.mx\\\/web\\\/2023\\\/03\\\/31\\\/buscaba-migrante-guatemalteco-ayudar-a-su-familia\\\/#primaryimage\"},\"thumbnailUrl\":\"https:\\\/\\\/kuali.com.mx\\\/web\\\/wp-content\\\/uploads\\\/2023\\\/03\\\/migrante.jpg\",\"datePublished\":\"2023-03-31T14:00:00+00:00\",\"dateModified\":\"2023-03-31T14:31:56+00:00\",\"author\":{\"@id\":\"https:\\\/\\\/kuali.com.mx\\\/web\\\/#\\\/schema\\\/person\\\/6f89ffa8ecba9dae50662357923c5289\"},\"breadcrumb\":{\"@id\":\"https:\\\/\\\/kuali.com.mx\\\/web\\\/2023\\\/03\\\/31\\\/buscaba-migrante-guatemalteco-ayudar-a-su-familia\\\/#breadcrumb\"},\"inLanguage\":\"es\",\"potentialAction\":[{\"@type\":\"ReadAction\",\"target\":[\"https:\\\/\\\/kuali.com.mx\\\/web\\\/2023\\\/03\\\/31\\\/buscaba-migrante-guatemalteco-ayudar-a-su-familia\\\/\"]}]},{\"@type\":\"ImageObject\",\"inLanguage\":\"es\",\"@id\":\"https:\\\/\\\/kuali.com.mx\\\/web\\\/2023\\\/03\\\/31\\\/buscaba-migrante-guatemalteco-ayudar-a-su-familia\\\/#primaryimage\",\"url\":\"https:\\\/\\\/kuali.com.mx\\\/web\\\/wp-content\\\/uploads\\\/2023\\\/03\\\/migrante.jpg\",\"contentUrl\":\"https:\\\/\\\/kuali.com.mx\\\/web\\\/wp-content\\\/uploads\\\/2023\\\/03\\\/migrante.jpg\",\"width\":1920,\"height\":1079},{\"@type\":\"BreadcrumbList\",\"@id\":\"https:\\\/\\\/kuali.com.mx\\\/web\\\/2023\\\/03\\\/31\\\/buscaba-migrante-guatemalteco-ayudar-a-su-familia\\\/#breadcrumb\",\"itemListElement\":[{\"@type\":\"ListItem\",\"position\":1,\"name\":\"Inicio\",\"item\":\"https:\\\/\\\/kuali.com.mx\\\/web\\\/\"},{\"@type\":\"ListItem\",\"position\":2,\"name\":\"BUSCABA MIGRANTE GUATEMALTECO AYUDAR A SU FAMILIA\"}]},{\"@type\":\"WebSite\",\"@id\":\"https:\\\/\\\/kuali.com.mx\\\/web\\\/#website\",\"url\":\"https:\\\/\\\/kuali.com.mx\\\/web\\\/\",\"name\":\"Kuali\",\"description\":\"\",\"potentialAction\":[{\"@type\":\"SearchAction\",\"target\":{\"@type\":\"EntryPoint\",\"urlTemplate\":\"https:\\\/\\\/kuali.com.mx\\\/web\\\/?s={search_term_string}\"},\"query-input\":{\"@type\":\"PropertyValueSpecification\",\"valueRequired\":true,\"valueName\":\"search_term_string\"}}],\"inLanguage\":\"es\"},{\"@type\":\"Person\",\"@id\":\"https:\\\/\\\/kuali.com.mx\\\/web\\\/#\\\/schema\\\/person\\\/6f89ffa8ecba9dae50662357923c5289\",\"name\":\"Kuali Staff\",\"image\":{\"@type\":\"ImageObject\",\"inLanguage\":\"es\",\"@id\":\"https:\\\/\\\/secure.gravatar.com\\\/avatar\\\/f917ad82e5ab71227a733c78b6e60715476f69ee6be59feee4eb5d9920c89e0f?s=96&d=mm&r=g\",\"url\":\"https:\\\/\\\/secure.gravatar.com\\\/avatar\\\/f917ad82e5ab71227a733c78b6e60715476f69ee6be59feee4eb5d9920c89e0f?s=96&d=mm&r=g\",\"contentUrl\":\"https:\\\/\\\/secure.gravatar.com\\\/avatar\\\/f917ad82e5ab71227a733c78b6e60715476f69ee6be59feee4eb5d9920c89e0f?s=96&d=mm&r=g\",\"caption\":\"Kuali Staff\"},\"url\":\"https:\\\/\\\/kuali.com.mx\\\/web\\\/author\\\/lagarto\\\/\"}]}<\/script>\n<!-- \/ Yoast SEO plugin. -->","yoast_head_json":{"title":"BUSCABA MIGRANTE GUATEMALTECO AYUDAR A SU FAMILIA - Kuali","robots":{"index":"index","follow":"follow","max-snippet":"max-snippet:-1","max-image-preview":"max-image-preview:large","max-video-preview":"max-video-preview:-1"},"canonical":"https:\/\/kuali.com.mx\/web\/2023\/03\/31\/buscaba-migrante-guatemalteco-ayudar-a-su-familia\/","og_locale":"es_MX","og_type":"article","og_title":"BUSCABA MIGRANTE GUATEMALTECO AYUDAR A SU FAMILIA - Kuali","og_description":"Agencia Sputnik\/Ciudad Ju\u00e1rez.-Lo \u00fanico que deseaba Santiago Caal Tzul, migrante originario de Guatemala y fallecido en el incendio del m\u00f3dulo del Instituto Nacional de Migraci\u00f3n (INM) en Ciudad Ju\u00e1rez, Chihuahua, era llegar a Estados Unidos para ayudar a sus seres queridos. \"Su finalidad era sacar adelante a su familia. Se fue por el desempleo en [&hellip;]","og_url":"https:\/\/kuali.com.mx\/web\/2023\/03\/31\/buscaba-migrante-guatemalteco-ayudar-a-su-familia\/","og_site_name":"Kuali","article_publisher":"https:\/\/kuali.com.mx\/web\/wp-content\/uploads\/2018\/04\/cropped-kuali_logo-1-1.png","article_published_time":"2023-03-31T14:00:00+00:00","article_modified_time":"2023-03-31T14:31:56+00:00","og_image":[{"width":1920,"height":1079,"url":"https:\/\/kuali.com.mx\/web\/wp-content\/uploads\/2023\/03\/migrante.jpg","type":"image\/jpeg"}],"author":"Kuali Staff","twitter_card":"summary_large_image","twitter_creator":"@kuali_noticias","twitter_site":"@kuali_noticias","twitter_misc":{"Escrito por":"Kuali Staff","Tiempo de lectura":"3 minutos"},"schema":{"@context":"https:\/\/schema.org","@graph":[{"@type":"Article","@id":"https:\/\/kuali.com.mx\/web\/2023\/03\/31\/buscaba-migrante-guatemalteco-ayudar-a-su-familia\/#article","isPartOf":{"@id":"https:\/\/kuali.com.mx\/web\/2023\/03\/31\/buscaba-migrante-guatemalteco-ayudar-a-su-familia\/"},"author":{"name":"Kuali Staff","@id":"https:\/\/kuali.com.mx\/web\/#\/schema\/person\/6f89ffa8ecba9dae50662357923c5289"},"headline":"BUSCABA MIGRANTE GUATEMALTECO AYUDAR A SU FAMILIA","datePublished":"2023-03-31T14:00:00+00:00","dateModified":"2023-03-31T14:31:56+00:00","mainEntityOfPage":{"@id":"https:\/\/kuali.com.mx\/web\/2023\/03\/31\/buscaba-migrante-guatemalteco-ayudar-a-su-familia\/"},"wordCount":598,"commentCount":0,"image":{"@id":"https:\/\/kuali.com.mx\/web\/2023\/03\/31\/buscaba-migrante-guatemalteco-ayudar-a-su-familia\/#primaryimage"},"thumbnailUrl":"https:\/\/kuali.com.mx\/web\/wp-content\/uploads\/2023\/03\/migrante.jpg","articleSection":["Versatil"],"inLanguage":"es","potentialAction":[{"@type":"CommentAction","name":"Comment","target":["https:\/\/kuali.com.mx\/web\/2023\/03\/31\/buscaba-migrante-guatemalteco-ayudar-a-su-familia\/#respond"]}]},{"@type":"WebPage","@id":"https:\/\/kuali.com.mx\/web\/2023\/03\/31\/buscaba-migrante-guatemalteco-ayudar-a-su-familia\/","url":"https:\/\/kuali.com.mx\/web\/2023\/03\/31\/buscaba-migrante-guatemalteco-ayudar-a-su-familia\/","name":"BUSCABA MIGRANTE GUATEMALTECO AYUDAR A SU FAMILIA - Kuali","isPartOf":{"@id":"https:\/\/kuali.com.mx\/web\/#website"},"primaryImageOfPage":{"@id":"https:\/\/kuali.com.mx\/web\/2023\/03\/31\/buscaba-migrante-guatemalteco-ayudar-a-su-familia\/#primaryimage"},"image":{"@id":"https:\/\/kuali.com.mx\/web\/2023\/03\/31\/buscaba-migrante-guatemalteco-ayudar-a-su-familia\/#primaryimage"},"thumbnailUrl":"https:\/\/kuali.com.mx\/web\/wp-content\/uploads\/2023\/03\/migrante.jpg","datePublished":"2023-03-31T14:00:00+00:00","dateModified":"2023-03-31T14:31:56+00:00","author":{"@id":"https:\/\/kuali.com.mx\/web\/#\/schema\/person\/6f89ffa8ecba9dae50662357923c5289"},"breadcrumb":{"@id":"https:\/\/kuali.com.mx\/web\/2023\/03\/31\/buscaba-migrante-guatemalteco-ayudar-a-su-familia\/#breadcrumb"},"inLanguage":"es","potentialAction":[{"@type":"ReadAction","target":["https:\/\/kuali.com.mx\/web\/2023\/03\/31\/buscaba-migrante-guatemalteco-ayudar-a-su-familia\/"]}]},{"@type":"ImageObject","inLanguage":"es","@id":"https:\/\/kuali.com.mx\/web\/2023\/03\/31\/buscaba-migrante-guatemalteco-ayudar-a-su-familia\/#primaryimage","url":"https:\/\/kuali.com.mx\/web\/wp-content\/uploads\/2023\/03\/migrante.jpg","contentUrl":"https:\/\/kuali.com.mx\/web\/wp-content\/uploads\/2023\/03\/migrante.jpg","width":1920,"height":1079},{"@type":"BreadcrumbList","@id":"https:\/\/kuali.com.mx\/web\/2023\/03\/31\/buscaba-migrante-guatemalteco-ayudar-a-su-familia\/#breadcrumb","itemListElement":[{"@type":"ListItem","position":1,"name":"Inicio","item":"https:\/\/kuali.com.mx\/web\/"},{"@type":"ListItem","position":2,"name":"BUSCABA MIGRANTE GUATEMALTECO AYUDAR A SU FAMILIA"}]},{"@type":"WebSite","@id":"https:\/\/kuali.com.mx\/web\/#website","url":"https:\/\/kuali.com.mx\/web\/","name":"Kuali","description":"","potentialAction":[{"@type":"SearchAction","target":{"@type":"EntryPoint","urlTemplate":"https:\/\/kuali.com.mx\/web\/?s={search_term_string}"},"query-input":{"@type":"PropertyValueSpecification","valueRequired":true,"valueName":"search_term_string"}}],"inLanguage":"es"},{"@type":"Person","@id":"https:\/\/kuali.com.mx\/web\/#\/schema\/person\/6f89ffa8ecba9dae50662357923c5289","name":"Kuali Staff","image":{"@type":"ImageObject","inLanguage":"es","@id":"https:\/\/secure.gravatar.com\/avatar\/f917ad82e5ab71227a733c78b6e60715476f69ee6be59feee4eb5d9920c89e0f?s=96&d=mm&r=g","url":"https:\/\/secure.gravatar.com\/avatar\/f917ad82e5ab71227a733c78b6e60715476f69ee6be59feee4eb5d9920c89e0f?s=96&d=mm&r=g","contentUrl":"https:\/\/secure.gravatar.com\/avatar\/f917ad82e5ab71227a733c78b6e60715476f69ee6be59feee4eb5d9920c89e0f?s=96&d=mm&r=g","caption":"Kuali Staff"},"url":"https:\/\/kuali.com.mx\/web\/author\/lagarto\/"}]}},"_links":{"self":[{"href":"https:\/\/kuali.com.mx\/web\/wp-json\/wp\/v2\/posts\/115673","targetHints":{"allow":["GET"]}}],"collection":[{"href":"https:\/\/kuali.com.mx\/web\/wp-json\/wp\/v2\/posts"}],"about":[{"href":"https:\/\/kuali.com.mx\/web\/wp-json\/wp\/v2\/types\/post"}],"author":[{"embeddable":true,"href":"https:\/\/kuali.com.mx\/web\/wp-json\/wp\/v2\/users\/2"}],"replies":[{"embeddable":true,"href":"https:\/\/kuali.com.mx\/web\/wp-json\/wp\/v2\/comments?post=115673"}],"version-history":[{"count":3,"href":"https:\/\/kuali.com.mx\/web\/wp-json\/wp\/v2\/posts\/115673\/revisions"}],"predecessor-version":[{"id":115714,"href":"https:\/\/kuali.com.mx\/web\/wp-json\/wp\/v2\/posts\/115673\/revisions\/115714"}],"wp:featuredmedia":[{"embeddable":true,"href":"https:\/\/kuali.com.mx\/web\/wp-json\/wp\/v2\/media\/115675"}],"wp:attachment":[{"href":"https:\/\/kuali.com.mx\/web\/wp-json\/wp\/v2\/media?parent=115673"}],"wp:term":[{"taxonomy":"category","embeddable":true,"href":"https:\/\/kuali.com.mx\/web\/wp-json\/wp\/v2\/categories?post=115673"},{"taxonomy":"post_tag","embeddable":true,"href":"https:\/\/kuali.com.mx\/web\/wp-json\/wp\/v2\/tags?post=115673"}],"curies":[{"name":"wp","href":"https:\/\/api.w.org\/{rel}","templated":true}]}}