{"id":115269,"date":"2023-03-24T12:05:34","date_gmt":"2023-03-24T18:05:34","guid":{"rendered":"https:\/\/kuali.com.mx\/web\/?p=115269"},"modified":"2023-03-24T20:55:50","modified_gmt":"2023-03-25T02:55:50","slug":"capacitan-a-artistas-sobre-tramites-ante-el-sat","status":"publish","type":"post","link":"https:\/\/kuali.com.mx\/web\/2023\/03\/24\/capacitan-a-artistas-sobre-tramites-ante-el-sat\/","title":{"rendered":"CAPACITAN A ARTISTAS SOBRE TR\u00c1MITES ANTE EL SAT"},"content":{"rendered":"\n<p><strong>Kuali\/Le\u00f3n, Gto.- <\/strong>Ante la solicitud de la comunidad art\u00edstica, el Instituto Cultural de (ICL) comenz\u00f3 a implementar un programa de charlas sobre los temas que interesan de su inter\u00e9s. El primero fue sobre el Sistema de Administraci\u00f3n Tributaria (SAT).<\/p>\n\n\n\n<p>Bajo el t\u00edtulo \u201cSAT: R\u00e9gimen simplificado de confianza para artistas\u201d, el instituto llev\u00f3 a cabo la primera charla, como consecuencia de las mesas de di\u00e1logo que realiz\u00f3 con artistas y que se denominaron \u201cConozc\u00e1monos\u201d.<\/p>\n\n\n\n<p>La charla se realiz\u00f3 en colaboraci\u00f3n con la Secretar\u00eda de Hacienda y Cr\u00e9dito P\u00fablico (SHCP) con la finalidad de explicar y mostrar c\u00f3mo registrarse ante el SAT y dar a conocer los derechos y obligaciones de las personas dadas de alta.<\/p>\n\n\n\n<p>La sesi\u00f3n tuvo lugar el jueves 23 de marzo y tambi\u00e9n se abordaron dudas frecuentes como detalles sobre la facturaci\u00f3n, los gastos deducibles y c\u00f3mo presentar las declaraciones fiscales.<\/p>\n\n\n\n<p>A trav\u00e9s de un formulario virtual, se registraron 41 personas involucradas con temas de artes visuales, teatro, m\u00fasica, producci\u00f3n y gestor\u00eda cultural, danza, c\u00f3mic, investigaci\u00f3n, literatura y trabajo social, quienes buscan formalizar su actividad ante el SAT para ampliar sus posibilidades de contrataci\u00f3n, obtenci\u00f3n de recursos, as\u00ed como pago y cobro de honorarios.<\/p>\n\n\n\n<p>Dicha gesti\u00f3n surgi\u00f3 de la solicitud de dignificaci\u00f3n del trabajo art\u00edstico en la ciudad expresada por las y los artistas locales.<\/p>\n\n\n\n<p>\u201cPara fortalecer estos conocimientos, herramientas y facultades necesarias para potenciar la industria creativa en Le\u00f3n, tambi\u00e9n se realizar\u00e1n a lo largo del a\u00f1o acercamientos con dependencias gubernamentales municipales relacionadas como la Direcci\u00f3n General de Innovaci\u00f3n o la Direcci\u00f3n de Econom\u00eda\u201d, anunci\u00f3 el ICL en un comunicado.<\/p>\n\n\n\n<p>La charla \u201cSAT: R\u00e9gimen simplificado de confianza para artistas\u201d se llev\u00f3 a cabo en el Cineclub de la Casa de la Cultura Diego Rivera con acceso gratuito. Estar\u00e1 disponible para consulta en la cuenta de Youtube @CulturaLeon.<\/p>\n\n\n\n<p>Conozc\u00e1monos. Escuchar, dialogar y construir es una iniciativa de la presidenta del Consejo Directivo del ICL, Iret Vallejo Estevan, y la directora general del ICL, Lisette Ahedo Espinosa, que comenz\u00f3 con cinco sesiones de mesas de escucha con m\u00e1s de 70 artistas, en representaci\u00f3n de m\u00e1s de 500 creadores y creadoras con trabajo activo en la ciudad.<\/p>\n\n\n\n<p>En seguimiento a estas acciones, el lunes 27 de marzo se realizar\u00e1 una charla sobre los programas de atenci\u00f3n a micro, peque\u00f1as y medianas empresas (MiPyMEs) del sector art\u00edstico y cultural, sobre apoyos en equipamiento, financiamiento, capacitaci\u00f3n, promoci\u00f3n comercial y vinculaci\u00f3n empresarial.<\/p>\n\n\n\n<p>La actividad correr\u00e1 a cargo de la Secretar\u00eda para la Reactivaci\u00f3n Econ\u00f3mica y se llevar\u00e1 a cabo en punto de las 17:00 horas en el Teatro Mar\u00eda Grever con registro previo.<\/p>\n","protected":false},"excerpt":{"rendered":"Kuali\/Le\u00f3n, Gto.- Ante la solicitud de la comunidad art\u00edstica, el Instituto Cultural de (ICL) comenz\u00f3 a implementar un programa de charlas sobre los temas que interesan de su inter\u00e9s. El primero fue sobre el Sistema de Administraci\u00f3n Tributaria (SAT). Bajo el t\u00edtulo \u201cSAT: R\u00e9gimen simplificado de confianza para artistas\u201d, el instituto llev\u00f3 a cabo la [&hellip;]","protected":false},"author":2,"featured_media":115272,"comment_status":"open","ping_status":"open","sticky":false,"template":"","format":"standard","meta":{"_seopress_robots_primary_cat":"none","_seopress_titles_title":"","_seopress_titles_desc":"","_seopress_robots_index":"","_monsterinsights_skip_tracking":false,"_monsterinsights_sitenote_active":false,"_monsterinsights_sitenote_note":"","_monsterinsights_sitenote_category":0,"footnotes":""},"categories":[8],"tags":[127,481,1362,2105,10,543],"class_list":["post-115269","post","type-post","status-publish","format-standard","has-post-thumbnail","hentry","category-espectaculos","tag-arte-y-cultura","tag-capacitacion","tag-creadores","tag-icl","tag-leon","tag-sat"],"yoast_head":"<!-- This site is optimized with the Yoast SEO plugin v27.4 - https:\/\/yoast.com\/product\/yoast-seo-wordpress\/ -->\n<title>CAPACITAN A ARTISTAS SOBRE TR\u00c1MITES ANTE EL SAT - Kuali<\/title>\n<meta name=\"robots\" content=\"index, follow, max-snippet:-1, max-image-preview:large, max-video-preview:-1\" \/>\n<link rel=\"canonical\" href=\"https:\/\/kuali.com.mx\/web\/2023\/03\/24\/capacitan-a-artistas-sobre-tramites-ante-el-sat\/\" \/>\n<meta property=\"og:locale\" content=\"es_MX\" \/>\n<meta property=\"og:type\" content=\"article\" \/>\n<meta property=\"og:title\" content=\"CAPACITAN A ARTISTAS SOBRE TR\u00c1MITES ANTE EL SAT - Kuali\" \/>\n<meta property=\"og:description\" content=\"Kuali\/Le\u00f3n, Gto.- Ante la solicitud de la comunidad art\u00edstica, el Instituto Cultural de (ICL) comenz\u00f3 a implementar un programa de charlas sobre los temas que interesan de su inter\u00e9s. El primero fue sobre el Sistema de Administraci\u00f3n Tributaria (SAT). Bajo el t\u00edtulo \u201cSAT: R\u00e9gimen simplificado de confianza para artistas\u201d, el instituto llev\u00f3 a cabo la [&hellip;]\" \/>\n<meta property=\"og:url\" content=\"https:\/\/kuali.com.mx\/web\/2023\/03\/24\/capacitan-a-artistas-sobre-tramites-ante-el-sat\/\" \/>\n<meta property=\"og:site_name\" content=\"Kuali\" \/>\n<meta property=\"article:publisher\" content=\"https:\/\/kuali.com.mx\/web\/wp-content\/uploads\/2018\/04\/cropped-kuali_logo-1-1.png\" \/>\n<meta property=\"article:published_time\" content=\"2023-03-24T18:05:34+00:00\" \/>\n<meta property=\"article:modified_time\" content=\"2023-03-25T02:55:50+00:00\" \/>\n<meta property=\"og:image\" content=\"https:\/\/kuali.com.mx\/web\/wp-content\/uploads\/2023\/03\/ICL_sobre-SAT_Hacienda.gif\" \/>\n\t<meta property=\"og:image:width\" content=\"1700\" \/>\n\t<meta property=\"og:image:height\" content=\"750\" \/>\n\t<meta property=\"og:image:type\" content=\"image\/gif\" \/>\n<meta name=\"author\" content=\"Kuali Staff\" \/>\n<meta name=\"twitter:card\" content=\"summary_large_image\" \/>\n<meta name=\"twitter:creator\" content=\"@kuali_noticias\" \/>\n<meta name=\"twitter:site\" content=\"@kuali_noticias\" \/>\n<meta name=\"twitter:label1\" content=\"Escrito por\" \/>\n\t<meta name=\"twitter:data1\" content=\"Kuali Staff\" \/>\n\t<meta name=\"twitter:label2\" content=\"Tiempo de lectura\" \/>\n\t<meta name=\"twitter:data2\" content=\"2 minutos\" \/>\n<script type=\"application\/ld+json\" class=\"yoast-schema-graph\">{\"@context\":\"https:\\\/\\\/schema.org\",\"@graph\":[{\"@type\":\"Article\",\"@id\":\"https:\\\/\\\/kuali.com.mx\\\/web\\\/2023\\\/03\\\/24\\\/capacitan-a-artistas-sobre-tramites-ante-el-sat\\\/#article\",\"isPartOf\":{\"@id\":\"https:\\\/\\\/kuali.com.mx\\\/web\\\/2023\\\/03\\\/24\\\/capacitan-a-artistas-sobre-tramites-ante-el-sat\\\/\"},\"author\":{\"name\":\"Kuali Staff\",\"@id\":\"https:\\\/\\\/kuali.com.mx\\\/web\\\/#\\\/schema\\\/person\\\/6f89ffa8ecba9dae50662357923c5289\"},\"headline\":\"CAPACITAN A ARTISTAS SOBRE TR\u00c1MITES ANTE EL SAT\",\"datePublished\":\"2023-03-24T18:05:34+00:00\",\"dateModified\":\"2023-03-25T02:55:50+00:00\",\"mainEntityOfPage\":{\"@id\":\"https:\\\/\\\/kuali.com.mx\\\/web\\\/2023\\\/03\\\/24\\\/capacitan-a-artistas-sobre-tramites-ante-el-sat\\\/\"},\"wordCount\":486,\"commentCount\":0,\"image\":{\"@id\":\"https:\\\/\\\/kuali.com.mx\\\/web\\\/2023\\\/03\\\/24\\\/capacitan-a-artistas-sobre-tramites-ante-el-sat\\\/#primaryimage\"},\"thumbnailUrl\":\"https:\\\/\\\/kuali.com.mx\\\/web\\\/wp-content\\\/uploads\\\/2023\\\/03\\\/ICL_sobre-SAT_Hacienda.gif\",\"keywords\":[\"Arte y cultura\",\"Capacitaci\u00f3n\",\"Creadores\",\"ICL\",\"Le\u00f3n\",\"SAT\"],\"articleSection\":[\"Cultura\"],\"inLanguage\":\"es\",\"potentialAction\":[{\"@type\":\"CommentAction\",\"name\":\"Comment\",\"target\":[\"https:\\\/\\\/kuali.com.mx\\\/web\\\/2023\\\/03\\\/24\\\/capacitan-a-artistas-sobre-tramites-ante-el-sat\\\/#respond\"]}]},{\"@type\":\"WebPage\",\"@id\":\"https:\\\/\\\/kuali.com.mx\\\/web\\\/2023\\\/03\\\/24\\\/capacitan-a-artistas-sobre-tramites-ante-el-sat\\\/\",\"url\":\"https:\\\/\\\/kuali.com.mx\\\/web\\\/2023\\\/03\\\/24\\\/capacitan-a-artistas-sobre-tramites-ante-el-sat\\\/\",\"name\":\"CAPACITAN A ARTISTAS SOBRE TR\u00c1MITES ANTE EL SAT - Kuali\",\"isPartOf\":{\"@id\":\"https:\\\/\\\/kuali.com.mx\\\/web\\\/#website\"},\"primaryImageOfPage\":{\"@id\":\"https:\\\/\\\/kuali.com.mx\\\/web\\\/2023\\\/03\\\/24\\\/capacitan-a-artistas-sobre-tramites-ante-el-sat\\\/#primaryimage\"},\"image\":{\"@id\":\"https:\\\/\\\/kuali.com.mx\\\/web\\\/2023\\\/03\\\/24\\\/capacitan-a-artistas-sobre-tramites-ante-el-sat\\\/#primaryimage\"},\"thumbnailUrl\":\"https:\\\/\\\/kuali.com.mx\\\/web\\\/wp-content\\\/uploads\\\/2023\\\/03\\\/ICL_sobre-SAT_Hacienda.gif\",\"datePublished\":\"2023-03-24T18:05:34+00:00\",\"dateModified\":\"2023-03-25T02:55:50+00:00\",\"author\":{\"@id\":\"https:\\\/\\\/kuali.com.mx\\\/web\\\/#\\\/schema\\\/person\\\/6f89ffa8ecba9dae50662357923c5289\"},\"breadcrumb\":{\"@id\":\"https:\\\/\\\/kuali.com.mx\\\/web\\\/2023\\\/03\\\/24\\\/capacitan-a-artistas-sobre-tramites-ante-el-sat\\\/#breadcrumb\"},\"inLanguage\":\"es\",\"potentialAction\":[{\"@type\":\"ReadAction\",\"target\":[\"https:\\\/\\\/kuali.com.mx\\\/web\\\/2023\\\/03\\\/24\\\/capacitan-a-artistas-sobre-tramites-ante-el-sat\\\/\"]}]},{\"@type\":\"ImageObject\",\"inLanguage\":\"es\",\"@id\":\"https:\\\/\\\/kuali.com.mx\\\/web\\\/2023\\\/03\\\/24\\\/capacitan-a-artistas-sobre-tramites-ante-el-sat\\\/#primaryimage\",\"url\":\"https:\\\/\\\/kuali.com.mx\\\/web\\\/wp-content\\\/uploads\\\/2023\\\/03\\\/ICL_sobre-SAT_Hacienda.gif\",\"contentUrl\":\"https:\\\/\\\/kuali.com.mx\\\/web\\\/wp-content\\\/uploads\\\/2023\\\/03\\\/ICL_sobre-SAT_Hacienda.gif\",\"width\":1700,\"height\":750},{\"@type\":\"BreadcrumbList\",\"@id\":\"https:\\\/\\\/kuali.com.mx\\\/web\\\/2023\\\/03\\\/24\\\/capacitan-a-artistas-sobre-tramites-ante-el-sat\\\/#breadcrumb\",\"itemListElement\":[{\"@type\":\"ListItem\",\"position\":1,\"name\":\"Inicio\",\"item\":\"https:\\\/\\\/kuali.com.mx\\\/web\\\/\"},{\"@type\":\"ListItem\",\"position\":2,\"name\":\"CAPACITAN A ARTISTAS SOBRE TR\u00c1MITES ANTE EL SAT\"}]},{\"@type\":\"WebSite\",\"@id\":\"https:\\\/\\\/kuali.com.mx\\\/web\\\/#website\",\"url\":\"https:\\\/\\\/kuali.com.mx\\\/web\\\/\",\"name\":\"Kuali\",\"description\":\"\",\"potentialAction\":[{\"@type\":\"SearchAction\",\"target\":{\"@type\":\"EntryPoint\",\"urlTemplate\":\"https:\\\/\\\/kuali.com.mx\\\/web\\\/?s={search_term_string}\"},\"query-input\":{\"@type\":\"PropertyValueSpecification\",\"valueRequired\":true,\"valueName\":\"search_term_string\"}}],\"inLanguage\":\"es\"},{\"@type\":\"Person\",\"@id\":\"https:\\\/\\\/kuali.com.mx\\\/web\\\/#\\\/schema\\\/person\\\/6f89ffa8ecba9dae50662357923c5289\",\"name\":\"Kuali Staff\",\"image\":{\"@type\":\"ImageObject\",\"inLanguage\":\"es\",\"@id\":\"https:\\\/\\\/secure.gravatar.com\\\/avatar\\\/f917ad82e5ab71227a733c78b6e60715476f69ee6be59feee4eb5d9920c89e0f?s=96&d=mm&r=g\",\"url\":\"https:\\\/\\\/secure.gravatar.com\\\/avatar\\\/f917ad82e5ab71227a733c78b6e60715476f69ee6be59feee4eb5d9920c89e0f?s=96&d=mm&r=g\",\"contentUrl\":\"https:\\\/\\\/secure.gravatar.com\\\/avatar\\\/f917ad82e5ab71227a733c78b6e60715476f69ee6be59feee4eb5d9920c89e0f?s=96&d=mm&r=g\",\"caption\":\"Kuali Staff\"},\"url\":\"https:\\\/\\\/kuali.com.mx\\\/web\\\/author\\\/lagarto\\\/\"}]}<\/script>\n<!-- \/ Yoast SEO plugin. -->","yoast_head_json":{"title":"CAPACITAN A ARTISTAS SOBRE TR\u00c1MITES ANTE EL SAT - Kuali","robots":{"index":"index","follow":"follow","max-snippet":"max-snippet:-1","max-image-preview":"max-image-preview:large","max-video-preview":"max-video-preview:-1"},"canonical":"https:\/\/kuali.com.mx\/web\/2023\/03\/24\/capacitan-a-artistas-sobre-tramites-ante-el-sat\/","og_locale":"es_MX","og_type":"article","og_title":"CAPACITAN A ARTISTAS SOBRE TR\u00c1MITES ANTE EL SAT - Kuali","og_description":"Kuali\/Le\u00f3n, Gto.- Ante la solicitud de la comunidad art\u00edstica, el Instituto Cultural de (ICL) comenz\u00f3 a implementar un programa de charlas sobre los temas que interesan de su inter\u00e9s. El primero fue sobre el Sistema de Administraci\u00f3n Tributaria (SAT). Bajo el t\u00edtulo \u201cSAT: R\u00e9gimen simplificado de confianza para artistas\u201d, el instituto llev\u00f3 a cabo la [&hellip;]","og_url":"https:\/\/kuali.com.mx\/web\/2023\/03\/24\/capacitan-a-artistas-sobre-tramites-ante-el-sat\/","og_site_name":"Kuali","article_publisher":"https:\/\/kuali.com.mx\/web\/wp-content\/uploads\/2018\/04\/cropped-kuali_logo-1-1.png","article_published_time":"2023-03-24T18:05:34+00:00","article_modified_time":"2023-03-25T02:55:50+00:00","og_image":[{"width":1700,"height":750,"url":"https:\/\/kuali.com.mx\/web\/wp-content\/uploads\/2023\/03\/ICL_sobre-SAT_Hacienda.gif","type":"image\/gif"}],"author":"Kuali Staff","twitter_card":"summary_large_image","twitter_creator":"@kuali_noticias","twitter_site":"@kuali_noticias","twitter_misc":{"Escrito por":"Kuali Staff","Tiempo de lectura":"2 minutos"},"schema":{"@context":"https:\/\/schema.org","@graph":[{"@type":"Article","@id":"https:\/\/kuali.com.mx\/web\/2023\/03\/24\/capacitan-a-artistas-sobre-tramites-ante-el-sat\/#article","isPartOf":{"@id":"https:\/\/kuali.com.mx\/web\/2023\/03\/24\/capacitan-a-artistas-sobre-tramites-ante-el-sat\/"},"author":{"name":"Kuali Staff","@id":"https:\/\/kuali.com.mx\/web\/#\/schema\/person\/6f89ffa8ecba9dae50662357923c5289"},"headline":"CAPACITAN A ARTISTAS SOBRE TR\u00c1MITES ANTE EL SAT","datePublished":"2023-03-24T18:05:34+00:00","dateModified":"2023-03-25T02:55:50+00:00","mainEntityOfPage":{"@id":"https:\/\/kuali.com.mx\/web\/2023\/03\/24\/capacitan-a-artistas-sobre-tramites-ante-el-sat\/"},"wordCount":486,"commentCount":0,"image":{"@id":"https:\/\/kuali.com.mx\/web\/2023\/03\/24\/capacitan-a-artistas-sobre-tramites-ante-el-sat\/#primaryimage"},"thumbnailUrl":"https:\/\/kuali.com.mx\/web\/wp-content\/uploads\/2023\/03\/ICL_sobre-SAT_Hacienda.gif","keywords":["Arte y cultura","Capacitaci\u00f3n","Creadores","ICL","Le\u00f3n","SAT"],"articleSection":["Cultura"],"inLanguage":"es","potentialAction":[{"@type":"CommentAction","name":"Comment","target":["https:\/\/kuali.com.mx\/web\/2023\/03\/24\/capacitan-a-artistas-sobre-tramites-ante-el-sat\/#respond"]}]},{"@type":"WebPage","@id":"https:\/\/kuali.com.mx\/web\/2023\/03\/24\/capacitan-a-artistas-sobre-tramites-ante-el-sat\/","url":"https:\/\/kuali.com.mx\/web\/2023\/03\/24\/capacitan-a-artistas-sobre-tramites-ante-el-sat\/","name":"CAPACITAN A ARTISTAS SOBRE TR\u00c1MITES ANTE EL SAT - Kuali","isPartOf":{"@id":"https:\/\/kuali.com.mx\/web\/#website"},"primaryImageOfPage":{"@id":"https:\/\/kuali.com.mx\/web\/2023\/03\/24\/capacitan-a-artistas-sobre-tramites-ante-el-sat\/#primaryimage"},"image":{"@id":"https:\/\/kuali.com.mx\/web\/2023\/03\/24\/capacitan-a-artistas-sobre-tramites-ante-el-sat\/#primaryimage"},"thumbnailUrl":"https:\/\/kuali.com.mx\/web\/wp-content\/uploads\/2023\/03\/ICL_sobre-SAT_Hacienda.gif","datePublished":"2023-03-24T18:05:34+00:00","dateModified":"2023-03-25T02:55:50+00:00","author":{"@id":"https:\/\/kuali.com.mx\/web\/#\/schema\/person\/6f89ffa8ecba9dae50662357923c5289"},"breadcrumb":{"@id":"https:\/\/kuali.com.mx\/web\/2023\/03\/24\/capacitan-a-artistas-sobre-tramites-ante-el-sat\/#breadcrumb"},"inLanguage":"es","potentialAction":[{"@type":"ReadAction","target":["https:\/\/kuali.com.mx\/web\/2023\/03\/24\/capacitan-a-artistas-sobre-tramites-ante-el-sat\/"]}]},{"@type":"ImageObject","inLanguage":"es","@id":"https:\/\/kuali.com.mx\/web\/2023\/03\/24\/capacitan-a-artistas-sobre-tramites-ante-el-sat\/#primaryimage","url":"https:\/\/kuali.com.mx\/web\/wp-content\/uploads\/2023\/03\/ICL_sobre-SAT_Hacienda.gif","contentUrl":"https:\/\/kuali.com.mx\/web\/wp-content\/uploads\/2023\/03\/ICL_sobre-SAT_Hacienda.gif","width":1700,"height":750},{"@type":"BreadcrumbList","@id":"https:\/\/kuali.com.mx\/web\/2023\/03\/24\/capacitan-a-artistas-sobre-tramites-ante-el-sat\/#breadcrumb","itemListElement":[{"@type":"ListItem","position":1,"name":"Inicio","item":"https:\/\/kuali.com.mx\/web\/"},{"@type":"ListItem","position":2,"name":"CAPACITAN A ARTISTAS SOBRE TR\u00c1MITES ANTE EL SAT"}]},{"@type":"WebSite","@id":"https:\/\/kuali.com.mx\/web\/#website","url":"https:\/\/kuali.com.mx\/web\/","name":"Kuali","description":"","potentialAction":[{"@type":"SearchAction","target":{"@type":"EntryPoint","urlTemplate":"https:\/\/kuali.com.mx\/web\/?s={search_term_string}"},"query-input":{"@type":"PropertyValueSpecification","valueRequired":true,"valueName":"search_term_string"}}],"inLanguage":"es"},{"@type":"Person","@id":"https:\/\/kuali.com.mx\/web\/#\/schema\/person\/6f89ffa8ecba9dae50662357923c5289","name":"Kuali Staff","image":{"@type":"ImageObject","inLanguage":"es","@id":"https:\/\/secure.gravatar.com\/avatar\/f917ad82e5ab71227a733c78b6e60715476f69ee6be59feee4eb5d9920c89e0f?s=96&d=mm&r=g","url":"https:\/\/secure.gravatar.com\/avatar\/f917ad82e5ab71227a733c78b6e60715476f69ee6be59feee4eb5d9920c89e0f?s=96&d=mm&r=g","contentUrl":"https:\/\/secure.gravatar.com\/avatar\/f917ad82e5ab71227a733c78b6e60715476f69ee6be59feee4eb5d9920c89e0f?s=96&d=mm&r=g","caption":"Kuali Staff"},"url":"https:\/\/kuali.com.mx\/web\/author\/lagarto\/"}]}},"_links":{"self":[{"href":"https:\/\/kuali.com.mx\/web\/wp-json\/wp\/v2\/posts\/115269","targetHints":{"allow":["GET"]}}],"collection":[{"href":"https:\/\/kuali.com.mx\/web\/wp-json\/wp\/v2\/posts"}],"about":[{"href":"https:\/\/kuali.com.mx\/web\/wp-json\/wp\/v2\/types\/post"}],"author":[{"embeddable":true,"href":"https:\/\/kuali.com.mx\/web\/wp-json\/wp\/v2\/users\/2"}],"replies":[{"embeddable":true,"href":"https:\/\/kuali.com.mx\/web\/wp-json\/wp\/v2\/comments?post=115269"}],"version-history":[{"count":1,"href":"https:\/\/kuali.com.mx\/web\/wp-json\/wp\/v2\/posts\/115269\/revisions"}],"predecessor-version":[{"id":115273,"href":"https:\/\/kuali.com.mx\/web\/wp-json\/wp\/v2\/posts\/115269\/revisions\/115273"}],"wp:featuredmedia":[{"embeddable":true,"href":"https:\/\/kuali.com.mx\/web\/wp-json\/wp\/v2\/media\/115272"}],"wp:attachment":[{"href":"https:\/\/kuali.com.mx\/web\/wp-json\/wp\/v2\/media?parent=115269"}],"wp:term":[{"taxonomy":"category","embeddable":true,"href":"https:\/\/kuali.com.mx\/web\/wp-json\/wp\/v2\/categories?post=115269"},{"taxonomy":"post_tag","embeddable":true,"href":"https:\/\/kuali.com.mx\/web\/wp-json\/wp\/v2\/tags?post=115269"}],"curies":[{"name":"wp","href":"https:\/\/api.w.org\/{rel}","templated":true}]}}