{"id":114831,"date":"2023-03-17T13:00:29","date_gmt":"2023-03-17T19:00:29","guid":{"rendered":"https:\/\/kuali.com.mx\/web\/?p=114831"},"modified":"2023-03-18T06:41:42","modified_gmt":"2023-03-18T12:41:42","slug":"nicaragua-guaranga-rompe-con-el-vaticano","status":"publish","type":"post","link":"https:\/\/kuali.com.mx\/web\/2023\/03\/17\/nicaragua-guaranga-rompe-con-el-vaticano\/","title":{"rendered":"NICARAGUA \u201cGUARANGA\u201d ROMPE CON EL VATICANO"},"content":{"rendered":"\n<p><em><strong>ENCUENTRO CON GOROSITO\u00a0<\/strong><\/em><\/p>\n\n\n\n<p>El presidente de Nicaragua, Daniel Ortega, orden\u00f3 la ruptura de las relaciones diplom\u00e1ticas de su pa\u00eds con El Estado Vaticano, esgrimiendo como causa las calificaciones que le puso el Papa Francisco de \u201cuna dictadura grosera, guaranga\u201d, al r\u00e9gimen sandinista.&nbsp;<\/p>\n\n\n\n<p>Seg\u00fan el medio de comunicaci\u00f3n Confidencial, la representante del r\u00e9gimen sandinista ante la Santa Sede \u201ccomunic\u00f3 verbalmente\u201d la decisi\u00f3n en la Secretar\u00eda de Estado del Vaticano. Posteriormente a que se conociera dicha informaci\u00f3n, el ministerio de Relaciones Exteriores de Nicaragua dio a conocer un comunicado oficial en el que no utiliza el t\u00e9rmino ruptura, pero s\u00ed confirma \u201cuna suspensi\u00f3n de las relaciones diplom\u00e1ticas\u201d.<\/p>\n\n\n\n<p>El Papa Francisco en una entrevista que le realizara la agencia argentina Infobae dijo que, a su entender, el r\u00e9gimen nicarag\u00fcense se ha transformado en una dictadura grosera. \u201cCon mucho respeto, no me queda otra que pensar en un desequilibrio de la persona que dirige. (Daniel Ortega). Ah\u00ed tenemos un Obispo preso, un hombre muy serio, muy capaz, quiso dar su testimonio y no acept\u00f3 el exilio\u201d, afirm\u00f3 el l\u00edder de la Iglesia Cat\u00f3lica.<\/p>\n\n\n\n<p>Su Santidad hac\u00eda referencia a monse\u00f1or Rolando \u00c1lvarez quien es obispo de la di\u00f3cesis de Matagalpa y administrador apost\u00f3lico de la di\u00f3cesis de Estel\u00ed quien hace un mes fue condenado a 26 a\u00f1os de prisi\u00f3n por delitos considerados de \u201ctraici\u00f3n a la patria\u201d y un d\u00eda despu\u00e9s de negarse a ser desterrado por el Gobierno de Daniel Ortega a territorio de los Estados Unidos de Am\u00e9rica.<\/p>\n\n\n\n<p>El obispo Rolando \u00c1lvarez se neg\u00f3 a tomar el avi\u00f3n que lo conducir\u00eda al destierro junto con otros 222 excarcelados pol\u00edticos nicarag\u00fcenses, todos opositores al r\u00e9gimen de Ortega. La medida tomada por monse\u00f1or, despert\u00f3 la furia del presidente Ortega que lo tach\u00f3 de \u201csoberbio\u201d, \u201cdesquiciado\u201d y \u201cenerg\u00fameno\u201d.<\/p>\n\n\n\n<p>El Papa Francisco en su an\u00e1lisis agreg\u00f3 sobre el r\u00e9gimen que lidera Daniel Ortega: \u201cEs una cosa que est\u00e1 fuera de lo que estamos viviendo, es como si fuera traer la dictadura comunista de 1917 o hitleriana del 35, traer aqu\u00ed las mismas\u2026Son un tipo de dictaduras groseras. O, para usar una distinci\u00f3n linda de Argentina, guarangas\u201d.<\/p>\n\n\n\n<p>Confidencial dio a conocer que \u201cal representante de la Nunciatura en Managua le dieron una semana para irse del pa\u00eds\u201d. A continuaci\u00f3n, comparto algunas de las repercusiones que tuvieron las palabras del Papa Francisco, que recibieron numerosas muestras de respaldo.<\/p>\n\n\n\n<p>El abogado exiliado y representante de la Defensor\u00eda Nicarag\u00fcense de Derechos Humanos, Pablo Cuevas afirm\u00f3 que las declaraciones del Papa Francisco confortar\u00e1n a muchos nicarag\u00fcenses.<\/p>\n\n\n\n<p>Continu\u00f3 diciendo Cuevas: \u201cAlgunos hemos hecho algunos se\u00f1alamientos cr\u00edticos a su Santidad. El mensaje del Papa har\u00e1 mucho bien a nuestra patria que mucho ha sufrido. Muchos cat\u00f3licos se sentir\u00e1n confortados porque se dar\u00e1n cuenta que en su Santidad ahora tienen un aliado\u201d.<\/p>\n\n\n\n<p>El dirigente de la opositora Fuerza Democr\u00e1tica Nicarag\u00fcense (FDN), Luis Fley, dijo que \u201cel Papa Francisco ha despertado\u201d y tambi\u00e9n afirm\u00f3 que el pont\u00edfice hizo lo correcto al comparar a Ortega con uno de los m\u00e1s sanguinarios personajes en la historia, como lo es Adolfo Hitler.<\/p>\n\n\n\n<p>Mientras que Arturo McFields, quien fuera embajador de Nicaragua ante la Organizaci\u00f3n de Estados Americanos (OEA), escribi\u00f3 en su cuenta de Twitter que el Papa Francisco \u201chablo sin miedo y sin filtro\u201d, al referirse a la situaci\u00f3n que vive la Iglesia Cat\u00f3lica en Nicaragua. El Papa Francisco se sum\u00f3 a las voces mundiales que llaman a Ortega un dictador estilo Hitler. Destac\u00f3 nuevamente la valent\u00eda y gallard\u00eda de monse\u00f1or Rolando \u00c1lvarez ante una dictadura desquiciada que no respeta las leyes de Dios ni de los hombres\u201d, escribi\u00f3 el ex diplom\u00e1tico.<\/p>\n\n\n\n<p>Para la abogada Martha Patricia Molina, quien ha documentado m\u00e1s de 400 agresiones de la dictadura de Daniel Ortega y su esposa Rosario Murillo en contra de la Iglesia Cat\u00f3lica en Nicaragua, el Papa Francisco ha hecho una \u201cexcelente descripci\u00f3n\u201d descripci\u00f3n al comparar a Daniel Ortega con Adolfo Hitler.<\/p>\n\n\n\n<p>\u201cNo podemos esperar que el Papa, obispos y sacerdotes act\u00faen igual que nosotros los laicos. El Papa ha hecho una descripci\u00f3n excelente de lo que es el dictador al compararlo con uno de los personajes m\u00e1s nefastos de la historia como lo fue Adolfo Hitler\u201d. Para la abogada el Papa nunca ha estado en silencio, \u00e9l ha permanecido orando por lo que sucede en Nicaragua, sin embargo, sus declaraciones p\u00fablicas actuales han sido realizadas en tiempo prudente cuando observa que no hay salidas ni medios, afirm\u00f3 Martha Patricia Molina.&nbsp;<\/p>\n\n\n\n<p>Tambi\u00e9n la abogada advirti\u00f3 que el r\u00e9gimen de Ortega y Murillo puede recrudecer la represi\u00f3n. \u201cAhora lo que se espera es una respuesta m\u00e1s sanguinaria de parte de la dictadura hacia la Iglesia Cat\u00f3lica nicarag\u00fcense\u201d alert\u00f3 la abogada.<\/p>\n\n\n\n<p>Silvio Jos\u00e9 B\u00e1ez Ortega, obispo auxiliar de la di\u00f3cesis de Managua, celebr\u00f3 lo dicho por el Papa. \u201cLes ha dicho lo que son: una dictadura de desequilibrados, vulgar y anacr\u00f3nica, al estilo hitleriano y comunista\u201d, comunic\u00f3 v\u00eda Twitter el influyente obispo, que se encuentra fuera de Nicaragua desde hace cuatro a\u00f1os por decisi\u00f3n del Papa Francisco por motivos de seguridad.<\/p>\n\n\n\n<p>\u201cCreo que no es la primera vez que el Papa los ve as\u00ed (al r\u00e9gimen de Daniel Ortega) y no es tarde para decirlo\u201d, agreg\u00f3 el religioso, quien el 15 de febrero pasado se convirti\u00f3 en el segundo miembro de la Conferencia Episcopal de Nicaragua a quien las autoridades judiciales de su pa\u00eds le retiraron la nacionalidad y ahora reside en Estados Unidos.<\/p>\n\n\n\n<p>\u201cArde Ner\u00f3n y Agripina con estas palabras del Santo Padre, con las que tenemos que llamar al r\u00e9gimen de Nicaragua: desequilibrado, comunista y hitleriano de los a\u00f1os 30\u201d, se\u00f1al\u00f3 el sacerdote nicarag\u00fcense tambi\u00e9n desnacionalizado Uriel Vallejos, en alusi\u00f3n al presidente Daniel Ortega y a su esposa, la vicepresidente Rosario Murillo.<\/p>\n\n\n\n<p>La dictadura de la dupla Ortega- Murillo,&nbsp;&nbsp;est\u00e1 cada vez m\u00e1s sola. Al romper relaciones diplom\u00e1ticas con el Estado Vaticano, se alinea con la Rep\u00fablica Popular China (China Comunista) y Corea del Norte y queda hu\u00e9rfano en el territorio de las Am\u00e9ricas. Nadie en la regi\u00f3n lo acompa\u00f1ar\u00e1 en su cruzada infernal contra la Iglesia Cat\u00f3lica y el primer Papa Latinoamericano que est\u00e1 cumpliendo su primera d\u00e9cada en la silla de Pedro.<\/p>\n\n\n\n<p>Sin lugar a dudas con esta medida se ha ganado el odio de sus seguidores, Nicaragua es un pueblo altamente religioso y nadie aplaude las furiosas embestidas de la bestia contra la Iglesia.&nbsp;<\/p>\n\n\n\n<p>El r\u00e9gimen ya hab\u00eda prohibido las procesiones de Cuaresma y la Semana Santa. No tengo dudas que la dictadura \u201cguaranga\u201d que hoy sufre Nicaragua tiene los d\u00edas contados. Como dice el evangelio de Mateo: \u201cEsta es la Iglesia del Se\u00f1or y las puertas del infierno no podr\u00e1n prevalecer contra ella\u201d.<\/p>\n\n\n\n<p>&nbsp;&nbsp;&nbsp;&nbsp;&nbsp;&nbsp;&nbsp;&nbsp;&nbsp;&nbsp;&nbsp;&nbsp;&nbsp;&nbsp;&nbsp;\u00a1Hasta el pr\u00f3ximo encuentro...!<\/p>\n\n\n\n<p>\u00a0\u00a0\u00a0\u00a0\u00a0\u00a0\u00a0\u00a0\u00a0\u00a0\u00a0\u00a0\u00a0\u00a0\u00a0\u00a0\u00a0\u00a0\u00a0\u00a0\u00a0\u00a0\u00a0\u00a0\u00a0\u00a0\u00a0\u00a0\u00a0\u00a0\u00a0\u00a0\u00a0\u00a0\u00a0\u00a0\u00a0\u00a0\u00a0\u00a0\u00a0\u00a0\u00a0\u00a0\u00a0\u00a0\u00a0\u00a0\u00a0\u00a0\u00a0\u00a0\u00a0\u00a0\u00a0\u00a0\u00a0\u00a0\u00a0\u00a0<em><strong>\u00a0\u00a0\u00a0Dr.(c). Washington Daniel Gorosito P\u00e9rez<\/strong><\/em><\/p>\n","protected":false},"excerpt":{"rendered":"ENCUENTRO CON GOROSITO\u00a0 El presidente de Nicaragua, Daniel Ortega, orden\u00f3 la ruptura de las relaciones diplom\u00e1ticas de su pa\u00eds con El Estado Vaticano, esgrimiendo como causa las calificaciones que le puso el Papa Francisco de \u201cuna dictadura grosera, guaranga\u201d, al r\u00e9gimen sandinista.&nbsp; Seg\u00fan el medio de comunicaci\u00f3n Confidencial, la representante del r\u00e9gimen sandinista ante la [&hellip;]","protected":false},"author":2,"featured_media":114833,"comment_status":"open","ping_status":"open","sticky":false,"template":"","format":"standard","meta":{"_seopress_robots_primary_cat":"none","_seopress_titles_title":"","_seopress_titles_desc":"","_seopress_robots_index":"","_monsterinsights_skip_tracking":false,"_monsterinsights_sitenote_active":false,"_monsterinsights_sitenote_note":"","_monsterinsights_sitenote_category":0,"footnotes":""},"categories":[3],"tags":[],"class_list":["post-114831","post","type-post","status-publish","format-standard","has-post-thumbnail","hentry","category-politica"],"yoast_head":"<!-- This site is optimized with the Yoast SEO plugin v27.4 - https:\/\/yoast.com\/product\/yoast-seo-wordpress\/ -->\n<title>NICARAGUA \u201cGUARANGA\u201d ROMPE CON EL VATICANO - Kuali<\/title>\n<meta name=\"robots\" content=\"index, follow, max-snippet:-1, max-image-preview:large, max-video-preview:-1\" \/>\n<link rel=\"canonical\" href=\"https:\/\/kuali.com.mx\/web\/2023\/03\/17\/nicaragua-guaranga-rompe-con-el-vaticano\/\" \/>\n<meta property=\"og:locale\" content=\"es_MX\" \/>\n<meta property=\"og:type\" content=\"article\" \/>\n<meta property=\"og:title\" content=\"NICARAGUA \u201cGUARANGA\u201d ROMPE CON EL VATICANO - Kuali\" \/>\n<meta property=\"og:description\" content=\"ENCUENTRO CON GOROSITO\u00a0 El presidente de Nicaragua, Daniel Ortega, orden\u00f3 la ruptura de las relaciones diplom\u00e1ticas de su pa\u00eds con El Estado Vaticano, esgrimiendo como causa las calificaciones que le puso el Papa Francisco de \u201cuna dictadura grosera, guaranga\u201d, al r\u00e9gimen sandinista.&nbsp; Seg\u00fan el medio de comunicaci\u00f3n Confidencial, la representante del r\u00e9gimen sandinista ante la [&hellip;]\" \/>\n<meta property=\"og:url\" content=\"https:\/\/kuali.com.mx\/web\/2023\/03\/17\/nicaragua-guaranga-rompe-con-el-vaticano\/\" \/>\n<meta property=\"og:site_name\" content=\"Kuali\" \/>\n<meta property=\"article:publisher\" content=\"https:\/\/kuali.com.mx\/web\/wp-content\/uploads\/2018\/04\/cropped-kuali_logo-1-1.png\" \/>\n<meta property=\"article:published_time\" content=\"2023-03-17T19:00:29+00:00\" \/>\n<meta property=\"article:modified_time\" content=\"2023-03-18T12:41:42+00:00\" \/>\n<meta property=\"og:image\" content=\"https:\/\/kuali.com.mx\/web\/wp-content\/uploads\/2023\/03\/ORTEGA.jpg\" \/>\n\t<meta property=\"og:image:width\" content=\"1621\" \/>\n\t<meta property=\"og:image:height\" content=\"750\" \/>\n\t<meta property=\"og:image:type\" content=\"image\/jpeg\" \/>\n<meta name=\"author\" content=\"Kuali Staff\" \/>\n<meta name=\"twitter:card\" content=\"summary_large_image\" \/>\n<meta name=\"twitter:creator\" content=\"@kuali_noticias\" \/>\n<meta name=\"twitter:site\" content=\"@kuali_noticias\" \/>\n<meta name=\"twitter:label1\" content=\"Escrito por\" \/>\n\t<meta name=\"twitter:data1\" content=\"Kuali Staff\" \/>\n\t<meta name=\"twitter:label2\" content=\"Tiempo de lectura\" \/>\n\t<meta name=\"twitter:data2\" content=\"6 minutos\" \/>\n<script type=\"application\/ld+json\" class=\"yoast-schema-graph\">{\"@context\":\"https:\\\/\\\/schema.org\",\"@graph\":[{\"@type\":\"Article\",\"@id\":\"https:\\\/\\\/kuali.com.mx\\\/web\\\/2023\\\/03\\\/17\\\/nicaragua-guaranga-rompe-con-el-vaticano\\\/#article\",\"isPartOf\":{\"@id\":\"https:\\\/\\\/kuali.com.mx\\\/web\\\/2023\\\/03\\\/17\\\/nicaragua-guaranga-rompe-con-el-vaticano\\\/\"},\"author\":{\"name\":\"Kuali Staff\",\"@id\":\"https:\\\/\\\/kuali.com.mx\\\/web\\\/#\\\/schema\\\/person\\\/6f89ffa8ecba9dae50662357923c5289\"},\"headline\":\"NICARAGUA \u201cGUARANGA\u201d ROMPE CON EL VATICANO\",\"datePublished\":\"2023-03-17T19:00:29+00:00\",\"dateModified\":\"2023-03-18T12:41:42+00:00\",\"mainEntityOfPage\":{\"@id\":\"https:\\\/\\\/kuali.com.mx\\\/web\\\/2023\\\/03\\\/17\\\/nicaragua-guaranga-rompe-con-el-vaticano\\\/\"},\"wordCount\":1232,\"commentCount\":0,\"image\":{\"@id\":\"https:\\\/\\\/kuali.com.mx\\\/web\\\/2023\\\/03\\\/17\\\/nicaragua-guaranga-rompe-con-el-vaticano\\\/#primaryimage\"},\"thumbnailUrl\":\"https:\\\/\\\/kuali.com.mx\\\/web\\\/wp-content\\\/uploads\\\/2023\\\/03\\\/ORTEGA.jpg\",\"articleSection\":[\"Pol\u00edtica\"],\"inLanguage\":\"es\",\"potentialAction\":[{\"@type\":\"CommentAction\",\"name\":\"Comment\",\"target\":[\"https:\\\/\\\/kuali.com.mx\\\/web\\\/2023\\\/03\\\/17\\\/nicaragua-guaranga-rompe-con-el-vaticano\\\/#respond\"]}]},{\"@type\":\"WebPage\",\"@id\":\"https:\\\/\\\/kuali.com.mx\\\/web\\\/2023\\\/03\\\/17\\\/nicaragua-guaranga-rompe-con-el-vaticano\\\/\",\"url\":\"https:\\\/\\\/kuali.com.mx\\\/web\\\/2023\\\/03\\\/17\\\/nicaragua-guaranga-rompe-con-el-vaticano\\\/\",\"name\":\"NICARAGUA \u201cGUARANGA\u201d ROMPE CON EL VATICANO - Kuali\",\"isPartOf\":{\"@id\":\"https:\\\/\\\/kuali.com.mx\\\/web\\\/#website\"},\"primaryImageOfPage\":{\"@id\":\"https:\\\/\\\/kuali.com.mx\\\/web\\\/2023\\\/03\\\/17\\\/nicaragua-guaranga-rompe-con-el-vaticano\\\/#primaryimage\"},\"image\":{\"@id\":\"https:\\\/\\\/kuali.com.mx\\\/web\\\/2023\\\/03\\\/17\\\/nicaragua-guaranga-rompe-con-el-vaticano\\\/#primaryimage\"},\"thumbnailUrl\":\"https:\\\/\\\/kuali.com.mx\\\/web\\\/wp-content\\\/uploads\\\/2023\\\/03\\\/ORTEGA.jpg\",\"datePublished\":\"2023-03-17T19:00:29+00:00\",\"dateModified\":\"2023-03-18T12:41:42+00:00\",\"author\":{\"@id\":\"https:\\\/\\\/kuali.com.mx\\\/web\\\/#\\\/schema\\\/person\\\/6f89ffa8ecba9dae50662357923c5289\"},\"breadcrumb\":{\"@id\":\"https:\\\/\\\/kuali.com.mx\\\/web\\\/2023\\\/03\\\/17\\\/nicaragua-guaranga-rompe-con-el-vaticano\\\/#breadcrumb\"},\"inLanguage\":\"es\",\"potentialAction\":[{\"@type\":\"ReadAction\",\"target\":[\"https:\\\/\\\/kuali.com.mx\\\/web\\\/2023\\\/03\\\/17\\\/nicaragua-guaranga-rompe-con-el-vaticano\\\/\"]}]},{\"@type\":\"ImageObject\",\"inLanguage\":\"es\",\"@id\":\"https:\\\/\\\/kuali.com.mx\\\/web\\\/2023\\\/03\\\/17\\\/nicaragua-guaranga-rompe-con-el-vaticano\\\/#primaryimage\",\"url\":\"https:\\\/\\\/kuali.com.mx\\\/web\\\/wp-content\\\/uploads\\\/2023\\\/03\\\/ORTEGA.jpg\",\"contentUrl\":\"https:\\\/\\\/kuali.com.mx\\\/web\\\/wp-content\\\/uploads\\\/2023\\\/03\\\/ORTEGA.jpg\",\"width\":1621,\"height\":750},{\"@type\":\"BreadcrumbList\",\"@id\":\"https:\\\/\\\/kuali.com.mx\\\/web\\\/2023\\\/03\\\/17\\\/nicaragua-guaranga-rompe-con-el-vaticano\\\/#breadcrumb\",\"itemListElement\":[{\"@type\":\"ListItem\",\"position\":1,\"name\":\"Inicio\",\"item\":\"https:\\\/\\\/kuali.com.mx\\\/web\\\/\"},{\"@type\":\"ListItem\",\"position\":2,\"name\":\"NICARAGUA \u201cGUARANGA\u201d ROMPE CON EL VATICANO\"}]},{\"@type\":\"WebSite\",\"@id\":\"https:\\\/\\\/kuali.com.mx\\\/web\\\/#website\",\"url\":\"https:\\\/\\\/kuali.com.mx\\\/web\\\/\",\"name\":\"Kuali\",\"description\":\"\",\"potentialAction\":[{\"@type\":\"SearchAction\",\"target\":{\"@type\":\"EntryPoint\",\"urlTemplate\":\"https:\\\/\\\/kuali.com.mx\\\/web\\\/?s={search_term_string}\"},\"query-input\":{\"@type\":\"PropertyValueSpecification\",\"valueRequired\":true,\"valueName\":\"search_term_string\"}}],\"inLanguage\":\"es\"},{\"@type\":\"Person\",\"@id\":\"https:\\\/\\\/kuali.com.mx\\\/web\\\/#\\\/schema\\\/person\\\/6f89ffa8ecba9dae50662357923c5289\",\"name\":\"Kuali Staff\",\"image\":{\"@type\":\"ImageObject\",\"inLanguage\":\"es\",\"@id\":\"https:\\\/\\\/secure.gravatar.com\\\/avatar\\\/f917ad82e5ab71227a733c78b6e60715476f69ee6be59feee4eb5d9920c89e0f?s=96&d=mm&r=g\",\"url\":\"https:\\\/\\\/secure.gravatar.com\\\/avatar\\\/f917ad82e5ab71227a733c78b6e60715476f69ee6be59feee4eb5d9920c89e0f?s=96&d=mm&r=g\",\"contentUrl\":\"https:\\\/\\\/secure.gravatar.com\\\/avatar\\\/f917ad82e5ab71227a733c78b6e60715476f69ee6be59feee4eb5d9920c89e0f?s=96&d=mm&r=g\",\"caption\":\"Kuali Staff\"},\"url\":\"https:\\\/\\\/kuali.com.mx\\\/web\\\/author\\\/lagarto\\\/\"}]}<\/script>\n<!-- \/ Yoast SEO plugin. -->","yoast_head_json":{"title":"NICARAGUA \u201cGUARANGA\u201d ROMPE CON EL VATICANO - Kuali","robots":{"index":"index","follow":"follow","max-snippet":"max-snippet:-1","max-image-preview":"max-image-preview:large","max-video-preview":"max-video-preview:-1"},"canonical":"https:\/\/kuali.com.mx\/web\/2023\/03\/17\/nicaragua-guaranga-rompe-con-el-vaticano\/","og_locale":"es_MX","og_type":"article","og_title":"NICARAGUA \u201cGUARANGA\u201d ROMPE CON EL VATICANO - Kuali","og_description":"ENCUENTRO CON GOROSITO\u00a0 El presidente de Nicaragua, Daniel Ortega, orden\u00f3 la ruptura de las relaciones diplom\u00e1ticas de su pa\u00eds con El Estado Vaticano, esgrimiendo como causa las calificaciones que le puso el Papa Francisco de \u201cuna dictadura grosera, guaranga\u201d, al r\u00e9gimen sandinista.&nbsp; Seg\u00fan el medio de comunicaci\u00f3n Confidencial, la representante del r\u00e9gimen sandinista ante la [&hellip;]","og_url":"https:\/\/kuali.com.mx\/web\/2023\/03\/17\/nicaragua-guaranga-rompe-con-el-vaticano\/","og_site_name":"Kuali","article_publisher":"https:\/\/kuali.com.mx\/web\/wp-content\/uploads\/2018\/04\/cropped-kuali_logo-1-1.png","article_published_time":"2023-03-17T19:00:29+00:00","article_modified_time":"2023-03-18T12:41:42+00:00","og_image":[{"width":1621,"height":750,"url":"https:\/\/kuali.com.mx\/web\/wp-content\/uploads\/2023\/03\/ORTEGA.jpg","type":"image\/jpeg"}],"author":"Kuali Staff","twitter_card":"summary_large_image","twitter_creator":"@kuali_noticias","twitter_site":"@kuali_noticias","twitter_misc":{"Escrito por":"Kuali Staff","Tiempo de lectura":"6 minutos"},"schema":{"@context":"https:\/\/schema.org","@graph":[{"@type":"Article","@id":"https:\/\/kuali.com.mx\/web\/2023\/03\/17\/nicaragua-guaranga-rompe-con-el-vaticano\/#article","isPartOf":{"@id":"https:\/\/kuali.com.mx\/web\/2023\/03\/17\/nicaragua-guaranga-rompe-con-el-vaticano\/"},"author":{"name":"Kuali Staff","@id":"https:\/\/kuali.com.mx\/web\/#\/schema\/person\/6f89ffa8ecba9dae50662357923c5289"},"headline":"NICARAGUA \u201cGUARANGA\u201d ROMPE CON EL VATICANO","datePublished":"2023-03-17T19:00:29+00:00","dateModified":"2023-03-18T12:41:42+00:00","mainEntityOfPage":{"@id":"https:\/\/kuali.com.mx\/web\/2023\/03\/17\/nicaragua-guaranga-rompe-con-el-vaticano\/"},"wordCount":1232,"commentCount":0,"image":{"@id":"https:\/\/kuali.com.mx\/web\/2023\/03\/17\/nicaragua-guaranga-rompe-con-el-vaticano\/#primaryimage"},"thumbnailUrl":"https:\/\/kuali.com.mx\/web\/wp-content\/uploads\/2023\/03\/ORTEGA.jpg","articleSection":["Pol\u00edtica"],"inLanguage":"es","potentialAction":[{"@type":"CommentAction","name":"Comment","target":["https:\/\/kuali.com.mx\/web\/2023\/03\/17\/nicaragua-guaranga-rompe-con-el-vaticano\/#respond"]}]},{"@type":"WebPage","@id":"https:\/\/kuali.com.mx\/web\/2023\/03\/17\/nicaragua-guaranga-rompe-con-el-vaticano\/","url":"https:\/\/kuali.com.mx\/web\/2023\/03\/17\/nicaragua-guaranga-rompe-con-el-vaticano\/","name":"NICARAGUA \u201cGUARANGA\u201d ROMPE CON EL VATICANO - Kuali","isPartOf":{"@id":"https:\/\/kuali.com.mx\/web\/#website"},"primaryImageOfPage":{"@id":"https:\/\/kuali.com.mx\/web\/2023\/03\/17\/nicaragua-guaranga-rompe-con-el-vaticano\/#primaryimage"},"image":{"@id":"https:\/\/kuali.com.mx\/web\/2023\/03\/17\/nicaragua-guaranga-rompe-con-el-vaticano\/#primaryimage"},"thumbnailUrl":"https:\/\/kuali.com.mx\/web\/wp-content\/uploads\/2023\/03\/ORTEGA.jpg","datePublished":"2023-03-17T19:00:29+00:00","dateModified":"2023-03-18T12:41:42+00:00","author":{"@id":"https:\/\/kuali.com.mx\/web\/#\/schema\/person\/6f89ffa8ecba9dae50662357923c5289"},"breadcrumb":{"@id":"https:\/\/kuali.com.mx\/web\/2023\/03\/17\/nicaragua-guaranga-rompe-con-el-vaticano\/#breadcrumb"},"inLanguage":"es","potentialAction":[{"@type":"ReadAction","target":["https:\/\/kuali.com.mx\/web\/2023\/03\/17\/nicaragua-guaranga-rompe-con-el-vaticano\/"]}]},{"@type":"ImageObject","inLanguage":"es","@id":"https:\/\/kuali.com.mx\/web\/2023\/03\/17\/nicaragua-guaranga-rompe-con-el-vaticano\/#primaryimage","url":"https:\/\/kuali.com.mx\/web\/wp-content\/uploads\/2023\/03\/ORTEGA.jpg","contentUrl":"https:\/\/kuali.com.mx\/web\/wp-content\/uploads\/2023\/03\/ORTEGA.jpg","width":1621,"height":750},{"@type":"BreadcrumbList","@id":"https:\/\/kuali.com.mx\/web\/2023\/03\/17\/nicaragua-guaranga-rompe-con-el-vaticano\/#breadcrumb","itemListElement":[{"@type":"ListItem","position":1,"name":"Inicio","item":"https:\/\/kuali.com.mx\/web\/"},{"@type":"ListItem","position":2,"name":"NICARAGUA \u201cGUARANGA\u201d ROMPE CON EL VATICANO"}]},{"@type":"WebSite","@id":"https:\/\/kuali.com.mx\/web\/#website","url":"https:\/\/kuali.com.mx\/web\/","name":"Kuali","description":"","potentialAction":[{"@type":"SearchAction","target":{"@type":"EntryPoint","urlTemplate":"https:\/\/kuali.com.mx\/web\/?s={search_term_string}"},"query-input":{"@type":"PropertyValueSpecification","valueRequired":true,"valueName":"search_term_string"}}],"inLanguage":"es"},{"@type":"Person","@id":"https:\/\/kuali.com.mx\/web\/#\/schema\/person\/6f89ffa8ecba9dae50662357923c5289","name":"Kuali Staff","image":{"@type":"ImageObject","inLanguage":"es","@id":"https:\/\/secure.gravatar.com\/avatar\/f917ad82e5ab71227a733c78b6e60715476f69ee6be59feee4eb5d9920c89e0f?s=96&d=mm&r=g","url":"https:\/\/secure.gravatar.com\/avatar\/f917ad82e5ab71227a733c78b6e60715476f69ee6be59feee4eb5d9920c89e0f?s=96&d=mm&r=g","contentUrl":"https:\/\/secure.gravatar.com\/avatar\/f917ad82e5ab71227a733c78b6e60715476f69ee6be59feee4eb5d9920c89e0f?s=96&d=mm&r=g","caption":"Kuali Staff"},"url":"https:\/\/kuali.com.mx\/web\/author\/lagarto\/"}]}},"_links":{"self":[{"href":"https:\/\/kuali.com.mx\/web\/wp-json\/wp\/v2\/posts\/114831","targetHints":{"allow":["GET"]}}],"collection":[{"href":"https:\/\/kuali.com.mx\/web\/wp-json\/wp\/v2\/posts"}],"about":[{"href":"https:\/\/kuali.com.mx\/web\/wp-json\/wp\/v2\/types\/post"}],"author":[{"embeddable":true,"href":"https:\/\/kuali.com.mx\/web\/wp-json\/wp\/v2\/users\/2"}],"replies":[{"embeddable":true,"href":"https:\/\/kuali.com.mx\/web\/wp-json\/wp\/v2\/comments?post=114831"}],"version-history":[{"count":1,"href":"https:\/\/kuali.com.mx\/web\/wp-json\/wp\/v2\/posts\/114831\/revisions"}],"predecessor-version":[{"id":114834,"href":"https:\/\/kuali.com.mx\/web\/wp-json\/wp\/v2\/posts\/114831\/revisions\/114834"}],"wp:featuredmedia":[{"embeddable":true,"href":"https:\/\/kuali.com.mx\/web\/wp-json\/wp\/v2\/media\/114833"}],"wp:attachment":[{"href":"https:\/\/kuali.com.mx\/web\/wp-json\/wp\/v2\/media?parent=114831"}],"wp:term":[{"taxonomy":"category","embeddable":true,"href":"https:\/\/kuali.com.mx\/web\/wp-json\/wp\/v2\/categories?post=114831"},{"taxonomy":"post_tag","embeddable":true,"href":"https:\/\/kuali.com.mx\/web\/wp-json\/wp\/v2\/tags?post=114831"}],"curies":[{"name":"wp","href":"https:\/\/api.w.org\/{rel}","templated":true}]}}