{"id":114791,"date":"2023-03-17T13:01:38","date_gmt":"2023-03-17T19:01:38","guid":{"rendered":"https:\/\/kuali.com.mx\/web\/?p=114791"},"modified":"2023-03-17T22:42:51","modified_gmt":"2023-03-18T04:42:51","slug":"vive-la-pasion-en-leon-del-22-de-marzo-al-5-de-abril","status":"publish","type":"post","link":"https:\/\/kuali.com.mx\/web\/2023\/03\/17\/vive-la-pasion-en-leon-del-22-de-marzo-al-5-de-abril\/","title":{"rendered":"\u201cVIVE LA PASION\u201d EN LE\u00d3N DEL 22 DE MARZO AL 5 DE ABRIL"},"content":{"rendered":"\n<p><strong>Kuali\/Le\u00f3n, Gto.- <\/strong>Como ya es una tradici\u00f3n, este a\u00f1o se llevar\u00e1 a cabo el programa \u201cVive la Pasi\u00f3n 2023\u201d con expresiones art\u00edsticas y culturales alusivas a la Semana Santa.<\/p>\n\n\n\n<p>M\u00fasica, artes visuales, talleres y teatro ser\u00e1n parte de las actividades art\u00edsticas del programa que comparte y difunde costumbres y manifestaciones desprendidas de la Cuaresma y la Semana Santa.<\/p>\n\n\n\n<p>El Instituto Cultural de Le\u00f3n (ICL), a trav\u00e9s de su direcci\u00f3n de Fomento Cultural y Patrimonio, realizar\u00e1 estas actividades del 22 de marzo al 05 de abril con la participaci\u00f3n del Coro de C\u00e1mara y la Camerata Acad\u00e9mica de la Escuela de M\u00fasica de Le\u00f3n, la Banda Municipal, la Orquesta T\u00edpica de Le\u00f3n y Cronopio Teatro.<\/p>\n\n\n\n<p>El programa iniciar\u00e1 con la inauguraci\u00f3n de \u2018Una tradici\u00f3n que quema por dentro\u2019, exposici\u00f3n fotogr\u00e1fica que estar\u00e1 instalada en el Museo de las Identidades Leonesas (MIL) y en la cual participan V\u00edctor Hern\u00e1ndez Vaca y el fot\u00f3grafo Luis Andr\u00e9s Medina Rangel, como curadores.<\/p>\n\n\n\n<p>Como parte de las presentaciones musicales, el Coro de C\u00e1mara de la Escuela de M\u00fasica de Le\u00f3n (EML) brindar\u00e1 dos conciertos el martes 28 y mi\u00e9rcoles 29 de marzo en el Templo de San Juan de Dios y la Parroquia del Se\u00f1or de la Salud, respectivamente. La Camerata Acad\u00e9mica de la EML se presentar\u00e1 en el MIL, el jueves 30 de marzo.<\/p>\n\n\n\n<p>La Orquesta T\u00edpica de Le\u00f3n participar\u00e1 en la apertura del tradicional Altar de la Virgen de Dolores y L\u00e1grimas de la Virgen, actividad que se llevar\u00e1 a cabo en el patio 1 del MIL, el viernes 31 de marzo.<\/p>\n\n\n\n<p>El s\u00e1bado 01 y domingo 02 de abril se impartir\u00e1 un taller de decoraci\u00f3n de huevos de pascua, el primero en el Templo de San Francisco de As\u00eds y, posteriormente, en las instalaciones del MIL, este \u00faltimo con un cupo limitado a 20 participantes. Adem\u00e1s, el museo recibir\u00e1 a Cronopio Teatro con La Judea del Rinc\u00f3n, montaje de teatro de t\u00edteres a desarrollarse el 01 de abril.<\/p>\n\n\n\n<p>Finalmente, la programaci\u00f3n cerrar\u00e1 el mi\u00e9rcoles 05 de abril con un concierto a cargo de la Banda Municipal de Le\u00f3n en el atrio del Templo de San Francisco de As\u00eds.<\/p>\n\n\n\n<p>Todas las actividades son gratuitas.<\/p>\n\n\n\n<p><strong>Programa Vive la Pasi\u00f3n 2023<\/strong><\/p>\n\n\n\n<p>Exposici\u00f3n \u2018Una tradici\u00f3n que quema por dentro\u2019<\/p>\n\n\n\n<p>Inauguraci\u00f3n mi\u00e9rcoles 22 de marzo<\/p>\n\n\n\n<p>19:00 h<\/p>\n\n\n\n<p>Museo de las Identidades Leonesas<\/p>\n\n\n\n<p>Concierto del Coro de C\u00e1mara de la Escuela de M\u00fasica de Le\u00f3n<\/p>\n\n\n\n<p>Martes 28 de marzo<\/p>\n\n\n\n<p>20:00 h<\/p>\n\n\n\n<p>Templo de San Juan de Dios<\/p>\n\n\n\n<p>Concierto del Coro de C\u00e1mara de la Escuela de M\u00fasica de Le\u00f3n<\/p>\n\n\n\n<p>Mi\u00e9rcoles 29 de marzo<\/p>\n\n\n\n<p>18:00 h<\/p>\n\n\n\n<p>Parroquia del Se\u00f1or de la Salud<\/p>\n\n\n\n<p>Concierto de la Camerata Acad\u00e9mica del Instituto Cultural de Le\u00f3n<\/p>\n\n\n\n<p>Jueves 30 de marzo<\/p>\n\n\n\n<p>18:00 h<\/p>\n\n\n\n<p>Museo de las Identidades Leonesas<\/p>\n\n\n\n<p>Apertura del tradicional Altar de la Virgen de los Dolores y L\u00e1grimas de la Virgen<\/p>\n\n\n\n<p>Participaci\u00f3n de la Orquesta T\u00edpica de Le\u00f3n<\/p>\n\n\n\n<p>Viernes 31 de marzo<\/p>\n\n\n\n<p>17:00 h<\/p>\n\n\n\n<p>Museo de las Identidades Leonesas<\/p>\n\n\n\n<p>Taller de huevos de Carnaval<\/p>\n\n\n\n<p>Taller de decoraci\u00f3n de huevos de pascua<\/p>\n\n\n\n<p>S\u00e1bado 1 de abril<\/p>\n\n\n\n<p>12:00 h<\/p>\n\n\n\n<p>Templo de San Francisco de As\u00eds<\/p>\n\n\n\n<p>La Judea del Rinc\u00f3n<\/p>\n\n\n\n<p>Teatro de t\u00edteres<\/p>\n\n\n\n<p>Cronopio Teatro<\/p>\n\n\n\n<p>S\u00e1bado 1 de abril<\/p>\n\n\n\n<p>17:00 h<\/p>\n\n\n\n<p>Museo de las Identidades Leonesas<\/p>\n\n\n\n<p>Taller de huevos de Carnaval<\/p>\n\n\n\n<p>Taller de decoraci\u00f3n de huevos de Pascua<\/p>\n\n\n\n<p>Domingo 2 de abril<\/p>\n\n\n\n<p>12:30 h<\/p>\n\n\n\n<p>Museo de las Identidades Leonesas<\/p>\n\n\n\n<p>Cupo limitado a 20 participantes<\/p>\n\n\n\n<p>Concierto de la Banda Municipal de Le\u00f3n<\/p>\n\n\n\n<p>Mi\u00e9rcoles 5 de abril<\/p>\n\n\n\n<p>18:00 h<\/p>\n\n\n\n<p>Atrio del Templo de San Francisco de As\u00eds<\/p>\n","protected":false},"excerpt":{"rendered":"Kuali\/Le\u00f3n, Gto.- Como ya es una tradici\u00f3n, este a\u00f1o se llevar\u00e1 a cabo el programa \u201cVive la Pasi\u00f3n 2023\u201d con expresiones art\u00edsticas y culturales alusivas a la Semana Santa. M\u00fasica, artes visuales, talleres y teatro ser\u00e1n parte de las actividades art\u00edsticas del programa que comparte y difunde costumbres y manifestaciones desprendidas de la Cuaresma y [&hellip;]","protected":false},"author":2,"featured_media":94925,"comment_status":"open","ping_status":"open","sticky":false,"template":"","format":"standard","meta":{"_seopress_robots_primary_cat":"none","_seopress_titles_title":"","_seopress_titles_desc":"","_seopress_robots_index":"","_monsterinsights_skip_tracking":false,"_monsterinsights_sitenote_active":false,"_monsterinsights_sitenote_note":"","_monsterinsights_sitenote_category":0,"footnotes":""},"categories":[8],"tags":[127,581,160,2032,10,2067,2066,2065],"class_list":["post-114791","post","type-post","status-publish","format-standard","has-post-thumbnail","hentry","category-espectaculos","tag-arte-y-cultura","tag-conciertos","tag-exposiciones","tag-judea","tag-leon","tag-pascua","tag-semana-santa","tag-vive-la-pasion"],"yoast_head":"<!-- This site is optimized with the Yoast SEO plugin v27.4 - https:\/\/yoast.com\/product\/yoast-seo-wordpress\/ -->\n<title>\u201cVIVE LA PASION\u201d EN LE\u00d3N DEL 22 DE MARZO AL 5 DE ABRIL - Kuali<\/title>\n<meta name=\"robots\" content=\"index, follow, max-snippet:-1, max-image-preview:large, max-video-preview:-1\" \/>\n<link rel=\"canonical\" href=\"https:\/\/kuali.com.mx\/web\/2023\/03\/17\/vive-la-pasion-en-leon-del-22-de-marzo-al-5-de-abril\/\" \/>\n<meta property=\"og:locale\" content=\"es_MX\" \/>\n<meta property=\"og:type\" content=\"article\" \/>\n<meta property=\"og:title\" content=\"\u201cVIVE LA PASION\u201d EN LE\u00d3N DEL 22 DE MARZO AL 5 DE ABRIL - Kuali\" \/>\n<meta property=\"og:description\" content=\"Kuali\/Le\u00f3n, Gto.- Como ya es una tradici\u00f3n, este a\u00f1o se llevar\u00e1 a cabo el programa \u201cVive la Pasi\u00f3n 2023\u201d con expresiones art\u00edsticas y culturales alusivas a la Semana Santa. M\u00fasica, artes visuales, talleres y teatro ser\u00e1n parte de las actividades art\u00edsticas del programa que comparte y difunde costumbres y manifestaciones desprendidas de la Cuaresma y [&hellip;]\" \/>\n<meta property=\"og:url\" content=\"https:\/\/kuali.com.mx\/web\/2023\/03\/17\/vive-la-pasion-en-leon-del-22-de-marzo-al-5-de-abril\/\" \/>\n<meta property=\"og:site_name\" content=\"Kuali\" \/>\n<meta property=\"article:publisher\" content=\"https:\/\/kuali.com.mx\/web\/wp-content\/uploads\/2018\/04\/cropped-kuali_logo-1-1.png\" \/>\n<meta property=\"article:published_time\" content=\"2023-03-17T19:01:38+00:00\" \/>\n<meta property=\"article:modified_time\" content=\"2023-03-18T04:42:51+00:00\" \/>\n<meta property=\"og:image\" content=\"https:\/\/kuali.com.mx\/web\/wp-content\/uploads\/2022\/04\/semana-santa.jpg\" \/>\n\t<meta property=\"og:image:width\" content=\"1574\" \/>\n\t<meta property=\"og:image:height\" content=\"750\" \/>\n\t<meta property=\"og:image:type\" content=\"image\/jpeg\" \/>\n<meta name=\"author\" content=\"Kuali Staff\" \/>\n<meta name=\"twitter:card\" content=\"summary_large_image\" \/>\n<meta name=\"twitter:creator\" content=\"@kuali_noticias\" \/>\n<meta name=\"twitter:site\" content=\"@kuali_noticias\" \/>\n<meta name=\"twitter:label1\" content=\"Escrito por\" \/>\n\t<meta name=\"twitter:data1\" content=\"Kuali Staff\" \/>\n\t<meta name=\"twitter:label2\" content=\"Tiempo de lectura\" \/>\n\t<meta name=\"twitter:data2\" content=\"3 minutos\" \/>\n<script type=\"application\/ld+json\" class=\"yoast-schema-graph\">{\"@context\":\"https:\\\/\\\/schema.org\",\"@graph\":[{\"@type\":\"Article\",\"@id\":\"https:\\\/\\\/kuali.com.mx\\\/web\\\/2023\\\/03\\\/17\\\/vive-la-pasion-en-leon-del-22-de-marzo-al-5-de-abril\\\/#article\",\"isPartOf\":{\"@id\":\"https:\\\/\\\/kuali.com.mx\\\/web\\\/2023\\\/03\\\/17\\\/vive-la-pasion-en-leon-del-22-de-marzo-al-5-de-abril\\\/\"},\"author\":{\"name\":\"Kuali Staff\",\"@id\":\"https:\\\/\\\/kuali.com.mx\\\/web\\\/#\\\/schema\\\/person\\\/6f89ffa8ecba9dae50662357923c5289\"},\"headline\":\"\u201cVIVE LA PASION\u201d EN LE\u00d3N DEL 22 DE MARZO AL 5 DE ABRIL\",\"datePublished\":\"2023-03-17T19:01:38+00:00\",\"dateModified\":\"2023-03-18T04:42:51+00:00\",\"mainEntityOfPage\":{\"@id\":\"https:\\\/\\\/kuali.com.mx\\\/web\\\/2023\\\/03\\\/17\\\/vive-la-pasion-en-leon-del-22-de-marzo-al-5-de-abril\\\/\"},\"wordCount\":634,\"commentCount\":0,\"image\":{\"@id\":\"https:\\\/\\\/kuali.com.mx\\\/web\\\/2023\\\/03\\\/17\\\/vive-la-pasion-en-leon-del-22-de-marzo-al-5-de-abril\\\/#primaryimage\"},\"thumbnailUrl\":\"https:\\\/\\\/kuali.com.mx\\\/web\\\/wp-content\\\/uploads\\\/2022\\\/04\\\/semana-santa.jpg\",\"keywords\":[\"Arte y cultura\",\"Conciertos\",\"Exposiciones\",\"Judea\",\"Le\u00f3n\",\"Pascua\",\"Semana Santa\",\"Vive la Pasi\u00f3n\"],\"articleSection\":[\"Cultura\"],\"inLanguage\":\"es\",\"potentialAction\":[{\"@type\":\"CommentAction\",\"name\":\"Comment\",\"target\":[\"https:\\\/\\\/kuali.com.mx\\\/web\\\/2023\\\/03\\\/17\\\/vive-la-pasion-en-leon-del-22-de-marzo-al-5-de-abril\\\/#respond\"]}]},{\"@type\":\"WebPage\",\"@id\":\"https:\\\/\\\/kuali.com.mx\\\/web\\\/2023\\\/03\\\/17\\\/vive-la-pasion-en-leon-del-22-de-marzo-al-5-de-abril\\\/\",\"url\":\"https:\\\/\\\/kuali.com.mx\\\/web\\\/2023\\\/03\\\/17\\\/vive-la-pasion-en-leon-del-22-de-marzo-al-5-de-abril\\\/\",\"name\":\"\u201cVIVE LA PASION\u201d EN LE\u00d3N DEL 22 DE MARZO AL 5 DE ABRIL - Kuali\",\"isPartOf\":{\"@id\":\"https:\\\/\\\/kuali.com.mx\\\/web\\\/#website\"},\"primaryImageOfPage\":{\"@id\":\"https:\\\/\\\/kuali.com.mx\\\/web\\\/2023\\\/03\\\/17\\\/vive-la-pasion-en-leon-del-22-de-marzo-al-5-de-abril\\\/#primaryimage\"},\"image\":{\"@id\":\"https:\\\/\\\/kuali.com.mx\\\/web\\\/2023\\\/03\\\/17\\\/vive-la-pasion-en-leon-del-22-de-marzo-al-5-de-abril\\\/#primaryimage\"},\"thumbnailUrl\":\"https:\\\/\\\/kuali.com.mx\\\/web\\\/wp-content\\\/uploads\\\/2022\\\/04\\\/semana-santa.jpg\",\"datePublished\":\"2023-03-17T19:01:38+00:00\",\"dateModified\":\"2023-03-18T04:42:51+00:00\",\"author\":{\"@id\":\"https:\\\/\\\/kuali.com.mx\\\/web\\\/#\\\/schema\\\/person\\\/6f89ffa8ecba9dae50662357923c5289\"},\"breadcrumb\":{\"@id\":\"https:\\\/\\\/kuali.com.mx\\\/web\\\/2023\\\/03\\\/17\\\/vive-la-pasion-en-leon-del-22-de-marzo-al-5-de-abril\\\/#breadcrumb\"},\"inLanguage\":\"es\",\"potentialAction\":[{\"@type\":\"ReadAction\",\"target\":[\"https:\\\/\\\/kuali.com.mx\\\/web\\\/2023\\\/03\\\/17\\\/vive-la-pasion-en-leon-del-22-de-marzo-al-5-de-abril\\\/\"]}]},{\"@type\":\"ImageObject\",\"inLanguage\":\"es\",\"@id\":\"https:\\\/\\\/kuali.com.mx\\\/web\\\/2023\\\/03\\\/17\\\/vive-la-pasion-en-leon-del-22-de-marzo-al-5-de-abril\\\/#primaryimage\",\"url\":\"https:\\\/\\\/kuali.com.mx\\\/web\\\/wp-content\\\/uploads\\\/2022\\\/04\\\/semana-santa.jpg\",\"contentUrl\":\"https:\\\/\\\/kuali.com.mx\\\/web\\\/wp-content\\\/uploads\\\/2022\\\/04\\\/semana-santa.jpg\",\"width\":1574,\"height\":750},{\"@type\":\"BreadcrumbList\",\"@id\":\"https:\\\/\\\/kuali.com.mx\\\/web\\\/2023\\\/03\\\/17\\\/vive-la-pasion-en-leon-del-22-de-marzo-al-5-de-abril\\\/#breadcrumb\",\"itemListElement\":[{\"@type\":\"ListItem\",\"position\":1,\"name\":\"Inicio\",\"item\":\"https:\\\/\\\/kuali.com.mx\\\/web\\\/\"},{\"@type\":\"ListItem\",\"position\":2,\"name\":\"\u201cVIVE LA PASION\u201d EN LE\u00d3N DEL 22 DE MARZO AL 5 DE ABRIL\"}]},{\"@type\":\"WebSite\",\"@id\":\"https:\\\/\\\/kuali.com.mx\\\/web\\\/#website\",\"url\":\"https:\\\/\\\/kuali.com.mx\\\/web\\\/\",\"name\":\"Kuali\",\"description\":\"\",\"potentialAction\":[{\"@type\":\"SearchAction\",\"target\":{\"@type\":\"EntryPoint\",\"urlTemplate\":\"https:\\\/\\\/kuali.com.mx\\\/web\\\/?s={search_term_string}\"},\"query-input\":{\"@type\":\"PropertyValueSpecification\",\"valueRequired\":true,\"valueName\":\"search_term_string\"}}],\"inLanguage\":\"es\"},{\"@type\":\"Person\",\"@id\":\"https:\\\/\\\/kuali.com.mx\\\/web\\\/#\\\/schema\\\/person\\\/6f89ffa8ecba9dae50662357923c5289\",\"name\":\"Kuali Staff\",\"image\":{\"@type\":\"ImageObject\",\"inLanguage\":\"es\",\"@id\":\"https:\\\/\\\/secure.gravatar.com\\\/avatar\\\/f917ad82e5ab71227a733c78b6e60715476f69ee6be59feee4eb5d9920c89e0f?s=96&d=mm&r=g\",\"url\":\"https:\\\/\\\/secure.gravatar.com\\\/avatar\\\/f917ad82e5ab71227a733c78b6e60715476f69ee6be59feee4eb5d9920c89e0f?s=96&d=mm&r=g\",\"contentUrl\":\"https:\\\/\\\/secure.gravatar.com\\\/avatar\\\/f917ad82e5ab71227a733c78b6e60715476f69ee6be59feee4eb5d9920c89e0f?s=96&d=mm&r=g\",\"caption\":\"Kuali Staff\"},\"url\":\"https:\\\/\\\/kuali.com.mx\\\/web\\\/author\\\/lagarto\\\/\"}]}<\/script>\n<!-- \/ Yoast SEO plugin. -->","yoast_head_json":{"title":"\u201cVIVE LA PASION\u201d EN LE\u00d3N DEL 22 DE MARZO AL 5 DE ABRIL - Kuali","robots":{"index":"index","follow":"follow","max-snippet":"max-snippet:-1","max-image-preview":"max-image-preview:large","max-video-preview":"max-video-preview:-1"},"canonical":"https:\/\/kuali.com.mx\/web\/2023\/03\/17\/vive-la-pasion-en-leon-del-22-de-marzo-al-5-de-abril\/","og_locale":"es_MX","og_type":"article","og_title":"\u201cVIVE LA PASION\u201d EN LE\u00d3N DEL 22 DE MARZO AL 5 DE ABRIL - Kuali","og_description":"Kuali\/Le\u00f3n, Gto.- Como ya es una tradici\u00f3n, este a\u00f1o se llevar\u00e1 a cabo el programa \u201cVive la Pasi\u00f3n 2023\u201d con expresiones art\u00edsticas y culturales alusivas a la Semana Santa. M\u00fasica, artes visuales, talleres y teatro ser\u00e1n parte de las actividades art\u00edsticas del programa que comparte y difunde costumbres y manifestaciones desprendidas de la Cuaresma y [&hellip;]","og_url":"https:\/\/kuali.com.mx\/web\/2023\/03\/17\/vive-la-pasion-en-leon-del-22-de-marzo-al-5-de-abril\/","og_site_name":"Kuali","article_publisher":"https:\/\/kuali.com.mx\/web\/wp-content\/uploads\/2018\/04\/cropped-kuali_logo-1-1.png","article_published_time":"2023-03-17T19:01:38+00:00","article_modified_time":"2023-03-18T04:42:51+00:00","og_image":[{"width":1574,"height":750,"url":"https:\/\/kuali.com.mx\/web\/wp-content\/uploads\/2022\/04\/semana-santa.jpg","type":"image\/jpeg"}],"author":"Kuali Staff","twitter_card":"summary_large_image","twitter_creator":"@kuali_noticias","twitter_site":"@kuali_noticias","twitter_misc":{"Escrito por":"Kuali Staff","Tiempo de lectura":"3 minutos"},"schema":{"@context":"https:\/\/schema.org","@graph":[{"@type":"Article","@id":"https:\/\/kuali.com.mx\/web\/2023\/03\/17\/vive-la-pasion-en-leon-del-22-de-marzo-al-5-de-abril\/#article","isPartOf":{"@id":"https:\/\/kuali.com.mx\/web\/2023\/03\/17\/vive-la-pasion-en-leon-del-22-de-marzo-al-5-de-abril\/"},"author":{"name":"Kuali Staff","@id":"https:\/\/kuali.com.mx\/web\/#\/schema\/person\/6f89ffa8ecba9dae50662357923c5289"},"headline":"\u201cVIVE LA PASION\u201d EN LE\u00d3N DEL 22 DE MARZO AL 5 DE ABRIL","datePublished":"2023-03-17T19:01:38+00:00","dateModified":"2023-03-18T04:42:51+00:00","mainEntityOfPage":{"@id":"https:\/\/kuali.com.mx\/web\/2023\/03\/17\/vive-la-pasion-en-leon-del-22-de-marzo-al-5-de-abril\/"},"wordCount":634,"commentCount":0,"image":{"@id":"https:\/\/kuali.com.mx\/web\/2023\/03\/17\/vive-la-pasion-en-leon-del-22-de-marzo-al-5-de-abril\/#primaryimage"},"thumbnailUrl":"https:\/\/kuali.com.mx\/web\/wp-content\/uploads\/2022\/04\/semana-santa.jpg","keywords":["Arte y cultura","Conciertos","Exposiciones","Judea","Le\u00f3n","Pascua","Semana Santa","Vive la Pasi\u00f3n"],"articleSection":["Cultura"],"inLanguage":"es","potentialAction":[{"@type":"CommentAction","name":"Comment","target":["https:\/\/kuali.com.mx\/web\/2023\/03\/17\/vive-la-pasion-en-leon-del-22-de-marzo-al-5-de-abril\/#respond"]}]},{"@type":"WebPage","@id":"https:\/\/kuali.com.mx\/web\/2023\/03\/17\/vive-la-pasion-en-leon-del-22-de-marzo-al-5-de-abril\/","url":"https:\/\/kuali.com.mx\/web\/2023\/03\/17\/vive-la-pasion-en-leon-del-22-de-marzo-al-5-de-abril\/","name":"\u201cVIVE LA PASION\u201d EN LE\u00d3N DEL 22 DE MARZO AL 5 DE ABRIL - Kuali","isPartOf":{"@id":"https:\/\/kuali.com.mx\/web\/#website"},"primaryImageOfPage":{"@id":"https:\/\/kuali.com.mx\/web\/2023\/03\/17\/vive-la-pasion-en-leon-del-22-de-marzo-al-5-de-abril\/#primaryimage"},"image":{"@id":"https:\/\/kuali.com.mx\/web\/2023\/03\/17\/vive-la-pasion-en-leon-del-22-de-marzo-al-5-de-abril\/#primaryimage"},"thumbnailUrl":"https:\/\/kuali.com.mx\/web\/wp-content\/uploads\/2022\/04\/semana-santa.jpg","datePublished":"2023-03-17T19:01:38+00:00","dateModified":"2023-03-18T04:42:51+00:00","author":{"@id":"https:\/\/kuali.com.mx\/web\/#\/schema\/person\/6f89ffa8ecba9dae50662357923c5289"},"breadcrumb":{"@id":"https:\/\/kuali.com.mx\/web\/2023\/03\/17\/vive-la-pasion-en-leon-del-22-de-marzo-al-5-de-abril\/#breadcrumb"},"inLanguage":"es","potentialAction":[{"@type":"ReadAction","target":["https:\/\/kuali.com.mx\/web\/2023\/03\/17\/vive-la-pasion-en-leon-del-22-de-marzo-al-5-de-abril\/"]}]},{"@type":"ImageObject","inLanguage":"es","@id":"https:\/\/kuali.com.mx\/web\/2023\/03\/17\/vive-la-pasion-en-leon-del-22-de-marzo-al-5-de-abril\/#primaryimage","url":"https:\/\/kuali.com.mx\/web\/wp-content\/uploads\/2022\/04\/semana-santa.jpg","contentUrl":"https:\/\/kuali.com.mx\/web\/wp-content\/uploads\/2022\/04\/semana-santa.jpg","width":1574,"height":750},{"@type":"BreadcrumbList","@id":"https:\/\/kuali.com.mx\/web\/2023\/03\/17\/vive-la-pasion-en-leon-del-22-de-marzo-al-5-de-abril\/#breadcrumb","itemListElement":[{"@type":"ListItem","position":1,"name":"Inicio","item":"https:\/\/kuali.com.mx\/web\/"},{"@type":"ListItem","position":2,"name":"\u201cVIVE LA PASION\u201d EN LE\u00d3N DEL 22 DE MARZO AL 5 DE ABRIL"}]},{"@type":"WebSite","@id":"https:\/\/kuali.com.mx\/web\/#website","url":"https:\/\/kuali.com.mx\/web\/","name":"Kuali","description":"","potentialAction":[{"@type":"SearchAction","target":{"@type":"EntryPoint","urlTemplate":"https:\/\/kuali.com.mx\/web\/?s={search_term_string}"},"query-input":{"@type":"PropertyValueSpecification","valueRequired":true,"valueName":"search_term_string"}}],"inLanguage":"es"},{"@type":"Person","@id":"https:\/\/kuali.com.mx\/web\/#\/schema\/person\/6f89ffa8ecba9dae50662357923c5289","name":"Kuali Staff","image":{"@type":"ImageObject","inLanguage":"es","@id":"https:\/\/secure.gravatar.com\/avatar\/f917ad82e5ab71227a733c78b6e60715476f69ee6be59feee4eb5d9920c89e0f?s=96&d=mm&r=g","url":"https:\/\/secure.gravatar.com\/avatar\/f917ad82e5ab71227a733c78b6e60715476f69ee6be59feee4eb5d9920c89e0f?s=96&d=mm&r=g","contentUrl":"https:\/\/secure.gravatar.com\/avatar\/f917ad82e5ab71227a733c78b6e60715476f69ee6be59feee4eb5d9920c89e0f?s=96&d=mm&r=g","caption":"Kuali Staff"},"url":"https:\/\/kuali.com.mx\/web\/author\/lagarto\/"}]}},"_links":{"self":[{"href":"https:\/\/kuali.com.mx\/web\/wp-json\/wp\/v2\/posts\/114791","targetHints":{"allow":["GET"]}}],"collection":[{"href":"https:\/\/kuali.com.mx\/web\/wp-json\/wp\/v2\/posts"}],"about":[{"href":"https:\/\/kuali.com.mx\/web\/wp-json\/wp\/v2\/types\/post"}],"author":[{"embeddable":true,"href":"https:\/\/kuali.com.mx\/web\/wp-json\/wp\/v2\/users\/2"}],"replies":[{"embeddable":true,"href":"https:\/\/kuali.com.mx\/web\/wp-json\/wp\/v2\/comments?post=114791"}],"version-history":[{"count":1,"href":"https:\/\/kuali.com.mx\/web\/wp-json\/wp\/v2\/posts\/114791\/revisions"}],"predecessor-version":[{"id":114794,"href":"https:\/\/kuali.com.mx\/web\/wp-json\/wp\/v2\/posts\/114791\/revisions\/114794"}],"wp:featuredmedia":[{"embeddable":true,"href":"https:\/\/kuali.com.mx\/web\/wp-json\/wp\/v2\/media\/94925"}],"wp:attachment":[{"href":"https:\/\/kuali.com.mx\/web\/wp-json\/wp\/v2\/media?parent=114791"}],"wp:term":[{"taxonomy":"category","embeddable":true,"href":"https:\/\/kuali.com.mx\/web\/wp-json\/wp\/v2\/categories?post=114791"},{"taxonomy":"post_tag","embeddable":true,"href":"https:\/\/kuali.com.mx\/web\/wp-json\/wp\/v2\/tags?post=114791"}],"curies":[{"name":"wp","href":"https:\/\/api.w.org\/{rel}","templated":true}]}}