{"id":114577,"date":"2023-03-14T11:52:03","date_gmt":"2023-03-14T17:52:03","guid":{"rendered":"https:\/\/kuali.com.mx\/web\/?p=114577"},"modified":"2023-03-15T09:07:31","modified_gmt":"2023-03-15T15:07:31","slug":"alemania-y-china-cambios-en-defensa","status":"publish","type":"post","link":"https:\/\/kuali.com.mx\/web\/2023\/03\/14\/alemania-y-china-cambios-en-defensa\/","title":{"rendered":"ALEMANIA Y CHINA CAMBIOS EN DEFENSA"},"content":{"rendered":"\n<p><em><strong>ENCUENTRO CON GOROSITO\u2026<\/strong><\/em><\/p>\n\n\n\n<p>Dos potencias econ\u00f3micas y militares mundiales, me refiero a Alemania en Europa y a la Rep\u00fablica Popular China en Asia, han cambiado en estos d\u00edas a importantes funcionarios en el \u00e1rea de Defensa.<\/p>\n\n\n\n<p>En el caso de Alemania, el ministro de Defensa, Boris Pistorius, destituy\u00f3 al jefe del ej\u00e9rcito, el general Eberhard Zorn, por unos comentarios que realizara sobre las capacidades militares de Rusia en la guerra con Ucrania.&nbsp;<\/p>\n\n\n\n<p>El general Zorn fue entrevistado el a\u00f1o pasado por la revista Focus y declar\u00f3 que Ucrania realiza \u201ccontraataques con ayuda de los cuales puede recuperar lugares del frente, pero no puede hacer retroceder a Rusia en un frente amplio\u201d.<\/p>\n\n\n\n<p>Sobre las mismas, fue muy cr\u00edtico el ex comandante del ej\u00e9rcito de EE.UU. en Europa, Ben Hodges, quien afirm\u00f3 que se trataba de un \u201can\u00e1lisis asombrosamente pobre de las capacidades rusas que, lamentablemente reflejan gran parte del pensamiento de la \u201celite\u201d alemana\u201d.<\/p>\n\n\n\n<p>Recordemos que el actual secretario de Defensa, Pistorius, tom\u00f3 posesi\u00f3n del cargo a mediados de enero de este a\u00f1o, sustituyendo a Christine Lambrecht, quien se vio envuelta en varias pol\u00e9micas en medio del debate si Berl\u00edn deb\u00eda enviar a Ucrania carros de combate m\u00e1s modernos.<\/p>\n\n\n\n<p>El sustituto de Zorn, en el cargo de Inspector de las Fuerzas Armadas alemanas, ser\u00e1 el teniente general Carsten Breuer. Este militar alem\u00e1n se convirti\u00f3 en una cara conocida en medio de la pandemia de coronavirus debido a su labor desempe\u00f1ada como jefe del Estado Mayor de Crisis de la COVID- 19.<\/p>\n\n\n\n<p>Mientras que en China, una vez que Xi-Jinping fue designado por la Asamblea Nacional Popular para un tercer mandato presidencial de cinco a\u00f1os (2023- 2028). El mismo Poder Legislativo designo como nuevo ministro de Defensa a propuesta del presidente chino al general Li Shangfu.<\/p>\n\n\n\n<p>El nombramiento se da en un momento en que las relaciones entre el gigante asi\u00e1tico y EE.UU. atraviesan una \u00e9poca de fuertes tensiones, que pasan tanto por lo comercial como por lo militar, lo que ha aumentado la desconfianza entre ambas potencias, la uno y dos del mundo.&nbsp;<\/p>\n\n\n\n<p>El ministerio que recibir\u00e1 Li Shangfu, es el que tiene el mayor presupuesto, aument\u00f3 un 7.2%, un rubro que lo ubica en el segundo lugar global detr\u00e1s de EE.UU. y que muestra el af\u00e1n de Beijing de demostrar superioridad b\u00e9lica frente a las potencias occidentales.<\/p>\n\n\n\n<p>Li Shangfu fue sancionado por EE.UU. en 2018 por comprar armamento a la empresa rusa Rosoboronexport. El entonces secretario de Estado de la Uni\u00f3n Americana Mike Pompeo anunci\u00f3 sanciones contra la empresa china Equipment Development Departmet (DD), y quien era su director, el general Li Shangfu.<\/p>\n\n\n\n<p>Quien fung\u00eda en ese momento como portavoz de Relaciones Exteriores de Beijing, Geng Shuang, expres\u00f3 su \u201cgran indignaci\u00f3n\u201d por las sanciones y solicit\u00f3 a Washington retirarlas de inmediato. El portavoz justific\u00f3 la adquisici\u00f3n y asever\u00f3 que Rusia \u201ces un socio de cooperaci\u00f3n estrat\u00e9gico\u201d de Beijing. La sanci\u00f3n sigue vigente y le impide al alto funcionario chino utilizar los servicios del sistema financiero estadounidense y le proh\u00edbe el ingreso a territorio de ese pa\u00eds.<\/p>\n\n\n\n<p>Xi-Jinping no s\u00f3lo fue designado para un tercer mandato presidencial, algo in\u00e9dito entre sus predecesores, sino que fue ratificado tambi\u00e9n al frente de la Comisi\u00f3n Militar Central (CMC), cargo equivalente al de jefe de las Fuerzas Armadas y mantuvo su cargo como Secretario General del Partido Comunista Chino (PCCh).<\/p>\n\n\n\n<p>De esta manera Xi- Jinping, refuerza su control sobre los tres brazos del poder: El Estado, el Ej\u00e9rcito y el Partido Comunista de China, poder absoluto, \u201cdemocracia a la China\u201d.<\/p>\n\n\n\n<p>&nbsp;&nbsp;&nbsp;&nbsp;&nbsp;&nbsp;&nbsp;&nbsp;&nbsp;&nbsp;&nbsp;&nbsp;&nbsp;&nbsp;\u00a1Hasta el pr\u00f3ximo encuentro\u2026!<\/p>\n\n\n\n<p>\u00a0\u00a0\u00a0\u00a0\u00a0\u00a0\u00a0\u00a0\u00a0\u00a0\u00a0\u00a0\u00a0\u00a0\u00a0\u00a0\u00a0\u00a0\u00a0\u00a0\u00a0\u00a0\u00a0\u00a0\u00a0\u00a0\u00a0\u00a0\u00a0\u00a0\u00a0\u00a0\u00a0\u00a0\u00a0\u00a0\u00a0\u00a0\u00a0\u00a0\u00a0\u00a0\u00a0\u00a0\u00a0\u00a0\u00a0\u00a0\u00a0\u00a0\u00a0\u00a0\u00a0\u00a0\u00a0\u00a0\u00a0\u00a0\u00a0<em><strong>\u00a0\u00a0\u00a0\u00a0Dr.(c). Washington Daniel Gorosito P\u00e9rez<\/strong><\/em><\/p>\n","protected":false},"excerpt":{"rendered":"ENCUENTRO CON GOROSITO\u2026 Dos potencias econ\u00f3micas y militares mundiales, me refiero a Alemania en Europa y a la Rep\u00fablica Popular China en Asia, han cambiado en estos d\u00edas a importantes funcionarios en el \u00e1rea de Defensa. En el caso de Alemania, el ministro de Defensa, Boris Pistorius, destituy\u00f3 al jefe del ej\u00e9rcito, el general Eberhard [&hellip;]","protected":false},"author":2,"featured_media":114579,"comment_status":"open","ping_status":"open","sticky":false,"template":"","format":"standard","meta":{"_seopress_robots_primary_cat":"none","_seopress_titles_title":"","_seopress_titles_desc":"","_seopress_robots_index":"","_monsterinsights_skip_tracking":false,"_monsterinsights_sitenote_active":false,"_monsterinsights_sitenote_note":"","_monsterinsights_sitenote_category":0,"footnotes":""},"categories":[3],"tags":[],"class_list":["post-114577","post","type-post","status-publish","format-standard","has-post-thumbnail","hentry","category-politica"],"yoast_head":"<!-- This site is optimized with the Yoast SEO plugin v27.5 - https:\/\/yoast.com\/product\/yoast-seo-wordpress\/ -->\n<title>ALEMANIA Y CHINA CAMBIOS EN DEFENSA - Kuali<\/title>\n<meta name=\"robots\" content=\"index, follow, max-snippet:-1, max-image-preview:large, max-video-preview:-1\" \/>\n<link rel=\"canonical\" href=\"https:\/\/kuali.com.mx\/web\/2023\/03\/14\/alemania-y-china-cambios-en-defensa\/\" \/>\n<meta property=\"og:locale\" content=\"es_MX\" \/>\n<meta property=\"og:type\" content=\"article\" \/>\n<meta property=\"og:title\" content=\"ALEMANIA Y CHINA CAMBIOS EN DEFENSA - Kuali\" \/>\n<meta property=\"og:description\" content=\"ENCUENTRO CON GOROSITO\u2026 Dos potencias econ\u00f3micas y militares mundiales, me refiero a Alemania en Europa y a la Rep\u00fablica Popular China en Asia, han cambiado en estos d\u00edas a importantes funcionarios en el \u00e1rea de Defensa. En el caso de Alemania, el ministro de Defensa, Boris Pistorius, destituy\u00f3 al jefe del ej\u00e9rcito, el general Eberhard [&hellip;]\" \/>\n<meta property=\"og:url\" content=\"https:\/\/kuali.com.mx\/web\/2023\/03\/14\/alemania-y-china-cambios-en-defensa\/\" \/>\n<meta property=\"og:site_name\" content=\"Kuali\" \/>\n<meta property=\"article:publisher\" content=\"https:\/\/kuali.com.mx\/web\/wp-content\/uploads\/2018\/04\/cropped-kuali_logo-1-1.png\" \/>\n<meta property=\"article:published_time\" content=\"2023-03-14T17:52:03+00:00\" \/>\n<meta property=\"article:modified_time\" content=\"2023-03-15T15:07:31+00:00\" \/>\n<meta property=\"og:image\" content=\"https:\/\/kuali.com.mx\/web\/wp-content\/uploads\/2023\/03\/GENERAL-CHINO-A.jpg\" \/>\n\t<meta property=\"og:image:width\" content=\"1200\" \/>\n\t<meta property=\"og:image:height\" content=\"675\" \/>\n\t<meta property=\"og:image:type\" content=\"image\/jpeg\" \/>\n<meta name=\"author\" content=\"Kuali Staff\" \/>\n<meta name=\"twitter:card\" content=\"summary_large_image\" \/>\n<meta name=\"twitter:creator\" content=\"@kuali_noticias\" \/>\n<meta name=\"twitter:site\" content=\"@kuali_noticias\" \/>\n<meta name=\"twitter:label1\" content=\"Escrito por\" \/>\n\t<meta name=\"twitter:data1\" content=\"Kuali Staff\" \/>\n\t<meta name=\"twitter:label2\" content=\"Tiempo de lectura\" \/>\n\t<meta name=\"twitter:data2\" content=\"3 minutos\" \/>\n<script type=\"application\/ld+json\" class=\"yoast-schema-graph\">{\"@context\":\"https:\\\/\\\/schema.org\",\"@graph\":[{\"@type\":\"Article\",\"@id\":\"https:\\\/\\\/kuali.com.mx\\\/web\\\/2023\\\/03\\\/14\\\/alemania-y-china-cambios-en-defensa\\\/#article\",\"isPartOf\":{\"@id\":\"https:\\\/\\\/kuali.com.mx\\\/web\\\/2023\\\/03\\\/14\\\/alemania-y-china-cambios-en-defensa\\\/\"},\"author\":{\"name\":\"Kuali Staff\",\"@id\":\"https:\\\/\\\/kuali.com.mx\\\/web\\\/#\\\/schema\\\/person\\\/6f89ffa8ecba9dae50662357923c5289\"},\"headline\":\"ALEMANIA Y CHINA CAMBIOS EN DEFENSA\",\"datePublished\":\"2023-03-14T17:52:03+00:00\",\"dateModified\":\"2023-03-15T15:07:31+00:00\",\"mainEntityOfPage\":{\"@id\":\"https:\\\/\\\/kuali.com.mx\\\/web\\\/2023\\\/03\\\/14\\\/alemania-y-china-cambios-en-defensa\\\/\"},\"wordCount\":654,\"commentCount\":0,\"image\":{\"@id\":\"https:\\\/\\\/kuali.com.mx\\\/web\\\/2023\\\/03\\\/14\\\/alemania-y-china-cambios-en-defensa\\\/#primaryimage\"},\"thumbnailUrl\":\"https:\\\/\\\/kuali.com.mx\\\/web\\\/wp-content\\\/uploads\\\/2023\\\/03\\\/GENERAL-CHINO-A.jpg\",\"articleSection\":[\"Pol\u00edtica\"],\"inLanguage\":\"es\",\"potentialAction\":[{\"@type\":\"CommentAction\",\"name\":\"Comment\",\"target\":[\"https:\\\/\\\/kuali.com.mx\\\/web\\\/2023\\\/03\\\/14\\\/alemania-y-china-cambios-en-defensa\\\/#respond\"]}]},{\"@type\":\"WebPage\",\"@id\":\"https:\\\/\\\/kuali.com.mx\\\/web\\\/2023\\\/03\\\/14\\\/alemania-y-china-cambios-en-defensa\\\/\",\"url\":\"https:\\\/\\\/kuali.com.mx\\\/web\\\/2023\\\/03\\\/14\\\/alemania-y-china-cambios-en-defensa\\\/\",\"name\":\"ALEMANIA Y CHINA CAMBIOS EN DEFENSA - Kuali\",\"isPartOf\":{\"@id\":\"https:\\\/\\\/kuali.com.mx\\\/web\\\/#website\"},\"primaryImageOfPage\":{\"@id\":\"https:\\\/\\\/kuali.com.mx\\\/web\\\/2023\\\/03\\\/14\\\/alemania-y-china-cambios-en-defensa\\\/#primaryimage\"},\"image\":{\"@id\":\"https:\\\/\\\/kuali.com.mx\\\/web\\\/2023\\\/03\\\/14\\\/alemania-y-china-cambios-en-defensa\\\/#primaryimage\"},\"thumbnailUrl\":\"https:\\\/\\\/kuali.com.mx\\\/web\\\/wp-content\\\/uploads\\\/2023\\\/03\\\/GENERAL-CHINO-A.jpg\",\"datePublished\":\"2023-03-14T17:52:03+00:00\",\"dateModified\":\"2023-03-15T15:07:31+00:00\",\"author\":{\"@id\":\"https:\\\/\\\/kuali.com.mx\\\/web\\\/#\\\/schema\\\/person\\\/6f89ffa8ecba9dae50662357923c5289\"},\"breadcrumb\":{\"@id\":\"https:\\\/\\\/kuali.com.mx\\\/web\\\/2023\\\/03\\\/14\\\/alemania-y-china-cambios-en-defensa\\\/#breadcrumb\"},\"inLanguage\":\"es\",\"potentialAction\":[{\"@type\":\"ReadAction\",\"target\":[\"https:\\\/\\\/kuali.com.mx\\\/web\\\/2023\\\/03\\\/14\\\/alemania-y-china-cambios-en-defensa\\\/\"]}]},{\"@type\":\"ImageObject\",\"inLanguage\":\"es\",\"@id\":\"https:\\\/\\\/kuali.com.mx\\\/web\\\/2023\\\/03\\\/14\\\/alemania-y-china-cambios-en-defensa\\\/#primaryimage\",\"url\":\"https:\\\/\\\/kuali.com.mx\\\/web\\\/wp-content\\\/uploads\\\/2023\\\/03\\\/GENERAL-CHINO-A.jpg\",\"contentUrl\":\"https:\\\/\\\/kuali.com.mx\\\/web\\\/wp-content\\\/uploads\\\/2023\\\/03\\\/GENERAL-CHINO-A.jpg\",\"width\":1200,\"height\":675},{\"@type\":\"BreadcrumbList\",\"@id\":\"https:\\\/\\\/kuali.com.mx\\\/web\\\/2023\\\/03\\\/14\\\/alemania-y-china-cambios-en-defensa\\\/#breadcrumb\",\"itemListElement\":[{\"@type\":\"ListItem\",\"position\":1,\"name\":\"Inicio\",\"item\":\"https:\\\/\\\/kuali.com.mx\\\/web\\\/\"},{\"@type\":\"ListItem\",\"position\":2,\"name\":\"ALEMANIA Y CHINA CAMBIOS EN DEFENSA\"}]},{\"@type\":\"WebSite\",\"@id\":\"https:\\\/\\\/kuali.com.mx\\\/web\\\/#website\",\"url\":\"https:\\\/\\\/kuali.com.mx\\\/web\\\/\",\"name\":\"Kuali\",\"description\":\"\",\"potentialAction\":[{\"@type\":\"SearchAction\",\"target\":{\"@type\":\"EntryPoint\",\"urlTemplate\":\"https:\\\/\\\/kuali.com.mx\\\/web\\\/?s={search_term_string}\"},\"query-input\":{\"@type\":\"PropertyValueSpecification\",\"valueRequired\":true,\"valueName\":\"search_term_string\"}}],\"inLanguage\":\"es\"},{\"@type\":\"Person\",\"@id\":\"https:\\\/\\\/kuali.com.mx\\\/web\\\/#\\\/schema\\\/person\\\/6f89ffa8ecba9dae50662357923c5289\",\"name\":\"Kuali Staff\",\"image\":{\"@type\":\"ImageObject\",\"inLanguage\":\"es\",\"@id\":\"https:\\\/\\\/secure.gravatar.com\\\/avatar\\\/f917ad82e5ab71227a733c78b6e60715476f69ee6be59feee4eb5d9920c89e0f?s=96&d=mm&r=g\",\"url\":\"https:\\\/\\\/secure.gravatar.com\\\/avatar\\\/f917ad82e5ab71227a733c78b6e60715476f69ee6be59feee4eb5d9920c89e0f?s=96&d=mm&r=g\",\"contentUrl\":\"https:\\\/\\\/secure.gravatar.com\\\/avatar\\\/f917ad82e5ab71227a733c78b6e60715476f69ee6be59feee4eb5d9920c89e0f?s=96&d=mm&r=g\",\"caption\":\"Kuali Staff\"},\"url\":\"https:\\\/\\\/kuali.com.mx\\\/web\\\/author\\\/lagarto\\\/\"}]}<\/script>\n<!-- \/ Yoast SEO plugin. -->","yoast_head_json":{"title":"ALEMANIA Y CHINA CAMBIOS EN DEFENSA - Kuali","robots":{"index":"index","follow":"follow","max-snippet":"max-snippet:-1","max-image-preview":"max-image-preview:large","max-video-preview":"max-video-preview:-1"},"canonical":"https:\/\/kuali.com.mx\/web\/2023\/03\/14\/alemania-y-china-cambios-en-defensa\/","og_locale":"es_MX","og_type":"article","og_title":"ALEMANIA Y CHINA CAMBIOS EN DEFENSA - Kuali","og_description":"ENCUENTRO CON GOROSITO\u2026 Dos potencias econ\u00f3micas y militares mundiales, me refiero a Alemania en Europa y a la Rep\u00fablica Popular China en Asia, han cambiado en estos d\u00edas a importantes funcionarios en el \u00e1rea de Defensa. En el caso de Alemania, el ministro de Defensa, Boris Pistorius, destituy\u00f3 al jefe del ej\u00e9rcito, el general Eberhard [&hellip;]","og_url":"https:\/\/kuali.com.mx\/web\/2023\/03\/14\/alemania-y-china-cambios-en-defensa\/","og_site_name":"Kuali","article_publisher":"https:\/\/kuali.com.mx\/web\/wp-content\/uploads\/2018\/04\/cropped-kuali_logo-1-1.png","article_published_time":"2023-03-14T17:52:03+00:00","article_modified_time":"2023-03-15T15:07:31+00:00","og_image":[{"width":1200,"height":675,"url":"https:\/\/kuali.com.mx\/web\/wp-content\/uploads\/2023\/03\/GENERAL-CHINO-A.jpg","type":"image\/jpeg"}],"author":"Kuali Staff","twitter_card":"summary_large_image","twitter_creator":"@kuali_noticias","twitter_site":"@kuali_noticias","twitter_misc":{"Escrito por":"Kuali Staff","Tiempo de lectura":"3 minutos"},"schema":{"@context":"https:\/\/schema.org","@graph":[{"@type":"Article","@id":"https:\/\/kuali.com.mx\/web\/2023\/03\/14\/alemania-y-china-cambios-en-defensa\/#article","isPartOf":{"@id":"https:\/\/kuali.com.mx\/web\/2023\/03\/14\/alemania-y-china-cambios-en-defensa\/"},"author":{"name":"Kuali Staff","@id":"https:\/\/kuali.com.mx\/web\/#\/schema\/person\/6f89ffa8ecba9dae50662357923c5289"},"headline":"ALEMANIA Y CHINA CAMBIOS EN DEFENSA","datePublished":"2023-03-14T17:52:03+00:00","dateModified":"2023-03-15T15:07:31+00:00","mainEntityOfPage":{"@id":"https:\/\/kuali.com.mx\/web\/2023\/03\/14\/alemania-y-china-cambios-en-defensa\/"},"wordCount":654,"commentCount":0,"image":{"@id":"https:\/\/kuali.com.mx\/web\/2023\/03\/14\/alemania-y-china-cambios-en-defensa\/#primaryimage"},"thumbnailUrl":"https:\/\/kuali.com.mx\/web\/wp-content\/uploads\/2023\/03\/GENERAL-CHINO-A.jpg","articleSection":["Pol\u00edtica"],"inLanguage":"es","potentialAction":[{"@type":"CommentAction","name":"Comment","target":["https:\/\/kuali.com.mx\/web\/2023\/03\/14\/alemania-y-china-cambios-en-defensa\/#respond"]}]},{"@type":"WebPage","@id":"https:\/\/kuali.com.mx\/web\/2023\/03\/14\/alemania-y-china-cambios-en-defensa\/","url":"https:\/\/kuali.com.mx\/web\/2023\/03\/14\/alemania-y-china-cambios-en-defensa\/","name":"ALEMANIA Y CHINA CAMBIOS EN DEFENSA - Kuali","isPartOf":{"@id":"https:\/\/kuali.com.mx\/web\/#website"},"primaryImageOfPage":{"@id":"https:\/\/kuali.com.mx\/web\/2023\/03\/14\/alemania-y-china-cambios-en-defensa\/#primaryimage"},"image":{"@id":"https:\/\/kuali.com.mx\/web\/2023\/03\/14\/alemania-y-china-cambios-en-defensa\/#primaryimage"},"thumbnailUrl":"https:\/\/kuali.com.mx\/web\/wp-content\/uploads\/2023\/03\/GENERAL-CHINO-A.jpg","datePublished":"2023-03-14T17:52:03+00:00","dateModified":"2023-03-15T15:07:31+00:00","author":{"@id":"https:\/\/kuali.com.mx\/web\/#\/schema\/person\/6f89ffa8ecba9dae50662357923c5289"},"breadcrumb":{"@id":"https:\/\/kuali.com.mx\/web\/2023\/03\/14\/alemania-y-china-cambios-en-defensa\/#breadcrumb"},"inLanguage":"es","potentialAction":[{"@type":"ReadAction","target":["https:\/\/kuali.com.mx\/web\/2023\/03\/14\/alemania-y-china-cambios-en-defensa\/"]}]},{"@type":"ImageObject","inLanguage":"es","@id":"https:\/\/kuali.com.mx\/web\/2023\/03\/14\/alemania-y-china-cambios-en-defensa\/#primaryimage","url":"https:\/\/kuali.com.mx\/web\/wp-content\/uploads\/2023\/03\/GENERAL-CHINO-A.jpg","contentUrl":"https:\/\/kuali.com.mx\/web\/wp-content\/uploads\/2023\/03\/GENERAL-CHINO-A.jpg","width":1200,"height":675},{"@type":"BreadcrumbList","@id":"https:\/\/kuali.com.mx\/web\/2023\/03\/14\/alemania-y-china-cambios-en-defensa\/#breadcrumb","itemListElement":[{"@type":"ListItem","position":1,"name":"Inicio","item":"https:\/\/kuali.com.mx\/web\/"},{"@type":"ListItem","position":2,"name":"ALEMANIA Y CHINA CAMBIOS EN DEFENSA"}]},{"@type":"WebSite","@id":"https:\/\/kuali.com.mx\/web\/#website","url":"https:\/\/kuali.com.mx\/web\/","name":"Kuali","description":"","potentialAction":[{"@type":"SearchAction","target":{"@type":"EntryPoint","urlTemplate":"https:\/\/kuali.com.mx\/web\/?s={search_term_string}"},"query-input":{"@type":"PropertyValueSpecification","valueRequired":true,"valueName":"search_term_string"}}],"inLanguage":"es"},{"@type":"Person","@id":"https:\/\/kuali.com.mx\/web\/#\/schema\/person\/6f89ffa8ecba9dae50662357923c5289","name":"Kuali Staff","image":{"@type":"ImageObject","inLanguage":"es","@id":"https:\/\/secure.gravatar.com\/avatar\/f917ad82e5ab71227a733c78b6e60715476f69ee6be59feee4eb5d9920c89e0f?s=96&d=mm&r=g","url":"https:\/\/secure.gravatar.com\/avatar\/f917ad82e5ab71227a733c78b6e60715476f69ee6be59feee4eb5d9920c89e0f?s=96&d=mm&r=g","contentUrl":"https:\/\/secure.gravatar.com\/avatar\/f917ad82e5ab71227a733c78b6e60715476f69ee6be59feee4eb5d9920c89e0f?s=96&d=mm&r=g","caption":"Kuali Staff"},"url":"https:\/\/kuali.com.mx\/web\/author\/lagarto\/"}]}},"_links":{"self":[{"href":"https:\/\/kuali.com.mx\/web\/wp-json\/wp\/v2\/posts\/114577","targetHints":{"allow":["GET"]}}],"collection":[{"href":"https:\/\/kuali.com.mx\/web\/wp-json\/wp\/v2\/posts"}],"about":[{"href":"https:\/\/kuali.com.mx\/web\/wp-json\/wp\/v2\/types\/post"}],"author":[{"embeddable":true,"href":"https:\/\/kuali.com.mx\/web\/wp-json\/wp\/v2\/users\/2"}],"replies":[{"embeddable":true,"href":"https:\/\/kuali.com.mx\/web\/wp-json\/wp\/v2\/comments?post=114577"}],"version-history":[{"count":1,"href":"https:\/\/kuali.com.mx\/web\/wp-json\/wp\/v2\/posts\/114577\/revisions"}],"predecessor-version":[{"id":114580,"href":"https:\/\/kuali.com.mx\/web\/wp-json\/wp\/v2\/posts\/114577\/revisions\/114580"}],"wp:featuredmedia":[{"embeddable":true,"href":"https:\/\/kuali.com.mx\/web\/wp-json\/wp\/v2\/media\/114579"}],"wp:attachment":[{"href":"https:\/\/kuali.com.mx\/web\/wp-json\/wp\/v2\/media?parent=114577"}],"wp:term":[{"taxonomy":"category","embeddable":true,"href":"https:\/\/kuali.com.mx\/web\/wp-json\/wp\/v2\/categories?post=114577"},{"taxonomy":"post_tag","embeddable":true,"href":"https:\/\/kuali.com.mx\/web\/wp-json\/wp\/v2\/tags?post=114577"}],"curies":[{"name":"wp","href":"https:\/\/api.w.org\/{rel}","templated":true}]}}