{"id":113565,"date":"2023-02-28T15:57:00","date_gmt":"2023-02-28T21:57:00","guid":{"rendered":"https:\/\/kuali.com.mx\/web\/?p=113565"},"modified":"2023-02-28T22:01:03","modified_gmt":"2023-03-01T04:01:03","slug":"reconoce-ciees-labor-del-rector-de-la-ug","status":"publish","type":"post","link":"https:\/\/kuali.com.mx\/web\/2023\/02\/28\/reconoce-ciees-labor-del-rector-de-la-ug\/","title":{"rendered":"RECONOCE CIEES LABOR DEL RECTOR DE LA UG"},"content":{"rendered":"\n<p><strong><em>Kuali\/Guanajuato, Gto.-<\/em><\/strong>Por su destacada labor en la mejora continua de la educaci\u00f3n superior del pa\u00eds, el Rector General de la Universidad de Guanajuato (UG), Luis Felipe Guerrero Agripino, recibi\u00f3 un reconocimiento por parte de los Comit\u00e9s Interinstitucionales para la Evaluaci\u00f3n de la Educaci\u00f3n Superior (CIEES).\u00a0<\/p>\n\n\n\n<p>Los CIEES&nbsp;congregan a 2 mil 187 personas evaluadoras, provenientes de&nbsp;diferentes subsistemas de educaci\u00f3n superior (instituciones p\u00fablicas y privadas); son el organismo de acreditaci\u00f3n de la educaci\u00f3n superior de mayor antig\u00fcedad en M\u00e9xico. Surgieron en 1991, por lo que constituyen el organismo pionero -y el m\u00e1s grande-,&nbsp;dedicado al aseguramiento de la calidad de los programas educativos y de las Instituciones de Educaci\u00f3n Superior (IES).&nbsp;&nbsp;<\/p>\n\n\n\n<p>En la entrega del reconocimiento destacan dos factores: el incremento notable del reconocimiento de la calidad en los Programas Educativos de la Universidad de Guanajuato, y en su modelo de gesti\u00f3n.&nbsp;<\/p>\n\n\n\n<p>Por otro lado, se le reconoce su labor desde la presidencia de la Asamblea General, el \u00f3rgano de gobierno de los CIEES, en beneficio de la educaci\u00f3n superior en las IES del pa\u00eds. Por ejemplo, actualmente, su libro&nbsp;<em>Educaci\u00f3n Superior y Legislaci\u00f3n en el Sistema Mexicano. Especial referencia a la Autonom\u00eda Universitaria,<\/em>&nbsp;escrito en coautor\u00eda con el Mtro. Carlos Pall\u00e1n Figueroa, representa una hoja de ruta para la implementaci\u00f3n de la Ley General de Educaci\u00f3n Superior.&nbsp;<\/p>\n\n\n\n<p>El reconocimiento fue entregado en las instalaciones de la UG, por parte de Paola Cecilia Villegas Ibarra, en representaci\u00f3n de los CIEES.&nbsp;<\/p>\n\n\n\n<p>Dicha entrega se realiz\u00f3 al t\u00e9rmino del webinar \u201cLa cultura de la evaluaci\u00f3n con fines de acreditaci\u00f3n superior. El caso de la Universidad de Guanajuato\u201d, impartido por el Dr. Luis Felipe Guerrero, en el que participaron representantes de diversas universidades del pa\u00eds, Am\u00e9rica Latina y Espa\u00f1a.&nbsp;<\/p>\n\n\n\n<p>El Dr. Luis Felipe Guerrero Agripino expres\u00f3 su agradecimiento por el reconocimiento recibido, el cual, enfatiz\u00f3: \u201ces un logro de mi comunidad universitaria\u201d, y reiter\u00f3 su compromiso para seguir trabajando en beneficio de la educaci\u00f3n superior del pa\u00eds.&nbsp;<\/p>\n","protected":false},"excerpt":{"rendered":"Kuali\/Guanajuato, Gto.-Por su destacada labor en la mejora continua de la educaci\u00f3n superior del pa\u00eds, el Rector General de la Universidad de Guanajuato (UG), Luis Felipe Guerrero Agripino, recibi\u00f3 un reconocimiento por parte de los Comit\u00e9s Interinstitucionales para la Evaluaci\u00f3n de la Educaci\u00f3n Superior (CIEES).\u00a0 Los CIEES&nbsp;congregan a 2 mil 187 personas evaluadoras, provenientes de&nbsp;diferentes [&hellip;]","protected":false},"author":2,"featured_media":113568,"comment_status":"open","ping_status":"open","sticky":false,"template":"","format":"standard","meta":{"_seopress_robots_primary_cat":"none","_seopress_titles_title":"","_seopress_titles_desc":"","_seopress_robots_index":"","_monsterinsights_skip_tracking":false,"_monsterinsights_sitenote_active":false,"_monsterinsights_sitenote_note":"","_monsterinsights_sitenote_category":0,"footnotes":""},"categories":[4],"tags":[],"class_list":["post-113565","post","type-post","status-publish","format-standard","has-post-thumbnail","hentry","category-educacion"],"yoast_head":"<!-- This site is optimized with the Yoast SEO plugin v27.4 - https:\/\/yoast.com\/product\/yoast-seo-wordpress\/ -->\n<title>RECONOCE CIEES LABOR DEL RECTOR DE LA UG - Kuali<\/title>\n<meta name=\"robots\" content=\"index, follow, max-snippet:-1, max-image-preview:large, max-video-preview:-1\" \/>\n<link rel=\"canonical\" href=\"https:\/\/kuali.com.mx\/web\/2023\/02\/28\/reconoce-ciees-labor-del-rector-de-la-ug\/\" \/>\n<meta property=\"og:locale\" content=\"es_MX\" \/>\n<meta property=\"og:type\" content=\"article\" \/>\n<meta property=\"og:title\" content=\"RECONOCE CIEES LABOR DEL RECTOR DE LA UG - Kuali\" \/>\n<meta property=\"og:description\" content=\"Kuali\/Guanajuato, Gto.-Por su destacada labor en la mejora continua de la educaci\u00f3n superior del pa\u00eds, el Rector General de la Universidad de Guanajuato (UG), Luis Felipe Guerrero Agripino, recibi\u00f3 un reconocimiento por parte de los Comit\u00e9s Interinstitucionales para la Evaluaci\u00f3n de la Educaci\u00f3n Superior (CIEES).\u00a0 Los CIEES&nbsp;congregan a 2 mil 187 personas evaluadoras, provenientes de&nbsp;diferentes [&hellip;]\" \/>\n<meta property=\"og:url\" content=\"https:\/\/kuali.com.mx\/web\/2023\/02\/28\/reconoce-ciees-labor-del-rector-de-la-ug\/\" \/>\n<meta property=\"og:site_name\" content=\"Kuali\" \/>\n<meta property=\"article:publisher\" content=\"https:\/\/kuali.com.mx\/web\/wp-content\/uploads\/2018\/04\/cropped-kuali_logo-1-1.png\" \/>\n<meta property=\"article:published_time\" content=\"2023-02-28T21:57:00+00:00\" \/>\n<meta property=\"article:modified_time\" content=\"2023-03-01T04:01:03+00:00\" \/>\n<meta property=\"og:image\" content=\"https:\/\/kuali.com.mx\/web\/wp-content\/uploads\/2023\/02\/Luis-Felipe-Guerrero-CIEE.jpg\" \/>\n\t<meta property=\"og:image:width\" content=\"1560\" \/>\n\t<meta property=\"og:image:height\" content=\"1040\" \/>\n\t<meta property=\"og:image:type\" content=\"image\/jpeg\" \/>\n<meta name=\"author\" content=\"Kuali Staff\" \/>\n<meta name=\"twitter:card\" content=\"summary_large_image\" \/>\n<meta name=\"twitter:creator\" content=\"@kuali_noticias\" \/>\n<meta name=\"twitter:site\" content=\"@kuali_noticias\" \/>\n<meta name=\"twitter:label1\" content=\"Escrito por\" \/>\n\t<meta name=\"twitter:data1\" content=\"Kuali Staff\" \/>\n\t<meta name=\"twitter:label2\" content=\"Tiempo de lectura\" \/>\n\t<meta name=\"twitter:data2\" content=\"2 minutos\" \/>\n<script type=\"application\/ld+json\" class=\"yoast-schema-graph\">{\"@context\":\"https:\\\/\\\/schema.org\",\"@graph\":[{\"@type\":\"Article\",\"@id\":\"https:\\\/\\\/kuali.com.mx\\\/web\\\/2023\\\/02\\\/28\\\/reconoce-ciees-labor-del-rector-de-la-ug\\\/#article\",\"isPartOf\":{\"@id\":\"https:\\\/\\\/kuali.com.mx\\\/web\\\/2023\\\/02\\\/28\\\/reconoce-ciees-labor-del-rector-de-la-ug\\\/\"},\"author\":{\"name\":\"Kuali Staff\",\"@id\":\"https:\\\/\\\/kuali.com.mx\\\/web\\\/#\\\/schema\\\/person\\\/6f89ffa8ecba9dae50662357923c5289\"},\"headline\":\"RECONOCE CIEES LABOR DEL RECTOR DE LA UG\",\"datePublished\":\"2023-02-28T21:57:00+00:00\",\"dateModified\":\"2023-03-01T04:01:03+00:00\",\"mainEntityOfPage\":{\"@id\":\"https:\\\/\\\/kuali.com.mx\\\/web\\\/2023\\\/02\\\/28\\\/reconoce-ciees-labor-del-rector-de-la-ug\\\/\"},\"wordCount\":376,\"commentCount\":0,\"image\":{\"@id\":\"https:\\\/\\\/kuali.com.mx\\\/web\\\/2023\\\/02\\\/28\\\/reconoce-ciees-labor-del-rector-de-la-ug\\\/#primaryimage\"},\"thumbnailUrl\":\"https:\\\/\\\/kuali.com.mx\\\/web\\\/wp-content\\\/uploads\\\/2023\\\/02\\\/Luis-Felipe-Guerrero-CIEE.jpg\",\"articleSection\":[\"Educaci\u00f3n\"],\"inLanguage\":\"es\",\"potentialAction\":[{\"@type\":\"CommentAction\",\"name\":\"Comment\",\"target\":[\"https:\\\/\\\/kuali.com.mx\\\/web\\\/2023\\\/02\\\/28\\\/reconoce-ciees-labor-del-rector-de-la-ug\\\/#respond\"]}]},{\"@type\":\"WebPage\",\"@id\":\"https:\\\/\\\/kuali.com.mx\\\/web\\\/2023\\\/02\\\/28\\\/reconoce-ciees-labor-del-rector-de-la-ug\\\/\",\"url\":\"https:\\\/\\\/kuali.com.mx\\\/web\\\/2023\\\/02\\\/28\\\/reconoce-ciees-labor-del-rector-de-la-ug\\\/\",\"name\":\"RECONOCE CIEES LABOR DEL RECTOR DE LA UG - Kuali\",\"isPartOf\":{\"@id\":\"https:\\\/\\\/kuali.com.mx\\\/web\\\/#website\"},\"primaryImageOfPage\":{\"@id\":\"https:\\\/\\\/kuali.com.mx\\\/web\\\/2023\\\/02\\\/28\\\/reconoce-ciees-labor-del-rector-de-la-ug\\\/#primaryimage\"},\"image\":{\"@id\":\"https:\\\/\\\/kuali.com.mx\\\/web\\\/2023\\\/02\\\/28\\\/reconoce-ciees-labor-del-rector-de-la-ug\\\/#primaryimage\"},\"thumbnailUrl\":\"https:\\\/\\\/kuali.com.mx\\\/web\\\/wp-content\\\/uploads\\\/2023\\\/02\\\/Luis-Felipe-Guerrero-CIEE.jpg\",\"datePublished\":\"2023-02-28T21:57:00+00:00\",\"dateModified\":\"2023-03-01T04:01:03+00:00\",\"author\":{\"@id\":\"https:\\\/\\\/kuali.com.mx\\\/web\\\/#\\\/schema\\\/person\\\/6f89ffa8ecba9dae50662357923c5289\"},\"breadcrumb\":{\"@id\":\"https:\\\/\\\/kuali.com.mx\\\/web\\\/2023\\\/02\\\/28\\\/reconoce-ciees-labor-del-rector-de-la-ug\\\/#breadcrumb\"},\"inLanguage\":\"es\",\"potentialAction\":[{\"@type\":\"ReadAction\",\"target\":[\"https:\\\/\\\/kuali.com.mx\\\/web\\\/2023\\\/02\\\/28\\\/reconoce-ciees-labor-del-rector-de-la-ug\\\/\"]}]},{\"@type\":\"ImageObject\",\"inLanguage\":\"es\",\"@id\":\"https:\\\/\\\/kuali.com.mx\\\/web\\\/2023\\\/02\\\/28\\\/reconoce-ciees-labor-del-rector-de-la-ug\\\/#primaryimage\",\"url\":\"https:\\\/\\\/kuali.com.mx\\\/web\\\/wp-content\\\/uploads\\\/2023\\\/02\\\/Luis-Felipe-Guerrero-CIEE.jpg\",\"contentUrl\":\"https:\\\/\\\/kuali.com.mx\\\/web\\\/wp-content\\\/uploads\\\/2023\\\/02\\\/Luis-Felipe-Guerrero-CIEE.jpg\",\"width\":1560,\"height\":1040},{\"@type\":\"BreadcrumbList\",\"@id\":\"https:\\\/\\\/kuali.com.mx\\\/web\\\/2023\\\/02\\\/28\\\/reconoce-ciees-labor-del-rector-de-la-ug\\\/#breadcrumb\",\"itemListElement\":[{\"@type\":\"ListItem\",\"position\":1,\"name\":\"Inicio\",\"item\":\"https:\\\/\\\/kuali.com.mx\\\/web\\\/\"},{\"@type\":\"ListItem\",\"position\":2,\"name\":\"RECONOCE CIEES LABOR DEL RECTOR DE LA UG\"}]},{\"@type\":\"WebSite\",\"@id\":\"https:\\\/\\\/kuali.com.mx\\\/web\\\/#website\",\"url\":\"https:\\\/\\\/kuali.com.mx\\\/web\\\/\",\"name\":\"Kuali\",\"description\":\"\",\"potentialAction\":[{\"@type\":\"SearchAction\",\"target\":{\"@type\":\"EntryPoint\",\"urlTemplate\":\"https:\\\/\\\/kuali.com.mx\\\/web\\\/?s={search_term_string}\"},\"query-input\":{\"@type\":\"PropertyValueSpecification\",\"valueRequired\":true,\"valueName\":\"search_term_string\"}}],\"inLanguage\":\"es\"},{\"@type\":\"Person\",\"@id\":\"https:\\\/\\\/kuali.com.mx\\\/web\\\/#\\\/schema\\\/person\\\/6f89ffa8ecba9dae50662357923c5289\",\"name\":\"Kuali Staff\",\"image\":{\"@type\":\"ImageObject\",\"inLanguage\":\"es\",\"@id\":\"https:\\\/\\\/secure.gravatar.com\\\/avatar\\\/f917ad82e5ab71227a733c78b6e60715476f69ee6be59feee4eb5d9920c89e0f?s=96&d=mm&r=g\",\"url\":\"https:\\\/\\\/secure.gravatar.com\\\/avatar\\\/f917ad82e5ab71227a733c78b6e60715476f69ee6be59feee4eb5d9920c89e0f?s=96&d=mm&r=g\",\"contentUrl\":\"https:\\\/\\\/secure.gravatar.com\\\/avatar\\\/f917ad82e5ab71227a733c78b6e60715476f69ee6be59feee4eb5d9920c89e0f?s=96&d=mm&r=g\",\"caption\":\"Kuali Staff\"},\"url\":\"https:\\\/\\\/kuali.com.mx\\\/web\\\/author\\\/lagarto\\\/\"}]}<\/script>\n<!-- \/ Yoast SEO plugin. -->","yoast_head_json":{"title":"RECONOCE CIEES LABOR DEL RECTOR DE LA UG - Kuali","robots":{"index":"index","follow":"follow","max-snippet":"max-snippet:-1","max-image-preview":"max-image-preview:large","max-video-preview":"max-video-preview:-1"},"canonical":"https:\/\/kuali.com.mx\/web\/2023\/02\/28\/reconoce-ciees-labor-del-rector-de-la-ug\/","og_locale":"es_MX","og_type":"article","og_title":"RECONOCE CIEES LABOR DEL RECTOR DE LA UG - Kuali","og_description":"Kuali\/Guanajuato, Gto.-Por su destacada labor en la mejora continua de la educaci\u00f3n superior del pa\u00eds, el Rector General de la Universidad de Guanajuato (UG), Luis Felipe Guerrero Agripino, recibi\u00f3 un reconocimiento por parte de los Comit\u00e9s Interinstitucionales para la Evaluaci\u00f3n de la Educaci\u00f3n Superior (CIEES).\u00a0 Los CIEES&nbsp;congregan a 2 mil 187 personas evaluadoras, provenientes de&nbsp;diferentes [&hellip;]","og_url":"https:\/\/kuali.com.mx\/web\/2023\/02\/28\/reconoce-ciees-labor-del-rector-de-la-ug\/","og_site_name":"Kuali","article_publisher":"https:\/\/kuali.com.mx\/web\/wp-content\/uploads\/2018\/04\/cropped-kuali_logo-1-1.png","article_published_time":"2023-02-28T21:57:00+00:00","article_modified_time":"2023-03-01T04:01:03+00:00","og_image":[{"width":1560,"height":1040,"url":"https:\/\/kuali.com.mx\/web\/wp-content\/uploads\/2023\/02\/Luis-Felipe-Guerrero-CIEE.jpg","type":"image\/jpeg"}],"author":"Kuali Staff","twitter_card":"summary_large_image","twitter_creator":"@kuali_noticias","twitter_site":"@kuali_noticias","twitter_misc":{"Escrito por":"Kuali Staff","Tiempo de lectura":"2 minutos"},"schema":{"@context":"https:\/\/schema.org","@graph":[{"@type":"Article","@id":"https:\/\/kuali.com.mx\/web\/2023\/02\/28\/reconoce-ciees-labor-del-rector-de-la-ug\/#article","isPartOf":{"@id":"https:\/\/kuali.com.mx\/web\/2023\/02\/28\/reconoce-ciees-labor-del-rector-de-la-ug\/"},"author":{"name":"Kuali Staff","@id":"https:\/\/kuali.com.mx\/web\/#\/schema\/person\/6f89ffa8ecba9dae50662357923c5289"},"headline":"RECONOCE CIEES LABOR DEL RECTOR DE LA UG","datePublished":"2023-02-28T21:57:00+00:00","dateModified":"2023-03-01T04:01:03+00:00","mainEntityOfPage":{"@id":"https:\/\/kuali.com.mx\/web\/2023\/02\/28\/reconoce-ciees-labor-del-rector-de-la-ug\/"},"wordCount":376,"commentCount":0,"image":{"@id":"https:\/\/kuali.com.mx\/web\/2023\/02\/28\/reconoce-ciees-labor-del-rector-de-la-ug\/#primaryimage"},"thumbnailUrl":"https:\/\/kuali.com.mx\/web\/wp-content\/uploads\/2023\/02\/Luis-Felipe-Guerrero-CIEE.jpg","articleSection":["Educaci\u00f3n"],"inLanguage":"es","potentialAction":[{"@type":"CommentAction","name":"Comment","target":["https:\/\/kuali.com.mx\/web\/2023\/02\/28\/reconoce-ciees-labor-del-rector-de-la-ug\/#respond"]}]},{"@type":"WebPage","@id":"https:\/\/kuali.com.mx\/web\/2023\/02\/28\/reconoce-ciees-labor-del-rector-de-la-ug\/","url":"https:\/\/kuali.com.mx\/web\/2023\/02\/28\/reconoce-ciees-labor-del-rector-de-la-ug\/","name":"RECONOCE CIEES LABOR DEL RECTOR DE LA UG - Kuali","isPartOf":{"@id":"https:\/\/kuali.com.mx\/web\/#website"},"primaryImageOfPage":{"@id":"https:\/\/kuali.com.mx\/web\/2023\/02\/28\/reconoce-ciees-labor-del-rector-de-la-ug\/#primaryimage"},"image":{"@id":"https:\/\/kuali.com.mx\/web\/2023\/02\/28\/reconoce-ciees-labor-del-rector-de-la-ug\/#primaryimage"},"thumbnailUrl":"https:\/\/kuali.com.mx\/web\/wp-content\/uploads\/2023\/02\/Luis-Felipe-Guerrero-CIEE.jpg","datePublished":"2023-02-28T21:57:00+00:00","dateModified":"2023-03-01T04:01:03+00:00","author":{"@id":"https:\/\/kuali.com.mx\/web\/#\/schema\/person\/6f89ffa8ecba9dae50662357923c5289"},"breadcrumb":{"@id":"https:\/\/kuali.com.mx\/web\/2023\/02\/28\/reconoce-ciees-labor-del-rector-de-la-ug\/#breadcrumb"},"inLanguage":"es","potentialAction":[{"@type":"ReadAction","target":["https:\/\/kuali.com.mx\/web\/2023\/02\/28\/reconoce-ciees-labor-del-rector-de-la-ug\/"]}]},{"@type":"ImageObject","inLanguage":"es","@id":"https:\/\/kuali.com.mx\/web\/2023\/02\/28\/reconoce-ciees-labor-del-rector-de-la-ug\/#primaryimage","url":"https:\/\/kuali.com.mx\/web\/wp-content\/uploads\/2023\/02\/Luis-Felipe-Guerrero-CIEE.jpg","contentUrl":"https:\/\/kuali.com.mx\/web\/wp-content\/uploads\/2023\/02\/Luis-Felipe-Guerrero-CIEE.jpg","width":1560,"height":1040},{"@type":"BreadcrumbList","@id":"https:\/\/kuali.com.mx\/web\/2023\/02\/28\/reconoce-ciees-labor-del-rector-de-la-ug\/#breadcrumb","itemListElement":[{"@type":"ListItem","position":1,"name":"Inicio","item":"https:\/\/kuali.com.mx\/web\/"},{"@type":"ListItem","position":2,"name":"RECONOCE CIEES LABOR DEL RECTOR DE LA UG"}]},{"@type":"WebSite","@id":"https:\/\/kuali.com.mx\/web\/#website","url":"https:\/\/kuali.com.mx\/web\/","name":"Kuali","description":"","potentialAction":[{"@type":"SearchAction","target":{"@type":"EntryPoint","urlTemplate":"https:\/\/kuali.com.mx\/web\/?s={search_term_string}"},"query-input":{"@type":"PropertyValueSpecification","valueRequired":true,"valueName":"search_term_string"}}],"inLanguage":"es"},{"@type":"Person","@id":"https:\/\/kuali.com.mx\/web\/#\/schema\/person\/6f89ffa8ecba9dae50662357923c5289","name":"Kuali Staff","image":{"@type":"ImageObject","inLanguage":"es","@id":"https:\/\/secure.gravatar.com\/avatar\/f917ad82e5ab71227a733c78b6e60715476f69ee6be59feee4eb5d9920c89e0f?s=96&d=mm&r=g","url":"https:\/\/secure.gravatar.com\/avatar\/f917ad82e5ab71227a733c78b6e60715476f69ee6be59feee4eb5d9920c89e0f?s=96&d=mm&r=g","contentUrl":"https:\/\/secure.gravatar.com\/avatar\/f917ad82e5ab71227a733c78b6e60715476f69ee6be59feee4eb5d9920c89e0f?s=96&d=mm&r=g","caption":"Kuali Staff"},"url":"https:\/\/kuali.com.mx\/web\/author\/lagarto\/"}]}},"_links":{"self":[{"href":"https:\/\/kuali.com.mx\/web\/wp-json\/wp\/v2\/posts\/113565","targetHints":{"allow":["GET"]}}],"collection":[{"href":"https:\/\/kuali.com.mx\/web\/wp-json\/wp\/v2\/posts"}],"about":[{"href":"https:\/\/kuali.com.mx\/web\/wp-json\/wp\/v2\/types\/post"}],"author":[{"embeddable":true,"href":"https:\/\/kuali.com.mx\/web\/wp-json\/wp\/v2\/users\/2"}],"replies":[{"embeddable":true,"href":"https:\/\/kuali.com.mx\/web\/wp-json\/wp\/v2\/comments?post=113565"}],"version-history":[{"count":1,"href":"https:\/\/kuali.com.mx\/web\/wp-json\/wp\/v2\/posts\/113565\/revisions"}],"predecessor-version":[{"id":113569,"href":"https:\/\/kuali.com.mx\/web\/wp-json\/wp\/v2\/posts\/113565\/revisions\/113569"}],"wp:featuredmedia":[{"embeddable":true,"href":"https:\/\/kuali.com.mx\/web\/wp-json\/wp\/v2\/media\/113568"}],"wp:attachment":[{"href":"https:\/\/kuali.com.mx\/web\/wp-json\/wp\/v2\/media?parent=113565"}],"wp:term":[{"taxonomy":"category","embeddable":true,"href":"https:\/\/kuali.com.mx\/web\/wp-json\/wp\/v2\/categories?post=113565"},{"taxonomy":"post_tag","embeddable":true,"href":"https:\/\/kuali.com.mx\/web\/wp-json\/wp\/v2\/tags?post=113565"}],"curies":[{"name":"wp","href":"https:\/\/api.w.org\/{rel}","templated":true}]}}